{"id":13751,"date":"2023-01-25T18:30:18","date_gmt":"2023-01-25T18:30:18","guid":{"rendered":"https:\/\/www.africa-press.net\/congo-brazzaville\/politique\/les-documents-historiques-remis-au-secretaire-general-du-pct"},"modified":"2023-01-25T20:26:05","modified_gmt":"2023-01-25T20:26:05","slug":"les-documents-historiques-remis-au-secretaire-general-du-pct","status":"publish","type":"post","link":"https:\/\/www.africa-press.net\/congo-brazzaville\/politique\/les-documents-historiques-remis-au-secretaire-general-du-pct","title":{"rendered":"les documents historiques remis au secr\u00e9taire g\u00e9n\u00e9ral du pct"},"content":{"rendered":"<p><span style=\"color: #ff6600\"><strong>Africa-Press &#8211; Congo Brazzaville. <\/strong><\/span><b>Le directeur de cabinet du Chef de l\u2019Etat, Florent Tsiba a indique\u0301 le 25 janvier a\u0300 Brazzaville que, le lot de documents historiques remis au parti congolais du travail, permettra de meubler la me\u0301moire des militants et cadres du parti sur l\u2019histoire du pays et le parcours du Parti congolais du travail.<\/b><\/p>\n<p>\u00ab Cette bibliographie qui ne regroupe pas seulement les e\u0301crits de Karl Max, Hegel et d\u2019autres courants de pense\u0301es occidentaux contient des documents qui retracent l\u2019histoire du pays et le parcours du parti congolais du travail. Ces documents qui e\u0301taient vouer a\u0300 la destruction doivent e\u0302tre garder, car ils peuvent meubler notre me\u0301moire, enrichir les travaux de recherches et pre\u0301server l\u2019a\u0302me qui nous a sous-tendue en retrac\u0327ant certaines se\u0301quences de notre passe\u0301 \u00bb, a de\u0301clare\u0301 le ministre d\u2019Etat, directeur de cabinet du chef de l\u2019Etat, Florent Tsiba, lors de la ce\u0301re\u0301monie de remise des documents historiques du PCT.<\/p>\n<p>\u00ab Il ne reste que la valeur de ses archives s\u2019e\u0301tend e\u0301galement au-dela\u0300 des hommes et des femmes dirigeants et militants du parti congolais du travail de se confondre a\u0300 l\u2019histoire contemporaine de notre pays, apre\u0300s plus d\u2019un demi-sie\u0300cle de l\u2019existence du parti. Vous trouverez certains documents fondamentaux du parti tels que le plaidoyer pour la tenue de la confe\u0301rence nationale par le Pre\u0301sident Marien Ngouabi en 1972, le programme d\u2019activite\u0301s du parti congolais du travail en 1978, le 3e\u0300me et 4e\u0300me congre\u0300s du parti, les proce\u0300s-verbaux des re\u0301unions du bureau politique en 1979 et bien d\u2019autres documents \u00bb, a -t-il ajoute\u0301.<\/p>\n<p>Pour le Secre\u0301taire ge\u0301ne\u0301ral du parti congolais du travail, Pierre Moussa, les documents rec\u0327us, venaient enrichir le fond documentaire du parti congolais du travail.<\/p>\n<p>\u00ab Notre parti qui totalise 53 ans d\u2019existence, doit avoir une me\u0301moire bien entretenue, ce don repre\u0301sente donc une contribution inestimable a\u0300 la consolidation de cette me\u0301moire. En effet je vous remercie, gra\u0302ce a\u0300 cette documentation, les membres du parti et bien d\u2019autres chercheurs pourront disposer des mate\u0301riaux fiables pour la connaissance de l\u2019histoire de notre parti et de notre pays \u00bb, a de\u0301clare\u0301 Pierre Moussa.<\/p>\n<p>La remise des documents historiques du parti congolais du travail s\u2019inscrit dans la volonte\u0301 du ministre Florent Tsiba de contribuer a\u0300 la consolidation du fond documentaire du parti, effort qu\u2019il entend poursuivre.<\/p>\n<p><strong>Pour plus d&rsquo;informations et d&rsquo;analyses sur la <a href=\"https:\/\/www.africa-press.net\/congo-brazzaville\">Congo Brazzaville<\/a>, suivez <a href=\"https:\/\/www.africa-press.net\/\">Africa-Press<\/a><\/strong><\/p>\n","protected":false},"excerpt":{"rendered":"<p>Africa-Press &#8211; Congo Brazzaville. Le directeur de cabinet du Chef de l\u2019Etat, Florent Tsiba a indique\u0301 le 25 janvier a\u0300 Brazzaville que, le lot de documents historiques remis au parti congolais du travail, permettra de meubler la me\u0301moire des militants et cadres du parti sur l\u2019histoire du pays et le parcours du Parti congolais du [&hellip;]<\/p>\n","protected":false},"author":82,"featured_media":13750,"comment_status":"open","ping_status":"closed","sticky":false,"template":"","format":"standard","meta":{"footnotes":""},"categories":[2,20,10],"tags":[36,47,46],"class_list":["post-13751","post","type-post","status-publish","format-standard","has-post-thumbnail","hentry","category-politique","category-top-nouvelles","category-toutes-les-actualites","tag-africa-press","tag-africa-press-congo-brazzaville","tag-congo-brazzaville"],"yoast_head":"<!-- This site is optimized with the Yoast SEO Premium plugin v26.1 (Yoast SEO v27.0) - https:\/\/yoast.com\/product\/yoast-seo-premium-wordpress\/ -->\n<title>les documents historiques remis au secr\u00e9taire g\u00e9n\u00e9ral du pct - Congo Brazzaville<\/title>\n<meta name=\"description\" content=\"Le directeur de cabinet du Chef de l\u2019Etat, Florent Tsiba a indique\u0301 le 25 janvier a\u0300 Brazzaville que, le lot de docum ...\" \/>\n<meta name=\"robots\" content=\"index, follow, max-snippet:-1, max-image-preview:large, max-video-preview:-1\" \/>\n<link rel=\"canonical\" href=\"https:\/\/www.africa-press.net\/congo-brazzaville\/politique\/les-documents-historiques-remis-au-secretaire-general-du-pct\" \/>\n<meta property=\"og:locale\" content=\"fr_FR\" \/>\n<meta property=\"og:type\" content=\"article\" \/>\n<meta property=\"og:title\" content=\"les documents historiques remis au secr\u00e9taire g\u00e9n\u00e9ral du pct\" \/>\n<meta property=\"og:description\" content=\"Le directeur de cabinet du Chef de l\u2019Etat, Florent Tsiba a indique\u0301 le 25 janvier a\u0300 Brazzaville que, le lot de docum ...\" \/>\n<meta property=\"og:url\" content=\"https:\/\/www.africa-press.net\/congo-brazzaville\/politique\/les-documents-historiques-remis-au-secretaire-general-du-pct\" \/>\n<meta property=\"og:site_name\" content=\"Congo Brazzaville\" \/>\n<meta property=\"article:published_time\" content=\"2023-01-25T18:30:18+00:00\" \/>\n<meta property=\"article:modified_time\" content=\"2023-01-25T20:26:05+00:00\" \/>\n<meta property=\"og:image\" content=\"https:\/\/static.africa-press.net\/congo-brazzaville\/sites\/51\/2023\/01\/postQueueImg_1674658845.75.jpg\" \/>\n\t<meta property=\"og:image:width\" content=\"608\" \/>\n\t<meta property=\"og:image:height\" content=\"438\" \/>\n\t<meta property=\"og:image:type\" content=\"image\/jpeg\" \/>\n<meta name=\"author\" content=\"cfeditorfr\" \/>\n<meta name=\"twitter:card\" content=\"summary_large_image\" \/>\n<meta name=\"twitter:label1\" content=\"\u00c9crit par\" \/>\n\t<meta name=\"twitter:data1\" content=\"cfeditorfr\" \/>\n\t<meta name=\"twitter:label2\" content=\"Dur\u00e9e de lecture estim\u00e9e\" \/>\n\t<meta name=\"twitter:data2\" content=\"2 minutes\" \/>\n<script type=\"application\/ld+json\" class=\"yoast-schema-graph\">{\"@context\":\"https:\/\/schema.org\",\"@graph\":[{\"@type\":\"Article\",\"@id\":\"https:\/\/www.africa-press.net\/congo-brazzaville\/politique\/les-documents-historiques-remis-au-secretaire-general-du-pct#article\",\"isPartOf\":{\"@id\":\"https:\/\/www.africa-press.net\/congo-brazzaville\/politique\/les-documents-historiques-remis-au-secretaire-general-du-pct\"},\"author\":{\"name\":\"cfeditorfr\",\"@id\":\"https:\/\/www.africa-press.net\/congo-brazzaville\/#\/schema\/person\/2b1cf3cd81a31e3cd26889ca66d677f1\"},\"headline\":\"les documents historiques remis au secr\u00e9taire g\u00e9n\u00e9ral du pct\",\"datePublished\":\"2023-01-25T18:30:18+00:00\",\"dateModified\":\"2023-01-25T20:26:05+00:00\",\"mainEntityOfPage\":{\"@id\":\"https:\/\/www.africa-press.net\/congo-brazzaville\/politique\/les-documents-historiques-remis-au-secretaire-general-du-pct\"},\"wordCount\":445,\"commentCount\":0,\"image\":{\"@id\":\"https:\/\/www.africa-press.net\/congo-brazzaville\/politique\/les-documents-historiques-remis-au-secretaire-general-du-pct#primaryimage\"},\"thumbnailUrl\":\"https:\/\/static.africa-press.net\/congo-brazzaville\/sites\/51\/2023\/01\/postQueueImg_1674658845.75.jpg\",\"keywords\":[\"Africa Press\",\"Africa Press-Congo Brazzaville\",\"Congo Brazzaville\"],\"articleSection\":[\"Politique\",\"Top Nouvelles\",\"Toutes les actualit\u00e9s\"],\"inLanguage\":\"fr-FR\",\"potentialAction\":[{\"@type\":\"CommentAction\",\"name\":\"Comment\",\"target\":[\"https:\/\/www.africa-press.net\/congo-brazzaville\/politique\/les-documents-historiques-remis-au-secretaire-general-du-pct#respond\"]}]},{\"@type\":\"WebPage\",\"@id\":\"https:\/\/www.africa-press.net\/congo-brazzaville\/politique\/les-documents-historiques-remis-au-secretaire-general-du-pct\",\"url\":\"https:\/\/www.africa-press.net\/congo-brazzaville\/politique\/les-documents-historiques-remis-au-secretaire-general-du-pct\",\"name\":\"les documents historiques remis au secr\u00e9taire g\u00e9n\u00e9ral du pct - Congo Brazzaville\",\"isPartOf\":{\"@id\":\"https:\/\/www.africa-press.net\/congo-brazzaville\/#website\"},\"primaryImageOfPage\":{\"@id\":\"https:\/\/www.africa-press.net\/congo-brazzaville\/politique\/les-documents-historiques-remis-au-secretaire-general-du-pct#primaryimage\"},\"image\":{\"@id\":\"https:\/\/www.africa-press.net\/congo-brazzaville\/politique\/les-documents-historiques-remis-au-secretaire-general-du-pct#primaryimage\"},\"thumbnailUrl\":\"https:\/\/static.africa-press.net\/congo-brazzaville\/sites\/51\/2023\/01\/postQueueImg_1674658845.75.jpg\",\"datePublished\":\"2023-01-25T18:30:18+00:00\",\"dateModified\":\"2023-01-25T20:26:05+00:00\",\"author\":{\"@id\":\"https:\/\/www.africa-press.net\/congo-brazzaville\/#\/schema\/person\/2b1cf3cd81a31e3cd26889ca66d677f1\"},\"description\":\"Le directeur de cabinet du Chef de l\u2019Etat, Florent Tsiba a indique\u0301 le 25 janvier a\u0300 Brazzaville que, le lot de docum ...\",\"breadcrumb\":{\"@id\":\"https:\/\/www.africa-press.net\/congo-brazzaville\/politique\/les-documents-historiques-remis-au-secretaire-general-du-pct#breadcrumb\"},\"inLanguage\":\"fr-FR\",\"potentialAction\":[{\"@type\":\"ReadAction\",\"target\":[\"https:\/\/www.africa-press.net\/congo-brazzaville\/politique\/les-documents-historiques-remis-au-secretaire-general-du-pct\"]}]},{\"@type\":\"ImageObject\",\"inLanguage\":\"fr-FR\",\"@id\":\"https:\/\/www.africa-press.net\/congo-brazzaville\/politique\/les-documents-historiques-remis-au-secretaire-general-du-pct#primaryimage\",\"url\":\"https:\/\/static.africa-press.net\/congo-brazzaville\/sites\/51\/2023\/01\/postQueueImg_1674658845.75.jpg\",\"contentUrl\":\"https:\/\/static.africa-press.net\/congo-brazzaville\/sites\/51\/2023\/01\/postQueueImg_1674658845.75.jpg\",\"width\":608,\"height\":438,\"caption\":\"les documents historiques remis au secr\u00e9taire g\u00e9n\u00e9ral du pct\"},{\"@type\":\"BreadcrumbList\",\"@id\":\"https:\/\/www.africa-press.net\/congo-brazzaville\/politique\/les-documents-historiques-remis-au-secretaire-general-du-pct#breadcrumb\",\"itemListElement\":[{\"@type\":\"ListItem\",\"position\":1,\"name\":\"Accueil\",\"item\":\"https:\/\/www.africa-press.net\/congo-brazzaville\/\"},{\"@type\":\"ListItem\",\"position\":2,\"name\":\"les documents historiques remis au secr\u00e9taire g\u00e9n\u00e9ral du pct\"}]},{\"@type\":\"WebSite\",\"@id\":\"https:\/\/www.africa-press.net\/congo-brazzaville\/#website\",\"url\":\"https:\/\/www.africa-press.net\/congo-brazzaville\/\",\"name\":\"Congo Brazzaville\",\"description\":\"Just another Africa News Agency Sites site\",\"potentialAction\":[{\"@type\":\"SearchAction\",\"target\":{\"@type\":\"EntryPoint\",\"urlTemplate\":\"https:\/\/www.africa-press.net\/congo-brazzaville\/?s={search_term_string}\"},\"query-input\":{\"@type\":\"PropertyValueSpecification\",\"valueRequired\":true,\"valueName\":\"search_term_string\"}}],\"inLanguage\":\"fr-FR\"},{\"@type\":\"Person\",\"@id\":\"https:\/\/www.africa-press.net\/congo-brazzaville\/#\/schema\/person\/2b1cf3cd81a31e3cd26889ca66d677f1\",\"name\":\"cfeditorfr\"}]}<\/script>\n<!-- \/ Yoast SEO Premium plugin. -->","yoast_head_json":{"title":"les documents historiques remis au secr\u00e9taire g\u00e9n\u00e9ral du pct - Congo Brazzaville","description":"Le directeur de cabinet du Chef de l\u2019Etat, Florent Tsiba a indique\u0301 le 25 janvier a\u0300 Brazzaville que, le lot de docum ...","robots":{"index":"index","follow":"follow","max-snippet":"max-snippet:-1","max-image-preview":"max-image-preview:large","max-video-preview":"max-video-preview:-1"},"canonical":"https:\/\/www.africa-press.net\/congo-brazzaville\/politique\/les-documents-historiques-remis-au-secretaire-general-du-pct","og_locale":"fr_FR","og_type":"article","og_title":"les documents historiques remis au secr\u00e9taire g\u00e9n\u00e9ral du pct","og_description":"Le directeur de cabinet du Chef de l\u2019Etat, Florent Tsiba a indique\u0301 le 25 janvier a\u0300 Brazzaville que, le lot de docum ...","og_url":"https:\/\/www.africa-press.net\/congo-brazzaville\/politique\/les-documents-historiques-remis-au-secretaire-general-du-pct","og_site_name":"Congo Brazzaville","article_published_time":"2023-01-25T18:30:18+00:00","article_modified_time":"2023-01-25T20:26:05+00:00","og_image":[{"width":608,"height":438,"url":"https:\/\/static.africa-press.net\/congo-brazzaville\/sites\/51\/2023\/01\/postQueueImg_1674658845.75.jpg","type":"image\/jpeg"}],"author":"cfeditorfr","twitter_card":"summary_large_image","twitter_misc":{"\u00c9crit par":"cfeditorfr","Dur\u00e9e de lecture estim\u00e9e":"2 minutes"},"schema":{"@context":"https:\/\/schema.org","@graph":[{"@type":"Article","@id":"https:\/\/www.africa-press.net\/congo-brazzaville\/politique\/les-documents-historiques-remis-au-secretaire-general-du-pct#article","isPartOf":{"@id":"https:\/\/www.africa-press.net\/congo-brazzaville\/politique\/les-documents-historiques-remis-au-secretaire-general-du-pct"},"author":{"name":"cfeditorfr","@id":"https:\/\/www.africa-press.net\/congo-brazzaville\/#\/schema\/person\/2b1cf3cd81a31e3cd26889ca66d677f1"},"headline":"les documents historiques remis au secr\u00e9taire g\u00e9n\u00e9ral du pct","datePublished":"2023-01-25T18:30:18+00:00","dateModified":"2023-01-25T20:26:05+00:00","mainEntityOfPage":{"@id":"https:\/\/www.africa-press.net\/congo-brazzaville\/politique\/les-documents-historiques-remis-au-secretaire-general-du-pct"},"wordCount":445,"commentCount":0,"image":{"@id":"https:\/\/www.africa-press.net\/congo-brazzaville\/politique\/les-documents-historiques-remis-au-secretaire-general-du-pct#primaryimage"},"thumbnailUrl":"https:\/\/static.africa-press.net\/congo-brazzaville\/sites\/51\/2023\/01\/postQueueImg_1674658845.75.jpg","keywords":["Africa Press","Africa Press-Congo Brazzaville","Congo Brazzaville"],"articleSection":["Politique","Top Nouvelles","Toutes les actualit\u00e9s"],"inLanguage":"fr-FR","potentialAction":[{"@type":"CommentAction","name":"Comment","target":["https:\/\/www.africa-press.net\/congo-brazzaville\/politique\/les-documents-historiques-remis-au-secretaire-general-du-pct#respond"]}]},{"@type":"WebPage","@id":"https:\/\/www.africa-press.net\/congo-brazzaville\/politique\/les-documents-historiques-remis-au-secretaire-general-du-pct","url":"https:\/\/www.africa-press.net\/congo-brazzaville\/politique\/les-documents-historiques-remis-au-secretaire-general-du-pct","name":"les documents historiques remis au secr\u00e9taire g\u00e9n\u00e9ral du pct - Congo Brazzaville","isPartOf":{"@id":"https:\/\/www.africa-press.net\/congo-brazzaville\/#website"},"primaryImageOfPage":{"@id":"https:\/\/www.africa-press.net\/congo-brazzaville\/politique\/les-documents-historiques-remis-au-secretaire-general-du-pct#primaryimage"},"image":{"@id":"https:\/\/www.africa-press.net\/congo-brazzaville\/politique\/les-documents-historiques-remis-au-secretaire-general-du-pct#primaryimage"},"thumbnailUrl":"https:\/\/static.africa-press.net\/congo-brazzaville\/sites\/51\/2023\/01\/postQueueImg_1674658845.75.jpg","datePublished":"2023-01-25T18:30:18+00:00","dateModified":"2023-01-25T20:26:05+00:00","author":{"@id":"https:\/\/www.africa-press.net\/congo-brazzaville\/#\/schema\/person\/2b1cf3cd81a31e3cd26889ca66d677f1"},"description":"Le directeur de cabinet du Chef de l\u2019Etat, Florent Tsiba a indique\u0301 le 25 janvier a\u0300 Brazzaville que, le lot de docum ...","breadcrumb":{"@id":"https:\/\/www.africa-press.net\/congo-brazzaville\/politique\/les-documents-historiques-remis-au-secretaire-general-du-pct#breadcrumb"},"inLanguage":"fr-FR","potentialAction":[{"@type":"ReadAction","target":["https:\/\/www.africa-press.net\/congo-brazzaville\/politique\/les-documents-historiques-remis-au-secretaire-general-du-pct"]}]},{"@type":"ImageObject","inLanguage":"fr-FR","@id":"https:\/\/www.africa-press.net\/congo-brazzaville\/politique\/les-documents-historiques-remis-au-secretaire-general-du-pct#primaryimage","url":"https:\/\/static.africa-press.net\/congo-brazzaville\/sites\/51\/2023\/01\/postQueueImg_1674658845.75.jpg","contentUrl":"https:\/\/static.africa-press.net\/congo-brazzaville\/sites\/51\/2023\/01\/postQueueImg_1674658845.75.jpg","width":608,"height":438,"caption":"les documents historiques remis au secr\u00e9taire g\u00e9n\u00e9ral du pct"},{"@type":"BreadcrumbList","@id":"https:\/\/www.africa-press.net\/congo-brazzaville\/politique\/les-documents-historiques-remis-au-secretaire-general-du-pct#breadcrumb","itemListElement":[{"@type":"ListItem","position":1,"name":"Accueil","item":"https:\/\/www.africa-press.net\/congo-brazzaville\/"},{"@type":"ListItem","position":2,"name":"les documents historiques remis au secr\u00e9taire g\u00e9n\u00e9ral du pct"}]},{"@type":"WebSite","@id":"https:\/\/www.africa-press.net\/congo-brazzaville\/#website","url":"https:\/\/www.africa-press.net\/congo-brazzaville\/","name":"Congo Brazzaville","description":"Just another Africa News Agency Sites site","potentialAction":[{"@type":"SearchAction","target":{"@type":"EntryPoint","urlTemplate":"https:\/\/www.africa-press.net\/congo-brazzaville\/?s={search_term_string}"},"query-input":{"@type":"PropertyValueSpecification","valueRequired":true,"valueName":"search_term_string"}}],"inLanguage":"fr-FR"},{"@type":"Person","@id":"https:\/\/www.africa-press.net\/congo-brazzaville\/#\/schema\/person\/2b1cf3cd81a31e3cd26889ca66d677f1","name":"cfeditorfr"}]}},"_links":{"self":[{"href":"https:\/\/www.africa-press.net\/congo-brazzaville\/wp-json\/wp\/v2\/posts\/13751","targetHints":{"allow":["GET"]}}],"collection":[{"href":"https:\/\/www.africa-press.net\/congo-brazzaville\/wp-json\/wp\/v2\/posts"}],"about":[{"href":"https:\/\/www.africa-press.net\/congo-brazzaville\/wp-json\/wp\/v2\/types\/post"}],"author":[{"embeddable":true,"href":"https:\/\/www.africa-press.net\/congo-brazzaville\/wp-json\/wp\/v2\/users\/82"}],"replies":[{"embeddable":true,"href":"https:\/\/www.africa-press.net\/congo-brazzaville\/wp-json\/wp\/v2\/comments?post=13751"}],"version-history":[{"count":0,"href":"https:\/\/www.africa-press.net\/congo-brazzaville\/wp-json\/wp\/v2\/posts\/13751\/revisions"}],"wp:featuredmedia":[{"embeddable":true,"href":"https:\/\/www.africa-press.net\/congo-brazzaville\/wp-json\/wp\/v2\/media\/13750"}],"wp:attachment":[{"href":"https:\/\/www.africa-press.net\/congo-brazzaville\/wp-json\/wp\/v2\/media?parent=13751"}],"wp:term":[{"taxonomy":"category","embeddable":true,"href":"https:\/\/www.africa-press.net\/congo-brazzaville\/wp-json\/wp\/v2\/categories?post=13751"},{"taxonomy":"post_tag","embeddable":true,"href":"https:\/\/www.africa-press.net\/congo-brazzaville\/wp-json\/wp\/v2\/tags?post=13751"}],"curies":[{"name":"wp","href":"https:\/\/api.w.org\/{rel}","templated":true}]}}