{"id":13754,"date":"2023-01-25T18:30:54","date_gmt":"2023-01-25T18:30:54","guid":{"rendered":"https:\/\/www.africa-press.net\/congo-brazzaville\/politique\/le-nouveau-commandant-de-la-gr-prend-officiellement-ses-fonctions"},"modified":"2023-01-25T20:28:08","modified_gmt":"2023-01-25T20:28:08","slug":"le-nouveau-commandant-de-la-gr-prend-officiellement-ses-fonctions","status":"publish","type":"post","link":"https:\/\/www.africa-press.net\/congo-brazzaville\/politique\/le-nouveau-commandant-de-la-gr-prend-officiellement-ses-fonctions","title":{"rendered":"le nouveau commandant de la gr prend officiellement ses fonctions"},"content":{"rendered":"<p><span style=\"color: #ff6600\"><strong>Africa-Press &#8211; Congo Brazzaville. <\/strong><\/span><b>Le ministre de l\u2019Inte\u0301rieur, de la de\u0301centralisation et du de\u0301veloppement local, Raymond Ze\u0301phirin Mboulou, a dirige\u0301 le 25 janvier a\u0300 Brazzaville la ce\u0301re\u0301monie de prise des fonctions du nouveau Commandant de la Grade re\u0301publicaine, le Colonel Basile Boka. Il succe\u0300de a\u0300 ce poste au ge\u0301ne\u0301ral de brigade Gervais Akouangue\u0301, nomme\u0301 Commandant de la gendarmerie nationale.<\/b><\/p>\n<p>Le nouveau Commandant de la Garde re\u0301publicaine, le Colonel Basile Boka, qui a rec\u0327u les insignes du commandement, du ministre l\u2019Inte\u0301rieur, de la de\u0301centralisation et du de\u0301veloppement local a re\u0301cemment e\u0301te\u0301 le Commandant de la zone militaire de de\u0301fense n\u00b08, Kinkala, de\u0301partement du Pool.<\/p>\n<p>Il a aussi e\u0301te\u0301 ancien chef d\u2019e\u0301tat-major de la direction ge\u0301ne\u0301rale de la se\u0301curite\u0301 pre\u0301sidentielle de 1998 a\u0300 2007, puis commandement du 402e bataillon d\u2019infanterie entre 2009 et 2011.<\/p>\n<p>A la te\u0302te du premier re\u0301giment blinde\u0301 et du sous-groupement ope\u0301rationnel de Mindouli, dans le Pool, dans le cadre de l\u2019ope\u0301ration \u00ab kimia \u00bb destine\u0301e a\u0300 ramener la paix dans de\u0301partement du Pool, le Colonel Basile e\u0301tait avant ses fonctions actuelles Commandant de la zone militaire de de\u0301fense n\u00b08, Kinkala dans le de\u0301partement du Pool depuis 2016.<\/p>\n<p><strong>Pour plus d&rsquo;informations et d&rsquo;analyses sur la <a href=\"https:\/\/www.africa-press.net\/congo-brazzaville\">Congo Brazzaville<\/a>, suivez <a href=\"https:\/\/www.africa-press.net\/\">Africa-Press<\/a><\/strong><\/p>\n","protected":false},"excerpt":{"rendered":"<p>Africa-Press &#8211; Congo Brazzaville. Le ministre de l\u2019Inte\u0301rieur, de la de\u0301centralisation et du de\u0301veloppement local, Raymond Ze\u0301phirin Mboulou, a dirige\u0301 le 25 janvier a\u0300 Brazzaville la ce\u0301re\u0301monie de prise des fonctions du nouveau Commandant de la Grade re\u0301publicaine, le Colonel Basile Boka. Il succe\u0300de a\u0300 ce poste au ge\u0301ne\u0301ral de brigade Gervais Akouangue\u0301, nomme\u0301 Commandant [&hellip;]<\/p>\n","protected":false},"author":82,"featured_media":13753,"comment_status":"open","ping_status":"closed","sticky":false,"template":"","format":"standard","meta":{"footnotes":""},"categories":[2,20,10],"tags":[36,47,46],"class_list":["post-13754","post","type-post","status-publish","format-standard","has-post-thumbnail","hentry","category-politique","category-top-nouvelles","category-toutes-les-actualites","tag-africa-press","tag-africa-press-congo-brazzaville","tag-congo-brazzaville"],"yoast_head":"<!-- This site is optimized with the Yoast SEO Premium plugin v26.1 (Yoast SEO v27.0) - https:\/\/yoast.com\/product\/yoast-seo-premium-wordpress\/ -->\n<title>le nouveau commandant de la gr prend officiellement ses fonctions - Congo Brazzaville<\/title>\n<meta name=\"description\" content=\"Le ministre de l\u2019Inte\u0301rieur, de la de\u0301centralisation et du de\u0301veloppement local, Raymond Ze\u0301phirin Mboulou, a dirige\u0301 ...\" \/>\n<meta name=\"robots\" content=\"index, follow, max-snippet:-1, max-image-preview:large, max-video-preview:-1\" \/>\n<link rel=\"canonical\" href=\"https:\/\/www.africa-press.net\/congo-brazzaville\/politique\/le-nouveau-commandant-de-la-gr-prend-officiellement-ses-fonctions\" \/>\n<meta property=\"og:locale\" content=\"fr_FR\" \/>\n<meta property=\"og:type\" content=\"article\" \/>\n<meta property=\"og:title\" content=\"le nouveau commandant de la gr prend officiellement ses fonctions\" \/>\n<meta property=\"og:description\" content=\"Le ministre de l\u2019Inte\u0301rieur, de la de\u0301centralisation et du de\u0301veloppement local, Raymond Ze\u0301phirin Mboulou, a dirige\u0301 ...\" \/>\n<meta property=\"og:url\" content=\"https:\/\/www.africa-press.net\/congo-brazzaville\/politique\/le-nouveau-commandant-de-la-gr-prend-officiellement-ses-fonctions\" \/>\n<meta property=\"og:site_name\" content=\"Congo Brazzaville\" \/>\n<meta property=\"article:published_time\" content=\"2023-01-25T18:30:54+00:00\" \/>\n<meta property=\"article:modified_time\" content=\"2023-01-25T20:28:08+00:00\" \/>\n<meta property=\"og:image\" content=\"https:\/\/static.africa-press.net\/congo-brazzaville\/sites\/51\/2023\/01\/postQueueImg_1674658906.35.jpg\" \/>\n\t<meta property=\"og:image:width\" content=\"747\" \/>\n\t<meta property=\"og:image:height\" content=\"438\" \/>\n\t<meta property=\"og:image:type\" content=\"image\/jpeg\" \/>\n<meta name=\"author\" content=\"cfeditorfr\" \/>\n<meta name=\"twitter:card\" content=\"summary_large_image\" \/>\n<meta name=\"twitter:label1\" content=\"\u00c9crit par\" \/>\n\t<meta name=\"twitter:data1\" content=\"cfeditorfr\" \/>\n\t<meta name=\"twitter:label2\" content=\"Dur\u00e9e de lecture estim\u00e9e\" \/>\n\t<meta name=\"twitter:data2\" content=\"1 minute\" \/>\n<script type=\"application\/ld+json\" class=\"yoast-schema-graph\">{\"@context\":\"https:\/\/schema.org\",\"@graph\":[{\"@type\":\"Article\",\"@id\":\"https:\/\/www.africa-press.net\/congo-brazzaville\/politique\/le-nouveau-commandant-de-la-gr-prend-officiellement-ses-fonctions#article\",\"isPartOf\":{\"@id\":\"https:\/\/www.africa-press.net\/congo-brazzaville\/politique\/le-nouveau-commandant-de-la-gr-prend-officiellement-ses-fonctions\"},\"author\":{\"name\":\"cfeditorfr\",\"@id\":\"https:\/\/www.africa-press.net\/congo-brazzaville\/#\/schema\/person\/2b1cf3cd81a31e3cd26889ca66d677f1\"},\"headline\":\"le nouveau commandant de la gr prend officiellement ses fonctions\",\"datePublished\":\"2023-01-25T18:30:54+00:00\",\"dateModified\":\"2023-01-25T20:28:08+00:00\",\"mainEntityOfPage\":{\"@id\":\"https:\/\/www.africa-press.net\/congo-brazzaville\/politique\/le-nouveau-commandant-de-la-gr-prend-officiellement-ses-fonctions\"},\"wordCount\":243,\"commentCount\":0,\"image\":{\"@id\":\"https:\/\/www.africa-press.net\/congo-brazzaville\/politique\/le-nouveau-commandant-de-la-gr-prend-officiellement-ses-fonctions#primaryimage\"},\"thumbnailUrl\":\"https:\/\/static.africa-press.net\/congo-brazzaville\/sites\/51\/2023\/01\/postQueueImg_1674658906.35.jpg\",\"keywords\":[\"Africa Press\",\"Africa Press-Congo Brazzaville\",\"Congo Brazzaville\"],\"articleSection\":[\"Politique\",\"Top Nouvelles\",\"Toutes les actualit\u00e9s\"],\"inLanguage\":\"fr-FR\",\"potentialAction\":[{\"@type\":\"CommentAction\",\"name\":\"Comment\",\"target\":[\"https:\/\/www.africa-press.net\/congo-brazzaville\/politique\/le-nouveau-commandant-de-la-gr-prend-officiellement-ses-fonctions#respond\"]}]},{\"@type\":\"WebPage\",\"@id\":\"https:\/\/www.africa-press.net\/congo-brazzaville\/politique\/le-nouveau-commandant-de-la-gr-prend-officiellement-ses-fonctions\",\"url\":\"https:\/\/www.africa-press.net\/congo-brazzaville\/politique\/le-nouveau-commandant-de-la-gr-prend-officiellement-ses-fonctions\",\"name\":\"le nouveau commandant de la gr prend officiellement ses fonctions - Congo Brazzaville\",\"isPartOf\":{\"@id\":\"https:\/\/www.africa-press.net\/congo-brazzaville\/#website\"},\"primaryImageOfPage\":{\"@id\":\"https:\/\/www.africa-press.net\/congo-brazzaville\/politique\/le-nouveau-commandant-de-la-gr-prend-officiellement-ses-fonctions#primaryimage\"},\"image\":{\"@id\":\"https:\/\/www.africa-press.net\/congo-brazzaville\/politique\/le-nouveau-commandant-de-la-gr-prend-officiellement-ses-fonctions#primaryimage\"},\"thumbnailUrl\":\"https:\/\/static.africa-press.net\/congo-brazzaville\/sites\/51\/2023\/01\/postQueueImg_1674658906.35.jpg\",\"datePublished\":\"2023-01-25T18:30:54+00:00\",\"dateModified\":\"2023-01-25T20:28:08+00:00\",\"author\":{\"@id\":\"https:\/\/www.africa-press.net\/congo-brazzaville\/#\/schema\/person\/2b1cf3cd81a31e3cd26889ca66d677f1\"},\"description\":\"Le ministre de l\u2019Inte\u0301rieur, de la de\u0301centralisation et du de\u0301veloppement local, Raymond Ze\u0301phirin Mboulou, a dirige\u0301 ...\",\"breadcrumb\":{\"@id\":\"https:\/\/www.africa-press.net\/congo-brazzaville\/politique\/le-nouveau-commandant-de-la-gr-prend-officiellement-ses-fonctions#breadcrumb\"},\"inLanguage\":\"fr-FR\",\"potentialAction\":[{\"@type\":\"ReadAction\",\"target\":[\"https:\/\/www.africa-press.net\/congo-brazzaville\/politique\/le-nouveau-commandant-de-la-gr-prend-officiellement-ses-fonctions\"]}]},{\"@type\":\"ImageObject\",\"inLanguage\":\"fr-FR\",\"@id\":\"https:\/\/www.africa-press.net\/congo-brazzaville\/politique\/le-nouveau-commandant-de-la-gr-prend-officiellement-ses-fonctions#primaryimage\",\"url\":\"https:\/\/static.africa-press.net\/congo-brazzaville\/sites\/51\/2023\/01\/postQueueImg_1674658906.35.jpg\",\"contentUrl\":\"https:\/\/static.africa-press.net\/congo-brazzaville\/sites\/51\/2023\/01\/postQueueImg_1674658906.35.jpg\",\"width\":747,\"height\":438,\"caption\":\"le nouveau commandant de la gr prend officiellement ses fonctions\"},{\"@type\":\"BreadcrumbList\",\"@id\":\"https:\/\/www.africa-press.net\/congo-brazzaville\/politique\/le-nouveau-commandant-de-la-gr-prend-officiellement-ses-fonctions#breadcrumb\",\"itemListElement\":[{\"@type\":\"ListItem\",\"position\":1,\"name\":\"Accueil\",\"item\":\"https:\/\/www.africa-press.net\/congo-brazzaville\/\"},{\"@type\":\"ListItem\",\"position\":2,\"name\":\"le nouveau commandant de la gr prend officiellement ses fonctions\"}]},{\"@type\":\"WebSite\",\"@id\":\"https:\/\/www.africa-press.net\/congo-brazzaville\/#website\",\"url\":\"https:\/\/www.africa-press.net\/congo-brazzaville\/\",\"name\":\"Congo Brazzaville\",\"description\":\"Just another Africa News Agency Sites site\",\"potentialAction\":[{\"@type\":\"SearchAction\",\"target\":{\"@type\":\"EntryPoint\",\"urlTemplate\":\"https:\/\/www.africa-press.net\/congo-brazzaville\/?s={search_term_string}\"},\"query-input\":{\"@type\":\"PropertyValueSpecification\",\"valueRequired\":true,\"valueName\":\"search_term_string\"}}],\"inLanguage\":\"fr-FR\"},{\"@type\":\"Person\",\"@id\":\"https:\/\/www.africa-press.net\/congo-brazzaville\/#\/schema\/person\/2b1cf3cd81a31e3cd26889ca66d677f1\",\"name\":\"cfeditorfr\"}]}<\/script>\n<!-- \/ Yoast SEO Premium plugin. -->","yoast_head_json":{"title":"le nouveau commandant de la gr prend officiellement ses fonctions - Congo Brazzaville","description":"Le ministre de l\u2019Inte\u0301rieur, de la de\u0301centralisation et du de\u0301veloppement local, Raymond Ze\u0301phirin Mboulou, a dirige\u0301 ...","robots":{"index":"index","follow":"follow","max-snippet":"max-snippet:-1","max-image-preview":"max-image-preview:large","max-video-preview":"max-video-preview:-1"},"canonical":"https:\/\/www.africa-press.net\/congo-brazzaville\/politique\/le-nouveau-commandant-de-la-gr-prend-officiellement-ses-fonctions","og_locale":"fr_FR","og_type":"article","og_title":"le nouveau commandant de la gr prend officiellement ses fonctions","og_description":"Le ministre de l\u2019Inte\u0301rieur, de la de\u0301centralisation et du de\u0301veloppement local, Raymond Ze\u0301phirin Mboulou, a dirige\u0301 ...","og_url":"https:\/\/www.africa-press.net\/congo-brazzaville\/politique\/le-nouveau-commandant-de-la-gr-prend-officiellement-ses-fonctions","og_site_name":"Congo Brazzaville","article_published_time":"2023-01-25T18:30:54+00:00","article_modified_time":"2023-01-25T20:28:08+00:00","og_image":[{"width":747,"height":438,"url":"https:\/\/static.africa-press.net\/congo-brazzaville\/sites\/51\/2023\/01\/postQueueImg_1674658906.35.jpg","type":"image\/jpeg"}],"author":"cfeditorfr","twitter_card":"summary_large_image","twitter_misc":{"\u00c9crit par":"cfeditorfr","Dur\u00e9e de lecture estim\u00e9e":"1 minute"},"schema":{"@context":"https:\/\/schema.org","@graph":[{"@type":"Article","@id":"https:\/\/www.africa-press.net\/congo-brazzaville\/politique\/le-nouveau-commandant-de-la-gr-prend-officiellement-ses-fonctions#article","isPartOf":{"@id":"https:\/\/www.africa-press.net\/congo-brazzaville\/politique\/le-nouveau-commandant-de-la-gr-prend-officiellement-ses-fonctions"},"author":{"name":"cfeditorfr","@id":"https:\/\/www.africa-press.net\/congo-brazzaville\/#\/schema\/person\/2b1cf3cd81a31e3cd26889ca66d677f1"},"headline":"le nouveau commandant de la gr prend officiellement ses fonctions","datePublished":"2023-01-25T18:30:54+00:00","dateModified":"2023-01-25T20:28:08+00:00","mainEntityOfPage":{"@id":"https:\/\/www.africa-press.net\/congo-brazzaville\/politique\/le-nouveau-commandant-de-la-gr-prend-officiellement-ses-fonctions"},"wordCount":243,"commentCount":0,"image":{"@id":"https:\/\/www.africa-press.net\/congo-brazzaville\/politique\/le-nouveau-commandant-de-la-gr-prend-officiellement-ses-fonctions#primaryimage"},"thumbnailUrl":"https:\/\/static.africa-press.net\/congo-brazzaville\/sites\/51\/2023\/01\/postQueueImg_1674658906.35.jpg","keywords":["Africa Press","Africa Press-Congo Brazzaville","Congo Brazzaville"],"articleSection":["Politique","Top Nouvelles","Toutes les actualit\u00e9s"],"inLanguage":"fr-FR","potentialAction":[{"@type":"CommentAction","name":"Comment","target":["https:\/\/www.africa-press.net\/congo-brazzaville\/politique\/le-nouveau-commandant-de-la-gr-prend-officiellement-ses-fonctions#respond"]}]},{"@type":"WebPage","@id":"https:\/\/www.africa-press.net\/congo-brazzaville\/politique\/le-nouveau-commandant-de-la-gr-prend-officiellement-ses-fonctions","url":"https:\/\/www.africa-press.net\/congo-brazzaville\/politique\/le-nouveau-commandant-de-la-gr-prend-officiellement-ses-fonctions","name":"le nouveau commandant de la gr prend officiellement ses fonctions - Congo Brazzaville","isPartOf":{"@id":"https:\/\/www.africa-press.net\/congo-brazzaville\/#website"},"primaryImageOfPage":{"@id":"https:\/\/www.africa-press.net\/congo-brazzaville\/politique\/le-nouveau-commandant-de-la-gr-prend-officiellement-ses-fonctions#primaryimage"},"image":{"@id":"https:\/\/www.africa-press.net\/congo-brazzaville\/politique\/le-nouveau-commandant-de-la-gr-prend-officiellement-ses-fonctions#primaryimage"},"thumbnailUrl":"https:\/\/static.africa-press.net\/congo-brazzaville\/sites\/51\/2023\/01\/postQueueImg_1674658906.35.jpg","datePublished":"2023-01-25T18:30:54+00:00","dateModified":"2023-01-25T20:28:08+00:00","author":{"@id":"https:\/\/www.africa-press.net\/congo-brazzaville\/#\/schema\/person\/2b1cf3cd81a31e3cd26889ca66d677f1"},"description":"Le ministre de l\u2019Inte\u0301rieur, de la de\u0301centralisation et du de\u0301veloppement local, Raymond Ze\u0301phirin Mboulou, a dirige\u0301 ...","breadcrumb":{"@id":"https:\/\/www.africa-press.net\/congo-brazzaville\/politique\/le-nouveau-commandant-de-la-gr-prend-officiellement-ses-fonctions#breadcrumb"},"inLanguage":"fr-FR","potentialAction":[{"@type":"ReadAction","target":["https:\/\/www.africa-press.net\/congo-brazzaville\/politique\/le-nouveau-commandant-de-la-gr-prend-officiellement-ses-fonctions"]}]},{"@type":"ImageObject","inLanguage":"fr-FR","@id":"https:\/\/www.africa-press.net\/congo-brazzaville\/politique\/le-nouveau-commandant-de-la-gr-prend-officiellement-ses-fonctions#primaryimage","url":"https:\/\/static.africa-press.net\/congo-brazzaville\/sites\/51\/2023\/01\/postQueueImg_1674658906.35.jpg","contentUrl":"https:\/\/static.africa-press.net\/congo-brazzaville\/sites\/51\/2023\/01\/postQueueImg_1674658906.35.jpg","width":747,"height":438,"caption":"le nouveau commandant de la gr prend officiellement ses fonctions"},{"@type":"BreadcrumbList","@id":"https:\/\/www.africa-press.net\/congo-brazzaville\/politique\/le-nouveau-commandant-de-la-gr-prend-officiellement-ses-fonctions#breadcrumb","itemListElement":[{"@type":"ListItem","position":1,"name":"Accueil","item":"https:\/\/www.africa-press.net\/congo-brazzaville\/"},{"@type":"ListItem","position":2,"name":"le nouveau commandant de la gr prend officiellement ses fonctions"}]},{"@type":"WebSite","@id":"https:\/\/www.africa-press.net\/congo-brazzaville\/#website","url":"https:\/\/www.africa-press.net\/congo-brazzaville\/","name":"Congo Brazzaville","description":"Just another Africa News Agency Sites site","potentialAction":[{"@type":"SearchAction","target":{"@type":"EntryPoint","urlTemplate":"https:\/\/www.africa-press.net\/congo-brazzaville\/?s={search_term_string}"},"query-input":{"@type":"PropertyValueSpecification","valueRequired":true,"valueName":"search_term_string"}}],"inLanguage":"fr-FR"},{"@type":"Person","@id":"https:\/\/www.africa-press.net\/congo-brazzaville\/#\/schema\/person\/2b1cf3cd81a31e3cd26889ca66d677f1","name":"cfeditorfr"}]}},"_links":{"self":[{"href":"https:\/\/www.africa-press.net\/congo-brazzaville\/wp-json\/wp\/v2\/posts\/13754","targetHints":{"allow":["GET"]}}],"collection":[{"href":"https:\/\/www.africa-press.net\/congo-brazzaville\/wp-json\/wp\/v2\/posts"}],"about":[{"href":"https:\/\/www.africa-press.net\/congo-brazzaville\/wp-json\/wp\/v2\/types\/post"}],"author":[{"embeddable":true,"href":"https:\/\/www.africa-press.net\/congo-brazzaville\/wp-json\/wp\/v2\/users\/82"}],"replies":[{"embeddable":true,"href":"https:\/\/www.africa-press.net\/congo-brazzaville\/wp-json\/wp\/v2\/comments?post=13754"}],"version-history":[{"count":0,"href":"https:\/\/www.africa-press.net\/congo-brazzaville\/wp-json\/wp\/v2\/posts\/13754\/revisions"}],"wp:featuredmedia":[{"embeddable":true,"href":"https:\/\/www.africa-press.net\/congo-brazzaville\/wp-json\/wp\/v2\/media\/13753"}],"wp:attachment":[{"href":"https:\/\/www.africa-press.net\/congo-brazzaville\/wp-json\/wp\/v2\/media?parent=13754"}],"wp:term":[{"taxonomy":"category","embeddable":true,"href":"https:\/\/www.africa-press.net\/congo-brazzaville\/wp-json\/wp\/v2\/categories?post=13754"},{"taxonomy":"post_tag","embeddable":true,"href":"https:\/\/www.africa-press.net\/congo-brazzaville\/wp-json\/wp\/v2\/tags?post=13754"}],"curies":[{"name":"wp","href":"https:\/\/api.w.org\/{rel}","templated":true}]}}