{"id":13757,"date":"2023-01-26T12:49:42","date_gmt":"2023-01-26T12:49:42","guid":{"rendered":"https:\/\/www.africa-press.net\/congo-brazzaville\/politique\/litterature-le-salon-du-livre-de-geneve-se-reinstalle-a-palexpo"},"modified":"2023-01-26T12:49:42","modified_gmt":"2023-01-26T12:49:42","slug":"litterature-le-salon-du-livre-de-geneve-se-reinstalle-a-palexpo","status":"publish","type":"post","link":"https:\/\/www.africa-press.net\/congo-brazzaville\/culture-et-art\/litterature-le-salon-du-livre-de-geneve-se-reinstalle-a-palexpo","title":{"rendered":"Litt\u00e9rature: le salon du livre de Gen\u00e8ve se r\u00e9installe \u00e0 Palexpo"},"content":{"rendered":"<p><span style=\"color: #ff6600\"><strong>Africa-Press &#8211; Congo Brazzaville. <\/strong><\/span><b>Apre\u0300s le de\u0301ploiement du livre dans des lieux historiques et culturels de la cite\u0301 sur un pe\u0301rime\u0300tre ge\u0301ographique resserre\u0301 autour de la Vieille-Ville de Gene\u0300ve, le salon du livre revient a\u0300 Palexpo.<\/b><\/p>\n<p>Du 22 au 26 mars, la prochaine e\u0301dition du salon du livre de Gene\u0300ve re\u0301unira lecteurs, e\u0301crivains, e\u0301diteurs et libraires a\u0300 Palexpo, dans un esprit convivial ou\u0300 le plaisir, l\u2019e\u0301change et la de\u0301couverte re\u0300gnent en mai\u0302tres, \u00ab une ve\u0301ritable ce\u0301le\u0301bration du livre pour le plus grand nombre \u00bb, promettent les organisateurs.<\/p>\n<p>Le neuvie\u0300me art se de\u0301voilera sur la sce\u0300ne bande dessine\u0301e, les litte\u0301ratures helve\u0301tiques se re\u0301ve\u0301leront dans toute leur diversite\u0301 sur la sce\u0300ne suisse, les talents plus lointains seront a\u0300 l\u2019honneur sur la sce\u0300ne du salon africain.<\/p>\n<p>D\u2019autres sce\u0300nes, nouvelles, seront les lieux d\u2019e\u0301changes palpitants lors de de\u0301bats, de rencontres inattendues dans des formats originaux et accueilleront notamment la carte blanche des invite\u0301s d\u2019honneur. L\u2019offre spe\u0301cifique des sce\u0300nes partenaires enrichira une programmation ge\u0301ne\u0301reuse et plurielle.<\/p>\n<p>L\u2019I\u0302lot jeunesse et plusieurs stands d\u2019e\u0301diteurs proposeront a\u0300 de plus jeunes visiteurs, outre des lectures pour leur a\u0302ge, de nombreuses animations et rencontres avec des auteurs.<\/p>\n<p>De plus, des ateliers scolaires seront autant d\u2019occasions de de\u0301couvrir le livre pour le jeune public.<\/p>\n<p>Le volet professionnel fera e\u0301galement son grand retour, proposant de\u0301bats, rencontres et ateliers destine\u0301s aux professionnels du livre et de l\u2019e\u0301dition francophone.<\/p>\n<p>Jeunesse, bande dessine\u0301e, litte\u0301ratures africaines, suisses et e\u0301trange\u0300res, des programmations riches et varie\u0301es permettront de contenter tous les publics<b>,<\/b> de satisfaire toutes les curiosite\u0301s pour le plus grand ravissement des amoureux des mots !<\/p>\n<p><strong>Pour plus d&rsquo;informations et d&rsquo;analyses sur la <a href=\"https:\/\/www.africa-press.net\/congo-brazzaville\">Congo Brazzaville<\/a>, suivez <a href=\"https:\/\/www.africa-press.net\/\">Africa-Press<\/a><\/strong><\/p>\n","protected":false},"excerpt":{"rendered":"<p>Africa-Press &#8211; Congo Brazzaville. Apre\u0300s le de\u0301ploiement du livre dans des lieux historiques et culturels de la cite\u0301 sur un pe\u0301rime\u0300tre ge\u0301ographique resserre\u0301 autour de la Vieille-Ville de Gene\u0300ve, le salon du livre revient a\u0300 Palexpo. Du 22 au 26 mars, la prochaine e\u0301dition du salon du livre de Gene\u0300ve re\u0301unira lecteurs, e\u0301crivains, e\u0301diteurs et [&hellip;]<\/p>\n","protected":false},"author":82,"featured_media":13756,"comment_status":"open","ping_status":"closed","sticky":false,"template":"","format":"standard","meta":{"footnotes":""},"categories":[5],"tags":[36,47,46],"class_list":["post-13757","post","type-post","status-publish","format-standard","has-post-thumbnail","hentry","category-culture-et-art","tag-africa-press","tag-africa-press-congo-brazzaville","tag-congo-brazzaville"],"yoast_head":"<!-- This site is optimized with the Yoast SEO Premium plugin v26.1 (Yoast SEO v27.0) - https:\/\/yoast.com\/product\/yoast-seo-premium-wordpress\/ -->\n<title>Litt\u00e9rature: le salon du livre de Gen\u00e8ve se r\u00e9installe \u00e0 Palexpo - Congo Brazzaville<\/title>\n<meta name=\"robots\" content=\"index, follow, max-snippet:-1, max-image-preview:large, max-video-preview:-1\" \/>\n<link rel=\"canonical\" href=\"https:\/\/www.africa-press.net\/congo-brazzaville\/politique\/litterature-le-salon-du-livre-de-geneve-se-reinstalle-a-palexpo\" \/>\n<meta property=\"og:locale\" content=\"fr_FR\" \/>\n<meta property=\"og:type\" content=\"article\" \/>\n<meta property=\"og:title\" content=\"Litt\u00e9rature: le salon du livre de Gen\u00e8ve se r\u00e9installe \u00e0 Palexpo\" \/>\n<meta property=\"og:description\" content=\"Africa-Press &#8211; Congo Brazzaville. Apre\u0300s le de\u0301ploiement du livre dans des lieux historiques et culturels de la cite\u0301 sur un pe\u0301rime\u0300tre ge\u0301ographique resserre\u0301 autour de la Vieille-Ville de Gene\u0300ve, le salon du livre revient a\u0300 Palexpo. Du 22 au 26 mars, la prochaine e\u0301dition du salon du livre de Gene\u0300ve re\u0301unira lecteurs, e\u0301crivains, e\u0301diteurs et [&hellip;]\" \/>\n<meta property=\"og:url\" content=\"https:\/\/www.africa-press.net\/congo-brazzaville\/politique\/litterature-le-salon-du-livre-de-geneve-se-reinstalle-a-palexpo\" \/>\n<meta property=\"og:site_name\" content=\"Congo Brazzaville\" \/>\n<meta property=\"article:published_time\" content=\"2023-01-26T12:49:42+00:00\" \/>\n<meta name=\"author\" content=\"cfeditorfr\" \/>\n<meta name=\"twitter:card\" content=\"summary_large_image\" \/>\n<meta name=\"twitter:label1\" content=\"\u00c9crit par\" \/>\n\t<meta name=\"twitter:data1\" content=\"cfeditorfr\" \/>\n\t<meta name=\"twitter:label2\" content=\"Dur\u00e9e de lecture estim\u00e9e\" \/>\n\t<meta name=\"twitter:data2\" content=\"2 minutes\" \/>\n<script type=\"application\/ld+json\" class=\"yoast-schema-graph\">{\"@context\":\"https:\/\/schema.org\",\"@graph\":[{\"@type\":\"Article\",\"@id\":\"https:\/\/www.africa-press.net\/congo-brazzaville\/politique\/litterature-le-salon-du-livre-de-geneve-se-reinstalle-a-palexpo#article\",\"isPartOf\":{\"@id\":\"https:\/\/www.africa-press.net\/congo-brazzaville\/politique\/litterature-le-salon-du-livre-de-geneve-se-reinstalle-a-palexpo\"},\"author\":{\"name\":\"cfeditorfr\",\"@id\":\"https:\/\/www.africa-press.net\/congo-brazzaville\/#\/schema\/person\/2b1cf3cd81a31e3cd26889ca66d677f1\"},\"headline\":\"Litt\u00e9rature: le salon du livre de Gen\u00e8ve se r\u00e9installe \u00e0 Palexpo\",\"datePublished\":\"2023-01-26T12:49:42+00:00\",\"mainEntityOfPage\":{\"@id\":\"https:\/\/www.africa-press.net\/congo-brazzaville\/politique\/litterature-le-salon-du-livre-de-geneve-se-reinstalle-a-palexpo\"},\"wordCount\":340,\"commentCount\":0,\"image\":{\"@id\":\"https:\/\/www.africa-press.net\/congo-brazzaville\/politique\/litterature-le-salon-du-livre-de-geneve-se-reinstalle-a-palexpo#primaryimage\"},\"thumbnailUrl\":\"https:\/\/static.africa-press.net\/congo-brazzaville\/sites\/51\/2023\/01\/postQueueImg_1674724798.36.jpg\",\"keywords\":[\"Africa Press\",\"Africa Press-Congo Brazzaville\",\"Congo Brazzaville\"],\"articleSection\":[\"Culture et Art\"],\"inLanguage\":\"fr-FR\",\"potentialAction\":[{\"@type\":\"CommentAction\",\"name\":\"Comment\",\"target\":[\"https:\/\/www.africa-press.net\/congo-brazzaville\/politique\/litterature-le-salon-du-livre-de-geneve-se-reinstalle-a-palexpo#respond\"]}]},{\"@type\":\"WebPage\",\"@id\":\"https:\/\/www.africa-press.net\/congo-brazzaville\/politique\/litterature-le-salon-du-livre-de-geneve-se-reinstalle-a-palexpo\",\"url\":\"https:\/\/www.africa-press.net\/congo-brazzaville\/politique\/litterature-le-salon-du-livre-de-geneve-se-reinstalle-a-palexpo\",\"name\":\"Litt\u00e9rature: le salon du livre de Gen\u00e8ve se r\u00e9installe \u00e0 Palexpo - Congo Brazzaville\",\"isPartOf\":{\"@id\":\"https:\/\/www.africa-press.net\/congo-brazzaville\/#website\"},\"primaryImageOfPage\":{\"@id\":\"https:\/\/www.africa-press.net\/congo-brazzaville\/politique\/litterature-le-salon-du-livre-de-geneve-se-reinstalle-a-palexpo#primaryimage\"},\"image\":{\"@id\":\"https:\/\/www.africa-press.net\/congo-brazzaville\/politique\/litterature-le-salon-du-livre-de-geneve-se-reinstalle-a-palexpo#primaryimage\"},\"thumbnailUrl\":\"https:\/\/static.africa-press.net\/congo-brazzaville\/sites\/51\/2023\/01\/postQueueImg_1674724798.36.jpg\",\"datePublished\":\"2023-01-26T12:49:42+00:00\",\"author\":{\"@id\":\"https:\/\/www.africa-press.net\/congo-brazzaville\/#\/schema\/person\/2b1cf3cd81a31e3cd26889ca66d677f1\"},\"breadcrumb\":{\"@id\":\"https:\/\/www.africa-press.net\/congo-brazzaville\/politique\/litterature-le-salon-du-livre-de-geneve-se-reinstalle-a-palexpo#breadcrumb\"},\"inLanguage\":\"fr-FR\",\"potentialAction\":[{\"@type\":\"ReadAction\",\"target\":[\"https:\/\/www.africa-press.net\/congo-brazzaville\/politique\/litterature-le-salon-du-livre-de-geneve-se-reinstalle-a-palexpo\"]}]},{\"@type\":\"ImageObject\",\"inLanguage\":\"fr-FR\",\"@id\":\"https:\/\/www.africa-press.net\/congo-brazzaville\/politique\/litterature-le-salon-du-livre-de-geneve-se-reinstalle-a-palexpo#primaryimage\",\"url\":\"https:\/\/static.africa-press.net\/congo-brazzaville\/sites\/51\/2023\/01\/postQueueImg_1674724798.36.jpg\",\"contentUrl\":\"https:\/\/static.africa-press.net\/congo-brazzaville\/sites\/51\/2023\/01\/postQueueImg_1674724798.36.jpg\",\"width\":1280,\"height\":720,\"caption\":\"Litt\u00e9rature: le salon du livre de Gen\u00e8ve se r\u00e9installe \u00e0 Palexpo\"},{\"@type\":\"BreadcrumbList\",\"@id\":\"https:\/\/www.africa-press.net\/congo-brazzaville\/politique\/litterature-le-salon-du-livre-de-geneve-se-reinstalle-a-palexpo#breadcrumb\",\"itemListElement\":[{\"@type\":\"ListItem\",\"position\":1,\"name\":\"Accueil\",\"item\":\"https:\/\/www.africa-press.net\/congo-brazzaville\/\"},{\"@type\":\"ListItem\",\"position\":2,\"name\":\"Litt\u00e9rature: le salon du livre de Gen\u00e8ve se r\u00e9installe \u00e0 Palexpo\"}]},{\"@type\":\"WebSite\",\"@id\":\"https:\/\/www.africa-press.net\/congo-brazzaville\/#website\",\"url\":\"https:\/\/www.africa-press.net\/congo-brazzaville\/\",\"name\":\"Congo Brazzaville\",\"description\":\"Just another Africa News Agency Sites site\",\"potentialAction\":[{\"@type\":\"SearchAction\",\"target\":{\"@type\":\"EntryPoint\",\"urlTemplate\":\"https:\/\/www.africa-press.net\/congo-brazzaville\/?s={search_term_string}\"},\"query-input\":{\"@type\":\"PropertyValueSpecification\",\"valueRequired\":true,\"valueName\":\"search_term_string\"}}],\"inLanguage\":\"fr-FR\"},{\"@type\":\"Person\",\"@id\":\"https:\/\/www.africa-press.net\/congo-brazzaville\/#\/schema\/person\/2b1cf3cd81a31e3cd26889ca66d677f1\",\"name\":\"cfeditorfr\"}]}<\/script>\n<!-- \/ Yoast SEO Premium plugin. -->","yoast_head_json":{"title":"Litt\u00e9rature: le salon du livre de Gen\u00e8ve se r\u00e9installe \u00e0 Palexpo - Congo Brazzaville","robots":{"index":"index","follow":"follow","max-snippet":"max-snippet:-1","max-image-preview":"max-image-preview:large","max-video-preview":"max-video-preview:-1"},"canonical":"https:\/\/www.africa-press.net\/congo-brazzaville\/politique\/litterature-le-salon-du-livre-de-geneve-se-reinstalle-a-palexpo","og_locale":"fr_FR","og_type":"article","og_title":"Litt\u00e9rature: le salon du livre de Gen\u00e8ve se r\u00e9installe \u00e0 Palexpo","og_description":"Africa-Press &#8211; Congo Brazzaville. Apre\u0300s le de\u0301ploiement du livre dans des lieux historiques et culturels de la cite\u0301 sur un pe\u0301rime\u0300tre ge\u0301ographique resserre\u0301 autour de la Vieille-Ville de Gene\u0300ve, le salon du livre revient a\u0300 Palexpo. Du 22 au 26 mars, la prochaine e\u0301dition du salon du livre de Gene\u0300ve re\u0301unira lecteurs, e\u0301crivains, e\u0301diteurs et [&hellip;]","og_url":"https:\/\/www.africa-press.net\/congo-brazzaville\/politique\/litterature-le-salon-du-livre-de-geneve-se-reinstalle-a-palexpo","og_site_name":"Congo Brazzaville","article_published_time":"2023-01-26T12:49:42+00:00","author":"cfeditorfr","twitter_card":"summary_large_image","twitter_misc":{"\u00c9crit par":"cfeditorfr","Dur\u00e9e de lecture estim\u00e9e":"2 minutes"},"schema":{"@context":"https:\/\/schema.org","@graph":[{"@type":"Article","@id":"https:\/\/www.africa-press.net\/congo-brazzaville\/politique\/litterature-le-salon-du-livre-de-geneve-se-reinstalle-a-palexpo#article","isPartOf":{"@id":"https:\/\/www.africa-press.net\/congo-brazzaville\/politique\/litterature-le-salon-du-livre-de-geneve-se-reinstalle-a-palexpo"},"author":{"name":"cfeditorfr","@id":"https:\/\/www.africa-press.net\/congo-brazzaville\/#\/schema\/person\/2b1cf3cd81a31e3cd26889ca66d677f1"},"headline":"Litt\u00e9rature: le salon du livre de Gen\u00e8ve se r\u00e9installe \u00e0 Palexpo","datePublished":"2023-01-26T12:49:42+00:00","mainEntityOfPage":{"@id":"https:\/\/www.africa-press.net\/congo-brazzaville\/politique\/litterature-le-salon-du-livre-de-geneve-se-reinstalle-a-palexpo"},"wordCount":340,"commentCount":0,"image":{"@id":"https:\/\/www.africa-press.net\/congo-brazzaville\/politique\/litterature-le-salon-du-livre-de-geneve-se-reinstalle-a-palexpo#primaryimage"},"thumbnailUrl":"https:\/\/static.africa-press.net\/congo-brazzaville\/sites\/51\/2023\/01\/postQueueImg_1674724798.36.jpg","keywords":["Africa Press","Africa Press-Congo Brazzaville","Congo Brazzaville"],"articleSection":["Culture et Art"],"inLanguage":"fr-FR","potentialAction":[{"@type":"CommentAction","name":"Comment","target":["https:\/\/www.africa-press.net\/congo-brazzaville\/politique\/litterature-le-salon-du-livre-de-geneve-se-reinstalle-a-palexpo#respond"]}]},{"@type":"WebPage","@id":"https:\/\/www.africa-press.net\/congo-brazzaville\/politique\/litterature-le-salon-du-livre-de-geneve-se-reinstalle-a-palexpo","url":"https:\/\/www.africa-press.net\/congo-brazzaville\/politique\/litterature-le-salon-du-livre-de-geneve-se-reinstalle-a-palexpo","name":"Litt\u00e9rature: le salon du livre de Gen\u00e8ve se r\u00e9installe \u00e0 Palexpo - Congo Brazzaville","isPartOf":{"@id":"https:\/\/www.africa-press.net\/congo-brazzaville\/#website"},"primaryImageOfPage":{"@id":"https:\/\/www.africa-press.net\/congo-brazzaville\/politique\/litterature-le-salon-du-livre-de-geneve-se-reinstalle-a-palexpo#primaryimage"},"image":{"@id":"https:\/\/www.africa-press.net\/congo-brazzaville\/politique\/litterature-le-salon-du-livre-de-geneve-se-reinstalle-a-palexpo#primaryimage"},"thumbnailUrl":"https:\/\/static.africa-press.net\/congo-brazzaville\/sites\/51\/2023\/01\/postQueueImg_1674724798.36.jpg","datePublished":"2023-01-26T12:49:42+00:00","author":{"@id":"https:\/\/www.africa-press.net\/congo-brazzaville\/#\/schema\/person\/2b1cf3cd81a31e3cd26889ca66d677f1"},"breadcrumb":{"@id":"https:\/\/www.africa-press.net\/congo-brazzaville\/politique\/litterature-le-salon-du-livre-de-geneve-se-reinstalle-a-palexpo#breadcrumb"},"inLanguage":"fr-FR","potentialAction":[{"@type":"ReadAction","target":["https:\/\/www.africa-press.net\/congo-brazzaville\/politique\/litterature-le-salon-du-livre-de-geneve-se-reinstalle-a-palexpo"]}]},{"@type":"ImageObject","inLanguage":"fr-FR","@id":"https:\/\/www.africa-press.net\/congo-brazzaville\/politique\/litterature-le-salon-du-livre-de-geneve-se-reinstalle-a-palexpo#primaryimage","url":"https:\/\/static.africa-press.net\/congo-brazzaville\/sites\/51\/2023\/01\/postQueueImg_1674724798.36.jpg","contentUrl":"https:\/\/static.africa-press.net\/congo-brazzaville\/sites\/51\/2023\/01\/postQueueImg_1674724798.36.jpg","width":1280,"height":720,"caption":"Litt\u00e9rature: le salon du livre de Gen\u00e8ve se r\u00e9installe \u00e0 Palexpo"},{"@type":"BreadcrumbList","@id":"https:\/\/www.africa-press.net\/congo-brazzaville\/politique\/litterature-le-salon-du-livre-de-geneve-se-reinstalle-a-palexpo#breadcrumb","itemListElement":[{"@type":"ListItem","position":1,"name":"Accueil","item":"https:\/\/www.africa-press.net\/congo-brazzaville\/"},{"@type":"ListItem","position":2,"name":"Litt\u00e9rature: le salon du livre de Gen\u00e8ve se r\u00e9installe \u00e0 Palexpo"}]},{"@type":"WebSite","@id":"https:\/\/www.africa-press.net\/congo-brazzaville\/#website","url":"https:\/\/www.africa-press.net\/congo-brazzaville\/","name":"Congo Brazzaville","description":"Just another Africa News Agency Sites site","potentialAction":[{"@type":"SearchAction","target":{"@type":"EntryPoint","urlTemplate":"https:\/\/www.africa-press.net\/congo-brazzaville\/?s={search_term_string}"},"query-input":{"@type":"PropertyValueSpecification","valueRequired":true,"valueName":"search_term_string"}}],"inLanguage":"fr-FR"},{"@type":"Person","@id":"https:\/\/www.africa-press.net\/congo-brazzaville\/#\/schema\/person\/2b1cf3cd81a31e3cd26889ca66d677f1","name":"cfeditorfr"}]}},"_links":{"self":[{"href":"https:\/\/www.africa-press.net\/congo-brazzaville\/wp-json\/wp\/v2\/posts\/13757","targetHints":{"allow":["GET"]}}],"collection":[{"href":"https:\/\/www.africa-press.net\/congo-brazzaville\/wp-json\/wp\/v2\/posts"}],"about":[{"href":"https:\/\/www.africa-press.net\/congo-brazzaville\/wp-json\/wp\/v2\/types\/post"}],"author":[{"embeddable":true,"href":"https:\/\/www.africa-press.net\/congo-brazzaville\/wp-json\/wp\/v2\/users\/82"}],"replies":[{"embeddable":true,"href":"https:\/\/www.africa-press.net\/congo-brazzaville\/wp-json\/wp\/v2\/comments?post=13757"}],"version-history":[{"count":0,"href":"https:\/\/www.africa-press.net\/congo-brazzaville\/wp-json\/wp\/v2\/posts\/13757\/revisions"}],"wp:featuredmedia":[{"embeddable":true,"href":"https:\/\/www.africa-press.net\/congo-brazzaville\/wp-json\/wp\/v2\/media\/13756"}],"wp:attachment":[{"href":"https:\/\/www.africa-press.net\/congo-brazzaville\/wp-json\/wp\/v2\/media?parent=13757"}],"wp:term":[{"taxonomy":"category","embeddable":true,"href":"https:\/\/www.africa-press.net\/congo-brazzaville\/wp-json\/wp\/v2\/categories?post=13757"},{"taxonomy":"post_tag","embeddable":true,"href":"https:\/\/www.africa-press.net\/congo-brazzaville\/wp-json\/wp\/v2\/tags?post=13757"}],"curies":[{"name":"wp","href":"https:\/\/api.w.org\/{rel}","templated":true}]}}