{"id":13765,"date":"2023-01-26T12:50:40","date_gmt":"2023-01-26T12:50:40","guid":{"rendered":"https:\/\/www.africa-press.net\/congo-brazzaville\/politique\/la-necessite-de-valoriser-les-langues-nationales"},"modified":"2023-01-26T12:50:40","modified_gmt":"2023-01-26T12:50:40","slug":"la-necessite-de-valoriser-les-langues-nationales","status":"publish","type":"post","link":"https:\/\/www.africa-press.net\/congo-brazzaville\/culture-et-art\/la-necessite-de-valoriser-les-langues-nationales","title":{"rendered":"la n\u00e9cessit\u00e9 de valoriser les langues nationales"},"content":{"rendered":"<p><span style=\"color: #ff6600\"><strong>Africa-Press &#8211; Congo Brazzaville. <\/strong><\/span><b>Le directeur de cabinet de la ministre de l\u2019industrie culturelle, touristique, artistique et des loisirs a indique\u0301 le 24 de\u0301cembre a\u0300 Brazzaville que l\u2019apprentissage des langues africaines e\u0301tait d\u2019un inte\u0301re\u0302t capital pour constituer le socle de l\u2019unite\u0301 africaine. D\u2019ou\u0300 la ne\u0301cessite\u0301 de valorisation de la langue locale.<\/b><\/p>\n<p>\u00ab Le choc culturel avec l\u2019occident a eu un impact sur le plan socioe\u0301conomique et culturel jusqu\u2019a\u0300 influencer la se\u0301curite\u0301 alimentaire. Chacun devrait e\u0302tre un ambassadeur, un lanceur d\u2019alerte, pour que nos langues qui tendent a\u0300 disparai\u0302tre refassent surface et revivent \u00bb. a re\u0301ve\u0301le\u0301 le directeur de cabinet de la ministre de l\u2019industrie culturelle, touristique, artistique et des loisirs, Lis Pascal Moussodji a\u0300 la ce\u0301le\u0301bration de l\u2019e\u0301dition 2023 de la Semaine des langues africaines.<\/p>\n<p>Il s\u2019ave\u0300re urgent de commencer par promouvoir les langues locales. \u00ab C\u2019est dans nos valeurs culturelles que nous devons puiser les ressources naturelles pour notre de\u0301veloppement \u00bb, a renche\u0301ri Lis Pascal Moussodji, en reprenant les termes du pre\u0301sident de la Re\u0301publique, Denis Sassou N\u2019guesso qui appuient ce retour aux sources.<\/p>\n<p>Le directeur de cabinet a de\u0301crie\u0301 la tendance actuelle observe\u0301e dans les e\u0301tablissements scolaires prive\u0301s, laquelle met au premier plan l\u2019apprentissage des langues e\u0301trange\u0300res a\u0300 l\u2019instar de l\u2019anglais et le chinois. Ce, depuis l\u2019e\u0301cole primaire. Cette pratique selon lui, devrait s\u2019appliquer en valorisant nos langues africaines pour pro\u0302ner l\u2019inte\u0301re\u0302t de l\u2019unite\u0301 du continent noire afin de vivre l\u2019Afrique de nos re\u0302ves.<\/p>\n<p>C\u2019est d\u2019ailleurs l\u2019apanage de l\u2019Acade\u0301mie africaines des langues (ACALAN) cre\u0301e\u0301e en 2001, charge\u0301e de de\u0301velopper et de promouvoir les langues africaines afin qu\u2019elles puissent e\u0302tre utilise\u0301es dans les domaines de la socie\u0301te\u0301.<\/p>\n<p>Abordant dans le me\u0302me sens, le directeur ge\u0301ne\u0301ral du livre et de la lecture publique, Bellarmin Etienne Iloki a fait savoir qu\u2019au Congo, pour favoriser le travail en synergie, l\u2019Universite\u0301 Marien Ngouabi a mis sur pied, un Centre de Recherches en linguistique et langues orales (CERELLO). Ce centre regroupe en son sein 5 parcours-types.<\/p>\n<p>Cette activite\u0301 s\u2019est tenue en pre\u0301sence des e\u0301tudiants de l\u2019Universite\u0301 Marien Ngouabi concerne\u0301s par les questions de langue, notamment ceux qui ont pour option, les langues et civilisations africaines (LCA).<\/p>\n<p><strong>Pour plus d&rsquo;informations et d&rsquo;analyses sur la <a href=\"https:\/\/www.africa-press.net\/congo-brazzaville\">Congo Brazzaville<\/a>, suivez <a href=\"https:\/\/www.africa-press.net\/\">Africa-Press<\/a><\/strong><\/p>\n","protected":false},"excerpt":{"rendered":"<p>Africa-Press &#8211; Congo Brazzaville. Le directeur de cabinet de la ministre de l\u2019industrie culturelle, touristique, artistique et des loisirs a indique\u0301 le 24 de\u0301cembre a\u0300 Brazzaville que l\u2019apprentissage des langues africaines e\u0301tait d\u2019un inte\u0301re\u0302t capital pour constituer le socle de l\u2019unite\u0301 africaine. D\u2019ou\u0300 la ne\u0301cessite\u0301 de valorisation de la langue locale. \u00ab Le choc culturel [&hellip;]<\/p>\n","protected":false},"author":82,"featured_media":13764,"comment_status":"open","ping_status":"closed","sticky":false,"template":"","format":"standard","meta":{"footnotes":""},"categories":[5,10],"tags":[36,47,46],"class_list":["post-13765","post","type-post","status-publish","format-standard","has-post-thumbnail","hentry","category-culture-et-art","category-toutes-les-actualites","tag-africa-press","tag-africa-press-congo-brazzaville","tag-congo-brazzaville"],"yoast_head":"<!-- This site is optimized with the Yoast SEO Premium plugin v26.1 (Yoast SEO v27.0) - https:\/\/yoast.com\/product\/yoast-seo-premium-wordpress\/ -->\n<title>la n\u00e9cessit\u00e9 de valoriser les langues nationales - Congo Brazzaville<\/title>\n<meta name=\"robots\" content=\"index, follow, max-snippet:-1, max-image-preview:large, max-video-preview:-1\" \/>\n<link rel=\"canonical\" href=\"https:\/\/www.africa-press.net\/congo-brazzaville\/politique\/la-necessite-de-valoriser-les-langues-nationales\" \/>\n<meta property=\"og:locale\" content=\"fr_FR\" \/>\n<meta property=\"og:type\" content=\"article\" \/>\n<meta property=\"og:title\" content=\"la n\u00e9cessit\u00e9 de valoriser les langues nationales\" \/>\n<meta property=\"og:description\" content=\"Africa-Press &#8211; Congo Brazzaville. Le directeur de cabinet de la ministre de l\u2019industrie culturelle, touristique, artistique et des loisirs a indique\u0301 le 24 de\u0301cembre a\u0300 Brazzaville que l\u2019apprentissage des langues africaines e\u0301tait d\u2019un inte\u0301re\u0302t capital pour constituer le socle de l\u2019unite\u0301 africaine. D\u2019ou\u0300 la ne\u0301cessite\u0301 de valorisation de la langue locale. \u00ab Le choc culturel [&hellip;]\" \/>\n<meta property=\"og:url\" content=\"https:\/\/www.africa-press.net\/congo-brazzaville\/politique\/la-necessite-de-valoriser-les-langues-nationales\" \/>\n<meta property=\"og:site_name\" content=\"Congo Brazzaville\" \/>\n<meta property=\"article:published_time\" content=\"2023-01-26T12:50:40+00:00\" \/>\n<meta name=\"author\" content=\"cfeditorfr\" \/>\n<meta name=\"twitter:card\" content=\"summary_large_image\" \/>\n<meta name=\"twitter:label1\" content=\"\u00c9crit par\" \/>\n\t<meta name=\"twitter:data1\" content=\"cfeditorfr\" \/>\n\t<meta name=\"twitter:label2\" content=\"Dur\u00e9e de lecture estim\u00e9e\" \/>\n\t<meta name=\"twitter:data2\" content=\"2 minutes\" \/>\n<script type=\"application\/ld+json\" class=\"yoast-schema-graph\">{\"@context\":\"https:\/\/schema.org\",\"@graph\":[{\"@type\":\"Article\",\"@id\":\"https:\/\/www.africa-press.net\/congo-brazzaville\/politique\/la-necessite-de-valoriser-les-langues-nationales#article\",\"isPartOf\":{\"@id\":\"https:\/\/www.africa-press.net\/congo-brazzaville\/politique\/la-necessite-de-valoriser-les-langues-nationales\"},\"author\":{\"name\":\"cfeditorfr\",\"@id\":\"https:\/\/www.africa-press.net\/congo-brazzaville\/#\/schema\/person\/2b1cf3cd81a31e3cd26889ca66d677f1\"},\"headline\":\"la n\u00e9cessit\u00e9 de valoriser les langues nationales\",\"datePublished\":\"2023-01-26T12:50:40+00:00\",\"mainEntityOfPage\":{\"@id\":\"https:\/\/www.africa-press.net\/congo-brazzaville\/politique\/la-necessite-de-valoriser-les-langues-nationales\"},\"wordCount\":439,\"commentCount\":0,\"image\":{\"@id\":\"https:\/\/www.africa-press.net\/congo-brazzaville\/politique\/la-necessite-de-valoriser-les-langues-nationales#primaryimage\"},\"thumbnailUrl\":\"https:\/\/static.africa-press.net\/congo-brazzaville\/sites\/51\/2023\/01\/postQueueImg_1674724852.84.jpg\",\"keywords\":[\"Africa Press\",\"Africa Press-Congo Brazzaville\",\"Congo Brazzaville\"],\"articleSection\":[\"Culture et Art\",\"Toutes les actualit\u00e9s\"],\"inLanguage\":\"fr-FR\",\"potentialAction\":[{\"@type\":\"CommentAction\",\"name\":\"Comment\",\"target\":[\"https:\/\/www.africa-press.net\/congo-brazzaville\/politique\/la-necessite-de-valoriser-les-langues-nationales#respond\"]}]},{\"@type\":\"WebPage\",\"@id\":\"https:\/\/www.africa-press.net\/congo-brazzaville\/politique\/la-necessite-de-valoriser-les-langues-nationales\",\"url\":\"https:\/\/www.africa-press.net\/congo-brazzaville\/politique\/la-necessite-de-valoriser-les-langues-nationales\",\"name\":\"la n\u00e9cessit\u00e9 de valoriser les langues nationales - Congo Brazzaville\",\"isPartOf\":{\"@id\":\"https:\/\/www.africa-press.net\/congo-brazzaville\/#website\"},\"primaryImageOfPage\":{\"@id\":\"https:\/\/www.africa-press.net\/congo-brazzaville\/politique\/la-necessite-de-valoriser-les-langues-nationales#primaryimage\"},\"image\":{\"@id\":\"https:\/\/www.africa-press.net\/congo-brazzaville\/politique\/la-necessite-de-valoriser-les-langues-nationales#primaryimage\"},\"thumbnailUrl\":\"https:\/\/static.africa-press.net\/congo-brazzaville\/sites\/51\/2023\/01\/postQueueImg_1674724852.84.jpg\",\"datePublished\":\"2023-01-26T12:50:40+00:00\",\"author\":{\"@id\":\"https:\/\/www.africa-press.net\/congo-brazzaville\/#\/schema\/person\/2b1cf3cd81a31e3cd26889ca66d677f1\"},\"breadcrumb\":{\"@id\":\"https:\/\/www.africa-press.net\/congo-brazzaville\/politique\/la-necessite-de-valoriser-les-langues-nationales#breadcrumb\"},\"inLanguage\":\"fr-FR\",\"potentialAction\":[{\"@type\":\"ReadAction\",\"target\":[\"https:\/\/www.africa-press.net\/congo-brazzaville\/politique\/la-necessite-de-valoriser-les-langues-nationales\"]}]},{\"@type\":\"ImageObject\",\"inLanguage\":\"fr-FR\",\"@id\":\"https:\/\/www.africa-press.net\/congo-brazzaville\/politique\/la-necessite-de-valoriser-les-langues-nationales#primaryimage\",\"url\":\"https:\/\/static.africa-press.net\/congo-brazzaville\/sites\/51\/2023\/01\/postQueueImg_1674724852.84.jpg\",\"contentUrl\":\"https:\/\/static.africa-press.net\/congo-brazzaville\/sites\/51\/2023\/01\/postQueueImg_1674724852.84.jpg\",\"width\":751,\"height\":440,\"caption\":\"la n\u00e9cessit\u00e9 de valoriser les langues nationales\"},{\"@type\":\"BreadcrumbList\",\"@id\":\"https:\/\/www.africa-press.net\/congo-brazzaville\/politique\/la-necessite-de-valoriser-les-langues-nationales#breadcrumb\",\"itemListElement\":[{\"@type\":\"ListItem\",\"position\":1,\"name\":\"Accueil\",\"item\":\"https:\/\/www.africa-press.net\/congo-brazzaville\/\"},{\"@type\":\"ListItem\",\"position\":2,\"name\":\"la n\u00e9cessit\u00e9 de valoriser les langues nationales\"}]},{\"@type\":\"WebSite\",\"@id\":\"https:\/\/www.africa-press.net\/congo-brazzaville\/#website\",\"url\":\"https:\/\/www.africa-press.net\/congo-brazzaville\/\",\"name\":\"Congo Brazzaville\",\"description\":\"Just another Africa News Agency Sites site\",\"potentialAction\":[{\"@type\":\"SearchAction\",\"target\":{\"@type\":\"EntryPoint\",\"urlTemplate\":\"https:\/\/www.africa-press.net\/congo-brazzaville\/?s={search_term_string}\"},\"query-input\":{\"@type\":\"PropertyValueSpecification\",\"valueRequired\":true,\"valueName\":\"search_term_string\"}}],\"inLanguage\":\"fr-FR\"},{\"@type\":\"Person\",\"@id\":\"https:\/\/www.africa-press.net\/congo-brazzaville\/#\/schema\/person\/2b1cf3cd81a31e3cd26889ca66d677f1\",\"name\":\"cfeditorfr\"}]}<\/script>\n<!-- \/ Yoast SEO Premium plugin. -->","yoast_head_json":{"title":"la n\u00e9cessit\u00e9 de valoriser les langues nationales - Congo Brazzaville","robots":{"index":"index","follow":"follow","max-snippet":"max-snippet:-1","max-image-preview":"max-image-preview:large","max-video-preview":"max-video-preview:-1"},"canonical":"https:\/\/www.africa-press.net\/congo-brazzaville\/politique\/la-necessite-de-valoriser-les-langues-nationales","og_locale":"fr_FR","og_type":"article","og_title":"la n\u00e9cessit\u00e9 de valoriser les langues nationales","og_description":"Africa-Press &#8211; Congo Brazzaville. Le directeur de cabinet de la ministre de l\u2019industrie culturelle, touristique, artistique et des loisirs a indique\u0301 le 24 de\u0301cembre a\u0300 Brazzaville que l\u2019apprentissage des langues africaines e\u0301tait d\u2019un inte\u0301re\u0302t capital pour constituer le socle de l\u2019unite\u0301 africaine. D\u2019ou\u0300 la ne\u0301cessite\u0301 de valorisation de la langue locale. \u00ab Le choc culturel [&hellip;]","og_url":"https:\/\/www.africa-press.net\/congo-brazzaville\/politique\/la-necessite-de-valoriser-les-langues-nationales","og_site_name":"Congo Brazzaville","article_published_time":"2023-01-26T12:50:40+00:00","author":"cfeditorfr","twitter_card":"summary_large_image","twitter_misc":{"\u00c9crit par":"cfeditorfr","Dur\u00e9e de lecture estim\u00e9e":"2 minutes"},"schema":{"@context":"https:\/\/schema.org","@graph":[{"@type":"Article","@id":"https:\/\/www.africa-press.net\/congo-brazzaville\/politique\/la-necessite-de-valoriser-les-langues-nationales#article","isPartOf":{"@id":"https:\/\/www.africa-press.net\/congo-brazzaville\/politique\/la-necessite-de-valoriser-les-langues-nationales"},"author":{"name":"cfeditorfr","@id":"https:\/\/www.africa-press.net\/congo-brazzaville\/#\/schema\/person\/2b1cf3cd81a31e3cd26889ca66d677f1"},"headline":"la n\u00e9cessit\u00e9 de valoriser les langues nationales","datePublished":"2023-01-26T12:50:40+00:00","mainEntityOfPage":{"@id":"https:\/\/www.africa-press.net\/congo-brazzaville\/politique\/la-necessite-de-valoriser-les-langues-nationales"},"wordCount":439,"commentCount":0,"image":{"@id":"https:\/\/www.africa-press.net\/congo-brazzaville\/politique\/la-necessite-de-valoriser-les-langues-nationales#primaryimage"},"thumbnailUrl":"https:\/\/static.africa-press.net\/congo-brazzaville\/sites\/51\/2023\/01\/postQueueImg_1674724852.84.jpg","keywords":["Africa Press","Africa Press-Congo Brazzaville","Congo Brazzaville"],"articleSection":["Culture et Art","Toutes les actualit\u00e9s"],"inLanguage":"fr-FR","potentialAction":[{"@type":"CommentAction","name":"Comment","target":["https:\/\/www.africa-press.net\/congo-brazzaville\/politique\/la-necessite-de-valoriser-les-langues-nationales#respond"]}]},{"@type":"WebPage","@id":"https:\/\/www.africa-press.net\/congo-brazzaville\/politique\/la-necessite-de-valoriser-les-langues-nationales","url":"https:\/\/www.africa-press.net\/congo-brazzaville\/politique\/la-necessite-de-valoriser-les-langues-nationales","name":"la n\u00e9cessit\u00e9 de valoriser les langues nationales - Congo Brazzaville","isPartOf":{"@id":"https:\/\/www.africa-press.net\/congo-brazzaville\/#website"},"primaryImageOfPage":{"@id":"https:\/\/www.africa-press.net\/congo-brazzaville\/politique\/la-necessite-de-valoriser-les-langues-nationales#primaryimage"},"image":{"@id":"https:\/\/www.africa-press.net\/congo-brazzaville\/politique\/la-necessite-de-valoriser-les-langues-nationales#primaryimage"},"thumbnailUrl":"https:\/\/static.africa-press.net\/congo-brazzaville\/sites\/51\/2023\/01\/postQueueImg_1674724852.84.jpg","datePublished":"2023-01-26T12:50:40+00:00","author":{"@id":"https:\/\/www.africa-press.net\/congo-brazzaville\/#\/schema\/person\/2b1cf3cd81a31e3cd26889ca66d677f1"},"breadcrumb":{"@id":"https:\/\/www.africa-press.net\/congo-brazzaville\/politique\/la-necessite-de-valoriser-les-langues-nationales#breadcrumb"},"inLanguage":"fr-FR","potentialAction":[{"@type":"ReadAction","target":["https:\/\/www.africa-press.net\/congo-brazzaville\/politique\/la-necessite-de-valoriser-les-langues-nationales"]}]},{"@type":"ImageObject","inLanguage":"fr-FR","@id":"https:\/\/www.africa-press.net\/congo-brazzaville\/politique\/la-necessite-de-valoriser-les-langues-nationales#primaryimage","url":"https:\/\/static.africa-press.net\/congo-brazzaville\/sites\/51\/2023\/01\/postQueueImg_1674724852.84.jpg","contentUrl":"https:\/\/static.africa-press.net\/congo-brazzaville\/sites\/51\/2023\/01\/postQueueImg_1674724852.84.jpg","width":751,"height":440,"caption":"la n\u00e9cessit\u00e9 de valoriser les langues nationales"},{"@type":"BreadcrumbList","@id":"https:\/\/www.africa-press.net\/congo-brazzaville\/politique\/la-necessite-de-valoriser-les-langues-nationales#breadcrumb","itemListElement":[{"@type":"ListItem","position":1,"name":"Accueil","item":"https:\/\/www.africa-press.net\/congo-brazzaville\/"},{"@type":"ListItem","position":2,"name":"la n\u00e9cessit\u00e9 de valoriser les langues nationales"}]},{"@type":"WebSite","@id":"https:\/\/www.africa-press.net\/congo-brazzaville\/#website","url":"https:\/\/www.africa-press.net\/congo-brazzaville\/","name":"Congo Brazzaville","description":"Just another Africa News Agency Sites site","potentialAction":[{"@type":"SearchAction","target":{"@type":"EntryPoint","urlTemplate":"https:\/\/www.africa-press.net\/congo-brazzaville\/?s={search_term_string}"},"query-input":{"@type":"PropertyValueSpecification","valueRequired":true,"valueName":"search_term_string"}}],"inLanguage":"fr-FR"},{"@type":"Person","@id":"https:\/\/www.africa-press.net\/congo-brazzaville\/#\/schema\/person\/2b1cf3cd81a31e3cd26889ca66d677f1","name":"cfeditorfr"}]}},"_links":{"self":[{"href":"https:\/\/www.africa-press.net\/congo-brazzaville\/wp-json\/wp\/v2\/posts\/13765","targetHints":{"allow":["GET"]}}],"collection":[{"href":"https:\/\/www.africa-press.net\/congo-brazzaville\/wp-json\/wp\/v2\/posts"}],"about":[{"href":"https:\/\/www.africa-press.net\/congo-brazzaville\/wp-json\/wp\/v2\/types\/post"}],"author":[{"embeddable":true,"href":"https:\/\/www.africa-press.net\/congo-brazzaville\/wp-json\/wp\/v2\/users\/82"}],"replies":[{"embeddable":true,"href":"https:\/\/www.africa-press.net\/congo-brazzaville\/wp-json\/wp\/v2\/comments?post=13765"}],"version-history":[{"count":0,"href":"https:\/\/www.africa-press.net\/congo-brazzaville\/wp-json\/wp\/v2\/posts\/13765\/revisions"}],"wp:featuredmedia":[{"embeddable":true,"href":"https:\/\/www.africa-press.net\/congo-brazzaville\/wp-json\/wp\/v2\/media\/13764"}],"wp:attachment":[{"href":"https:\/\/www.africa-press.net\/congo-brazzaville\/wp-json\/wp\/v2\/media?parent=13765"}],"wp:term":[{"taxonomy":"category","embeddable":true,"href":"https:\/\/www.africa-press.net\/congo-brazzaville\/wp-json\/wp\/v2\/categories?post=13765"},{"taxonomy":"post_tag","embeddable":true,"href":"https:\/\/www.africa-press.net\/congo-brazzaville\/wp-json\/wp\/v2\/tags?post=13765"}],"curies":[{"name":"wp","href":"https:\/\/api.w.org\/{rel}","templated":true}]}}