{"id":13824,"date":"2023-01-28T18:58:15","date_gmt":"2023-01-28T18:58:15","guid":{"rendered":"https:\/\/www.africa-press.net\/congo-brazzaville\/politique\/livre-auguste-nsonsissa-et-solclin-dzilamono-wemessayi-interrogent-la-critique-de-la-raison-metaphorique"},"modified":"2023-01-28T19:34:39","modified_gmt":"2023-01-28T19:34:39","slug":"livre-auguste-nsonsissa-et-solclin-dzilamono-wemessayi-interrogent-la-critique-de-la-raison-metaphorique","status":"publish","type":"post","link":"https:\/\/www.africa-press.net\/congo-brazzaville\/toutes-les-actualites\/livre-auguste-nsonsissa-et-solclin-dzilamono-wemessayi-interrogent-la-critique-de-la-raison-metaphorique","title":{"rendered":"Livre: Auguste Nsonsissa et Solclin Dzilamono Wemessayi interrogent la critique de la raison m\u00e9taphorique"},"content":{"rendered":"<p><span style=\"color: #ff6600\"><strong>Africa-Press &#8211; Congo Brazzaville. <\/strong><\/span><b>L\u2019ouvrage de 211 pages paru aux Editions universitaires europe\u0301ennes et cosigne\u0301 des deux auteurs est constitue\u0301 de deux parties de\u0301cline\u0301es en six chapitres<\/b>.<\/p>\n<p>Auguste Nsonsissa et Solclin Dzialomon Wemessayi, respectivement professeur des universite\u0301s (Cames) de philosophie et doctorant a\u0300 l\u2019Universite\u0301 Marien-Ngoaubi, se penchent sur \u00ab les trous d\u2019intelligibilite\u0301 \u00bb et veulent \u00ab clarifier la nature exacte du tournant et des tourments de la raison me\u0301taphorique \u00bb. D\u2019ou\u0300 ce titre interrogatif de leur e\u0301crit : \u00ab La critique de la raison me\u0301taphorique ? \u00bb<\/p>\n<p>Proce\u0301de\u0301 par lequel on substitue a\u0300 la signification d\u2019un mot ou d\u2019un groupe de mots une autre signification qui s\u2019y rapporte en vertu d\u2019une analogie ou d\u2019une comparaison implicite (Larousse), la me\u0301taphore rece\u0300le chez le philosophe une profondeur que les deux auteurs tentent de mettre en lumie\u0300re a\u0300 l\u2019aune d\u2019une de\u0301marche scientifique soutenue. On en juge par la qualite\u0301 des the\u0301matiques de\u0301veloppe\u0301es et de la bibliographie convoque\u0301e. Un bon cru pour les chercheurs en cette science du perpe\u0301tuel questionnement qu\u2019est la philosophie.<\/p>\n<p><strong>Pour plus d&rsquo;informations et d&rsquo;analyses sur la <a href=\"https:\/\/www.africa-press.net\/congo-brazzaville\">Congo Brazzaville<\/a>, suivez <a href=\"https:\/\/www.africa-press.net\/\">Africa-Press<\/a><\/strong><\/p>\n","protected":false},"excerpt":{"rendered":"<p>Africa-Press &#8211; Congo Brazzaville. L\u2019ouvrage de 211 pages paru aux Editions universitaires europe\u0301ennes et cosigne\u0301 des deux auteurs est constitue\u0301 de deux parties de\u0301cline\u0301es en six chapitres. Auguste Nsonsissa et Solclin Dzialomon Wemessayi, respectivement professeur des universite\u0301s (Cames) de philosophie et doctorant a\u0300 l\u2019Universite\u0301 Marien-Ngoaubi, se penchent sur \u00ab les trous d\u2019intelligibilite\u0301 \u00bb et veulent [&hellip;]<\/p>\n","protected":false},"author":82,"featured_media":13823,"comment_status":"open","ping_status":"closed","sticky":false,"template":"","format":"standard","meta":{"footnotes":""},"categories":[21,10],"tags":[36,47,46],"class_list":["post-13824","post","type-post","status-publish","format-standard","has-post-thumbnail","hentry","category-communaute","category-toutes-les-actualites","tag-africa-press","tag-africa-press-congo-brazzaville","tag-congo-brazzaville"],"yoast_head":"<!-- This site is optimized with the Yoast SEO Premium plugin v26.1 (Yoast SEO v27.0) - https:\/\/yoast.com\/product\/yoast-seo-premium-wordpress\/ -->\n<title>Livre: Auguste Nsonsissa et Solclin Dzilamono Wemessayi interrogent la critique de la raison m\u00e9taphorique - Congo Brazzaville<\/title>\n<meta name=\"description\" content=\"L\u2019ouvrage de 211 pages paru aux Editions universitaires europe\u0301ennes et cosigne\u0301 des deux auteurs est constitue\u0301 de d ...\" \/>\n<meta name=\"robots\" content=\"index, follow, max-snippet:-1, max-image-preview:large, max-video-preview:-1\" \/>\n<link rel=\"canonical\" href=\"https:\/\/www.africa-press.net\/congo-brazzaville\/toutes-les-actualites\/livre-auguste-nsonsissa-et-solclin-dzilamono-wemessayi-interrogent-la-critique-de-la-raison-metaphorique\" \/>\n<meta property=\"og:locale\" content=\"fr_FR\" \/>\n<meta property=\"og:type\" content=\"article\" \/>\n<meta property=\"og:title\" content=\"Livre: Auguste Nsonsissa et Solclin Dzilamono Wemessayi interrogent la critique de la raison m\u00e9taphorique\" \/>\n<meta property=\"og:description\" content=\"L\u2019ouvrage de 211 pages paru aux Editions universitaires europe\u0301ennes et cosigne\u0301 des deux auteurs est constitue\u0301 de d ...\" \/>\n<meta property=\"og:url\" content=\"https:\/\/www.africa-press.net\/congo-brazzaville\/toutes-les-actualites\/livre-auguste-nsonsissa-et-solclin-dzilamono-wemessayi-interrogent-la-critique-de-la-raison-metaphorique\" \/>\n<meta property=\"og:site_name\" content=\"Congo Brazzaville\" \/>\n<meta property=\"article:published_time\" content=\"2023-01-28T18:58:15+00:00\" \/>\n<meta property=\"article:modified_time\" content=\"2023-01-28T19:34:39+00:00\" \/>\n<meta property=\"og:image\" content=\"https:\/\/static.africa-press.net\/congo-brazzaville\/sites\/51\/2023\/01\/postQueueImg_1674919713.08.jpg\" \/>\n\t<meta property=\"og:image:width\" content=\"1280\" \/>\n\t<meta property=\"og:image:height\" content=\"720\" \/>\n\t<meta property=\"og:image:type\" content=\"image\/jpeg\" \/>\n<meta name=\"author\" content=\"cfeditorfr\" \/>\n<meta name=\"twitter:card\" content=\"summary_large_image\" \/>\n<meta name=\"twitter:label1\" content=\"\u00c9crit par\" \/>\n\t<meta name=\"twitter:data1\" content=\"cfeditorfr\" \/>\n\t<meta name=\"twitter:label2\" content=\"Dur\u00e9e de lecture estim\u00e9e\" \/>\n\t<meta name=\"twitter:data2\" content=\"1 minute\" \/>\n<script type=\"application\/ld+json\" class=\"yoast-schema-graph\">{\"@context\":\"https:\/\/schema.org\",\"@graph\":[{\"@type\":\"Article\",\"@id\":\"https:\/\/www.africa-press.net\/congo-brazzaville\/toutes-les-actualites\/livre-auguste-nsonsissa-et-solclin-dzilamono-wemessayi-interrogent-la-critique-de-la-raison-metaphorique#article\",\"isPartOf\":{\"@id\":\"https:\/\/www.africa-press.net\/congo-brazzaville\/toutes-les-actualites\/livre-auguste-nsonsissa-et-solclin-dzilamono-wemessayi-interrogent-la-critique-de-la-raison-metaphorique\"},\"author\":{\"name\":\"cfeditorfr\",\"@id\":\"https:\/\/www.africa-press.net\/congo-brazzaville\/#\/schema\/person\/2b1cf3cd81a31e3cd26889ca66d677f1\"},\"headline\":\"Livre: Auguste Nsonsissa et Solclin Dzilamono Wemessayi interrogent la critique de la raison m\u00e9taphorique\",\"datePublished\":\"2023-01-28T18:58:15+00:00\",\"dateModified\":\"2023-01-28T19:34:39+00:00\",\"mainEntityOfPage\":{\"@id\":\"https:\/\/www.africa-press.net\/congo-brazzaville\/toutes-les-actualites\/livre-auguste-nsonsissa-et-solclin-dzilamono-wemessayi-interrogent-la-critique-de-la-raison-metaphorique\"},\"wordCount\":217,\"commentCount\":0,\"image\":{\"@id\":\"https:\/\/www.africa-press.net\/congo-brazzaville\/toutes-les-actualites\/livre-auguste-nsonsissa-et-solclin-dzilamono-wemessayi-interrogent-la-critique-de-la-raison-metaphorique#primaryimage\"},\"thumbnailUrl\":\"https:\/\/static.africa-press.net\/congo-brazzaville\/sites\/51\/2023\/01\/postQueueImg_1674919713.08.jpg\",\"keywords\":[\"Africa Press\",\"Africa Press-Congo Brazzaville\",\"Congo Brazzaville\"],\"articleSection\":[\"Communaut\u00e9\",\"Toutes les actualit\u00e9s\"],\"inLanguage\":\"fr-FR\",\"potentialAction\":[{\"@type\":\"CommentAction\",\"name\":\"Comment\",\"target\":[\"https:\/\/www.africa-press.net\/congo-brazzaville\/toutes-les-actualites\/livre-auguste-nsonsissa-et-solclin-dzilamono-wemessayi-interrogent-la-critique-de-la-raison-metaphorique#respond\"]}]},{\"@type\":\"WebPage\",\"@id\":\"https:\/\/www.africa-press.net\/congo-brazzaville\/toutes-les-actualites\/livre-auguste-nsonsissa-et-solclin-dzilamono-wemessayi-interrogent-la-critique-de-la-raison-metaphorique\",\"url\":\"https:\/\/www.africa-press.net\/congo-brazzaville\/toutes-les-actualites\/livre-auguste-nsonsissa-et-solclin-dzilamono-wemessayi-interrogent-la-critique-de-la-raison-metaphorique\",\"name\":\"Livre: Auguste Nsonsissa et Solclin Dzilamono Wemessayi interrogent la critique de la raison m\u00e9taphorique - Congo Brazzaville\",\"isPartOf\":{\"@id\":\"https:\/\/www.africa-press.net\/congo-brazzaville\/#website\"},\"primaryImageOfPage\":{\"@id\":\"https:\/\/www.africa-press.net\/congo-brazzaville\/toutes-les-actualites\/livre-auguste-nsonsissa-et-solclin-dzilamono-wemessayi-interrogent-la-critique-de-la-raison-metaphorique#primaryimage\"},\"image\":{\"@id\":\"https:\/\/www.africa-press.net\/congo-brazzaville\/toutes-les-actualites\/livre-auguste-nsonsissa-et-solclin-dzilamono-wemessayi-interrogent-la-critique-de-la-raison-metaphorique#primaryimage\"},\"thumbnailUrl\":\"https:\/\/static.africa-press.net\/congo-brazzaville\/sites\/51\/2023\/01\/postQueueImg_1674919713.08.jpg\",\"datePublished\":\"2023-01-28T18:58:15+00:00\",\"dateModified\":\"2023-01-28T19:34:39+00:00\",\"author\":{\"@id\":\"https:\/\/www.africa-press.net\/congo-brazzaville\/#\/schema\/person\/2b1cf3cd81a31e3cd26889ca66d677f1\"},\"description\":\"L\u2019ouvrage de 211 pages paru aux Editions universitaires europe\u0301ennes et cosigne\u0301 des deux auteurs est constitue\u0301 de d ...\",\"breadcrumb\":{\"@id\":\"https:\/\/www.africa-press.net\/congo-brazzaville\/toutes-les-actualites\/livre-auguste-nsonsissa-et-solclin-dzilamono-wemessayi-interrogent-la-critique-de-la-raison-metaphorique#breadcrumb\"},\"inLanguage\":\"fr-FR\",\"potentialAction\":[{\"@type\":\"ReadAction\",\"target\":[\"https:\/\/www.africa-press.net\/congo-brazzaville\/toutes-les-actualites\/livre-auguste-nsonsissa-et-solclin-dzilamono-wemessayi-interrogent-la-critique-de-la-raison-metaphorique\"]}]},{\"@type\":\"ImageObject\",\"inLanguage\":\"fr-FR\",\"@id\":\"https:\/\/www.africa-press.net\/congo-brazzaville\/toutes-les-actualites\/livre-auguste-nsonsissa-et-solclin-dzilamono-wemessayi-interrogent-la-critique-de-la-raison-metaphorique#primaryimage\",\"url\":\"https:\/\/static.africa-press.net\/congo-brazzaville\/sites\/51\/2023\/01\/postQueueImg_1674919713.08.jpg\",\"contentUrl\":\"https:\/\/static.africa-press.net\/congo-brazzaville\/sites\/51\/2023\/01\/postQueueImg_1674919713.08.jpg\",\"width\":1280,\"height\":720,\"caption\":\"Livre: Auguste Nsonsissa et Solclin Dzilamono Wemessayi interrogent la critique de la raison m\u00e9taphorique\"},{\"@type\":\"BreadcrumbList\",\"@id\":\"https:\/\/www.africa-press.net\/congo-brazzaville\/toutes-les-actualites\/livre-auguste-nsonsissa-et-solclin-dzilamono-wemessayi-interrogent-la-critique-de-la-raison-metaphorique#breadcrumb\",\"itemListElement\":[{\"@type\":\"ListItem\",\"position\":1,\"name\":\"Accueil\",\"item\":\"https:\/\/www.africa-press.net\/congo-brazzaville\/\"},{\"@type\":\"ListItem\",\"position\":2,\"name\":\"Livre: Auguste Nsonsissa et Solclin Dzilamono Wemessayi interrogent la critique de la raison m\u00e9taphorique\"}]},{\"@type\":\"WebSite\",\"@id\":\"https:\/\/www.africa-press.net\/congo-brazzaville\/#website\",\"url\":\"https:\/\/www.africa-press.net\/congo-brazzaville\/\",\"name\":\"Congo Brazzaville\",\"description\":\"Just another Africa News Agency Sites site\",\"potentialAction\":[{\"@type\":\"SearchAction\",\"target\":{\"@type\":\"EntryPoint\",\"urlTemplate\":\"https:\/\/www.africa-press.net\/congo-brazzaville\/?s={search_term_string}\"},\"query-input\":{\"@type\":\"PropertyValueSpecification\",\"valueRequired\":true,\"valueName\":\"search_term_string\"}}],\"inLanguage\":\"fr-FR\"},{\"@type\":\"Person\",\"@id\":\"https:\/\/www.africa-press.net\/congo-brazzaville\/#\/schema\/person\/2b1cf3cd81a31e3cd26889ca66d677f1\",\"name\":\"cfeditorfr\"}]}<\/script>\n<!-- \/ Yoast SEO Premium plugin. -->","yoast_head_json":{"title":"Livre: Auguste Nsonsissa et Solclin Dzilamono Wemessayi interrogent la critique de la raison m\u00e9taphorique - Congo Brazzaville","description":"L\u2019ouvrage de 211 pages paru aux Editions universitaires europe\u0301ennes et cosigne\u0301 des deux auteurs est constitue\u0301 de d ...","robots":{"index":"index","follow":"follow","max-snippet":"max-snippet:-1","max-image-preview":"max-image-preview:large","max-video-preview":"max-video-preview:-1"},"canonical":"https:\/\/www.africa-press.net\/congo-brazzaville\/toutes-les-actualites\/livre-auguste-nsonsissa-et-solclin-dzilamono-wemessayi-interrogent-la-critique-de-la-raison-metaphorique","og_locale":"fr_FR","og_type":"article","og_title":"Livre: Auguste Nsonsissa et Solclin Dzilamono Wemessayi interrogent la critique de la raison m\u00e9taphorique","og_description":"L\u2019ouvrage de 211 pages paru aux Editions universitaires europe\u0301ennes et cosigne\u0301 des deux auteurs est constitue\u0301 de d ...","og_url":"https:\/\/www.africa-press.net\/congo-brazzaville\/toutes-les-actualites\/livre-auguste-nsonsissa-et-solclin-dzilamono-wemessayi-interrogent-la-critique-de-la-raison-metaphorique","og_site_name":"Congo Brazzaville","article_published_time":"2023-01-28T18:58:15+00:00","article_modified_time":"2023-01-28T19:34:39+00:00","og_image":[{"width":1280,"height":720,"url":"https:\/\/static.africa-press.net\/congo-brazzaville\/sites\/51\/2023\/01\/postQueueImg_1674919713.08.jpg","type":"image\/jpeg"}],"author":"cfeditorfr","twitter_card":"summary_large_image","twitter_misc":{"\u00c9crit par":"cfeditorfr","Dur\u00e9e de lecture estim\u00e9e":"1 minute"},"schema":{"@context":"https:\/\/schema.org","@graph":[{"@type":"Article","@id":"https:\/\/www.africa-press.net\/congo-brazzaville\/toutes-les-actualites\/livre-auguste-nsonsissa-et-solclin-dzilamono-wemessayi-interrogent-la-critique-de-la-raison-metaphorique#article","isPartOf":{"@id":"https:\/\/www.africa-press.net\/congo-brazzaville\/toutes-les-actualites\/livre-auguste-nsonsissa-et-solclin-dzilamono-wemessayi-interrogent-la-critique-de-la-raison-metaphorique"},"author":{"name":"cfeditorfr","@id":"https:\/\/www.africa-press.net\/congo-brazzaville\/#\/schema\/person\/2b1cf3cd81a31e3cd26889ca66d677f1"},"headline":"Livre: Auguste Nsonsissa et Solclin Dzilamono Wemessayi interrogent la critique de la raison m\u00e9taphorique","datePublished":"2023-01-28T18:58:15+00:00","dateModified":"2023-01-28T19:34:39+00:00","mainEntityOfPage":{"@id":"https:\/\/www.africa-press.net\/congo-brazzaville\/toutes-les-actualites\/livre-auguste-nsonsissa-et-solclin-dzilamono-wemessayi-interrogent-la-critique-de-la-raison-metaphorique"},"wordCount":217,"commentCount":0,"image":{"@id":"https:\/\/www.africa-press.net\/congo-brazzaville\/toutes-les-actualites\/livre-auguste-nsonsissa-et-solclin-dzilamono-wemessayi-interrogent-la-critique-de-la-raison-metaphorique#primaryimage"},"thumbnailUrl":"https:\/\/static.africa-press.net\/congo-brazzaville\/sites\/51\/2023\/01\/postQueueImg_1674919713.08.jpg","keywords":["Africa Press","Africa Press-Congo Brazzaville","Congo Brazzaville"],"articleSection":["Communaut\u00e9","Toutes les actualit\u00e9s"],"inLanguage":"fr-FR","potentialAction":[{"@type":"CommentAction","name":"Comment","target":["https:\/\/www.africa-press.net\/congo-brazzaville\/toutes-les-actualites\/livre-auguste-nsonsissa-et-solclin-dzilamono-wemessayi-interrogent-la-critique-de-la-raison-metaphorique#respond"]}]},{"@type":"WebPage","@id":"https:\/\/www.africa-press.net\/congo-brazzaville\/toutes-les-actualites\/livre-auguste-nsonsissa-et-solclin-dzilamono-wemessayi-interrogent-la-critique-de-la-raison-metaphorique","url":"https:\/\/www.africa-press.net\/congo-brazzaville\/toutes-les-actualites\/livre-auguste-nsonsissa-et-solclin-dzilamono-wemessayi-interrogent-la-critique-de-la-raison-metaphorique","name":"Livre: Auguste Nsonsissa et Solclin Dzilamono Wemessayi interrogent la critique de la raison m\u00e9taphorique - Congo Brazzaville","isPartOf":{"@id":"https:\/\/www.africa-press.net\/congo-brazzaville\/#website"},"primaryImageOfPage":{"@id":"https:\/\/www.africa-press.net\/congo-brazzaville\/toutes-les-actualites\/livre-auguste-nsonsissa-et-solclin-dzilamono-wemessayi-interrogent-la-critique-de-la-raison-metaphorique#primaryimage"},"image":{"@id":"https:\/\/www.africa-press.net\/congo-brazzaville\/toutes-les-actualites\/livre-auguste-nsonsissa-et-solclin-dzilamono-wemessayi-interrogent-la-critique-de-la-raison-metaphorique#primaryimage"},"thumbnailUrl":"https:\/\/static.africa-press.net\/congo-brazzaville\/sites\/51\/2023\/01\/postQueueImg_1674919713.08.jpg","datePublished":"2023-01-28T18:58:15+00:00","dateModified":"2023-01-28T19:34:39+00:00","author":{"@id":"https:\/\/www.africa-press.net\/congo-brazzaville\/#\/schema\/person\/2b1cf3cd81a31e3cd26889ca66d677f1"},"description":"L\u2019ouvrage de 211 pages paru aux Editions universitaires europe\u0301ennes et cosigne\u0301 des deux auteurs est constitue\u0301 de d ...","breadcrumb":{"@id":"https:\/\/www.africa-press.net\/congo-brazzaville\/toutes-les-actualites\/livre-auguste-nsonsissa-et-solclin-dzilamono-wemessayi-interrogent-la-critique-de-la-raison-metaphorique#breadcrumb"},"inLanguage":"fr-FR","potentialAction":[{"@type":"ReadAction","target":["https:\/\/www.africa-press.net\/congo-brazzaville\/toutes-les-actualites\/livre-auguste-nsonsissa-et-solclin-dzilamono-wemessayi-interrogent-la-critique-de-la-raison-metaphorique"]}]},{"@type":"ImageObject","inLanguage":"fr-FR","@id":"https:\/\/www.africa-press.net\/congo-brazzaville\/toutes-les-actualites\/livre-auguste-nsonsissa-et-solclin-dzilamono-wemessayi-interrogent-la-critique-de-la-raison-metaphorique#primaryimage","url":"https:\/\/static.africa-press.net\/congo-brazzaville\/sites\/51\/2023\/01\/postQueueImg_1674919713.08.jpg","contentUrl":"https:\/\/static.africa-press.net\/congo-brazzaville\/sites\/51\/2023\/01\/postQueueImg_1674919713.08.jpg","width":1280,"height":720,"caption":"Livre: Auguste Nsonsissa et Solclin Dzilamono Wemessayi interrogent la critique de la raison m\u00e9taphorique"},{"@type":"BreadcrumbList","@id":"https:\/\/www.africa-press.net\/congo-brazzaville\/toutes-les-actualites\/livre-auguste-nsonsissa-et-solclin-dzilamono-wemessayi-interrogent-la-critique-de-la-raison-metaphorique#breadcrumb","itemListElement":[{"@type":"ListItem","position":1,"name":"Accueil","item":"https:\/\/www.africa-press.net\/congo-brazzaville\/"},{"@type":"ListItem","position":2,"name":"Livre: Auguste Nsonsissa et Solclin Dzilamono Wemessayi interrogent la critique de la raison m\u00e9taphorique"}]},{"@type":"WebSite","@id":"https:\/\/www.africa-press.net\/congo-brazzaville\/#website","url":"https:\/\/www.africa-press.net\/congo-brazzaville\/","name":"Congo Brazzaville","description":"Just another Africa News Agency Sites site","potentialAction":[{"@type":"SearchAction","target":{"@type":"EntryPoint","urlTemplate":"https:\/\/www.africa-press.net\/congo-brazzaville\/?s={search_term_string}"},"query-input":{"@type":"PropertyValueSpecification","valueRequired":true,"valueName":"search_term_string"}}],"inLanguage":"fr-FR"},{"@type":"Person","@id":"https:\/\/www.africa-press.net\/congo-brazzaville\/#\/schema\/person\/2b1cf3cd81a31e3cd26889ca66d677f1","name":"cfeditorfr"}]}},"_links":{"self":[{"href":"https:\/\/www.africa-press.net\/congo-brazzaville\/wp-json\/wp\/v2\/posts\/13824","targetHints":{"allow":["GET"]}}],"collection":[{"href":"https:\/\/www.africa-press.net\/congo-brazzaville\/wp-json\/wp\/v2\/posts"}],"about":[{"href":"https:\/\/www.africa-press.net\/congo-brazzaville\/wp-json\/wp\/v2\/types\/post"}],"author":[{"embeddable":true,"href":"https:\/\/www.africa-press.net\/congo-brazzaville\/wp-json\/wp\/v2\/users\/82"}],"replies":[{"embeddable":true,"href":"https:\/\/www.africa-press.net\/congo-brazzaville\/wp-json\/wp\/v2\/comments?post=13824"}],"version-history":[{"count":0,"href":"https:\/\/www.africa-press.net\/congo-brazzaville\/wp-json\/wp\/v2\/posts\/13824\/revisions"}],"wp:featuredmedia":[{"embeddable":true,"href":"https:\/\/www.africa-press.net\/congo-brazzaville\/wp-json\/wp\/v2\/media\/13823"}],"wp:attachment":[{"href":"https:\/\/www.africa-press.net\/congo-brazzaville\/wp-json\/wp\/v2\/media?parent=13824"}],"wp:term":[{"taxonomy":"category","embeddable":true,"href":"https:\/\/www.africa-press.net\/congo-brazzaville\/wp-json\/wp\/v2\/categories?post=13824"},{"taxonomy":"post_tag","embeddable":true,"href":"https:\/\/www.africa-press.net\/congo-brazzaville\/wp-json\/wp\/v2\/tags?post=13824"}],"curies":[{"name":"wp","href":"https:\/\/api.w.org\/{rel}","templated":true}]}}