{"id":13832,"date":"2023-01-28T18:58:52","date_gmt":"2023-01-28T18:58:52","guid":{"rendered":"https:\/\/www.africa-press.net\/congo-brazzaville\/politique\/recherche-un-memoire-sur-les-enjeux-de-la-formation-continue-au-sein-des-fac"},"modified":"2023-01-28T19:36:21","modified_gmt":"2023-01-28T19:36:21","slug":"recherche-un-memoire-sur-les-enjeux-de-la-formation-continue-au-sein-des-fac","status":"publish","type":"post","link":"https:\/\/www.africa-press.net\/congo-brazzaville\/photo\/recherche-un-memoire-sur-les-enjeux-de-la-formation-continue-au-sein-des-fac","title":{"rendered":"Recherche : un m\u00e9moire sur les enjeux de la formation continue au sein des FAC"},"content":{"rendered":"<p><span style=\"color: #ff6600\"><strong>Africa-Press &#8211; Congo Brazzaville. <\/strong><\/span><b>Dans un me\u0301moire pre\u0301sente\u0301 et soutenu publiquement le 26 janvier a\u0300 l\u2019Universite\u0301 Marien-Ngouabi, le colonel Aline Olga Londzaniabeka pose le proble\u0300me de la formation professionnelle continue au sein des Forces arme\u0301es congolaises (FAC) qui vise a\u0300 adapter le capital humain aux multiples besoins de ces Forces par la construction et la reconstruction continuelles des compe\u0301tences. <\/b><\/p>\n<p>\u00ab Les enjeux de la formation professionnelle continue au sein des Forces arme\u0301es congolaises \u00bb est le the\u0300me de me\u0301moire du colonel Aline Olga Londzaniabeka pour l&rsquo;obtention d\u2019un master recherche, chaire Unesco, en Sciences de l\u2019e\u0301ducation. Il s\u2019agit la\u0300 d\u2019un travail de recherche qui s\u2019est fixe\u0301 pour objectifs, entre autres, de proposer de pre\u0301senter les strate\u0301gies des FAC en matie\u0300re de formation continue ; montrer l\u2019impact re\u0301el de la formation continue en tant que levier de performance et de progre\u0300s ; proposer des approches de solution a\u0300 quelques difficulte\u0301s y relatives&#8230; L\u2019e\u0301tude a e\u0301te\u0301 mene\u0301e sur un e\u0301chantillon de soldats de diffe\u0301rents grades, de diffe\u0301rents sexes, de diffe\u0301rentes arme\u0301es : terre, air, mer.<\/p>\n<p>Comme toute organisation et au-dela\u0300 de la formation initiale, les FAC organisent plusieurs types de formations continues en matie\u0300re de gestion des ressources humaines, pour ame\u0301liorer le rendement des soldats. Lesquelles formations se font aux plans national et international. Ainsi, les FAC produisent des cadres dont le profil est en harmonie avec le projet social, e\u0301conomique de l\u2019Etat en vue de son de\u0301veloppement et de sa de\u0301fense, fait constater l\u2019e\u0301tude.<\/p>\n<p>\u00ab Les soldats interroge\u0301s dans le cadre de cette e\u0301tude indiquent que chaque fois qu\u2019ils ont subi des formations, ils ont constate\u0301 des grands changements dans leur rendement, dans leur manie\u0300re de re\u0301pondre aux besoins de la hie\u0301rarchie \u00bb, a de\u0301clare\u0301 le colonel Aline Olga Londzaniabeka, pre\u0301sentant l\u2019e\u0301tude devant le jury compose\u0301 du professeur titulaire Cames, Aubin Nestor Loumouamou (pre\u0301sident), Dr Dominique Oba (rapporteur), Dr Guy Moussavou (directeur de me\u0301moire).<\/p>\n<p>En dehors de la formation continue organise\u0301e par les FAC a\u0300 contenus et impacts divers, il est aussi possible pour les soldats de renouveler leurs connaissances a\u0300 travers l\u2019auto-formation au moyen de la lecture, des e\u0301changes d\u2019expe\u0301riences avec d\u2019autres militaires plus outille\u0301s, la documentation en ligne&#8230;<\/p>\n<p>L\u2019e\u0301tude souligne qu\u2019il arrive que les FAC soient limite\u0301es dans leur volonte\u0301 d\u2019offrir la formation continue au sens large du terme car les moyens financiers font parfois de\u0301faut. Ainsi, ce travail de recherche met un accent sur les suggestions, entre autres, l\u2019allocation des fonds conside\u0301rables pour la formation continue, la refonte des programmes de formation, la mise en place d\u2019un syste\u0300me d\u2019e\u0301valuation sommative a\u0300 mi-parcours des activite\u0301s militaires, la formation militaire e\u0301tant un processus&#8230; Selon le colonel Aline Olga Londzaniabeka, il n\u2019est pas possible de de\u0301roger a\u0300 la re\u0300gle de la formation continue car la formation initiale ne suffit pas. Au fur et a\u0300 mesure que les galons montent, les responsabilite\u0301s a\u0300 diffe\u0301rents e\u0301chelons de service sont diverses et les formations doivent se multiplier pour e\u0302tre a\u0300 la hauteur des attentes de la hie\u0301rarchie.<\/p>\n<p>En rappel, le colonel Aline Olga Londzaniabeka, qui pre\u0301pare une the\u0300se de doctorat, vient d\u2019empocher son troisie\u0300me master. Elle a, a\u0300 son actif, plusieurs ouvrages dont \u00ab La femme congolaise et la de\u0301fense de la Nation \u00bb ; \u00ab L&rsquo;inte\u0301gration des femmes dans la dynamique des institutions militaires \u00bb, pre\u0301face\u0301 par l\u2019e\u0301pouse du chef de l\u2019Etat, Antoinette Sassou N\u2019Guesso.<\/p>\n\r\n                <style type=\"text\/css\">\r\n                    \r\n                    #td_uid_1_69ee52ea2029a  .td-doubleSlider-2 .td-item1 {\r\n                        background: url(https:\/\/static.africa-press.net\/congo-brazzaville\/sites\/51\/2023\/01\/postMediaimg_28_1-80x60.jpg) 0 0 no-repeat;\r\n                    }\r\n                    #td_uid_1_69ee52ea2029a  .td-doubleSlider-2 .td-item2 {\r\n                        background: url(https:\/\/static.africa-press.net\/congo-brazzaville\/sites\/51\/2023\/01\/postMediaimg_28_2-80x60.jpg) 0 0 no-repeat;\r\n                    }\r\n                <\/style>\r\n\r\n                <div id=\"td_uid_1_69ee52ea2029a\" class=\"td-gallery td-slide-on-2-columns\">\r\n                    <div class=\"post_td_gallery\">\r\n                        <div class=\"td-gallery-slide-top\">\r\n                           <div class=\"td-gallery-title\"><\/div>\r\n\r\n                            <div class=\"td-gallery-controls-wrapper\">\r\n                                <div class=\"td-gallery-slide-count\"><span class=\"td-gallery-slide-item-focus\">1<\/span> de 2<\/div>\r\n                                <div class=\"td-gallery-slide-prev-next-but\">\r\n                                    <i class = \"td-icon-left doubleSliderPrevButton\"><\/i>\r\n                                    <i class = \"td-icon-right doubleSliderNextButton\"><\/i>\r\n                                <\/div>\r\n                            <\/div>\r\n                        <\/div>\r\n\r\n                        <div class = \"td-doubleSlider-1 \">\r\n                            <div class = \"td-slider\">\r\n                                \r\n                    <div class = \"td-slide-item td-item1\">\r\n                        <figure class=\"td-slide-galery-figure td-slide-popup-gallery\">\r\n                            <a class=\"slide-gallery-image-link\" href=\"https:\/\/static.africa-press.net\/congo-brazzaville\/sites\/51\/2023\/01\/postMediaimg_28_1.jpg\" title=\"postMediaimg_28_1\"  data-caption=\"\"  data-description=\"\">\r\n                                <img decoding=\"async\" src=\"https:\/\/static.africa-press.net\/congo-brazzaville\/sites\/51\/2023\/01\/postMediaimg_28_1.jpg\" srcset=\"https:\/\/static.africa-press.net\/congo-brazzaville\/sites\/51\/2023\/01\/postMediaimg_28_1.jpg 1155w, https:\/\/static.africa-press.net\/congo-brazzaville\/sites\/51\/2023\/01\/postMediaimg_28_1-300x199.jpg 300w, https:\/\/static.africa-press.net\/congo-brazzaville\/sites\/51\/2023\/01\/postMediaimg_28_1-1024x681.jpg 1024w, https:\/\/static.africa-press.net\/congo-brazzaville\/sites\/51\/2023\/01\/postMediaimg_28_1-768x511.jpg 768w\" sizes=\"(max-width: 1155px) 100vw, 1155px\" alt=\"\">\r\n                            <\/a>\r\n                            \r\n                        <\/figure>\r\n                    <\/div>\r\n                    <div class = \"td-slide-item td-item2\">\r\n                        <figure class=\"td-slide-galery-figure td-slide-popup-gallery\">\r\n                            <a class=\"slide-gallery-image-link\" href=\"https:\/\/static.africa-press.net\/congo-brazzaville\/sites\/51\/2023\/01\/postMediaimg_28_2.jpg\" title=\"postMediaimg_28_2\"  data-caption=\"\"  data-description=\"\">\r\n                                <img decoding=\"async\" src=\"https:\/\/static.africa-press.net\/congo-brazzaville\/sites\/51\/2023\/01\/postMediaimg_28_2.jpg\" srcset=\"https:\/\/static.africa-press.net\/congo-brazzaville\/sites\/51\/2023\/01\/postMediaimg_28_2.jpg 1155w, https:\/\/static.africa-press.net\/congo-brazzaville\/sites\/51\/2023\/01\/postMediaimg_28_2-300x199.jpg 300w, https:\/\/static.africa-press.net\/congo-brazzaville\/sites\/51\/2023\/01\/postMediaimg_28_2-1024x681.jpg 1024w, https:\/\/static.africa-press.net\/congo-brazzaville\/sites\/51\/2023\/01\/postMediaimg_28_2-768x511.jpg 768w\" sizes=\"(max-width: 1155px) 100vw, 1155px\" alt=\"\">\r\n                            <\/a>\r\n                            \r\n                        <\/figure>\r\n                    <\/div>\r\n                            <\/div>\r\n                        <\/div>\r\n\r\n                        <div class = \"td-doubleSlider-2\">\r\n                            <div class = \"td-slider\">\r\n                                \r\n                    <div class = \"td-button td-item1\">\r\n                        <div class = \"td-border\"><\/div>\r\n                    <\/div>\r\n                    <div class = \"td-button td-item2\">\r\n                        <div class = \"td-border\"><\/div>\r\n                    <\/div>\r\n                            <\/div>\r\n                        <\/div>\r\n\r\n                    <\/div>\r\n\r\n                <\/div>\r\n                \n<p><strong>Pour plus d&rsquo;informations et d&rsquo;analyses sur la <a href=\"https:\/\/www.africa-press.net\/congo-brazzaville\">Congo Brazzaville<\/a>, suivez <a href=\"https:\/\/www.africa-press.net\/\">Africa-Press<\/a><\/strong><\/p>\n","protected":false},"excerpt":{"rendered":"<p>Africa-Press &#8211; Congo Brazzaville. Dans un me\u0301moire pre\u0301sente\u0301 et soutenu publiquement le 26 janvier a\u0300 l\u2019Universite\u0301 Marien-Ngouabi, le colonel Aline Olga Londzaniabeka pose le proble\u0300me de la formation professionnelle continue au sein des Forces arme\u0301es congolaises (FAC) qui vise a\u0300 adapter le capital humain aux multiples besoins de ces Forces par la construction et la [&hellip;]<\/p>\n","protected":false},"author":82,"featured_media":13831,"comment_status":"open","ping_status":"closed","sticky":false,"template":"","format":"standard","meta":{"footnotes":""},"categories":[21,8,10],"tags":[36,47,46],"class_list":["post-13832","post","type-post","status-publish","format-standard","has-post-thumbnail","hentry","category-communaute","category-photo","category-toutes-les-actualites","tag-africa-press","tag-africa-press-congo-brazzaville","tag-congo-brazzaville"],"yoast_head":"<!-- This site is optimized with the Yoast SEO Premium plugin v26.1 (Yoast SEO v27.0) - https:\/\/yoast.com\/product\/yoast-seo-premium-wordpress\/ -->\n<title>Recherche : un m\u00e9moire sur les enjeux de la formation continue au sein des FAC - Congo Brazzaville<\/title>\n<meta name=\"description\" content=\"Dans un me\u0301moire pre\u0301sente\u0301 et soutenu publiquement le 26 janvier a\u0300 l\u2019Universite\u0301 Marien-Ngouabi, le colonel Aline O ...\" \/>\n<meta name=\"robots\" content=\"index, follow, max-snippet:-1, max-image-preview:large, max-video-preview:-1\" \/>\n<link rel=\"canonical\" href=\"https:\/\/www.africa-press.net\/congo-brazzaville\/photo\/recherche-un-memoire-sur-les-enjeux-de-la-formation-continue-au-sein-des-fac\" \/>\n<meta property=\"og:locale\" content=\"fr_FR\" \/>\n<meta property=\"og:type\" content=\"article\" \/>\n<meta property=\"og:title\" content=\"Recherche : un m\u00e9moire sur les enjeux de la formation continue au sein des FAC\" \/>\n<meta property=\"og:description\" content=\"Dans un me\u0301moire pre\u0301sente\u0301 et soutenu publiquement le 26 janvier a\u0300 l\u2019Universite\u0301 Marien-Ngouabi, le colonel Aline O ...\" \/>\n<meta property=\"og:url\" content=\"https:\/\/www.africa-press.net\/congo-brazzaville\/photo\/recherche-un-memoire-sur-les-enjeux-de-la-formation-continue-au-sein-des-fac\" \/>\n<meta property=\"og:site_name\" content=\"Congo Brazzaville\" \/>\n<meta property=\"article:published_time\" content=\"2023-01-28T18:58:52+00:00\" \/>\n<meta property=\"article:modified_time\" content=\"2023-01-28T19:36:21+00:00\" \/>\n<meta property=\"og:image\" content=\"https:\/\/static.africa-press.net\/congo-brazzaville\/sites\/51\/2023\/01\/postQueueImg_1674919737.85.jpg\" \/>\n\t<meta property=\"og:image:width\" content=\"1155\" \/>\n\t<meta property=\"og:image:height\" content=\"768\" \/>\n\t<meta property=\"og:image:type\" content=\"image\/jpeg\" \/>\n<meta name=\"author\" content=\"cfeditorfr\" \/>\n<meta name=\"twitter:card\" content=\"summary_large_image\" \/>\n<meta name=\"twitter:label1\" content=\"\u00c9crit par\" \/>\n\t<meta name=\"twitter:data1\" content=\"cfeditorfr\" \/>\n\t<meta name=\"twitter:label2\" content=\"Dur\u00e9e de lecture estim\u00e9e\" \/>\n\t<meta name=\"twitter:data2\" content=\"3 minutes\" \/>\n<script type=\"application\/ld+json\" class=\"yoast-schema-graph\">{\"@context\":\"https:\/\/schema.org\",\"@graph\":[{\"@type\":\"Article\",\"@id\":\"https:\/\/www.africa-press.net\/congo-brazzaville\/photo\/recherche-un-memoire-sur-les-enjeux-de-la-formation-continue-au-sein-des-fac#article\",\"isPartOf\":{\"@id\":\"https:\/\/www.africa-press.net\/congo-brazzaville\/photo\/recherche-un-memoire-sur-les-enjeux-de-la-formation-continue-au-sein-des-fac\"},\"author\":{\"name\":\"cfeditorfr\",\"@id\":\"https:\/\/www.africa-press.net\/congo-brazzaville\/#\/schema\/person\/2b1cf3cd81a31e3cd26889ca66d677f1\"},\"headline\":\"Recherche : un m\u00e9moire sur les enjeux de la formation continue au sein des FAC\",\"datePublished\":\"2023-01-28T18:58:52+00:00\",\"dateModified\":\"2023-01-28T19:36:21+00:00\",\"mainEntityOfPage\":{\"@id\":\"https:\/\/www.africa-press.net\/congo-brazzaville\/photo\/recherche-un-memoire-sur-les-enjeux-de-la-formation-continue-au-sein-des-fac\"},\"wordCount\":669,\"commentCount\":0,\"image\":{\"@id\":\"https:\/\/www.africa-press.net\/congo-brazzaville\/photo\/recherche-un-memoire-sur-les-enjeux-de-la-formation-continue-au-sein-des-fac#primaryimage\"},\"thumbnailUrl\":\"https:\/\/static.africa-press.net\/congo-brazzaville\/sites\/51\/2023\/01\/postQueueImg_1674919737.85.jpg\",\"keywords\":[\"Africa Press\",\"Africa Press-Congo Brazzaville\",\"Congo Brazzaville\"],\"articleSection\":[\"Communaut\u00e9\",\"Photo\",\"Toutes les actualit\u00e9s\"],\"inLanguage\":\"fr-FR\",\"potentialAction\":[{\"@type\":\"CommentAction\",\"name\":\"Comment\",\"target\":[\"https:\/\/www.africa-press.net\/congo-brazzaville\/photo\/recherche-un-memoire-sur-les-enjeux-de-la-formation-continue-au-sein-des-fac#respond\"]}]},{\"@type\":\"WebPage\",\"@id\":\"https:\/\/www.africa-press.net\/congo-brazzaville\/photo\/recherche-un-memoire-sur-les-enjeux-de-la-formation-continue-au-sein-des-fac\",\"url\":\"https:\/\/www.africa-press.net\/congo-brazzaville\/photo\/recherche-un-memoire-sur-les-enjeux-de-la-formation-continue-au-sein-des-fac\",\"name\":\"Recherche : un m\u00e9moire sur les enjeux de la formation continue au sein des FAC - Congo Brazzaville\",\"isPartOf\":{\"@id\":\"https:\/\/www.africa-press.net\/congo-brazzaville\/#website\"},\"primaryImageOfPage\":{\"@id\":\"https:\/\/www.africa-press.net\/congo-brazzaville\/photo\/recherche-un-memoire-sur-les-enjeux-de-la-formation-continue-au-sein-des-fac#primaryimage\"},\"image\":{\"@id\":\"https:\/\/www.africa-press.net\/congo-brazzaville\/photo\/recherche-un-memoire-sur-les-enjeux-de-la-formation-continue-au-sein-des-fac#primaryimage\"},\"thumbnailUrl\":\"https:\/\/static.africa-press.net\/congo-brazzaville\/sites\/51\/2023\/01\/postQueueImg_1674919737.85.jpg\",\"datePublished\":\"2023-01-28T18:58:52+00:00\",\"dateModified\":\"2023-01-28T19:36:21+00:00\",\"author\":{\"@id\":\"https:\/\/www.africa-press.net\/congo-brazzaville\/#\/schema\/person\/2b1cf3cd81a31e3cd26889ca66d677f1\"},\"description\":\"Dans un me\u0301moire pre\u0301sente\u0301 et soutenu publiquement le 26 janvier a\u0300 l\u2019Universite\u0301 Marien-Ngouabi, le colonel Aline O ...\",\"breadcrumb\":{\"@id\":\"https:\/\/www.africa-press.net\/congo-brazzaville\/photo\/recherche-un-memoire-sur-les-enjeux-de-la-formation-continue-au-sein-des-fac#breadcrumb\"},\"inLanguage\":\"fr-FR\",\"potentialAction\":[{\"@type\":\"ReadAction\",\"target\":[\"https:\/\/www.africa-press.net\/congo-brazzaville\/photo\/recherche-un-memoire-sur-les-enjeux-de-la-formation-continue-au-sein-des-fac\"]}]},{\"@type\":\"ImageObject\",\"inLanguage\":\"fr-FR\",\"@id\":\"https:\/\/www.africa-press.net\/congo-brazzaville\/photo\/recherche-un-memoire-sur-les-enjeux-de-la-formation-continue-au-sein-des-fac#primaryimage\",\"url\":\"https:\/\/static.africa-press.net\/congo-brazzaville\/sites\/51\/2023\/01\/postQueueImg_1674919737.85.jpg\",\"contentUrl\":\"https:\/\/static.africa-press.net\/congo-brazzaville\/sites\/51\/2023\/01\/postQueueImg_1674919737.85.jpg\",\"width\":1155,\"height\":768,\"caption\":\"Recherche : un m\u00e9moire sur les enjeux de la formation continue au sein des FAC\"},{\"@type\":\"BreadcrumbList\",\"@id\":\"https:\/\/www.africa-press.net\/congo-brazzaville\/photo\/recherche-un-memoire-sur-les-enjeux-de-la-formation-continue-au-sein-des-fac#breadcrumb\",\"itemListElement\":[{\"@type\":\"ListItem\",\"position\":1,\"name\":\"Accueil\",\"item\":\"https:\/\/www.africa-press.net\/congo-brazzaville\/\"},{\"@type\":\"ListItem\",\"position\":2,\"name\":\"Recherche : un m\u00e9moire sur les enjeux de la formation continue au sein des FAC\"}]},{\"@type\":\"WebSite\",\"@id\":\"https:\/\/www.africa-press.net\/congo-brazzaville\/#website\",\"url\":\"https:\/\/www.africa-press.net\/congo-brazzaville\/\",\"name\":\"Congo Brazzaville\",\"description\":\"Just another Africa News Agency Sites site\",\"potentialAction\":[{\"@type\":\"SearchAction\",\"target\":{\"@type\":\"EntryPoint\",\"urlTemplate\":\"https:\/\/www.africa-press.net\/congo-brazzaville\/?s={search_term_string}\"},\"query-input\":{\"@type\":\"PropertyValueSpecification\",\"valueRequired\":true,\"valueName\":\"search_term_string\"}}],\"inLanguage\":\"fr-FR\"},{\"@type\":\"Person\",\"@id\":\"https:\/\/www.africa-press.net\/congo-brazzaville\/#\/schema\/person\/2b1cf3cd81a31e3cd26889ca66d677f1\",\"name\":\"cfeditorfr\"}]}<\/script>\n<!-- \/ Yoast SEO Premium plugin. -->","yoast_head_json":{"title":"Recherche : un m\u00e9moire sur les enjeux de la formation continue au sein des FAC - Congo Brazzaville","description":"Dans un me\u0301moire pre\u0301sente\u0301 et soutenu publiquement le 26 janvier a\u0300 l\u2019Universite\u0301 Marien-Ngouabi, le colonel Aline O ...","robots":{"index":"index","follow":"follow","max-snippet":"max-snippet:-1","max-image-preview":"max-image-preview:large","max-video-preview":"max-video-preview:-1"},"canonical":"https:\/\/www.africa-press.net\/congo-brazzaville\/photo\/recherche-un-memoire-sur-les-enjeux-de-la-formation-continue-au-sein-des-fac","og_locale":"fr_FR","og_type":"article","og_title":"Recherche : un m\u00e9moire sur les enjeux de la formation continue au sein des FAC","og_description":"Dans un me\u0301moire pre\u0301sente\u0301 et soutenu publiquement le 26 janvier a\u0300 l\u2019Universite\u0301 Marien-Ngouabi, le colonel Aline O ...","og_url":"https:\/\/www.africa-press.net\/congo-brazzaville\/photo\/recherche-un-memoire-sur-les-enjeux-de-la-formation-continue-au-sein-des-fac","og_site_name":"Congo Brazzaville","article_published_time":"2023-01-28T18:58:52+00:00","article_modified_time":"2023-01-28T19:36:21+00:00","og_image":[{"width":1155,"height":768,"url":"https:\/\/static.africa-press.net\/congo-brazzaville\/sites\/51\/2023\/01\/postQueueImg_1674919737.85.jpg","type":"image\/jpeg"}],"author":"cfeditorfr","twitter_card":"summary_large_image","twitter_misc":{"\u00c9crit par":"cfeditorfr","Dur\u00e9e de lecture estim\u00e9e":"3 minutes"},"schema":{"@context":"https:\/\/schema.org","@graph":[{"@type":"Article","@id":"https:\/\/www.africa-press.net\/congo-brazzaville\/photo\/recherche-un-memoire-sur-les-enjeux-de-la-formation-continue-au-sein-des-fac#article","isPartOf":{"@id":"https:\/\/www.africa-press.net\/congo-brazzaville\/photo\/recherche-un-memoire-sur-les-enjeux-de-la-formation-continue-au-sein-des-fac"},"author":{"name":"cfeditorfr","@id":"https:\/\/www.africa-press.net\/congo-brazzaville\/#\/schema\/person\/2b1cf3cd81a31e3cd26889ca66d677f1"},"headline":"Recherche : un m\u00e9moire sur les enjeux de la formation continue au sein des FAC","datePublished":"2023-01-28T18:58:52+00:00","dateModified":"2023-01-28T19:36:21+00:00","mainEntityOfPage":{"@id":"https:\/\/www.africa-press.net\/congo-brazzaville\/photo\/recherche-un-memoire-sur-les-enjeux-de-la-formation-continue-au-sein-des-fac"},"wordCount":669,"commentCount":0,"image":{"@id":"https:\/\/www.africa-press.net\/congo-brazzaville\/photo\/recherche-un-memoire-sur-les-enjeux-de-la-formation-continue-au-sein-des-fac#primaryimage"},"thumbnailUrl":"https:\/\/static.africa-press.net\/congo-brazzaville\/sites\/51\/2023\/01\/postQueueImg_1674919737.85.jpg","keywords":["Africa Press","Africa Press-Congo Brazzaville","Congo Brazzaville"],"articleSection":["Communaut\u00e9","Photo","Toutes les actualit\u00e9s"],"inLanguage":"fr-FR","potentialAction":[{"@type":"CommentAction","name":"Comment","target":["https:\/\/www.africa-press.net\/congo-brazzaville\/photo\/recherche-un-memoire-sur-les-enjeux-de-la-formation-continue-au-sein-des-fac#respond"]}]},{"@type":"WebPage","@id":"https:\/\/www.africa-press.net\/congo-brazzaville\/photo\/recherche-un-memoire-sur-les-enjeux-de-la-formation-continue-au-sein-des-fac","url":"https:\/\/www.africa-press.net\/congo-brazzaville\/photo\/recherche-un-memoire-sur-les-enjeux-de-la-formation-continue-au-sein-des-fac","name":"Recherche : un m\u00e9moire sur les enjeux de la formation continue au sein des FAC - Congo Brazzaville","isPartOf":{"@id":"https:\/\/www.africa-press.net\/congo-brazzaville\/#website"},"primaryImageOfPage":{"@id":"https:\/\/www.africa-press.net\/congo-brazzaville\/photo\/recherche-un-memoire-sur-les-enjeux-de-la-formation-continue-au-sein-des-fac#primaryimage"},"image":{"@id":"https:\/\/www.africa-press.net\/congo-brazzaville\/photo\/recherche-un-memoire-sur-les-enjeux-de-la-formation-continue-au-sein-des-fac#primaryimage"},"thumbnailUrl":"https:\/\/static.africa-press.net\/congo-brazzaville\/sites\/51\/2023\/01\/postQueueImg_1674919737.85.jpg","datePublished":"2023-01-28T18:58:52+00:00","dateModified":"2023-01-28T19:36:21+00:00","author":{"@id":"https:\/\/www.africa-press.net\/congo-brazzaville\/#\/schema\/person\/2b1cf3cd81a31e3cd26889ca66d677f1"},"description":"Dans un me\u0301moire pre\u0301sente\u0301 et soutenu publiquement le 26 janvier a\u0300 l\u2019Universite\u0301 Marien-Ngouabi, le colonel Aline O ...","breadcrumb":{"@id":"https:\/\/www.africa-press.net\/congo-brazzaville\/photo\/recherche-un-memoire-sur-les-enjeux-de-la-formation-continue-au-sein-des-fac#breadcrumb"},"inLanguage":"fr-FR","potentialAction":[{"@type":"ReadAction","target":["https:\/\/www.africa-press.net\/congo-brazzaville\/photo\/recherche-un-memoire-sur-les-enjeux-de-la-formation-continue-au-sein-des-fac"]}]},{"@type":"ImageObject","inLanguage":"fr-FR","@id":"https:\/\/www.africa-press.net\/congo-brazzaville\/photo\/recherche-un-memoire-sur-les-enjeux-de-la-formation-continue-au-sein-des-fac#primaryimage","url":"https:\/\/static.africa-press.net\/congo-brazzaville\/sites\/51\/2023\/01\/postQueueImg_1674919737.85.jpg","contentUrl":"https:\/\/static.africa-press.net\/congo-brazzaville\/sites\/51\/2023\/01\/postQueueImg_1674919737.85.jpg","width":1155,"height":768,"caption":"Recherche : un m\u00e9moire sur les enjeux de la formation continue au sein des FAC"},{"@type":"BreadcrumbList","@id":"https:\/\/www.africa-press.net\/congo-brazzaville\/photo\/recherche-un-memoire-sur-les-enjeux-de-la-formation-continue-au-sein-des-fac#breadcrumb","itemListElement":[{"@type":"ListItem","position":1,"name":"Accueil","item":"https:\/\/www.africa-press.net\/congo-brazzaville\/"},{"@type":"ListItem","position":2,"name":"Recherche : un m\u00e9moire sur les enjeux de la formation continue au sein des FAC"}]},{"@type":"WebSite","@id":"https:\/\/www.africa-press.net\/congo-brazzaville\/#website","url":"https:\/\/www.africa-press.net\/congo-brazzaville\/","name":"Congo Brazzaville","description":"Just another Africa News Agency Sites site","potentialAction":[{"@type":"SearchAction","target":{"@type":"EntryPoint","urlTemplate":"https:\/\/www.africa-press.net\/congo-brazzaville\/?s={search_term_string}"},"query-input":{"@type":"PropertyValueSpecification","valueRequired":true,"valueName":"search_term_string"}}],"inLanguage":"fr-FR"},{"@type":"Person","@id":"https:\/\/www.africa-press.net\/congo-brazzaville\/#\/schema\/person\/2b1cf3cd81a31e3cd26889ca66d677f1","name":"cfeditorfr"}]}},"_links":{"self":[{"href":"https:\/\/www.africa-press.net\/congo-brazzaville\/wp-json\/wp\/v2\/posts\/13832","targetHints":{"allow":["GET"]}}],"collection":[{"href":"https:\/\/www.africa-press.net\/congo-brazzaville\/wp-json\/wp\/v2\/posts"}],"about":[{"href":"https:\/\/www.africa-press.net\/congo-brazzaville\/wp-json\/wp\/v2\/types\/post"}],"author":[{"embeddable":true,"href":"https:\/\/www.africa-press.net\/congo-brazzaville\/wp-json\/wp\/v2\/users\/82"}],"replies":[{"embeddable":true,"href":"https:\/\/www.africa-press.net\/congo-brazzaville\/wp-json\/wp\/v2\/comments?post=13832"}],"version-history":[{"count":0,"href":"https:\/\/www.africa-press.net\/congo-brazzaville\/wp-json\/wp\/v2\/posts\/13832\/revisions"}],"wp:featuredmedia":[{"embeddable":true,"href":"https:\/\/www.africa-press.net\/congo-brazzaville\/wp-json\/wp\/v2\/media\/13831"}],"wp:attachment":[{"href":"https:\/\/www.africa-press.net\/congo-brazzaville\/wp-json\/wp\/v2\/media?parent=13832"}],"wp:term":[{"taxonomy":"category","embeddable":true,"href":"https:\/\/www.africa-press.net\/congo-brazzaville\/wp-json\/wp\/v2\/categories?post=13832"},{"taxonomy":"post_tag","embeddable":true,"href":"https:\/\/www.africa-press.net\/congo-brazzaville\/wp-json\/wp\/v2\/tags?post=13832"}],"curies":[{"name":"wp","href":"https:\/\/api.w.org\/{rel}","templated":true}]}}