{"id":13835,"date":"2023-01-28T18:59:01","date_gmt":"2023-01-28T18:59:01","guid":{"rendered":"https:\/\/www.africa-press.net\/congo-brazzaville\/politique\/sante-316-nouveaux-cas-de-lepre-enregistres-au-congo"},"modified":"2023-01-28T19:36:55","modified_gmt":"2023-01-28T19:36:55","slug":"sante-316-nouveaux-cas-de-lepre-enregistres-au-congo","status":"publish","type":"post","link":"https:\/\/www.africa-press.net\/congo-brazzaville\/toutes-les-actualites\/sante-316-nouveaux-cas-de-lepre-enregistres-au-congo","title":{"rendered":"Sant\u00e9: 316 nouveaux cas de l\u00e8pre enregistr\u00e9s au Congo"},"content":{"rendered":"<p><span style=\"color: #ff6600\"><strong>Africa-Press &#8211; Congo Brazzaville. <\/strong><\/span><b>A l\u2019occasion de la ce\u0301le\u0301bration de la 70e Journe\u0301e mondiale des le\u0301preux, le ministre de la Sante\u0301 et de la Population, Gilbert Mokoki, a annonce\u0301 que depuis 2021 les services habilite\u0301s ont enregistre\u0301 316 nouveaux cas de le\u0300pre au Congo. <\/b><\/p>\n<p>Parmi les cas annonce\u0301s par le ministre, 11% sont des enfants de moins de 15 ans, 28% pre\u0301sentaient des invalidite\u0301s motrices majeures au moment du de\u0301pistage. Or, a-t-il renche\u0301ri, en 2003, il y a vingt ans, le Congo avait atteint pourtant le seuil national d\u2019e\u0301limination de la le\u0300pre, c\u2019est-a\u0300-dire moins d\u2019un cas pour 10 000 habitants.<\/p>\n<p>\u00ab A l\u2019occasion de cette ce\u0301le\u0301bration, le Congo re\u0301affirme son engagement a\u0300 s\u2019approprier la proble\u0301matique de la lutte contre les maladies tropicales ne\u0301glige\u0301es par l\u2019octroi davantage de ressources humaines, des moyens logistiques et financiers pour soulager la population du fardeau de ces pathologies \u00bb, a-t-il de\u0301clare\u0301.<\/p>\n<p>Cependant, a-t-il poursuivi, en de\u0301pit de ces efforts, la le\u0300pre est notifie\u0301e dans cinq des douze de\u0301partements du Congo, a\u0300 savoir la Likouala, la Sangha, la Le\u0301koumou, la Bouenza et Brazzaville. Parmi ces cinq de\u0301partements touche\u0301s, a-t-il dit, la Likouala et la Sangha sont les plus affecte\u0301s.<\/p>\n<p>Par ailleurs, a indique\u0301 Gilbert Mokoki, depuis une quinzaine d\u2019anne\u0301es, a\u0300 travers le monde l&rsquo;on assiste a\u0300 une stagnation de la le\u0300pre d\u2019environ 200 000 nouveaux cas chaque anne\u0301e. Plusieurs raisons, a-t-il note\u0301, expliquent cette situation, a\u0300 commencer par la longue dure\u0301e d\u2019incubation de la maladie, un mode de transmission encore difficile a\u0300 cerner, la lenteur d\u2019apparition des sympto\u0302mes et la longueur du traitement.<\/p>\n<p>D\u2019autres facteurs, a releve\u0301 le ministre de la Sante\u0301 et de la Population, influent aussi sur la disse\u0301mination de la maladie, notamment l\u2019acce\u0300s difficile a\u0300 une consultation et aux soins dans les zones d\u2019extre\u0302me pauvrete\u0301 et les risques d\u2019exclusion sociale qu\u2019encourent les malades une fois diagnostique\u0301s.<\/p>\n<p><strong>Pour plus d&rsquo;informations et d&rsquo;analyses sur la <a href=\"https:\/\/www.africa-press.net\/congo-brazzaville\">Congo Brazzaville<\/a>, suivez <a href=\"https:\/\/www.africa-press.net\/\">Africa-Press<\/a><\/strong><\/p>\n","protected":false},"excerpt":{"rendered":"<p>Africa-Press &#8211; Congo Brazzaville. A l\u2019occasion de la ce\u0301le\u0301bration de la 70e Journe\u0301e mondiale des le\u0301preux, le ministre de la Sante\u0301 et de la Population, Gilbert Mokoki, a annonce\u0301 que depuis 2021 les services habilite\u0301s ont enregistre\u0301 316 nouveaux cas de le\u0300pre au Congo. Parmi les cas annonce\u0301s par le ministre, 11% sont des enfants [&hellip;]<\/p>\n","protected":false},"author":82,"featured_media":13834,"comment_status":"open","ping_status":"closed","sticky":false,"template":"","format":"standard","meta":{"footnotes":""},"categories":[21,10],"tags":[36,47,46],"class_list":["post-13835","post","type-post","status-publish","format-standard","has-post-thumbnail","hentry","category-communaute","category-toutes-les-actualites","tag-africa-press","tag-africa-press-congo-brazzaville","tag-congo-brazzaville"],"yoast_head":"<!-- This site is optimized with the Yoast SEO Premium plugin v26.1 (Yoast SEO v27.0) - https:\/\/yoast.com\/product\/yoast-seo-premium-wordpress\/ -->\n<title>Sant\u00e9: 316 nouveaux cas de l\u00e8pre enregistr\u00e9s au Congo - Congo Brazzaville<\/title>\n<meta name=\"description\" content=\"A l\u2019occasion de la ce\u0301le\u0301bration de la 70e Journe\u0301e mondiale des le\u0301preux, le ministre de la Sante\u0301 et de la Populati ...\" \/>\n<meta name=\"robots\" content=\"index, follow, max-snippet:-1, max-image-preview:large, max-video-preview:-1\" \/>\n<link rel=\"canonical\" href=\"https:\/\/www.africa-press.net\/congo-brazzaville\/toutes-les-actualites\/sante-316-nouveaux-cas-de-lepre-enregistres-au-congo\" \/>\n<meta property=\"og:locale\" content=\"fr_FR\" \/>\n<meta property=\"og:type\" content=\"article\" \/>\n<meta property=\"og:title\" content=\"Sant\u00e9: 316 nouveaux cas de l\u00e8pre enregistr\u00e9s au Congo\" \/>\n<meta property=\"og:description\" content=\"A l\u2019occasion de la ce\u0301le\u0301bration de la 70e Journe\u0301e mondiale des le\u0301preux, le ministre de la Sante\u0301 et de la Populati ...\" \/>\n<meta property=\"og:url\" content=\"https:\/\/www.africa-press.net\/congo-brazzaville\/toutes-les-actualites\/sante-316-nouveaux-cas-de-lepre-enregistres-au-congo\" \/>\n<meta property=\"og:site_name\" content=\"Congo Brazzaville\" \/>\n<meta property=\"article:published_time\" content=\"2023-01-28T18:59:01+00:00\" \/>\n<meta property=\"article:modified_time\" content=\"2023-01-28T19:36:55+00:00\" \/>\n<meta property=\"og:image\" content=\"https:\/\/static.africa-press.net\/congo-brazzaville\/sites\/51\/2023\/01\/postQueueImg_1674919746.71.jpg\" \/>\n\t<meta property=\"og:image:width\" content=\"992\" \/>\n\t<meta property=\"og:image:height\" content=\"744\" \/>\n\t<meta property=\"og:image:type\" content=\"image\/jpeg\" \/>\n<meta name=\"author\" content=\"cfeditorfr\" \/>\n<meta name=\"twitter:card\" content=\"summary_large_image\" \/>\n<meta name=\"twitter:label1\" content=\"\u00c9crit par\" \/>\n\t<meta name=\"twitter:data1\" content=\"cfeditorfr\" \/>\n\t<meta name=\"twitter:label2\" content=\"Dur\u00e9e de lecture estim\u00e9e\" \/>\n\t<meta name=\"twitter:data2\" content=\"2 minutes\" \/>\n<script type=\"application\/ld+json\" class=\"yoast-schema-graph\">{\"@context\":\"https:\/\/schema.org\",\"@graph\":[{\"@type\":\"Article\",\"@id\":\"https:\/\/www.africa-press.net\/congo-brazzaville\/toutes-les-actualites\/sante-316-nouveaux-cas-de-lepre-enregistres-au-congo#article\",\"isPartOf\":{\"@id\":\"https:\/\/www.africa-press.net\/congo-brazzaville\/toutes-les-actualites\/sante-316-nouveaux-cas-de-lepre-enregistres-au-congo\"},\"author\":{\"name\":\"cfeditorfr\",\"@id\":\"https:\/\/www.africa-press.net\/congo-brazzaville\/#\/schema\/person\/2b1cf3cd81a31e3cd26889ca66d677f1\"},\"headline\":\"Sant\u00e9: 316 nouveaux cas de l\u00e8pre enregistr\u00e9s au Congo\",\"datePublished\":\"2023-01-28T18:59:01+00:00\",\"dateModified\":\"2023-01-28T19:36:55+00:00\",\"mainEntityOfPage\":{\"@id\":\"https:\/\/www.africa-press.net\/congo-brazzaville\/toutes-les-actualites\/sante-316-nouveaux-cas-de-lepre-enregistres-au-congo\"},\"wordCount\":369,\"commentCount\":0,\"image\":{\"@id\":\"https:\/\/www.africa-press.net\/congo-brazzaville\/toutes-les-actualites\/sante-316-nouveaux-cas-de-lepre-enregistres-au-congo#primaryimage\"},\"thumbnailUrl\":\"https:\/\/static.africa-press.net\/congo-brazzaville\/sites\/51\/2023\/01\/postQueueImg_1674919746.71.jpg\",\"keywords\":[\"Africa Press\",\"Africa Press-Congo Brazzaville\",\"Congo Brazzaville\"],\"articleSection\":[\"Communaut\u00e9\",\"Toutes les actualit\u00e9s\"],\"inLanguage\":\"fr-FR\",\"potentialAction\":[{\"@type\":\"CommentAction\",\"name\":\"Comment\",\"target\":[\"https:\/\/www.africa-press.net\/congo-brazzaville\/toutes-les-actualites\/sante-316-nouveaux-cas-de-lepre-enregistres-au-congo#respond\"]}]},{\"@type\":\"WebPage\",\"@id\":\"https:\/\/www.africa-press.net\/congo-brazzaville\/toutes-les-actualites\/sante-316-nouveaux-cas-de-lepre-enregistres-au-congo\",\"url\":\"https:\/\/www.africa-press.net\/congo-brazzaville\/toutes-les-actualites\/sante-316-nouveaux-cas-de-lepre-enregistres-au-congo\",\"name\":\"Sant\u00e9: 316 nouveaux cas de l\u00e8pre enregistr\u00e9s au Congo - Congo Brazzaville\",\"isPartOf\":{\"@id\":\"https:\/\/www.africa-press.net\/congo-brazzaville\/#website\"},\"primaryImageOfPage\":{\"@id\":\"https:\/\/www.africa-press.net\/congo-brazzaville\/toutes-les-actualites\/sante-316-nouveaux-cas-de-lepre-enregistres-au-congo#primaryimage\"},\"image\":{\"@id\":\"https:\/\/www.africa-press.net\/congo-brazzaville\/toutes-les-actualites\/sante-316-nouveaux-cas-de-lepre-enregistres-au-congo#primaryimage\"},\"thumbnailUrl\":\"https:\/\/static.africa-press.net\/congo-brazzaville\/sites\/51\/2023\/01\/postQueueImg_1674919746.71.jpg\",\"datePublished\":\"2023-01-28T18:59:01+00:00\",\"dateModified\":\"2023-01-28T19:36:55+00:00\",\"author\":{\"@id\":\"https:\/\/www.africa-press.net\/congo-brazzaville\/#\/schema\/person\/2b1cf3cd81a31e3cd26889ca66d677f1\"},\"description\":\"A l\u2019occasion de la ce\u0301le\u0301bration de la 70e Journe\u0301e mondiale des le\u0301preux, le ministre de la Sante\u0301 et de la Populati ...\",\"breadcrumb\":{\"@id\":\"https:\/\/www.africa-press.net\/congo-brazzaville\/toutes-les-actualites\/sante-316-nouveaux-cas-de-lepre-enregistres-au-congo#breadcrumb\"},\"inLanguage\":\"fr-FR\",\"potentialAction\":[{\"@type\":\"ReadAction\",\"target\":[\"https:\/\/www.africa-press.net\/congo-brazzaville\/toutes-les-actualites\/sante-316-nouveaux-cas-de-lepre-enregistres-au-congo\"]}]},{\"@type\":\"ImageObject\",\"inLanguage\":\"fr-FR\",\"@id\":\"https:\/\/www.africa-press.net\/congo-brazzaville\/toutes-les-actualites\/sante-316-nouveaux-cas-de-lepre-enregistres-au-congo#primaryimage\",\"url\":\"https:\/\/static.africa-press.net\/congo-brazzaville\/sites\/51\/2023\/01\/postQueueImg_1674919746.71.jpg\",\"contentUrl\":\"https:\/\/static.africa-press.net\/congo-brazzaville\/sites\/51\/2023\/01\/postQueueImg_1674919746.71.jpg\",\"width\":992,\"height\":744,\"caption\":\"Sant\u00e9: 316 nouveaux cas de l\u00e8pre enregistr\u00e9s au Congo\"},{\"@type\":\"BreadcrumbList\",\"@id\":\"https:\/\/www.africa-press.net\/congo-brazzaville\/toutes-les-actualites\/sante-316-nouveaux-cas-de-lepre-enregistres-au-congo#breadcrumb\",\"itemListElement\":[{\"@type\":\"ListItem\",\"position\":1,\"name\":\"Accueil\",\"item\":\"https:\/\/www.africa-press.net\/congo-brazzaville\/\"},{\"@type\":\"ListItem\",\"position\":2,\"name\":\"Sant\u00e9: 316 nouveaux cas de l\u00e8pre enregistr\u00e9s au Congo\"}]},{\"@type\":\"WebSite\",\"@id\":\"https:\/\/www.africa-press.net\/congo-brazzaville\/#website\",\"url\":\"https:\/\/www.africa-press.net\/congo-brazzaville\/\",\"name\":\"Congo Brazzaville\",\"description\":\"Just another Africa News Agency Sites site\",\"potentialAction\":[{\"@type\":\"SearchAction\",\"target\":{\"@type\":\"EntryPoint\",\"urlTemplate\":\"https:\/\/www.africa-press.net\/congo-brazzaville\/?s={search_term_string}\"},\"query-input\":{\"@type\":\"PropertyValueSpecification\",\"valueRequired\":true,\"valueName\":\"search_term_string\"}}],\"inLanguage\":\"fr-FR\"},{\"@type\":\"Person\",\"@id\":\"https:\/\/www.africa-press.net\/congo-brazzaville\/#\/schema\/person\/2b1cf3cd81a31e3cd26889ca66d677f1\",\"name\":\"cfeditorfr\"}]}<\/script>\n<!-- \/ Yoast SEO Premium plugin. -->","yoast_head_json":{"title":"Sant\u00e9: 316 nouveaux cas de l\u00e8pre enregistr\u00e9s au Congo - Congo Brazzaville","description":"A l\u2019occasion de la ce\u0301le\u0301bration de la 70e Journe\u0301e mondiale des le\u0301preux, le ministre de la Sante\u0301 et de la Populati ...","robots":{"index":"index","follow":"follow","max-snippet":"max-snippet:-1","max-image-preview":"max-image-preview:large","max-video-preview":"max-video-preview:-1"},"canonical":"https:\/\/www.africa-press.net\/congo-brazzaville\/toutes-les-actualites\/sante-316-nouveaux-cas-de-lepre-enregistres-au-congo","og_locale":"fr_FR","og_type":"article","og_title":"Sant\u00e9: 316 nouveaux cas de l\u00e8pre enregistr\u00e9s au Congo","og_description":"A l\u2019occasion de la ce\u0301le\u0301bration de la 70e Journe\u0301e mondiale des le\u0301preux, le ministre de la Sante\u0301 et de la Populati ...","og_url":"https:\/\/www.africa-press.net\/congo-brazzaville\/toutes-les-actualites\/sante-316-nouveaux-cas-de-lepre-enregistres-au-congo","og_site_name":"Congo Brazzaville","article_published_time":"2023-01-28T18:59:01+00:00","article_modified_time":"2023-01-28T19:36:55+00:00","og_image":[{"width":992,"height":744,"url":"https:\/\/static.africa-press.net\/congo-brazzaville\/sites\/51\/2023\/01\/postQueueImg_1674919746.71.jpg","type":"image\/jpeg"}],"author":"cfeditorfr","twitter_card":"summary_large_image","twitter_misc":{"\u00c9crit par":"cfeditorfr","Dur\u00e9e de lecture estim\u00e9e":"2 minutes"},"schema":{"@context":"https:\/\/schema.org","@graph":[{"@type":"Article","@id":"https:\/\/www.africa-press.net\/congo-brazzaville\/toutes-les-actualites\/sante-316-nouveaux-cas-de-lepre-enregistres-au-congo#article","isPartOf":{"@id":"https:\/\/www.africa-press.net\/congo-brazzaville\/toutes-les-actualites\/sante-316-nouveaux-cas-de-lepre-enregistres-au-congo"},"author":{"name":"cfeditorfr","@id":"https:\/\/www.africa-press.net\/congo-brazzaville\/#\/schema\/person\/2b1cf3cd81a31e3cd26889ca66d677f1"},"headline":"Sant\u00e9: 316 nouveaux cas de l\u00e8pre enregistr\u00e9s au Congo","datePublished":"2023-01-28T18:59:01+00:00","dateModified":"2023-01-28T19:36:55+00:00","mainEntityOfPage":{"@id":"https:\/\/www.africa-press.net\/congo-brazzaville\/toutes-les-actualites\/sante-316-nouveaux-cas-de-lepre-enregistres-au-congo"},"wordCount":369,"commentCount":0,"image":{"@id":"https:\/\/www.africa-press.net\/congo-brazzaville\/toutes-les-actualites\/sante-316-nouveaux-cas-de-lepre-enregistres-au-congo#primaryimage"},"thumbnailUrl":"https:\/\/static.africa-press.net\/congo-brazzaville\/sites\/51\/2023\/01\/postQueueImg_1674919746.71.jpg","keywords":["Africa Press","Africa Press-Congo Brazzaville","Congo Brazzaville"],"articleSection":["Communaut\u00e9","Toutes les actualit\u00e9s"],"inLanguage":"fr-FR","potentialAction":[{"@type":"CommentAction","name":"Comment","target":["https:\/\/www.africa-press.net\/congo-brazzaville\/toutes-les-actualites\/sante-316-nouveaux-cas-de-lepre-enregistres-au-congo#respond"]}]},{"@type":"WebPage","@id":"https:\/\/www.africa-press.net\/congo-brazzaville\/toutes-les-actualites\/sante-316-nouveaux-cas-de-lepre-enregistres-au-congo","url":"https:\/\/www.africa-press.net\/congo-brazzaville\/toutes-les-actualites\/sante-316-nouveaux-cas-de-lepre-enregistres-au-congo","name":"Sant\u00e9: 316 nouveaux cas de l\u00e8pre enregistr\u00e9s au Congo - Congo Brazzaville","isPartOf":{"@id":"https:\/\/www.africa-press.net\/congo-brazzaville\/#website"},"primaryImageOfPage":{"@id":"https:\/\/www.africa-press.net\/congo-brazzaville\/toutes-les-actualites\/sante-316-nouveaux-cas-de-lepre-enregistres-au-congo#primaryimage"},"image":{"@id":"https:\/\/www.africa-press.net\/congo-brazzaville\/toutes-les-actualites\/sante-316-nouveaux-cas-de-lepre-enregistres-au-congo#primaryimage"},"thumbnailUrl":"https:\/\/static.africa-press.net\/congo-brazzaville\/sites\/51\/2023\/01\/postQueueImg_1674919746.71.jpg","datePublished":"2023-01-28T18:59:01+00:00","dateModified":"2023-01-28T19:36:55+00:00","author":{"@id":"https:\/\/www.africa-press.net\/congo-brazzaville\/#\/schema\/person\/2b1cf3cd81a31e3cd26889ca66d677f1"},"description":"A l\u2019occasion de la ce\u0301le\u0301bration de la 70e Journe\u0301e mondiale des le\u0301preux, le ministre de la Sante\u0301 et de la Populati ...","breadcrumb":{"@id":"https:\/\/www.africa-press.net\/congo-brazzaville\/toutes-les-actualites\/sante-316-nouveaux-cas-de-lepre-enregistres-au-congo#breadcrumb"},"inLanguage":"fr-FR","potentialAction":[{"@type":"ReadAction","target":["https:\/\/www.africa-press.net\/congo-brazzaville\/toutes-les-actualites\/sante-316-nouveaux-cas-de-lepre-enregistres-au-congo"]}]},{"@type":"ImageObject","inLanguage":"fr-FR","@id":"https:\/\/www.africa-press.net\/congo-brazzaville\/toutes-les-actualites\/sante-316-nouveaux-cas-de-lepre-enregistres-au-congo#primaryimage","url":"https:\/\/static.africa-press.net\/congo-brazzaville\/sites\/51\/2023\/01\/postQueueImg_1674919746.71.jpg","contentUrl":"https:\/\/static.africa-press.net\/congo-brazzaville\/sites\/51\/2023\/01\/postQueueImg_1674919746.71.jpg","width":992,"height":744,"caption":"Sant\u00e9: 316 nouveaux cas de l\u00e8pre enregistr\u00e9s au Congo"},{"@type":"BreadcrumbList","@id":"https:\/\/www.africa-press.net\/congo-brazzaville\/toutes-les-actualites\/sante-316-nouveaux-cas-de-lepre-enregistres-au-congo#breadcrumb","itemListElement":[{"@type":"ListItem","position":1,"name":"Accueil","item":"https:\/\/www.africa-press.net\/congo-brazzaville\/"},{"@type":"ListItem","position":2,"name":"Sant\u00e9: 316 nouveaux cas de l\u00e8pre enregistr\u00e9s au Congo"}]},{"@type":"WebSite","@id":"https:\/\/www.africa-press.net\/congo-brazzaville\/#website","url":"https:\/\/www.africa-press.net\/congo-brazzaville\/","name":"Congo Brazzaville","description":"Just another Africa News Agency Sites site","potentialAction":[{"@type":"SearchAction","target":{"@type":"EntryPoint","urlTemplate":"https:\/\/www.africa-press.net\/congo-brazzaville\/?s={search_term_string}"},"query-input":{"@type":"PropertyValueSpecification","valueRequired":true,"valueName":"search_term_string"}}],"inLanguage":"fr-FR"},{"@type":"Person","@id":"https:\/\/www.africa-press.net\/congo-brazzaville\/#\/schema\/person\/2b1cf3cd81a31e3cd26889ca66d677f1","name":"cfeditorfr"}]}},"_links":{"self":[{"href":"https:\/\/www.africa-press.net\/congo-brazzaville\/wp-json\/wp\/v2\/posts\/13835","targetHints":{"allow":["GET"]}}],"collection":[{"href":"https:\/\/www.africa-press.net\/congo-brazzaville\/wp-json\/wp\/v2\/posts"}],"about":[{"href":"https:\/\/www.africa-press.net\/congo-brazzaville\/wp-json\/wp\/v2\/types\/post"}],"author":[{"embeddable":true,"href":"https:\/\/www.africa-press.net\/congo-brazzaville\/wp-json\/wp\/v2\/users\/82"}],"replies":[{"embeddable":true,"href":"https:\/\/www.africa-press.net\/congo-brazzaville\/wp-json\/wp\/v2\/comments?post=13835"}],"version-history":[{"count":0,"href":"https:\/\/www.africa-press.net\/congo-brazzaville\/wp-json\/wp\/v2\/posts\/13835\/revisions"}],"wp:featuredmedia":[{"embeddable":true,"href":"https:\/\/www.africa-press.net\/congo-brazzaville\/wp-json\/wp\/v2\/media\/13834"}],"wp:attachment":[{"href":"https:\/\/www.africa-press.net\/congo-brazzaville\/wp-json\/wp\/v2\/media?parent=13835"}],"wp:term":[{"taxonomy":"category","embeddable":true,"href":"https:\/\/www.africa-press.net\/congo-brazzaville\/wp-json\/wp\/v2\/categories?post=13835"},{"taxonomy":"post_tag","embeddable":true,"href":"https:\/\/www.africa-press.net\/congo-brazzaville\/wp-json\/wp\/v2\/tags?post=13835"}],"curies":[{"name":"wp","href":"https:\/\/api.w.org\/{rel}","templated":true}]}}