{"id":13858,"date":"2023-01-29T11:48:28","date_gmt":"2023-01-29T11:48:28","guid":{"rendered":"https:\/\/www.africa-press.net\/congo-brazzaville\/politique\/gendarmerie-nationale-le-nouveau-commandant-a-pris-ses-fonctions"},"modified":"2023-01-29T11:48:28","modified_gmt":"2023-01-29T11:48:28","slug":"gendarmerie-nationale-le-nouveau-commandant-a-pris-ses-fonctions","status":"publish","type":"post","link":"https:\/\/www.africa-press.net\/congo-brazzaville\/politique\/gendarmerie-nationale-le-nouveau-commandant-a-pris-ses-fonctions","title":{"rendered":"Gendarmerie nationale: le nouveau commandant a pris ses fonctions"},"content":{"rendered":"<p><span style=\"color: #ff6600\"><strong>Africa-Press &#8211; Congo Brazzaville. <\/strong><\/span><b>En signe de prise de commandement, le 28 janvier a\u0300 Brazzaville, le ge\u0301ne\u0301ral de brigade Gervais Akouangue\u0301 a rec\u0327u des mains du ministre de l\u2019Inte\u0301rieur, Raymond Ze\u0301phirin Mboulou, le drapeau de la gendarmerie nationale sur lequel il veillera de\u0301sormais. <\/b><\/p>\n<p>\u00ab Vous lui obe\u0301irez en tout ce qu\u2019il vous commandera pour l\u2019inte\u0301re\u0302t du service, l\u2019exe\u0301cution des re\u0300glements militaires, le succe\u0300s des armes de la gendarmerie nationale, l\u2019observation des lois et re\u0300glements de la Re\u0301publique, conforme\u0301ment a\u0300 la Constitution \u00bb, a instruit le ministre de l\u2019Inte\u0301rieur, de la De\u0301centralisation et du De\u0301veloppement local, Raymond Ze\u0301phirin Mboulou, s\u2019adressant aux troupes de la gendarmerie nationale a\u0300 l\u2019occasion de la prise de commandement du ge\u0301ne\u0301ral de brigade, Gervais Akouangue\u0301, qui succe\u0300de au ge\u0301ne\u0301ral Paul Victor Moigny.<\/p>\n<p>Titulaire du diplo\u0302me supe\u0301rieur d\u2019officier de gendarmerie en France, le ge\u0301ne\u0301ral Gervais Akouangue\u0301 a e\u0301te\u0301 nomme\u0301 commandant de la gendarmerie nationale, le 3 janvier 2023. Il e\u0301tait jusqu\u2019a\u0300 sa nouvelle promotion commandant de la Garde re\u0301publicaine depuis 2018.<\/p>\n<p>Diplo\u0302me\u0301 de l&rsquo;Ecole de guerre du Maroc et de l&rsquo;Institut des hautes e\u0301tudes de de\u0301fense nationale de France, le nouveau promu avait occupe\u0301 par le passe\u0301 les fonctions de commandant de la Compagnie d\u2019instruction de l\u2019Ecole de la gendarmerie nationale et de chef de division emploi a\u0300 la direction des ope\u0301rations de la gendarmerie nationale. De\u0301tache\u0301 a\u0300 la Maison militaire du pre\u0301sident de la Re\u0301publique en 1997, Gervais Akouangue\u0301 a servi en qualite\u0301 de chef d\u2019e\u0301tat-major du bataillon de protection et de directeur des ope\u0301rations a\u0300 la Direction ge\u0301ne\u0301rale de la se\u0301curite\u0301 pre\u0301sidentielle. Le nouveau commandant de la gendarmerie nationale est issu de la premie\u0300re promotion de l\u2019Acade\u0301mie militaire Marien-Ngouabi.<\/p>\n<p>En rappel, la gendarmerie nationale est une des trois composantes de la Force publique aux co\u0302te\u0301s des Forces de police et des Forces arme\u0301es congolaises. Cre\u0301e\u0301e le 16 fe\u0301vrier 1961, la gendarmerie nationale tire ses origines de la milice indige\u0300ne appele\u0301e \u00ab\u00a0Mboulou-Mboulou\u00a0\u00bb, charge\u0301e de l\u2019ordre public, avant l\u2019inde\u0301pendance.<\/p>\n<p>Le 26 janvier 2022, la gendarmerie nationale a e\u0301te\u0301 rattache\u0301e au ministe\u0300re de l\u2019Inte\u0301rieur, de la De\u0301centralisation et du De\u0301veloppement local. Depuis sa restauration en 1991, la gendarmerie nationale a e\u0301te\u0301 successivement place\u0301e sous le commandement du colonel puis ge\u0301ne\u0301ral Makoumba Nzambi jusqu\u2019en 1977 ; du colonel Se\u0301ve\u0301rin Valence Ossete\u0301 Niamba de 1997 a\u0300 2001 ; du colonel Gabriel Mbouala de 2001 a\u0300 2002 ; du ge\u0301ne\u0301ral Gilbert Mokoki de 2002 a\u0300 2012, du ge\u0301ne\u0301ral Paul Victor Moigny de 2012 a\u0300 2023. Et actuellement, l\u2019institution est sous le commandement du ge\u0301ne\u0301ral Gervais Akouangue\u0301 qui vient d\u2019e\u0302tre installe\u0301 dans ses fonctions.<\/p>\n<p><strong>Pour plus d&rsquo;informations et d&rsquo;analyses sur la <a href=\"https:\/\/www.africa-press.net\/congo-brazzaville\">Congo Brazzaville<\/a>, suivez <a href=\"https:\/\/www.africa-press.net\/\">Africa-Press<\/a><\/strong><\/p>\n","protected":false},"excerpt":{"rendered":"<p>Africa-Press &#8211; Congo Brazzaville. En signe de prise de commandement, le 28 janvier a\u0300 Brazzaville, le ge\u0301ne\u0301ral de brigade Gervais Akouangue\u0301 a rec\u0327u des mains du ministre de l\u2019Inte\u0301rieur, Raymond Ze\u0301phirin Mboulou, le drapeau de la gendarmerie nationale sur lequel il veillera de\u0301sormais. \u00ab Vous lui obe\u0301irez en tout ce qu\u2019il vous commandera pour l\u2019inte\u0301re\u0302t [&hellip;]<\/p>\n","protected":false},"author":82,"featured_media":13857,"comment_status":"open","ping_status":"closed","sticky":false,"template":"","format":"standard","meta":{"footnotes":""},"categories":[2,10],"tags":[36,47,46],"class_list":["post-13858","post","type-post","status-publish","format-standard","has-post-thumbnail","hentry","category-politique","category-toutes-les-actualites","tag-africa-press","tag-africa-press-congo-brazzaville","tag-congo-brazzaville"],"yoast_head":"<!-- This site is optimized with the Yoast SEO Premium plugin v26.1 (Yoast SEO v27.0) - https:\/\/yoast.com\/product\/yoast-seo-premium-wordpress\/ -->\n<title>Gendarmerie nationale: le nouveau commandant a pris ses fonctions - Congo Brazzaville<\/title>\n<meta name=\"robots\" content=\"index, follow, max-snippet:-1, max-image-preview:large, max-video-preview:-1\" \/>\n<link rel=\"canonical\" href=\"https:\/\/www.africa-press.net\/congo-brazzaville\/politique\/gendarmerie-nationale-le-nouveau-commandant-a-pris-ses-fonctions\" \/>\n<meta property=\"og:locale\" content=\"fr_FR\" \/>\n<meta property=\"og:type\" content=\"article\" \/>\n<meta property=\"og:title\" content=\"Gendarmerie nationale: le nouveau commandant a pris ses fonctions\" \/>\n<meta property=\"og:description\" content=\"Africa-Press &#8211; Congo Brazzaville. En signe de prise de commandement, le 28 janvier a\u0300 Brazzaville, le ge\u0301ne\u0301ral de brigade Gervais Akouangue\u0301 a rec\u0327u des mains du ministre de l\u2019Inte\u0301rieur, Raymond Ze\u0301phirin Mboulou, le drapeau de la gendarmerie nationale sur lequel il veillera de\u0301sormais. \u00ab Vous lui obe\u0301irez en tout ce qu\u2019il vous commandera pour l\u2019inte\u0301re\u0302t [&hellip;]\" \/>\n<meta property=\"og:url\" content=\"https:\/\/www.africa-press.net\/congo-brazzaville\/politique\/gendarmerie-nationale-le-nouveau-commandant-a-pris-ses-fonctions\" \/>\n<meta property=\"og:site_name\" content=\"Congo Brazzaville\" \/>\n<meta property=\"article:published_time\" content=\"2023-01-29T11:48:28+00:00\" \/>\n<meta name=\"author\" content=\"cfeditorfr\" \/>\n<meta name=\"twitter:card\" content=\"summary_large_image\" \/>\n<meta name=\"twitter:label1\" content=\"\u00c9crit par\" \/>\n\t<meta name=\"twitter:data1\" content=\"cfeditorfr\" \/>\n\t<meta name=\"twitter:label2\" content=\"Dur\u00e9e de lecture estim\u00e9e\" \/>\n\t<meta name=\"twitter:data2\" content=\"3 minutes\" \/>\n<script type=\"application\/ld+json\" class=\"yoast-schema-graph\">{\"@context\":\"https:\/\/schema.org\",\"@graph\":[{\"@type\":\"Article\",\"@id\":\"https:\/\/www.africa-press.net\/congo-brazzaville\/politique\/gendarmerie-nationale-le-nouveau-commandant-a-pris-ses-fonctions#article\",\"isPartOf\":{\"@id\":\"https:\/\/www.africa-press.net\/congo-brazzaville\/politique\/gendarmerie-nationale-le-nouveau-commandant-a-pris-ses-fonctions\"},\"author\":{\"name\":\"cfeditorfr\",\"@id\":\"https:\/\/www.africa-press.net\/congo-brazzaville\/#\/schema\/person\/2b1cf3cd81a31e3cd26889ca66d677f1\"},\"headline\":\"Gendarmerie nationale: le nouveau commandant a pris ses fonctions\",\"datePublished\":\"2023-01-29T11:48:28+00:00\",\"mainEntityOfPage\":{\"@id\":\"https:\/\/www.africa-press.net\/congo-brazzaville\/politique\/gendarmerie-nationale-le-nouveau-commandant-a-pris-ses-fonctions\"},\"wordCount\":516,\"commentCount\":0,\"image\":{\"@id\":\"https:\/\/www.africa-press.net\/congo-brazzaville\/politique\/gendarmerie-nationale-le-nouveau-commandant-a-pris-ses-fonctions#primaryimage\"},\"thumbnailUrl\":\"https:\/\/static.africa-press.net\/congo-brazzaville\/sites\/51\/2023\/01\/postQueueImg_1674980333.61.jpg\",\"keywords\":[\"Africa Press\",\"Africa Press-Congo Brazzaville\",\"Congo Brazzaville\"],\"articleSection\":[\"Politique\",\"Toutes les actualit\u00e9s\"],\"inLanguage\":\"fr-FR\",\"potentialAction\":[{\"@type\":\"CommentAction\",\"name\":\"Comment\",\"target\":[\"https:\/\/www.africa-press.net\/congo-brazzaville\/politique\/gendarmerie-nationale-le-nouveau-commandant-a-pris-ses-fonctions#respond\"]}]},{\"@type\":\"WebPage\",\"@id\":\"https:\/\/www.africa-press.net\/congo-brazzaville\/politique\/gendarmerie-nationale-le-nouveau-commandant-a-pris-ses-fonctions\",\"url\":\"https:\/\/www.africa-press.net\/congo-brazzaville\/politique\/gendarmerie-nationale-le-nouveau-commandant-a-pris-ses-fonctions\",\"name\":\"Gendarmerie nationale: le nouveau commandant a pris ses fonctions - Congo Brazzaville\",\"isPartOf\":{\"@id\":\"https:\/\/www.africa-press.net\/congo-brazzaville\/#website\"},\"primaryImageOfPage\":{\"@id\":\"https:\/\/www.africa-press.net\/congo-brazzaville\/politique\/gendarmerie-nationale-le-nouveau-commandant-a-pris-ses-fonctions#primaryimage\"},\"image\":{\"@id\":\"https:\/\/www.africa-press.net\/congo-brazzaville\/politique\/gendarmerie-nationale-le-nouveau-commandant-a-pris-ses-fonctions#primaryimage\"},\"thumbnailUrl\":\"https:\/\/static.africa-press.net\/congo-brazzaville\/sites\/51\/2023\/01\/postQueueImg_1674980333.61.jpg\",\"datePublished\":\"2023-01-29T11:48:28+00:00\",\"author\":{\"@id\":\"https:\/\/www.africa-press.net\/congo-brazzaville\/#\/schema\/person\/2b1cf3cd81a31e3cd26889ca66d677f1\"},\"breadcrumb\":{\"@id\":\"https:\/\/www.africa-press.net\/congo-brazzaville\/politique\/gendarmerie-nationale-le-nouveau-commandant-a-pris-ses-fonctions#breadcrumb\"},\"inLanguage\":\"fr-FR\",\"potentialAction\":[{\"@type\":\"ReadAction\",\"target\":[\"https:\/\/www.africa-press.net\/congo-brazzaville\/politique\/gendarmerie-nationale-le-nouveau-commandant-a-pris-ses-fonctions\"]}]},{\"@type\":\"ImageObject\",\"inLanguage\":\"fr-FR\",\"@id\":\"https:\/\/www.africa-press.net\/congo-brazzaville\/politique\/gendarmerie-nationale-le-nouveau-commandant-a-pris-ses-fonctions#primaryimage\",\"url\":\"https:\/\/static.africa-press.net\/congo-brazzaville\/sites\/51\/2023\/01\/postQueueImg_1674980333.61.jpg\",\"contentUrl\":\"https:\/\/static.africa-press.net\/congo-brazzaville\/sites\/51\/2023\/01\/postQueueImg_1674980333.61.jpg\",\"width\":1155,\"height\":768,\"caption\":\"Gendarmerie nationale: le nouveau commandant a pris ses fonctions\"},{\"@type\":\"BreadcrumbList\",\"@id\":\"https:\/\/www.africa-press.net\/congo-brazzaville\/politique\/gendarmerie-nationale-le-nouveau-commandant-a-pris-ses-fonctions#breadcrumb\",\"itemListElement\":[{\"@type\":\"ListItem\",\"position\":1,\"name\":\"Accueil\",\"item\":\"https:\/\/www.africa-press.net\/congo-brazzaville\/\"},{\"@type\":\"ListItem\",\"position\":2,\"name\":\"Gendarmerie nationale: le nouveau commandant a pris ses fonctions\"}]},{\"@type\":\"WebSite\",\"@id\":\"https:\/\/www.africa-press.net\/congo-brazzaville\/#website\",\"url\":\"https:\/\/www.africa-press.net\/congo-brazzaville\/\",\"name\":\"Congo Brazzaville\",\"description\":\"Just another Africa News Agency Sites site\",\"potentialAction\":[{\"@type\":\"SearchAction\",\"target\":{\"@type\":\"EntryPoint\",\"urlTemplate\":\"https:\/\/www.africa-press.net\/congo-brazzaville\/?s={search_term_string}\"},\"query-input\":{\"@type\":\"PropertyValueSpecification\",\"valueRequired\":true,\"valueName\":\"search_term_string\"}}],\"inLanguage\":\"fr-FR\"},{\"@type\":\"Person\",\"@id\":\"https:\/\/www.africa-press.net\/congo-brazzaville\/#\/schema\/person\/2b1cf3cd81a31e3cd26889ca66d677f1\",\"name\":\"cfeditorfr\"}]}<\/script>\n<!-- \/ Yoast SEO Premium plugin. -->","yoast_head_json":{"title":"Gendarmerie nationale: le nouveau commandant a pris ses fonctions - Congo Brazzaville","robots":{"index":"index","follow":"follow","max-snippet":"max-snippet:-1","max-image-preview":"max-image-preview:large","max-video-preview":"max-video-preview:-1"},"canonical":"https:\/\/www.africa-press.net\/congo-brazzaville\/politique\/gendarmerie-nationale-le-nouveau-commandant-a-pris-ses-fonctions","og_locale":"fr_FR","og_type":"article","og_title":"Gendarmerie nationale: le nouveau commandant a pris ses fonctions","og_description":"Africa-Press &#8211; Congo Brazzaville. En signe de prise de commandement, le 28 janvier a\u0300 Brazzaville, le ge\u0301ne\u0301ral de brigade Gervais Akouangue\u0301 a rec\u0327u des mains du ministre de l\u2019Inte\u0301rieur, Raymond Ze\u0301phirin Mboulou, le drapeau de la gendarmerie nationale sur lequel il veillera de\u0301sormais. \u00ab Vous lui obe\u0301irez en tout ce qu\u2019il vous commandera pour l\u2019inte\u0301re\u0302t [&hellip;]","og_url":"https:\/\/www.africa-press.net\/congo-brazzaville\/politique\/gendarmerie-nationale-le-nouveau-commandant-a-pris-ses-fonctions","og_site_name":"Congo Brazzaville","article_published_time":"2023-01-29T11:48:28+00:00","author":"cfeditorfr","twitter_card":"summary_large_image","twitter_misc":{"\u00c9crit par":"cfeditorfr","Dur\u00e9e de lecture estim\u00e9e":"3 minutes"},"schema":{"@context":"https:\/\/schema.org","@graph":[{"@type":"Article","@id":"https:\/\/www.africa-press.net\/congo-brazzaville\/politique\/gendarmerie-nationale-le-nouveau-commandant-a-pris-ses-fonctions#article","isPartOf":{"@id":"https:\/\/www.africa-press.net\/congo-brazzaville\/politique\/gendarmerie-nationale-le-nouveau-commandant-a-pris-ses-fonctions"},"author":{"name":"cfeditorfr","@id":"https:\/\/www.africa-press.net\/congo-brazzaville\/#\/schema\/person\/2b1cf3cd81a31e3cd26889ca66d677f1"},"headline":"Gendarmerie nationale: le nouveau commandant a pris ses fonctions","datePublished":"2023-01-29T11:48:28+00:00","mainEntityOfPage":{"@id":"https:\/\/www.africa-press.net\/congo-brazzaville\/politique\/gendarmerie-nationale-le-nouveau-commandant-a-pris-ses-fonctions"},"wordCount":516,"commentCount":0,"image":{"@id":"https:\/\/www.africa-press.net\/congo-brazzaville\/politique\/gendarmerie-nationale-le-nouveau-commandant-a-pris-ses-fonctions#primaryimage"},"thumbnailUrl":"https:\/\/static.africa-press.net\/congo-brazzaville\/sites\/51\/2023\/01\/postQueueImg_1674980333.61.jpg","keywords":["Africa Press","Africa Press-Congo Brazzaville","Congo Brazzaville"],"articleSection":["Politique","Toutes les actualit\u00e9s"],"inLanguage":"fr-FR","potentialAction":[{"@type":"CommentAction","name":"Comment","target":["https:\/\/www.africa-press.net\/congo-brazzaville\/politique\/gendarmerie-nationale-le-nouveau-commandant-a-pris-ses-fonctions#respond"]}]},{"@type":"WebPage","@id":"https:\/\/www.africa-press.net\/congo-brazzaville\/politique\/gendarmerie-nationale-le-nouveau-commandant-a-pris-ses-fonctions","url":"https:\/\/www.africa-press.net\/congo-brazzaville\/politique\/gendarmerie-nationale-le-nouveau-commandant-a-pris-ses-fonctions","name":"Gendarmerie nationale: le nouveau commandant a pris ses fonctions - Congo Brazzaville","isPartOf":{"@id":"https:\/\/www.africa-press.net\/congo-brazzaville\/#website"},"primaryImageOfPage":{"@id":"https:\/\/www.africa-press.net\/congo-brazzaville\/politique\/gendarmerie-nationale-le-nouveau-commandant-a-pris-ses-fonctions#primaryimage"},"image":{"@id":"https:\/\/www.africa-press.net\/congo-brazzaville\/politique\/gendarmerie-nationale-le-nouveau-commandant-a-pris-ses-fonctions#primaryimage"},"thumbnailUrl":"https:\/\/static.africa-press.net\/congo-brazzaville\/sites\/51\/2023\/01\/postQueueImg_1674980333.61.jpg","datePublished":"2023-01-29T11:48:28+00:00","author":{"@id":"https:\/\/www.africa-press.net\/congo-brazzaville\/#\/schema\/person\/2b1cf3cd81a31e3cd26889ca66d677f1"},"breadcrumb":{"@id":"https:\/\/www.africa-press.net\/congo-brazzaville\/politique\/gendarmerie-nationale-le-nouveau-commandant-a-pris-ses-fonctions#breadcrumb"},"inLanguage":"fr-FR","potentialAction":[{"@type":"ReadAction","target":["https:\/\/www.africa-press.net\/congo-brazzaville\/politique\/gendarmerie-nationale-le-nouveau-commandant-a-pris-ses-fonctions"]}]},{"@type":"ImageObject","inLanguage":"fr-FR","@id":"https:\/\/www.africa-press.net\/congo-brazzaville\/politique\/gendarmerie-nationale-le-nouveau-commandant-a-pris-ses-fonctions#primaryimage","url":"https:\/\/static.africa-press.net\/congo-brazzaville\/sites\/51\/2023\/01\/postQueueImg_1674980333.61.jpg","contentUrl":"https:\/\/static.africa-press.net\/congo-brazzaville\/sites\/51\/2023\/01\/postQueueImg_1674980333.61.jpg","width":1155,"height":768,"caption":"Gendarmerie nationale: le nouveau commandant a pris ses fonctions"},{"@type":"BreadcrumbList","@id":"https:\/\/www.africa-press.net\/congo-brazzaville\/politique\/gendarmerie-nationale-le-nouveau-commandant-a-pris-ses-fonctions#breadcrumb","itemListElement":[{"@type":"ListItem","position":1,"name":"Accueil","item":"https:\/\/www.africa-press.net\/congo-brazzaville\/"},{"@type":"ListItem","position":2,"name":"Gendarmerie nationale: le nouveau commandant a pris ses fonctions"}]},{"@type":"WebSite","@id":"https:\/\/www.africa-press.net\/congo-brazzaville\/#website","url":"https:\/\/www.africa-press.net\/congo-brazzaville\/","name":"Congo Brazzaville","description":"Just another Africa News Agency Sites site","potentialAction":[{"@type":"SearchAction","target":{"@type":"EntryPoint","urlTemplate":"https:\/\/www.africa-press.net\/congo-brazzaville\/?s={search_term_string}"},"query-input":{"@type":"PropertyValueSpecification","valueRequired":true,"valueName":"search_term_string"}}],"inLanguage":"fr-FR"},{"@type":"Person","@id":"https:\/\/www.africa-press.net\/congo-brazzaville\/#\/schema\/person\/2b1cf3cd81a31e3cd26889ca66d677f1","name":"cfeditorfr"}]}},"_links":{"self":[{"href":"https:\/\/www.africa-press.net\/congo-brazzaville\/wp-json\/wp\/v2\/posts\/13858","targetHints":{"allow":["GET"]}}],"collection":[{"href":"https:\/\/www.africa-press.net\/congo-brazzaville\/wp-json\/wp\/v2\/posts"}],"about":[{"href":"https:\/\/www.africa-press.net\/congo-brazzaville\/wp-json\/wp\/v2\/types\/post"}],"author":[{"embeddable":true,"href":"https:\/\/www.africa-press.net\/congo-brazzaville\/wp-json\/wp\/v2\/users\/82"}],"replies":[{"embeddable":true,"href":"https:\/\/www.africa-press.net\/congo-brazzaville\/wp-json\/wp\/v2\/comments?post=13858"}],"version-history":[{"count":0,"href":"https:\/\/www.africa-press.net\/congo-brazzaville\/wp-json\/wp\/v2\/posts\/13858\/revisions"}],"wp:featuredmedia":[{"embeddable":true,"href":"https:\/\/www.africa-press.net\/congo-brazzaville\/wp-json\/wp\/v2\/media\/13857"}],"wp:attachment":[{"href":"https:\/\/www.africa-press.net\/congo-brazzaville\/wp-json\/wp\/v2\/media?parent=13858"}],"wp:term":[{"taxonomy":"category","embeddable":true,"href":"https:\/\/www.africa-press.net\/congo-brazzaville\/wp-json\/wp\/v2\/categories?post=13858"},{"taxonomy":"post_tag","embeddable":true,"href":"https:\/\/www.africa-press.net\/congo-brazzaville\/wp-json\/wp\/v2\/tags?post=13858"}],"curies":[{"name":"wp","href":"https:\/\/api.w.org\/{rel}","templated":true}]}}