{"id":13891,"date":"2023-01-30T12:34:40","date_gmt":"2023-01-30T12:34:40","guid":{"rendered":"https:\/\/www.africa-press.net\/congo-brazzaville\/politique\/industrie-du-bois-necessite-de-former-les-artisans-locaux"},"modified":"2023-01-30T12:34:40","modified_gmt":"2023-01-30T12:34:40","slug":"industrie-du-bois-necessite-de-former-les-artisans-locaux","status":"publish","type":"post","link":"https:\/\/www.africa-press.net\/congo-brazzaville\/economie\/industrie-du-bois-necessite-de-former-les-artisans-locaux","title":{"rendered":"Industrie du bois : n\u00e9cessit\u00e9 de former les artisans locaux"},"content":{"rendered":"<p><span style=\"color: #ff6600\"><strong>Africa-Press &#8211; Congo Brazzaville. <\/strong><\/span><b>La mesure interdisant l\u2019exportation des grumes est entre\u0301e en vigueur en Re\u0301publique du Congo depuis le 1er janvier dernier. Le principal de\u0301fi reste le renforcement des compe\u0301tences locales dans la transformation du bois, l\u2019utilisation des mate\u0301riaux et le choix des espe\u0300ces. <\/b><\/p>\n<p>Vingt-et-un jeunes artisans congolais ont e\u0301te\u0301 forme\u0301s aux me\u0301tiers du bois a\u0300 l\u2019Universite\u0301 technique professionnelle de construction de Guangcha Zhejiang, a\u0300 Dongyang, en Chine, gra\u0302ce a\u0300 un programme conclu entre l\u2019E\u0301tat et la compagnie Sefyd (Socie\u0301te\u0301 d\u2019exploitation forestie\u0300re Yuan Dong Congo). Ce partenariat devrait permettre de former quelques dizaines d\u2019artisans tous les quatre ans a\u0300 la sculpture, au dessin et au design sur bois.<\/p>\n<p>Cette initiative salutaire reste insuffisante au vu de l\u2019ambition du Congo de construire une ve\u0301ritable industrie de bois s\u2019appuyant sur les entreprises locales. L\u2019objectif de la suspension de l\u2019exportation du bois sous forme de grume de\u0301ja\u0300 applicable au port autonome de Pointe-Noire, d\u2019apre\u0300s les autorite\u0301s, est de permettre au secteur forestier congolais et plus largement aux industries du secteur d\u2019augmenter leurs contributions au produit inte\u0301rieur brut et donc d\u2019e\u0301largir les recettes de l\u2019E\u0301tat.<\/p>\n<p>Un autre programme peut contribuer a\u0300 l\u2019atteinte de cet objectif, affirme-t-on. Il s\u2019agit du Projet d\u2019appui au de\u0301veloppement d\u2019une offre de formation professionnelle continue dans la filie\u0300re fore\u0302t-bois en Afrique centrale (Adefac), finance\u0301 par l\u2019Agence franc\u0327aise de de\u0301veloppement (AFD). L\u2019Adefac est mis en \u0153uvre conjointement par le Re\u0301seau des institutions de formation forestie\u0300re et environnementale de l\u2019Afrique centrale et l\u2019Association technique internationale des bois tropicaux jusqu\u2019en 2024.<\/p>\n<p>Pre\u0301sent au Congo et dans trois autres pays de la sous-re\u0301gion (le Cameroun, le Gabon et la Re\u0301publique de\u0301mocratique du Congo), le projet Adefac offre de la formation continue pour la filie\u0300re fore\u0302t-bois (amont et aval) coconstruite par les milieux professionnels et les institutions de formation du secteur. Ces diverses formations sont cense\u0301es ame\u0301liorer l\u2019employabilite\u0301 et les qualifications des acteurs et de valoriser la filie\u0300re e\u0301conomique.<\/p>\n<p>Les principales cibles sont les groupements professionnels, en tant que corps interme\u0301diaire, qui peuvent jouer un ro\u0302le cle\u0301 dans l\u2019orientation des dispositifs de formation continue, la communication sur les besoins en formation continue des entreprises; les entreprises (grandes et petites) qui seront forme\u0301es a\u0300 l\u2019inte\u0301gration de la fonction formation dans leur gestion, afin de mieux identifier les capacite\u0301s et les besoins en renforcement des capacite\u0301s qui permettent a\u0300 l\u2019entreprise d\u2019e\u0301voluer ; et les employe\u0301s pour lesquels seront de\u0301veloppe\u0301s des modules de formation continue adapte\u0301s aux besoins pre\u0301cis de leur secteur d\u2019activite\u0301.<\/p>\n<p><strong>Pour plus d&rsquo;informations et d&rsquo;analyses sur la <a href=\"https:\/\/www.africa-press.net\/congo-brazzaville\">Congo Brazzaville<\/a>, suivez <a href=\"https:\/\/www.africa-press.net\/\">Africa-Press<\/a><\/strong><\/p>\n","protected":false},"excerpt":{"rendered":"<p>Africa-Press &#8211; Congo Brazzaville. La mesure interdisant l\u2019exportation des grumes est entre\u0301e en vigueur en Re\u0301publique du Congo depuis le 1er janvier dernier. Le principal de\u0301fi reste le renforcement des compe\u0301tences locales dans la transformation du bois, l\u2019utilisation des mate\u0301riaux et le choix des espe\u0300ces. Vingt-et-un jeunes artisans congolais ont e\u0301te\u0301 forme\u0301s aux me\u0301tiers du [&hellip;]<\/p>\n","protected":false},"author":82,"featured_media":13890,"comment_status":"open","ping_status":"closed","sticky":false,"template":"","format":"standard","meta":{"footnotes":""},"categories":[3,10],"tags":[36,47,46],"class_list":["post-13891","post","type-post","status-publish","format-standard","has-post-thumbnail","hentry","category-economie","category-toutes-les-actualites","tag-africa-press","tag-africa-press-congo-brazzaville","tag-congo-brazzaville"],"yoast_head":"<!-- This site is optimized with the Yoast SEO Premium plugin v26.1 (Yoast SEO v27.0) - https:\/\/yoast.com\/product\/yoast-seo-premium-wordpress\/ -->\n<title>Industrie du bois : n\u00e9cessit\u00e9 de former les artisans locaux - Congo Brazzaville<\/title>\n<meta name=\"robots\" content=\"index, follow, max-snippet:-1, max-image-preview:large, max-video-preview:-1\" \/>\n<link rel=\"canonical\" href=\"https:\/\/www.africa-press.net\/congo-brazzaville\/politique\/industrie-du-bois-necessite-de-former-les-artisans-locaux\" \/>\n<meta property=\"og:locale\" content=\"fr_FR\" \/>\n<meta property=\"og:type\" content=\"article\" \/>\n<meta property=\"og:title\" content=\"Industrie du bois : n\u00e9cessit\u00e9 de former les artisans locaux\" \/>\n<meta property=\"og:description\" content=\"Africa-Press &#8211; Congo Brazzaville. La mesure interdisant l\u2019exportation des grumes est entre\u0301e en vigueur en Re\u0301publique du Congo depuis le 1er janvier dernier. Le principal de\u0301fi reste le renforcement des compe\u0301tences locales dans la transformation du bois, l\u2019utilisation des mate\u0301riaux et le choix des espe\u0300ces. Vingt-et-un jeunes artisans congolais ont e\u0301te\u0301 forme\u0301s aux me\u0301tiers du [&hellip;]\" \/>\n<meta property=\"og:url\" content=\"https:\/\/www.africa-press.net\/congo-brazzaville\/politique\/industrie-du-bois-necessite-de-former-les-artisans-locaux\" \/>\n<meta property=\"og:site_name\" content=\"Congo Brazzaville\" \/>\n<meta property=\"article:published_time\" content=\"2023-01-30T12:34:40+00:00\" \/>\n<meta name=\"author\" content=\"cfeditorfr\" \/>\n<meta name=\"twitter:card\" content=\"summary_large_image\" \/>\n<meta name=\"twitter:label1\" content=\"\u00c9crit par\" \/>\n\t<meta name=\"twitter:data1\" content=\"cfeditorfr\" \/>\n\t<meta name=\"twitter:label2\" content=\"Dur\u00e9e de lecture estim\u00e9e\" \/>\n\t<meta name=\"twitter:data2\" content=\"2 minutes\" \/>\n<script type=\"application\/ld+json\" class=\"yoast-schema-graph\">{\"@context\":\"https:\/\/schema.org\",\"@graph\":[{\"@type\":\"Article\",\"@id\":\"https:\/\/www.africa-press.net\/congo-brazzaville\/politique\/industrie-du-bois-necessite-de-former-les-artisans-locaux#article\",\"isPartOf\":{\"@id\":\"https:\/\/www.africa-press.net\/congo-brazzaville\/politique\/industrie-du-bois-necessite-de-former-les-artisans-locaux\"},\"author\":{\"name\":\"cfeditorfr\",\"@id\":\"https:\/\/www.africa-press.net\/congo-brazzaville\/#\/schema\/person\/2b1cf3cd81a31e3cd26889ca66d677f1\"},\"headline\":\"Industrie du bois : n\u00e9cessit\u00e9 de former les artisans locaux\",\"datePublished\":\"2023-01-30T12:34:40+00:00\",\"mainEntityOfPage\":{\"@id\":\"https:\/\/www.africa-press.net\/congo-brazzaville\/politique\/industrie-du-bois-necessite-de-former-les-artisans-locaux\"},\"wordCount\":505,\"commentCount\":0,\"image\":{\"@id\":\"https:\/\/www.africa-press.net\/congo-brazzaville\/politique\/industrie-du-bois-necessite-de-former-les-artisans-locaux#primaryimage\"},\"thumbnailUrl\":\"https:\/\/static.africa-press.net\/congo-brazzaville\/sites\/51\/2023\/01\/postQueueImg_1675069484.09.jpg\",\"keywords\":[\"Africa Press\",\"Africa Press-Congo Brazzaville\",\"Congo Brazzaville\"],\"articleSection\":[\"\u00c9conomie\",\"Toutes les actualit\u00e9s\"],\"inLanguage\":\"fr-FR\",\"potentialAction\":[{\"@type\":\"CommentAction\",\"name\":\"Comment\",\"target\":[\"https:\/\/www.africa-press.net\/congo-brazzaville\/politique\/industrie-du-bois-necessite-de-former-les-artisans-locaux#respond\"]}]},{\"@type\":\"WebPage\",\"@id\":\"https:\/\/www.africa-press.net\/congo-brazzaville\/politique\/industrie-du-bois-necessite-de-former-les-artisans-locaux\",\"url\":\"https:\/\/www.africa-press.net\/congo-brazzaville\/politique\/industrie-du-bois-necessite-de-former-les-artisans-locaux\",\"name\":\"Industrie du bois : n\u00e9cessit\u00e9 de former les artisans locaux - Congo Brazzaville\",\"isPartOf\":{\"@id\":\"https:\/\/www.africa-press.net\/congo-brazzaville\/#website\"},\"primaryImageOfPage\":{\"@id\":\"https:\/\/www.africa-press.net\/congo-brazzaville\/politique\/industrie-du-bois-necessite-de-former-les-artisans-locaux#primaryimage\"},\"image\":{\"@id\":\"https:\/\/www.africa-press.net\/congo-brazzaville\/politique\/industrie-du-bois-necessite-de-former-les-artisans-locaux#primaryimage\"},\"thumbnailUrl\":\"https:\/\/static.africa-press.net\/congo-brazzaville\/sites\/51\/2023\/01\/postQueueImg_1675069484.09.jpg\",\"datePublished\":\"2023-01-30T12:34:40+00:00\",\"author\":{\"@id\":\"https:\/\/www.africa-press.net\/congo-brazzaville\/#\/schema\/person\/2b1cf3cd81a31e3cd26889ca66d677f1\"},\"breadcrumb\":{\"@id\":\"https:\/\/www.africa-press.net\/congo-brazzaville\/politique\/industrie-du-bois-necessite-de-former-les-artisans-locaux#breadcrumb\"},\"inLanguage\":\"fr-FR\",\"potentialAction\":[{\"@type\":\"ReadAction\",\"target\":[\"https:\/\/www.africa-press.net\/congo-brazzaville\/politique\/industrie-du-bois-necessite-de-former-les-artisans-locaux\"]}]},{\"@type\":\"ImageObject\",\"inLanguage\":\"fr-FR\",\"@id\":\"https:\/\/www.africa-press.net\/congo-brazzaville\/politique\/industrie-du-bois-necessite-de-former-les-artisans-locaux#primaryimage\",\"url\":\"https:\/\/static.africa-press.net\/congo-brazzaville\/sites\/51\/2023\/01\/postQueueImg_1675069484.09.jpg\",\"contentUrl\":\"https:\/\/static.africa-press.net\/congo-brazzaville\/sites\/51\/2023\/01\/postQueueImg_1675069484.09.jpg\",\"width\":992,\"height\":660,\"caption\":\"Industrie du bois : n\u00e9cessit\u00e9 de former les artisans locaux\"},{\"@type\":\"BreadcrumbList\",\"@id\":\"https:\/\/www.africa-press.net\/congo-brazzaville\/politique\/industrie-du-bois-necessite-de-former-les-artisans-locaux#breadcrumb\",\"itemListElement\":[{\"@type\":\"ListItem\",\"position\":1,\"name\":\"Accueil\",\"item\":\"https:\/\/www.africa-press.net\/congo-brazzaville\/\"},{\"@type\":\"ListItem\",\"position\":2,\"name\":\"Industrie du bois : n\u00e9cessit\u00e9 de former les artisans locaux\"}]},{\"@type\":\"WebSite\",\"@id\":\"https:\/\/www.africa-press.net\/congo-brazzaville\/#website\",\"url\":\"https:\/\/www.africa-press.net\/congo-brazzaville\/\",\"name\":\"Congo Brazzaville\",\"description\":\"Just another Africa News Agency Sites site\",\"potentialAction\":[{\"@type\":\"SearchAction\",\"target\":{\"@type\":\"EntryPoint\",\"urlTemplate\":\"https:\/\/www.africa-press.net\/congo-brazzaville\/?s={search_term_string}\"},\"query-input\":{\"@type\":\"PropertyValueSpecification\",\"valueRequired\":true,\"valueName\":\"search_term_string\"}}],\"inLanguage\":\"fr-FR\"},{\"@type\":\"Person\",\"@id\":\"https:\/\/www.africa-press.net\/congo-brazzaville\/#\/schema\/person\/2b1cf3cd81a31e3cd26889ca66d677f1\",\"name\":\"cfeditorfr\"}]}<\/script>\n<!-- \/ Yoast SEO Premium plugin. -->","yoast_head_json":{"title":"Industrie du bois : n\u00e9cessit\u00e9 de former les artisans locaux - Congo Brazzaville","robots":{"index":"index","follow":"follow","max-snippet":"max-snippet:-1","max-image-preview":"max-image-preview:large","max-video-preview":"max-video-preview:-1"},"canonical":"https:\/\/www.africa-press.net\/congo-brazzaville\/politique\/industrie-du-bois-necessite-de-former-les-artisans-locaux","og_locale":"fr_FR","og_type":"article","og_title":"Industrie du bois : n\u00e9cessit\u00e9 de former les artisans locaux","og_description":"Africa-Press &#8211; Congo Brazzaville. La mesure interdisant l\u2019exportation des grumes est entre\u0301e en vigueur en Re\u0301publique du Congo depuis le 1er janvier dernier. Le principal de\u0301fi reste le renforcement des compe\u0301tences locales dans la transformation du bois, l\u2019utilisation des mate\u0301riaux et le choix des espe\u0300ces. Vingt-et-un jeunes artisans congolais ont e\u0301te\u0301 forme\u0301s aux me\u0301tiers du [&hellip;]","og_url":"https:\/\/www.africa-press.net\/congo-brazzaville\/politique\/industrie-du-bois-necessite-de-former-les-artisans-locaux","og_site_name":"Congo Brazzaville","article_published_time":"2023-01-30T12:34:40+00:00","author":"cfeditorfr","twitter_card":"summary_large_image","twitter_misc":{"\u00c9crit par":"cfeditorfr","Dur\u00e9e de lecture estim\u00e9e":"2 minutes"},"schema":{"@context":"https:\/\/schema.org","@graph":[{"@type":"Article","@id":"https:\/\/www.africa-press.net\/congo-brazzaville\/politique\/industrie-du-bois-necessite-de-former-les-artisans-locaux#article","isPartOf":{"@id":"https:\/\/www.africa-press.net\/congo-brazzaville\/politique\/industrie-du-bois-necessite-de-former-les-artisans-locaux"},"author":{"name":"cfeditorfr","@id":"https:\/\/www.africa-press.net\/congo-brazzaville\/#\/schema\/person\/2b1cf3cd81a31e3cd26889ca66d677f1"},"headline":"Industrie du bois : n\u00e9cessit\u00e9 de former les artisans locaux","datePublished":"2023-01-30T12:34:40+00:00","mainEntityOfPage":{"@id":"https:\/\/www.africa-press.net\/congo-brazzaville\/politique\/industrie-du-bois-necessite-de-former-les-artisans-locaux"},"wordCount":505,"commentCount":0,"image":{"@id":"https:\/\/www.africa-press.net\/congo-brazzaville\/politique\/industrie-du-bois-necessite-de-former-les-artisans-locaux#primaryimage"},"thumbnailUrl":"https:\/\/static.africa-press.net\/congo-brazzaville\/sites\/51\/2023\/01\/postQueueImg_1675069484.09.jpg","keywords":["Africa Press","Africa Press-Congo Brazzaville","Congo Brazzaville"],"articleSection":["\u00c9conomie","Toutes les actualit\u00e9s"],"inLanguage":"fr-FR","potentialAction":[{"@type":"CommentAction","name":"Comment","target":["https:\/\/www.africa-press.net\/congo-brazzaville\/politique\/industrie-du-bois-necessite-de-former-les-artisans-locaux#respond"]}]},{"@type":"WebPage","@id":"https:\/\/www.africa-press.net\/congo-brazzaville\/politique\/industrie-du-bois-necessite-de-former-les-artisans-locaux","url":"https:\/\/www.africa-press.net\/congo-brazzaville\/politique\/industrie-du-bois-necessite-de-former-les-artisans-locaux","name":"Industrie du bois : n\u00e9cessit\u00e9 de former les artisans locaux - Congo Brazzaville","isPartOf":{"@id":"https:\/\/www.africa-press.net\/congo-brazzaville\/#website"},"primaryImageOfPage":{"@id":"https:\/\/www.africa-press.net\/congo-brazzaville\/politique\/industrie-du-bois-necessite-de-former-les-artisans-locaux#primaryimage"},"image":{"@id":"https:\/\/www.africa-press.net\/congo-brazzaville\/politique\/industrie-du-bois-necessite-de-former-les-artisans-locaux#primaryimage"},"thumbnailUrl":"https:\/\/static.africa-press.net\/congo-brazzaville\/sites\/51\/2023\/01\/postQueueImg_1675069484.09.jpg","datePublished":"2023-01-30T12:34:40+00:00","author":{"@id":"https:\/\/www.africa-press.net\/congo-brazzaville\/#\/schema\/person\/2b1cf3cd81a31e3cd26889ca66d677f1"},"breadcrumb":{"@id":"https:\/\/www.africa-press.net\/congo-brazzaville\/politique\/industrie-du-bois-necessite-de-former-les-artisans-locaux#breadcrumb"},"inLanguage":"fr-FR","potentialAction":[{"@type":"ReadAction","target":["https:\/\/www.africa-press.net\/congo-brazzaville\/politique\/industrie-du-bois-necessite-de-former-les-artisans-locaux"]}]},{"@type":"ImageObject","inLanguage":"fr-FR","@id":"https:\/\/www.africa-press.net\/congo-brazzaville\/politique\/industrie-du-bois-necessite-de-former-les-artisans-locaux#primaryimage","url":"https:\/\/static.africa-press.net\/congo-brazzaville\/sites\/51\/2023\/01\/postQueueImg_1675069484.09.jpg","contentUrl":"https:\/\/static.africa-press.net\/congo-brazzaville\/sites\/51\/2023\/01\/postQueueImg_1675069484.09.jpg","width":992,"height":660,"caption":"Industrie du bois : n\u00e9cessit\u00e9 de former les artisans locaux"},{"@type":"BreadcrumbList","@id":"https:\/\/www.africa-press.net\/congo-brazzaville\/politique\/industrie-du-bois-necessite-de-former-les-artisans-locaux#breadcrumb","itemListElement":[{"@type":"ListItem","position":1,"name":"Accueil","item":"https:\/\/www.africa-press.net\/congo-brazzaville\/"},{"@type":"ListItem","position":2,"name":"Industrie du bois : n\u00e9cessit\u00e9 de former les artisans locaux"}]},{"@type":"WebSite","@id":"https:\/\/www.africa-press.net\/congo-brazzaville\/#website","url":"https:\/\/www.africa-press.net\/congo-brazzaville\/","name":"Congo Brazzaville","description":"Just another Africa News Agency Sites site","potentialAction":[{"@type":"SearchAction","target":{"@type":"EntryPoint","urlTemplate":"https:\/\/www.africa-press.net\/congo-brazzaville\/?s={search_term_string}"},"query-input":{"@type":"PropertyValueSpecification","valueRequired":true,"valueName":"search_term_string"}}],"inLanguage":"fr-FR"},{"@type":"Person","@id":"https:\/\/www.africa-press.net\/congo-brazzaville\/#\/schema\/person\/2b1cf3cd81a31e3cd26889ca66d677f1","name":"cfeditorfr"}]}},"_links":{"self":[{"href":"https:\/\/www.africa-press.net\/congo-brazzaville\/wp-json\/wp\/v2\/posts\/13891","targetHints":{"allow":["GET"]}}],"collection":[{"href":"https:\/\/www.africa-press.net\/congo-brazzaville\/wp-json\/wp\/v2\/posts"}],"about":[{"href":"https:\/\/www.africa-press.net\/congo-brazzaville\/wp-json\/wp\/v2\/types\/post"}],"author":[{"embeddable":true,"href":"https:\/\/www.africa-press.net\/congo-brazzaville\/wp-json\/wp\/v2\/users\/82"}],"replies":[{"embeddable":true,"href":"https:\/\/www.africa-press.net\/congo-brazzaville\/wp-json\/wp\/v2\/comments?post=13891"}],"version-history":[{"count":0,"href":"https:\/\/www.africa-press.net\/congo-brazzaville\/wp-json\/wp\/v2\/posts\/13891\/revisions"}],"wp:featuredmedia":[{"embeddable":true,"href":"https:\/\/www.africa-press.net\/congo-brazzaville\/wp-json\/wp\/v2\/media\/13890"}],"wp:attachment":[{"href":"https:\/\/www.africa-press.net\/congo-brazzaville\/wp-json\/wp\/v2\/media?parent=13891"}],"wp:term":[{"taxonomy":"category","embeddable":true,"href":"https:\/\/www.africa-press.net\/congo-brazzaville\/wp-json\/wp\/v2\/categories?post=13891"},{"taxonomy":"post_tag","embeddable":true,"href":"https:\/\/www.africa-press.net\/congo-brazzaville\/wp-json\/wp\/v2\/tags?post=13891"}],"curies":[{"name":"wp","href":"https:\/\/api.w.org\/{rel}","templated":true}]}}