{"id":13905,"date":"2023-01-31T12:39:58","date_gmt":"2023-01-31T12:39:58","guid":{"rendered":"https:\/\/www.africa-press.net\/congo-brazzaville\/politique\/la-banque-mondiale-appelle-a-la-finalisation-des-manuels-pedagogiques-dans-le-cadre-du-praased"},"modified":"2023-01-31T12:39:58","modified_gmt":"2023-01-31T12:39:58","slug":"la-banque-mondiale-appelle-a-la-finalisation-des-manuels-pedagogiques-dans-le-cadre-du-praased","status":"publish","type":"post","link":"https:\/\/www.africa-press.net\/congo-brazzaville\/economie\/la-banque-mondiale-appelle-a-la-finalisation-des-manuels-pedagogiques-dans-le-cadre-du-praased","title":{"rendered":"la banque mondiale appelle \u00e0 la finalisation des manuels p\u00e9dagogiques dans le cadre du praased"},"content":{"rendered":"<p><span style=\"color: #ff6600\"><strong>Africa-Press &#8211; Congo Brazzaville. <\/strong><\/span><b>La repre\u0301sentante re\u0301sidente de la Banque Mondiale en Re\u0301publique du Congo, Korotoumou Ouatarra, a e\u0301change\u0301 le 30 janvier a\u0300 Brazzaville avec le ministre de l\u2019Enseignement pre\u0301scolaire, primaire, secondaire et de l\u2019alphabe\u0301tisation Jean Luc Moutou sur la ne\u0301cessite\u0301 sur la finalisation, avant la fin du Projet d\u2019appui a\u0300 l\u2019ame\u0301lioration du syste\u0300me e\u0301ducatif (PRAASED), des manuels pe\u0301dagogiques des classes de CE1-CE2, CM1-CM2 et 4e\u0300me-3e\u0300me.<\/b><\/p>\n<p>La rencontre de la repre\u0301sentante re\u0301sidente de la Banque Mondiale en Re\u0301publique du Congo, Korotoumou Ouatarra avec le ministre Jean Luc Moutou s\u2019inscrit dans le cadre de la mise a\u0300 disposition des documents pe\u0301dagogiques via le Projet d\u2019appui a\u0300 l\u2019ame\u0301lioration du syste\u0300me e\u0301ducatif (PRAASED) dans les e\u0301coles en Re\u0301publique du Congo, dans la perspective de la rentre\u0301e scolaire 2023-2024.<\/p>\n<p>\u00ab A l\u2019approche de la fin du PRAASED, nous sommes venus voir comment nous allons formaliser et imprimer les programmes prioritaires a\u0300 savoir les programmes des e\u0301le\u0300ves en classes de CE1-CE2, CM1-CM2 et 4e\u0300me-3e\u0300me. Il est important que ces programmes non seulement soient e\u0301labore\u0301s d\u2019ici la fin du projet pre\u0301vue pour juin 2023 \u00bb, a explique\u0301 Korotoumou Ouatarra.<\/p>\n<p>Elle a e\u0301galement fait le plaidoyer pour un changement du statut de l\u2019INRAP, Institut national de recherche et d\u2019action pe\u0301dagogique afin d\u2019accroi\u0302tre ses missions et lui permettre d\u2019avoir plus de moyens : \u00ab En rapport avec cette urgence, nous avons e\u0301change\u0301 avec le ministre de l\u2019Enseignement pre\u0301scolaire, primaire, secondaire et de l\u2019alphabe\u0301tisation sur l\u2019e\u0301ventualite\u0301 que le statut de l\u2019Institut national de recherche et d\u2019action pe\u0301dagogique (INRAP) changer afin que dans le futur qu\u2019il continue a\u0300 produire des supports pe\u0301dagogiques afin de be\u0301ne\u0301ficier de l\u2019appui de plusieurs bailleurs de fonds en mate\u0301riels, en compe\u0301tences techniques \u00bb, a conclu La repre\u0301sentante re\u0301sidente de la Banque Mondiale en Re\u0301publique du Congo.<\/p>\n<p><strong>Pour plus d&rsquo;informations et d&rsquo;analyses sur la <a href=\"https:\/\/www.africa-press.net\/congo-brazzaville\">Congo Brazzaville<\/a>, suivez <a href=\"https:\/\/www.africa-press.net\/\">Africa-Press<\/a><\/strong><\/p>\n","protected":false},"excerpt":{"rendered":"<p>Africa-Press &#8211; Congo Brazzaville. La repre\u0301sentante re\u0301sidente de la Banque Mondiale en Re\u0301publique du Congo, Korotoumou Ouatarra, a e\u0301change\u0301 le 30 janvier a\u0300 Brazzaville avec le ministre de l\u2019Enseignement pre\u0301scolaire, primaire, secondaire et de l\u2019alphabe\u0301tisation Jean Luc Moutou sur la ne\u0301cessite\u0301 sur la finalisation, avant la fin du Projet d\u2019appui a\u0300 l\u2019ame\u0301lioration du syste\u0300me e\u0301ducatif [&hellip;]<\/p>\n","protected":false},"author":82,"featured_media":13904,"comment_status":"open","ping_status":"closed","sticky":false,"template":"","format":"standard","meta":{"footnotes":""},"categories":[3,10],"tags":[36,47,46],"class_list":["post-13905","post","type-post","status-publish","format-standard","has-post-thumbnail","hentry","category-economie","category-toutes-les-actualites","tag-africa-press","tag-africa-press-congo-brazzaville","tag-congo-brazzaville"],"yoast_head":"<!-- This site is optimized with the Yoast SEO Premium plugin v26.1 (Yoast SEO v27.0) - https:\/\/yoast.com\/product\/yoast-seo-premium-wordpress\/ -->\n<title>la banque mondiale appelle \u00e0 la finalisation des manuels p\u00e9dagogiques dans le cadre du praased - Congo Brazzaville<\/title>\n<meta name=\"robots\" content=\"index, follow, max-snippet:-1, max-image-preview:large, max-video-preview:-1\" \/>\n<link rel=\"canonical\" href=\"https:\/\/www.africa-press.net\/congo-brazzaville\/politique\/la-banque-mondiale-appelle-a-la-finalisation-des-manuels-pedagogiques-dans-le-cadre-du-praased\" \/>\n<meta property=\"og:locale\" content=\"fr_FR\" \/>\n<meta property=\"og:type\" content=\"article\" \/>\n<meta property=\"og:title\" content=\"la banque mondiale appelle \u00e0 la finalisation des manuels p\u00e9dagogiques dans le cadre du praased\" \/>\n<meta property=\"og:description\" content=\"Africa-Press &#8211; Congo Brazzaville. La repre\u0301sentante re\u0301sidente de la Banque Mondiale en Re\u0301publique du Congo, Korotoumou Ouatarra, a e\u0301change\u0301 le 30 janvier a\u0300 Brazzaville avec le ministre de l\u2019Enseignement pre\u0301scolaire, primaire, secondaire et de l\u2019alphabe\u0301tisation Jean Luc Moutou sur la ne\u0301cessite\u0301 sur la finalisation, avant la fin du Projet d\u2019appui a\u0300 l\u2019ame\u0301lioration du syste\u0300me e\u0301ducatif [&hellip;]\" \/>\n<meta property=\"og:url\" content=\"https:\/\/www.africa-press.net\/congo-brazzaville\/politique\/la-banque-mondiale-appelle-a-la-finalisation-des-manuels-pedagogiques-dans-le-cadre-du-praased\" \/>\n<meta property=\"og:site_name\" content=\"Congo Brazzaville\" \/>\n<meta property=\"article:published_time\" content=\"2023-01-31T12:39:58+00:00\" \/>\n<meta name=\"author\" content=\"cfeditorfr\" \/>\n<meta name=\"twitter:card\" content=\"summary_large_image\" \/>\n<meta name=\"twitter:label1\" content=\"\u00c9crit par\" \/>\n\t<meta name=\"twitter:data1\" content=\"cfeditorfr\" \/>\n\t<meta name=\"twitter:label2\" content=\"Dur\u00e9e de lecture estim\u00e9e\" \/>\n\t<meta name=\"twitter:data2\" content=\"2 minutes\" \/>\n<script type=\"application\/ld+json\" class=\"yoast-schema-graph\">{\"@context\":\"https:\/\/schema.org\",\"@graph\":[{\"@type\":\"Article\",\"@id\":\"https:\/\/www.africa-press.net\/congo-brazzaville\/politique\/la-banque-mondiale-appelle-a-la-finalisation-des-manuels-pedagogiques-dans-le-cadre-du-praased#article\",\"isPartOf\":{\"@id\":\"https:\/\/www.africa-press.net\/congo-brazzaville\/politique\/la-banque-mondiale-appelle-a-la-finalisation-des-manuels-pedagogiques-dans-le-cadre-du-praased\"},\"author\":{\"name\":\"cfeditorfr\",\"@id\":\"https:\/\/www.africa-press.net\/congo-brazzaville\/#\/schema\/person\/2b1cf3cd81a31e3cd26889ca66d677f1\"},\"headline\":\"la banque mondiale appelle \u00e0 la finalisation des manuels p\u00e9dagogiques dans le cadre du praased\",\"datePublished\":\"2023-01-31T12:39:58+00:00\",\"mainEntityOfPage\":{\"@id\":\"https:\/\/www.africa-press.net\/congo-brazzaville\/politique\/la-banque-mondiale-appelle-a-la-finalisation-des-manuels-pedagogiques-dans-le-cadre-du-praased\"},\"wordCount\":384,\"commentCount\":0,\"image\":{\"@id\":\"https:\/\/www.africa-press.net\/congo-brazzaville\/politique\/la-banque-mondiale-appelle-a-la-finalisation-des-manuels-pedagogiques-dans-le-cadre-du-praased#primaryimage\"},\"thumbnailUrl\":\"https:\/\/static.africa-press.net\/congo-brazzaville\/sites\/51\/2023\/01\/postQueueImg_1675156207.18.jpg\",\"keywords\":[\"Africa Press\",\"Africa Press-Congo Brazzaville\",\"Congo Brazzaville\"],\"articleSection\":[\"\u00c9conomie\",\"Toutes les actualit\u00e9s\"],\"inLanguage\":\"fr-FR\",\"potentialAction\":[{\"@type\":\"CommentAction\",\"name\":\"Comment\",\"target\":[\"https:\/\/www.africa-press.net\/congo-brazzaville\/politique\/la-banque-mondiale-appelle-a-la-finalisation-des-manuels-pedagogiques-dans-le-cadre-du-praased#respond\"]}]},{\"@type\":\"WebPage\",\"@id\":\"https:\/\/www.africa-press.net\/congo-brazzaville\/politique\/la-banque-mondiale-appelle-a-la-finalisation-des-manuels-pedagogiques-dans-le-cadre-du-praased\",\"url\":\"https:\/\/www.africa-press.net\/congo-brazzaville\/politique\/la-banque-mondiale-appelle-a-la-finalisation-des-manuels-pedagogiques-dans-le-cadre-du-praased\",\"name\":\"la banque mondiale appelle \u00e0 la finalisation des manuels p\u00e9dagogiques dans le cadre du praased - Congo Brazzaville\",\"isPartOf\":{\"@id\":\"https:\/\/www.africa-press.net\/congo-brazzaville\/#website\"},\"primaryImageOfPage\":{\"@id\":\"https:\/\/www.africa-press.net\/congo-brazzaville\/politique\/la-banque-mondiale-appelle-a-la-finalisation-des-manuels-pedagogiques-dans-le-cadre-du-praased#primaryimage\"},\"image\":{\"@id\":\"https:\/\/www.africa-press.net\/congo-brazzaville\/politique\/la-banque-mondiale-appelle-a-la-finalisation-des-manuels-pedagogiques-dans-le-cadre-du-praased#primaryimage\"},\"thumbnailUrl\":\"https:\/\/static.africa-press.net\/congo-brazzaville\/sites\/51\/2023\/01\/postQueueImg_1675156207.18.jpg\",\"datePublished\":\"2023-01-31T12:39:58+00:00\",\"author\":{\"@id\":\"https:\/\/www.africa-press.net\/congo-brazzaville\/#\/schema\/person\/2b1cf3cd81a31e3cd26889ca66d677f1\"},\"breadcrumb\":{\"@id\":\"https:\/\/www.africa-press.net\/congo-brazzaville\/politique\/la-banque-mondiale-appelle-a-la-finalisation-des-manuels-pedagogiques-dans-le-cadre-du-praased#breadcrumb\"},\"inLanguage\":\"fr-FR\",\"potentialAction\":[{\"@type\":\"ReadAction\",\"target\":[\"https:\/\/www.africa-press.net\/congo-brazzaville\/politique\/la-banque-mondiale-appelle-a-la-finalisation-des-manuels-pedagogiques-dans-le-cadre-du-praased\"]}]},{\"@type\":\"ImageObject\",\"inLanguage\":\"fr-FR\",\"@id\":\"https:\/\/www.africa-press.net\/congo-brazzaville\/politique\/la-banque-mondiale-appelle-a-la-finalisation-des-manuels-pedagogiques-dans-le-cadre-du-praased#primaryimage\",\"url\":\"https:\/\/static.africa-press.net\/congo-brazzaville\/sites\/51\/2023\/01\/postQueueImg_1675156207.18.jpg\",\"contentUrl\":\"https:\/\/static.africa-press.net\/congo-brazzaville\/sites\/51\/2023\/01\/postQueueImg_1675156207.18.jpg\",\"width\":747,\"height\":445,\"caption\":\"la banque mondiale appelle \u00e0 la finalisation des manuels p\u00e9dagogiques dans le cadre du praased\"},{\"@type\":\"BreadcrumbList\",\"@id\":\"https:\/\/www.africa-press.net\/congo-brazzaville\/politique\/la-banque-mondiale-appelle-a-la-finalisation-des-manuels-pedagogiques-dans-le-cadre-du-praased#breadcrumb\",\"itemListElement\":[{\"@type\":\"ListItem\",\"position\":1,\"name\":\"Accueil\",\"item\":\"https:\/\/www.africa-press.net\/congo-brazzaville\/\"},{\"@type\":\"ListItem\",\"position\":2,\"name\":\"la banque mondiale appelle \u00e0 la finalisation des manuels p\u00e9dagogiques dans le cadre du praased\"}]},{\"@type\":\"WebSite\",\"@id\":\"https:\/\/www.africa-press.net\/congo-brazzaville\/#website\",\"url\":\"https:\/\/www.africa-press.net\/congo-brazzaville\/\",\"name\":\"Congo Brazzaville\",\"description\":\"Just another Africa News Agency Sites site\",\"potentialAction\":[{\"@type\":\"SearchAction\",\"target\":{\"@type\":\"EntryPoint\",\"urlTemplate\":\"https:\/\/www.africa-press.net\/congo-brazzaville\/?s={search_term_string}\"},\"query-input\":{\"@type\":\"PropertyValueSpecification\",\"valueRequired\":true,\"valueName\":\"search_term_string\"}}],\"inLanguage\":\"fr-FR\"},{\"@type\":\"Person\",\"@id\":\"https:\/\/www.africa-press.net\/congo-brazzaville\/#\/schema\/person\/2b1cf3cd81a31e3cd26889ca66d677f1\",\"name\":\"cfeditorfr\"}]}<\/script>\n<!-- \/ Yoast SEO Premium plugin. -->","yoast_head_json":{"title":"la banque mondiale appelle \u00e0 la finalisation des manuels p\u00e9dagogiques dans le cadre du praased - Congo Brazzaville","robots":{"index":"index","follow":"follow","max-snippet":"max-snippet:-1","max-image-preview":"max-image-preview:large","max-video-preview":"max-video-preview:-1"},"canonical":"https:\/\/www.africa-press.net\/congo-brazzaville\/politique\/la-banque-mondiale-appelle-a-la-finalisation-des-manuels-pedagogiques-dans-le-cadre-du-praased","og_locale":"fr_FR","og_type":"article","og_title":"la banque mondiale appelle \u00e0 la finalisation des manuels p\u00e9dagogiques dans le cadre du praased","og_description":"Africa-Press &#8211; Congo Brazzaville. La repre\u0301sentante re\u0301sidente de la Banque Mondiale en Re\u0301publique du Congo, Korotoumou Ouatarra, a e\u0301change\u0301 le 30 janvier a\u0300 Brazzaville avec le ministre de l\u2019Enseignement pre\u0301scolaire, primaire, secondaire et de l\u2019alphabe\u0301tisation Jean Luc Moutou sur la ne\u0301cessite\u0301 sur la finalisation, avant la fin du Projet d\u2019appui a\u0300 l\u2019ame\u0301lioration du syste\u0300me e\u0301ducatif [&hellip;]","og_url":"https:\/\/www.africa-press.net\/congo-brazzaville\/politique\/la-banque-mondiale-appelle-a-la-finalisation-des-manuels-pedagogiques-dans-le-cadre-du-praased","og_site_name":"Congo Brazzaville","article_published_time":"2023-01-31T12:39:58+00:00","author":"cfeditorfr","twitter_card":"summary_large_image","twitter_misc":{"\u00c9crit par":"cfeditorfr","Dur\u00e9e de lecture estim\u00e9e":"2 minutes"},"schema":{"@context":"https:\/\/schema.org","@graph":[{"@type":"Article","@id":"https:\/\/www.africa-press.net\/congo-brazzaville\/politique\/la-banque-mondiale-appelle-a-la-finalisation-des-manuels-pedagogiques-dans-le-cadre-du-praased#article","isPartOf":{"@id":"https:\/\/www.africa-press.net\/congo-brazzaville\/politique\/la-banque-mondiale-appelle-a-la-finalisation-des-manuels-pedagogiques-dans-le-cadre-du-praased"},"author":{"name":"cfeditorfr","@id":"https:\/\/www.africa-press.net\/congo-brazzaville\/#\/schema\/person\/2b1cf3cd81a31e3cd26889ca66d677f1"},"headline":"la banque mondiale appelle \u00e0 la finalisation des manuels p\u00e9dagogiques dans le cadre du praased","datePublished":"2023-01-31T12:39:58+00:00","mainEntityOfPage":{"@id":"https:\/\/www.africa-press.net\/congo-brazzaville\/politique\/la-banque-mondiale-appelle-a-la-finalisation-des-manuels-pedagogiques-dans-le-cadre-du-praased"},"wordCount":384,"commentCount":0,"image":{"@id":"https:\/\/www.africa-press.net\/congo-brazzaville\/politique\/la-banque-mondiale-appelle-a-la-finalisation-des-manuels-pedagogiques-dans-le-cadre-du-praased#primaryimage"},"thumbnailUrl":"https:\/\/static.africa-press.net\/congo-brazzaville\/sites\/51\/2023\/01\/postQueueImg_1675156207.18.jpg","keywords":["Africa Press","Africa Press-Congo Brazzaville","Congo Brazzaville"],"articleSection":["\u00c9conomie","Toutes les actualit\u00e9s"],"inLanguage":"fr-FR","potentialAction":[{"@type":"CommentAction","name":"Comment","target":["https:\/\/www.africa-press.net\/congo-brazzaville\/politique\/la-banque-mondiale-appelle-a-la-finalisation-des-manuels-pedagogiques-dans-le-cadre-du-praased#respond"]}]},{"@type":"WebPage","@id":"https:\/\/www.africa-press.net\/congo-brazzaville\/politique\/la-banque-mondiale-appelle-a-la-finalisation-des-manuels-pedagogiques-dans-le-cadre-du-praased","url":"https:\/\/www.africa-press.net\/congo-brazzaville\/politique\/la-banque-mondiale-appelle-a-la-finalisation-des-manuels-pedagogiques-dans-le-cadre-du-praased","name":"la banque mondiale appelle \u00e0 la finalisation des manuels p\u00e9dagogiques dans le cadre du praased - Congo Brazzaville","isPartOf":{"@id":"https:\/\/www.africa-press.net\/congo-brazzaville\/#website"},"primaryImageOfPage":{"@id":"https:\/\/www.africa-press.net\/congo-brazzaville\/politique\/la-banque-mondiale-appelle-a-la-finalisation-des-manuels-pedagogiques-dans-le-cadre-du-praased#primaryimage"},"image":{"@id":"https:\/\/www.africa-press.net\/congo-brazzaville\/politique\/la-banque-mondiale-appelle-a-la-finalisation-des-manuels-pedagogiques-dans-le-cadre-du-praased#primaryimage"},"thumbnailUrl":"https:\/\/static.africa-press.net\/congo-brazzaville\/sites\/51\/2023\/01\/postQueueImg_1675156207.18.jpg","datePublished":"2023-01-31T12:39:58+00:00","author":{"@id":"https:\/\/www.africa-press.net\/congo-brazzaville\/#\/schema\/person\/2b1cf3cd81a31e3cd26889ca66d677f1"},"breadcrumb":{"@id":"https:\/\/www.africa-press.net\/congo-brazzaville\/politique\/la-banque-mondiale-appelle-a-la-finalisation-des-manuels-pedagogiques-dans-le-cadre-du-praased#breadcrumb"},"inLanguage":"fr-FR","potentialAction":[{"@type":"ReadAction","target":["https:\/\/www.africa-press.net\/congo-brazzaville\/politique\/la-banque-mondiale-appelle-a-la-finalisation-des-manuels-pedagogiques-dans-le-cadre-du-praased"]}]},{"@type":"ImageObject","inLanguage":"fr-FR","@id":"https:\/\/www.africa-press.net\/congo-brazzaville\/politique\/la-banque-mondiale-appelle-a-la-finalisation-des-manuels-pedagogiques-dans-le-cadre-du-praased#primaryimage","url":"https:\/\/static.africa-press.net\/congo-brazzaville\/sites\/51\/2023\/01\/postQueueImg_1675156207.18.jpg","contentUrl":"https:\/\/static.africa-press.net\/congo-brazzaville\/sites\/51\/2023\/01\/postQueueImg_1675156207.18.jpg","width":747,"height":445,"caption":"la banque mondiale appelle \u00e0 la finalisation des manuels p\u00e9dagogiques dans le cadre du praased"},{"@type":"BreadcrumbList","@id":"https:\/\/www.africa-press.net\/congo-brazzaville\/politique\/la-banque-mondiale-appelle-a-la-finalisation-des-manuels-pedagogiques-dans-le-cadre-du-praased#breadcrumb","itemListElement":[{"@type":"ListItem","position":1,"name":"Accueil","item":"https:\/\/www.africa-press.net\/congo-brazzaville\/"},{"@type":"ListItem","position":2,"name":"la banque mondiale appelle \u00e0 la finalisation des manuels p\u00e9dagogiques dans le cadre du praased"}]},{"@type":"WebSite","@id":"https:\/\/www.africa-press.net\/congo-brazzaville\/#website","url":"https:\/\/www.africa-press.net\/congo-brazzaville\/","name":"Congo Brazzaville","description":"Just another Africa News Agency Sites site","potentialAction":[{"@type":"SearchAction","target":{"@type":"EntryPoint","urlTemplate":"https:\/\/www.africa-press.net\/congo-brazzaville\/?s={search_term_string}"},"query-input":{"@type":"PropertyValueSpecification","valueRequired":true,"valueName":"search_term_string"}}],"inLanguage":"fr-FR"},{"@type":"Person","@id":"https:\/\/www.africa-press.net\/congo-brazzaville\/#\/schema\/person\/2b1cf3cd81a31e3cd26889ca66d677f1","name":"cfeditorfr"}]}},"_links":{"self":[{"href":"https:\/\/www.africa-press.net\/congo-brazzaville\/wp-json\/wp\/v2\/posts\/13905","targetHints":{"allow":["GET"]}}],"collection":[{"href":"https:\/\/www.africa-press.net\/congo-brazzaville\/wp-json\/wp\/v2\/posts"}],"about":[{"href":"https:\/\/www.africa-press.net\/congo-brazzaville\/wp-json\/wp\/v2\/types\/post"}],"author":[{"embeddable":true,"href":"https:\/\/www.africa-press.net\/congo-brazzaville\/wp-json\/wp\/v2\/users\/82"}],"replies":[{"embeddable":true,"href":"https:\/\/www.africa-press.net\/congo-brazzaville\/wp-json\/wp\/v2\/comments?post=13905"}],"version-history":[{"count":0,"href":"https:\/\/www.africa-press.net\/congo-brazzaville\/wp-json\/wp\/v2\/posts\/13905\/revisions"}],"wp:featuredmedia":[{"embeddable":true,"href":"https:\/\/www.africa-press.net\/congo-brazzaville\/wp-json\/wp\/v2\/media\/13904"}],"wp:attachment":[{"href":"https:\/\/www.africa-press.net\/congo-brazzaville\/wp-json\/wp\/v2\/media?parent=13905"}],"wp:term":[{"taxonomy":"category","embeddable":true,"href":"https:\/\/www.africa-press.net\/congo-brazzaville\/wp-json\/wp\/v2\/categories?post=13905"},{"taxonomy":"post_tag","embeddable":true,"href":"https:\/\/www.africa-press.net\/congo-brazzaville\/wp-json\/wp\/v2\/tags?post=13905"}],"curies":[{"name":"wp","href":"https:\/\/api.w.org\/{rel}","templated":true}]}}