{"id":13919,"date":"2023-01-31T12:25:05","date_gmt":"2023-01-31T12:25:05","guid":{"rendered":"https:\/\/www.africa-press.net\/congo-brazzaville\/politique\/vernissage-dossou-makawu-expose-au-pefaco"},"modified":"2023-01-31T12:25:05","modified_gmt":"2023-01-31T12:25:05","slug":"vernissage-dossou-makawu-expose-au-pefaco","status":"publish","type":"post","link":"https:\/\/www.africa-press.net\/congo-brazzaville\/culture-et-art\/vernissage-dossou-makawu-expose-au-pefaco","title":{"rendered":"Vernissage : Dossou Makawu expose au Pefaco"},"content":{"rendered":"<p><span style=\"color: #ff6600\"><strong>Africa-Press &#8211; Congo Brazzaville. <\/strong><\/span><b>Vingt-deux tableaux de l\u2019artiste peintre Dossou Makawu sont en exposition dans le hall de Pefaco ho\u0302tel Maya-Maya, depuis la soire\u0301e du 26 janvier dernier. <\/b><\/p>\n<p>La ce\u0301re\u0301monie de vernissage de l\u2019exposition d\u2019art contemporain de l\u2019artiste Dossou Makawu s\u2019est de\u0301roule\u0301e en pre\u0301sence de la conseille\u0300re spe\u0301ciale du pre\u0301sident de la Re\u0301publique, cheffe du de\u0301partement Communication et Me\u0301dias, Claudia Sassou N&rsquo;Guesso; de la directrice ge\u0301ne\u0301rale du me\u0301morial Pierre-Savorgnan-de-Brazza, Be\u0301linda Ayessa et du directeur ge\u0301ne\u0301ral de Pefaco ho\u0302tel Maya-Maya, Alexandre Becher, venus tous encourager l\u2019artiste et soutenir les \u0153uvres d\u2019art.<\/p>\n<p>Apre\u0300s le mot introductif du directeur Alexandre Becher, Laurent Petit, parrain de l\u2019artiste peintre, a pris la parole pour parler de l\u2019importance de l\u2019art et dresser le portrait sur l\u2019art de Dossou Makawu. Pour lui, l\u2019art c\u2019est l\u2019expression de la culture; l\u2019art de Dossou c\u2019est l\u2019art qui parle, son coup de pinceau est exceptionnel. Quand l\u2019art voyage, a-t-il dit, il cre\u0301e des ponts, des ponts entre l\u2019Occident et l\u2019Afrique, et dans le cas e\u0301che\u0301ant entre Kinshasa et Brazzaville. Ainsi, parlant de la composition de l\u2019art de Dossou, Laurent Petit a souligne\u0301 que c&rsquo;est un art engage\u0301.<\/p>\n<p>Les vingt-deux tableaux expose\u0301s sont mixtes et abordent plusieurs the\u0300mes, en partant de la ne\u0301gociation sur l\u2019environnement d\u2019aujourd\u2019hui, voire me\u0302me de la transmission du savoir. Dossou Makawu est un artiste qui a une de\u0301marche optimiste. Il a souvent l\u2019habitude de dire que c\u2019est gra\u0302ce a\u0300 la science autant qu\u2019a\u0300 la culture et au dialogue que les hommes seront capables de se de\u0301passer. C\u2019est pourquoi, a\u0300 travers ses tableaux, il convoque l\u2019histoire et le pre\u0301sent en poussant les amoureux des \u0153uvres d\u2019art a\u0300 une re\u0301flexion joyeuse et grave sur les enjeux bru\u0302lants, dans tous les sens du terme, des questions environnementales. Son style unique, sa mai\u0302trise du geste pictural, son talent de composition sont ses armes pacifiques pour secouer les modes de vie et valeurs des amoureux de l\u2019art pictural.<\/p>\n<p>En effet, Dossou Makawu met, dans ses dernie\u0300res toiles, son talent au service de la protection de l\u2019environnement. Ses compositions sont faites de fourches et de roues de ve\u0301lo, de guidons, de selles, de pe\u0301dales mais aussi de moteurs, de calendres automobiles, de cartes e\u0301lectroniques ou d\u2019autres composants d\u2019appareils e\u0301lectrome\u0301nagers, ou encore d\u2019objets issus d\u2019un quotidien moderne. Tous ces objets deviennent partie inte\u0301grante d\u2019une sorte de paysage re\u0301aliste dans lequel la nature peine a\u0300 e\u0302tre pre\u0301sente mais n\u2019est jamais absente. La the\u0301matique a\u0300 laquelle Dossou invite les amoureux de l\u2019art pictural ne saurait e\u0302tre plus pertinente a\u0300 l\u2019e\u0301poque actuelle et questionne la responsabilite\u0301 de l\u2019homme face a\u0300 son environnement. A la fois re\u0301aliste et imaginaire, son art pose des questions tre\u0300s actuelles sur le rapport de l\u2019humain a\u0300 l\u2019e\u0301cologie. Son coup de pinceau implacable pousse a\u0300 prendre position et ses couleurs re\u0301veillent les amoureux des \u0153uvres d\u2019art de leur re\u0302ve de toute puissance.<\/p>\n<p>L\u2019artiste qui n\u2019a pas voulu prononcer un discours a pluto\u0302t peint un tableau se\u0301ance tenante en un laps de temps. Il a e\u0301te\u0301 vivement ovationne\u0301 par le public venu nombreux assister a\u0300 ce vernissage. Ne\u0301 en 1980 a\u0300 Kinshasa, en Re\u0301publique de\u0301mocratique du Congo ou\u0300 il vit et travaille, Dossou Makawu est de\u0301tenteur du diplo\u0302me de graduat en art plastique, option peinture, obtenu a\u0300 l\u2019Acade\u0301mie des beaux-arts de Kinshasa. Il est e\u0301galement diplo\u0302me\u0301 d\u2019Etat en art plastique, option peinture.<\/p>\n<p>Notons que ce vernissage a eu lieu gra\u0302ce Alexandre Becher pour avoir permis sa tenue et Christian Sanga Pamba, agent de l\u2019artiste peintre Dossou Mukawa, pour avoir facilite\u0301 sa venue a\u0300 Brazzaville, et a\u0300 Laurent Petit, le parrain de l\u2019e\u0301ve\u0301nement.\r\n                <style type=\"text\/css\">\r\n                    \r\n                    #td_uid_1_69ee933cb9ba9  .td-doubleSlider-2 .td-item1 {\r\n                        background: url(https:\/\/static.africa-press.net\/congo-brazzaville\/sites\/51\/2023\/01\/postMediaimg_45_1-63d90effaeca7-80x60.jpg) 0 0 no-repeat;\r\n                    }\r\n                    #td_uid_1_69ee933cb9ba9  .td-doubleSlider-2 .td-item2 {\r\n                        background: url(https:\/\/static.africa-press.net\/congo-brazzaville\/sites\/51\/2023\/01\/postMediaimg_45_2-63d90f31667cc-80x60.jpg) 0 0 no-repeat;\r\n                    }\r\n                <\/style>\r\n\r\n                <div id=\"td_uid_1_69ee933cb9ba9\" class=\"td-gallery td-slide-on-2-columns\">\r\n                    <div class=\"post_td_gallery\">\r\n                        <div class=\"td-gallery-slide-top\">\r\n                           <div class=\"td-gallery-title\"><\/div>\r\n\r\n                            <div class=\"td-gallery-controls-wrapper\">\r\n                                <div class=\"td-gallery-slide-count\"><span class=\"td-gallery-slide-item-focus\">1<\/span> de 2<\/div>\r\n                                <div class=\"td-gallery-slide-prev-next-but\">\r\n                                    <i class = \"td-icon-left doubleSliderPrevButton\"><\/i>\r\n                                    <i class = \"td-icon-right doubleSliderNextButton\"><\/i>\r\n                                <\/div>\r\n                            <\/div>\r\n                        <\/div>\r\n\r\n                        <div class = \"td-doubleSlider-1 \">\r\n                            <div class = \"td-slider\">\r\n                                \r\n                    <div class = \"td-slide-item td-item1\">\r\n                        <figure class=\"td-slide-galery-figure td-slide-popup-gallery\">\r\n                            <a class=\"slide-gallery-image-link\" href=\"https:\/\/static.africa-press.net\/congo-brazzaville\/sites\/51\/2023\/01\/postMediaimg_45_1-63d90effaeca7.jpg\" title=\"postMediaimg_45_1-63d90effaeca7\"  data-caption=\"\"  data-description=\"\">\r\n                                <img decoding=\"async\" src=\"https:\/\/static.africa-press.net\/congo-brazzaville\/sites\/51\/2023\/01\/postMediaimg_45_1-63d90effaeca7.jpg\" srcset=\"https:\/\/static.africa-press.net\/congo-brazzaville\/sites\/51\/2023\/01\/postMediaimg_45_1-63d90effaeca7.jpg 824w, https:\/\/static.africa-press.net\/congo-brazzaville\/sites\/51\/2023\/01\/postMediaimg_45_1-63d90effaeca7-300x206.jpg 300w, https:\/\/static.africa-press.net\/congo-brazzaville\/sites\/51\/2023\/01\/postMediaimg_45_1-63d90effaeca7-768x528.jpg 768w, https:\/\/static.africa-press.net\/congo-brazzaville\/sites\/51\/2023\/01\/postMediaimg_45_1-63d90effaeca7-100x70.jpg 100w, https:\/\/static.africa-press.net\/congo-brazzaville\/sites\/51\/2023\/01\/postMediaimg_45_1-63d90effaeca7-218x150.jpg 218w\" sizes=\"(max-width: 824px) 100vw, 824px\" alt=\"\">\r\n                            <\/a>\r\n                            \r\n                        <\/figure>\r\n                    <\/div>\r\n                    <div class = \"td-slide-item td-item2\">\r\n                        <figure class=\"td-slide-galery-figure td-slide-popup-gallery\">\r\n                            <a class=\"slide-gallery-image-link\" href=\"https:\/\/static.africa-press.net\/congo-brazzaville\/sites\/51\/2023\/01\/postMediaimg_45_2-63d90f31667cc.jpg\" title=\"postMediaimg_45_2-63d90f31667cc\"  data-caption=\"\"  data-description=\"\">\r\n                                <img decoding=\"async\" src=\"https:\/\/static.africa-press.net\/congo-brazzaville\/sites\/51\/2023\/01\/postMediaimg_45_2-63d90f31667cc.jpg\" srcset=\"https:\/\/static.africa-press.net\/congo-brazzaville\/sites\/51\/2023\/01\/postMediaimg_45_2-63d90f31667cc.jpg 815w, https:\/\/static.africa-press.net\/congo-brazzaville\/sites\/51\/2023\/01\/postMediaimg_45_2-63d90f31667cc-300x200.jpg 300w, https:\/\/static.africa-press.net\/congo-brazzaville\/sites\/51\/2023\/01\/postMediaimg_45_2-63d90f31667cc-768x513.jpg 768w\" sizes=\"(max-width: 815px) 100vw, 815px\" alt=\"\">\r\n                            <\/a>\r\n                            \r\n                        <\/figure>\r\n                    <\/div>\r\n                            <\/div>\r\n                        <\/div>\r\n\r\n                        <div class = \"td-doubleSlider-2\">\r\n                            <div class = \"td-slider\">\r\n                                \r\n                    <div class = \"td-button td-item1\">\r\n                        <div class = \"td-border\"><\/div>\r\n                    <\/div>\r\n                    <div class = \"td-button td-item2\">\r\n                        <div class = \"td-border\"><\/div>\r\n                    <\/div>\r\n                            <\/div>\r\n                        <\/div>\r\n\r\n                    <\/div>\r\n\r\n                <\/div>\r\n                <\/p>\n<p><strong>Pour plus d&rsquo;informations et d&rsquo;analyses sur la <a href=\"https:\/\/www.africa-press.net\/congo-brazzaville\">Congo Brazzaville<\/a>, suivez <a href=\"https:\/\/www.africa-press.net\/\">Africa-Press<\/a><\/strong><\/p>\n","protected":false},"excerpt":{"rendered":"<p>Africa-Press &#8211; Congo Brazzaville. Vingt-deux tableaux de l\u2019artiste peintre Dossou Makawu sont en exposition dans le hall de Pefaco ho\u0302tel Maya-Maya, depuis la soire\u0301e du 26 janvier dernier. La ce\u0301re\u0301monie de vernissage de l\u2019exposition d\u2019art contemporain de l\u2019artiste Dossou Makawu s\u2019est de\u0301roule\u0301e en pre\u0301sence de la conseille\u0300re spe\u0301ciale du pre\u0301sident de la Re\u0301publique, cheffe du [&hellip;]<\/p>\n","protected":false},"author":82,"featured_media":13918,"comment_status":"open","ping_status":"closed","sticky":false,"template":"","format":"standard","meta":{"footnotes":""},"categories":[5,8,10],"tags":[36,47,46],"class_list":["post-13919","post","type-post","status-publish","format-standard","has-post-thumbnail","hentry","category-culture-et-art","category-photo","category-toutes-les-actualites","tag-africa-press","tag-africa-press-congo-brazzaville","tag-congo-brazzaville"],"yoast_head":"<!-- This site is optimized with the Yoast SEO Premium plugin v26.1 (Yoast SEO v27.0) - https:\/\/yoast.com\/product\/yoast-seo-premium-wordpress\/ -->\n<title>Vernissage : Dossou Makawu expose au Pefaco - Congo Brazzaville<\/title>\n<meta name=\"robots\" content=\"index, follow, max-snippet:-1, max-image-preview:large, max-video-preview:-1\" \/>\n<link rel=\"canonical\" href=\"https:\/\/www.africa-press.net\/congo-brazzaville\/politique\/vernissage-dossou-makawu-expose-au-pefaco\" \/>\n<meta property=\"og:locale\" content=\"fr_FR\" \/>\n<meta property=\"og:type\" content=\"article\" \/>\n<meta property=\"og:title\" content=\"Vernissage : Dossou Makawu expose au Pefaco\" \/>\n<meta property=\"og:description\" content=\"Africa-Press &#8211; Congo Brazzaville. Vingt-deux tableaux de l\u2019artiste peintre Dossou Makawu sont en exposition dans le hall de Pefaco ho\u0302tel Maya-Maya, depuis la soire\u0301e du 26 janvier dernier. La ce\u0301re\u0301monie de vernissage de l\u2019exposition d\u2019art contemporain de l\u2019artiste Dossou Makawu s\u2019est de\u0301roule\u0301e en pre\u0301sence de la conseille\u0300re spe\u0301ciale du pre\u0301sident de la Re\u0301publique, cheffe du [&hellip;]\" \/>\n<meta property=\"og:url\" content=\"https:\/\/www.africa-press.net\/congo-brazzaville\/politique\/vernissage-dossou-makawu-expose-au-pefaco\" \/>\n<meta property=\"og:site_name\" content=\"Congo Brazzaville\" \/>\n<meta property=\"article:published_time\" content=\"2023-01-31T12:25:05+00:00\" \/>\n<meta property=\"og:image\" content=\"https:\/\/static.africa-press.net\/congo-brazzaville\/sites\/51\/2023\/01\/postMediaimg_45_1-63d90effaeca7.jpg\" \/>\n<meta name=\"author\" content=\"cfeditorfr\" \/>\n<meta name=\"twitter:card\" content=\"summary_large_image\" \/>\n<meta name=\"twitter:label1\" content=\"\u00c9crit par\" \/>\n\t<meta name=\"twitter:data1\" content=\"cfeditorfr\" \/>\n\t<meta name=\"twitter:label2\" content=\"Dur\u00e9e de lecture estim\u00e9e\" \/>\n\t<meta name=\"twitter:data2\" content=\"4 minutes\" \/>\n<script type=\"application\/ld+json\" class=\"yoast-schema-graph\">{\"@context\":\"https:\/\/schema.org\",\"@graph\":[{\"@type\":\"Article\",\"@id\":\"https:\/\/www.africa-press.net\/congo-brazzaville\/politique\/vernissage-dossou-makawu-expose-au-pefaco#article\",\"isPartOf\":{\"@id\":\"https:\/\/www.africa-press.net\/congo-brazzaville\/politique\/vernissage-dossou-makawu-expose-au-pefaco\"},\"author\":{\"name\":\"cfeditorfr\",\"@id\":\"https:\/\/www.africa-press.net\/congo-brazzaville\/#\/schema\/person\/2b1cf3cd81a31e3cd26889ca66d677f1\"},\"headline\":\"Vernissage : Dossou Makawu expose au Pefaco\",\"datePublished\":\"2023-01-31T12:25:05+00:00\",\"mainEntityOfPage\":{\"@id\":\"https:\/\/www.africa-press.net\/congo-brazzaville\/politique\/vernissage-dossou-makawu-expose-au-pefaco\"},\"wordCount\":732,\"commentCount\":0,\"image\":{\"@id\":\"https:\/\/www.africa-press.net\/congo-brazzaville\/politique\/vernissage-dossou-makawu-expose-au-pefaco#primaryimage\"},\"thumbnailUrl\":\"https:\/\/static.africa-press.net\/congo-brazzaville\/sites\/51\/2023\/01\/postQueueImg_1675156475.09.jpg\",\"keywords\":[\"Africa Press\",\"Africa Press-Congo Brazzaville\",\"Congo Brazzaville\"],\"articleSection\":[\"Culture et Art\",\"Photo\",\"Toutes les actualit\u00e9s\"],\"inLanguage\":\"fr-FR\",\"potentialAction\":[{\"@type\":\"CommentAction\",\"name\":\"Comment\",\"target\":[\"https:\/\/www.africa-press.net\/congo-brazzaville\/politique\/vernissage-dossou-makawu-expose-au-pefaco#respond\"]}]},{\"@type\":\"WebPage\",\"@id\":\"https:\/\/www.africa-press.net\/congo-brazzaville\/politique\/vernissage-dossou-makawu-expose-au-pefaco\",\"url\":\"https:\/\/www.africa-press.net\/congo-brazzaville\/politique\/vernissage-dossou-makawu-expose-au-pefaco\",\"name\":\"Vernissage : Dossou Makawu expose au Pefaco - Congo Brazzaville\",\"isPartOf\":{\"@id\":\"https:\/\/www.africa-press.net\/congo-brazzaville\/#website\"},\"primaryImageOfPage\":{\"@id\":\"https:\/\/www.africa-press.net\/congo-brazzaville\/politique\/vernissage-dossou-makawu-expose-au-pefaco#primaryimage\"},\"image\":{\"@id\":\"https:\/\/www.africa-press.net\/congo-brazzaville\/politique\/vernissage-dossou-makawu-expose-au-pefaco#primaryimage\"},\"thumbnailUrl\":\"https:\/\/static.africa-press.net\/congo-brazzaville\/sites\/51\/2023\/01\/postQueueImg_1675156475.09.jpg\",\"datePublished\":\"2023-01-31T12:25:05+00:00\",\"author\":{\"@id\":\"https:\/\/www.africa-press.net\/congo-brazzaville\/#\/schema\/person\/2b1cf3cd81a31e3cd26889ca66d677f1\"},\"breadcrumb\":{\"@id\":\"https:\/\/www.africa-press.net\/congo-brazzaville\/politique\/vernissage-dossou-makawu-expose-au-pefaco#breadcrumb\"},\"inLanguage\":\"fr-FR\",\"potentialAction\":[{\"@type\":\"ReadAction\",\"target\":[\"https:\/\/www.africa-press.net\/congo-brazzaville\/politique\/vernissage-dossou-makawu-expose-au-pefaco\"]}]},{\"@type\":\"ImageObject\",\"inLanguage\":\"fr-FR\",\"@id\":\"https:\/\/www.africa-press.net\/congo-brazzaville\/politique\/vernissage-dossou-makawu-expose-au-pefaco#primaryimage\",\"url\":\"https:\/\/static.africa-press.net\/congo-brazzaville\/sites\/51\/2023\/01\/postQueueImg_1675156475.09.jpg\",\"contentUrl\":\"https:\/\/static.africa-press.net\/congo-brazzaville\/sites\/51\/2023\/01\/postQueueImg_1675156475.09.jpg\",\"width\":824,\"height\":566,\"caption\":\"Vernissage : Dossou Makawu expose au Pefaco\"},{\"@type\":\"BreadcrumbList\",\"@id\":\"https:\/\/www.africa-press.net\/congo-brazzaville\/politique\/vernissage-dossou-makawu-expose-au-pefaco#breadcrumb\",\"itemListElement\":[{\"@type\":\"ListItem\",\"position\":1,\"name\":\"Accueil\",\"item\":\"https:\/\/www.africa-press.net\/congo-brazzaville\/\"},{\"@type\":\"ListItem\",\"position\":2,\"name\":\"Vernissage : Dossou Makawu expose au Pefaco\"}]},{\"@type\":\"WebSite\",\"@id\":\"https:\/\/www.africa-press.net\/congo-brazzaville\/#website\",\"url\":\"https:\/\/www.africa-press.net\/congo-brazzaville\/\",\"name\":\"Congo Brazzaville\",\"description\":\"Just another Africa News Agency Sites site\",\"potentialAction\":[{\"@type\":\"SearchAction\",\"target\":{\"@type\":\"EntryPoint\",\"urlTemplate\":\"https:\/\/www.africa-press.net\/congo-brazzaville\/?s={search_term_string}\"},\"query-input\":{\"@type\":\"PropertyValueSpecification\",\"valueRequired\":true,\"valueName\":\"search_term_string\"}}],\"inLanguage\":\"fr-FR\"},{\"@type\":\"Person\",\"@id\":\"https:\/\/www.africa-press.net\/congo-brazzaville\/#\/schema\/person\/2b1cf3cd81a31e3cd26889ca66d677f1\",\"name\":\"cfeditorfr\"}]}<\/script>\n<!-- \/ Yoast SEO Premium plugin. -->","yoast_head_json":{"title":"Vernissage : Dossou Makawu expose au Pefaco - Congo Brazzaville","robots":{"index":"index","follow":"follow","max-snippet":"max-snippet:-1","max-image-preview":"max-image-preview:large","max-video-preview":"max-video-preview:-1"},"canonical":"https:\/\/www.africa-press.net\/congo-brazzaville\/politique\/vernissage-dossou-makawu-expose-au-pefaco","og_locale":"fr_FR","og_type":"article","og_title":"Vernissage : Dossou Makawu expose au Pefaco","og_description":"Africa-Press &#8211; Congo Brazzaville. Vingt-deux tableaux de l\u2019artiste peintre Dossou Makawu sont en exposition dans le hall de Pefaco ho\u0302tel Maya-Maya, depuis la soire\u0301e du 26 janvier dernier. La ce\u0301re\u0301monie de vernissage de l\u2019exposition d\u2019art contemporain de l\u2019artiste Dossou Makawu s\u2019est de\u0301roule\u0301e en pre\u0301sence de la conseille\u0300re spe\u0301ciale du pre\u0301sident de la Re\u0301publique, cheffe du [&hellip;]","og_url":"https:\/\/www.africa-press.net\/congo-brazzaville\/politique\/vernissage-dossou-makawu-expose-au-pefaco","og_site_name":"Congo Brazzaville","article_published_time":"2023-01-31T12:25:05+00:00","og_image":[{"url":"https:\/\/static.africa-press.net\/congo-brazzaville\/sites\/51\/2023\/01\/postMediaimg_45_1-63d90effaeca7.jpg","type":"","width":"","height":""}],"author":"cfeditorfr","twitter_card":"summary_large_image","twitter_misc":{"\u00c9crit par":"cfeditorfr","Dur\u00e9e de lecture estim\u00e9e":"4 minutes"},"schema":{"@context":"https:\/\/schema.org","@graph":[{"@type":"Article","@id":"https:\/\/www.africa-press.net\/congo-brazzaville\/politique\/vernissage-dossou-makawu-expose-au-pefaco#article","isPartOf":{"@id":"https:\/\/www.africa-press.net\/congo-brazzaville\/politique\/vernissage-dossou-makawu-expose-au-pefaco"},"author":{"name":"cfeditorfr","@id":"https:\/\/www.africa-press.net\/congo-brazzaville\/#\/schema\/person\/2b1cf3cd81a31e3cd26889ca66d677f1"},"headline":"Vernissage : Dossou Makawu expose au Pefaco","datePublished":"2023-01-31T12:25:05+00:00","mainEntityOfPage":{"@id":"https:\/\/www.africa-press.net\/congo-brazzaville\/politique\/vernissage-dossou-makawu-expose-au-pefaco"},"wordCount":732,"commentCount":0,"image":{"@id":"https:\/\/www.africa-press.net\/congo-brazzaville\/politique\/vernissage-dossou-makawu-expose-au-pefaco#primaryimage"},"thumbnailUrl":"https:\/\/static.africa-press.net\/congo-brazzaville\/sites\/51\/2023\/01\/postQueueImg_1675156475.09.jpg","keywords":["Africa Press","Africa Press-Congo Brazzaville","Congo Brazzaville"],"articleSection":["Culture et Art","Photo","Toutes les actualit\u00e9s"],"inLanguage":"fr-FR","potentialAction":[{"@type":"CommentAction","name":"Comment","target":["https:\/\/www.africa-press.net\/congo-brazzaville\/politique\/vernissage-dossou-makawu-expose-au-pefaco#respond"]}]},{"@type":"WebPage","@id":"https:\/\/www.africa-press.net\/congo-brazzaville\/politique\/vernissage-dossou-makawu-expose-au-pefaco","url":"https:\/\/www.africa-press.net\/congo-brazzaville\/politique\/vernissage-dossou-makawu-expose-au-pefaco","name":"Vernissage : Dossou Makawu expose au Pefaco - Congo Brazzaville","isPartOf":{"@id":"https:\/\/www.africa-press.net\/congo-brazzaville\/#website"},"primaryImageOfPage":{"@id":"https:\/\/www.africa-press.net\/congo-brazzaville\/politique\/vernissage-dossou-makawu-expose-au-pefaco#primaryimage"},"image":{"@id":"https:\/\/www.africa-press.net\/congo-brazzaville\/politique\/vernissage-dossou-makawu-expose-au-pefaco#primaryimage"},"thumbnailUrl":"https:\/\/static.africa-press.net\/congo-brazzaville\/sites\/51\/2023\/01\/postQueueImg_1675156475.09.jpg","datePublished":"2023-01-31T12:25:05+00:00","author":{"@id":"https:\/\/www.africa-press.net\/congo-brazzaville\/#\/schema\/person\/2b1cf3cd81a31e3cd26889ca66d677f1"},"breadcrumb":{"@id":"https:\/\/www.africa-press.net\/congo-brazzaville\/politique\/vernissage-dossou-makawu-expose-au-pefaco#breadcrumb"},"inLanguage":"fr-FR","potentialAction":[{"@type":"ReadAction","target":["https:\/\/www.africa-press.net\/congo-brazzaville\/politique\/vernissage-dossou-makawu-expose-au-pefaco"]}]},{"@type":"ImageObject","inLanguage":"fr-FR","@id":"https:\/\/www.africa-press.net\/congo-brazzaville\/politique\/vernissage-dossou-makawu-expose-au-pefaco#primaryimage","url":"https:\/\/static.africa-press.net\/congo-brazzaville\/sites\/51\/2023\/01\/postQueueImg_1675156475.09.jpg","contentUrl":"https:\/\/static.africa-press.net\/congo-brazzaville\/sites\/51\/2023\/01\/postQueueImg_1675156475.09.jpg","width":824,"height":566,"caption":"Vernissage : Dossou Makawu expose au Pefaco"},{"@type":"BreadcrumbList","@id":"https:\/\/www.africa-press.net\/congo-brazzaville\/politique\/vernissage-dossou-makawu-expose-au-pefaco#breadcrumb","itemListElement":[{"@type":"ListItem","position":1,"name":"Accueil","item":"https:\/\/www.africa-press.net\/congo-brazzaville\/"},{"@type":"ListItem","position":2,"name":"Vernissage : Dossou Makawu expose au Pefaco"}]},{"@type":"WebSite","@id":"https:\/\/www.africa-press.net\/congo-brazzaville\/#website","url":"https:\/\/www.africa-press.net\/congo-brazzaville\/","name":"Congo Brazzaville","description":"Just another Africa News Agency Sites site","potentialAction":[{"@type":"SearchAction","target":{"@type":"EntryPoint","urlTemplate":"https:\/\/www.africa-press.net\/congo-brazzaville\/?s={search_term_string}"},"query-input":{"@type":"PropertyValueSpecification","valueRequired":true,"valueName":"search_term_string"}}],"inLanguage":"fr-FR"},{"@type":"Person","@id":"https:\/\/www.africa-press.net\/congo-brazzaville\/#\/schema\/person\/2b1cf3cd81a31e3cd26889ca66d677f1","name":"cfeditorfr"}]}},"_links":{"self":[{"href":"https:\/\/www.africa-press.net\/congo-brazzaville\/wp-json\/wp\/v2\/posts\/13919","targetHints":{"allow":["GET"]}}],"collection":[{"href":"https:\/\/www.africa-press.net\/congo-brazzaville\/wp-json\/wp\/v2\/posts"}],"about":[{"href":"https:\/\/www.africa-press.net\/congo-brazzaville\/wp-json\/wp\/v2\/types\/post"}],"author":[{"embeddable":true,"href":"https:\/\/www.africa-press.net\/congo-brazzaville\/wp-json\/wp\/v2\/users\/82"}],"replies":[{"embeddable":true,"href":"https:\/\/www.africa-press.net\/congo-brazzaville\/wp-json\/wp\/v2\/comments?post=13919"}],"version-history":[{"count":0,"href":"https:\/\/www.africa-press.net\/congo-brazzaville\/wp-json\/wp\/v2\/posts\/13919\/revisions"}],"wp:featuredmedia":[{"embeddable":true,"href":"https:\/\/www.africa-press.net\/congo-brazzaville\/wp-json\/wp\/v2\/media\/13918"}],"wp:attachment":[{"href":"https:\/\/www.africa-press.net\/congo-brazzaville\/wp-json\/wp\/v2\/media?parent=13919"}],"wp:term":[{"taxonomy":"category","embeddable":true,"href":"https:\/\/www.africa-press.net\/congo-brazzaville\/wp-json\/wp\/v2\/categories?post=13919"},{"taxonomy":"post_tag","embeddable":true,"href":"https:\/\/www.africa-press.net\/congo-brazzaville\/wp-json\/wp\/v2\/tags?post=13919"}],"curies":[{"name":"wp","href":"https:\/\/api.w.org\/{rel}","templated":true}]}}