{"id":13928,"date":"2023-01-31T19:12:13","date_gmt":"2023-01-31T19:12:13","guid":{"rendered":"https:\/\/www.africa-press.net\/congo-brazzaville\/politique\/hausse-des-prix-du-carburant-une-batterie-de-mesures-pour-amortir-limpact"},"modified":"2023-01-31T21:29:32","modified_gmt":"2023-01-31T21:29:32","slug":"hausse-des-prix-du-carburant-une-batterie-de-mesures-pour-amortir-limpact","status":"publish","type":"post","link":"https:\/\/www.africa-press.net\/congo-brazzaville\/economie\/hausse-des-prix-du-carburant-une-batterie-de-mesures-pour-amortir-limpact","title":{"rendered":"Hausse des prix du carburant : une batterie de mesures pour amortir l\u2019impact"},"content":{"rendered":"<p><span style=\"color: #ff6600\"><strong>Africa-Press &#8211; Congo Brazzaville. <\/strong><\/span><b>Le gouvernement a annonce\u0301, le 30 janvier, la re\u0301duction de la patente de 50%, la suspension du paiement de la taxe de roulage et du paiement des autorisations de transport en faveur des taxis et bus. Mais le syndicat et le Re\u0301seau des associations des consommateurs exigent un me\u0301canisme de contro\u0302le afin d\u2019e\u0301viter la flambe\u0301e des prix de transport et la recrudescence de \u00ab demi-terrain \u00bb. <\/b><\/p>\n<p>La nouvelle disposition sur l\u2019augmentation des prix du carburant a\u0300 la pompe, entre\u0301e en vigueur depuis ce 31 janvier comme l\u2019a annonce\u0301 le gouvernement, fait passer le gasoil de 475 a\u0300 500 FCFA et le super de 595 a\u0300 625 FCFA. Les mesures prises au cours du conseil de cabinet visent a\u0300 faire face a\u0300 cette hausse de carburant, a commente\u0301 le ministre de la Communication et des Me\u0301dias, Thierry Le\u0301zin Moungalla.<\/p>\n<p>La de\u0301cision du gouvernement a e\u0301te\u0301 accueillie avec un grand soulagement par le Syndicat des employeurs du transport terrestre du Congo. Selon le pre\u0301sident de ce syndicat, Patrick Milandou, les transporteurs ont obtenu des autorite\u0301s la garantie d\u2019un accompagnement. \u00ab En dehors de cela, certaines mesures vont e\u0302tre prises dans le cadre de l\u2019applicabilite\u0301 : les contro\u0302les et tout ce qui s\u2019en suivra et de temps en temps, nous allons revenir vers la presse pour expliquer les nouvelles mesures qui vont s\u2019ajouter \u00bb, a laisse\u0301 entendre ce syndicaliste.<\/p>\n<p>Celui-ci a, par ailleurs, demande\u0301 a\u0300 ses camarades transporteurs et aux usagers de maintenir les me\u0302mes tarifs dans le transport en commun et le taxi, 150 FCFA pour le bus et 1000 FCFA pour le taxi. Toute tentative d\u2019augmenter ces tarifs risque, d\u2019apre\u0300s Patrick Milandou, de compromettre la mise en \u0153uvre des avantages annonce\u0301s par le gouvernement et d\u2019autres mesures d\u2019accompagnement. \u00ab Il n\u2019est pas question d\u2019augmenter les tarifs sinon nous ne serons pas en harmonie avec le plan de re\u0301silience et celui-ci aura de l\u2019impact sur le panier de la me\u0301nage\u0300re \u00bb, a-t- il ajoute\u0301.<\/p>\n<p>La crainte des usagers de transport en commun est de revivre la monte\u0301e de \u00ab demi-terrain \u00bb, le non-respect par les conducteurs de bus des itine\u0301raires fixe\u0301s par les autorite\u0301s en concertation avec les syndicats du secteur. Le phe\u0301nome\u0300ne impacte ne\u0301gativement le porte-monnaie des familles oblige\u0301es de de\u0301penser le double voire le triple du budget pre\u0301vu pour le transport.<\/p>\n<p>C\u2019est dans cette optique que le coordonnateur du Re\u0301seau des associations des consommateurs, Mermans Babounga Ngondo, a exhorte\u0301 les pouvoirs publics a\u0300 en assurer le suivi sur le terrain. \u00ab Nous avons bon espoir que les mesures vont s&rsquo;inscrire dans la dure\u0301e et que l&rsquo;Etat prendra toutes les dispositions pour veiller aux caprices des transporteurs. En tant que consommateur, nous attendons le paquet des mesures comple\u0301mentaires qui consolideront celles de\u0301ja\u0300 annonce\u0301es pour que la lutte contre la vie che\u0300re soit une re\u0301alite\u0301 ve\u0301cue \u00bb, a-t- il de\u0301clare\u0301.<\/p>\n<p><strong>Pour plus d&rsquo;informations et d&rsquo;analyses sur la <a href=\"https:\/\/www.africa-press.net\/congo-brazzaville\">Congo Brazzaville<\/a>, suivez <a href=\"https:\/\/www.africa-press.net\/\">Africa-Press<\/a><\/strong><\/p>\n","protected":false},"excerpt":{"rendered":"<p>Africa-Press &#8211; Congo Brazzaville. Le gouvernement a annonce\u0301, le 30 janvier, la re\u0301duction de la patente de 50%, la suspension du paiement de la taxe de roulage et du paiement des autorisations de transport en faveur des taxis et bus. Mais le syndicat et le Re\u0301seau des associations des consommateurs exigent un me\u0301canisme de contro\u0302le [&hellip;]<\/p>\n","protected":false},"author":82,"featured_media":13927,"comment_status":"open","ping_status":"closed","sticky":false,"template":"","format":"standard","meta":{"footnotes":""},"categories":[3,10],"tags":[36,47,46],"class_list":["post-13928","post","type-post","status-publish","format-standard","has-post-thumbnail","hentry","category-economie","category-toutes-les-actualites","tag-africa-press","tag-africa-press-congo-brazzaville","tag-congo-brazzaville"],"yoast_head":"<!-- This site is optimized with the Yoast SEO Premium plugin v26.1 (Yoast SEO v27.0) - https:\/\/yoast.com\/product\/yoast-seo-premium-wordpress\/ -->\n<title>Hausse des prix du carburant : une batterie de mesures pour amortir l\u2019impact - Congo Brazzaville<\/title>\n<meta name=\"description\" content=\"Le gouvernement a annonce\u0301, le 30 janvier, la re\u0301duction de la patente de 50%, la suspension du paiement de la taxe d ...\" \/>\n<meta name=\"robots\" content=\"index, follow, max-snippet:-1, max-image-preview:large, max-video-preview:-1\" \/>\n<link rel=\"canonical\" href=\"https:\/\/www.africa-press.net\/congo-brazzaville\/economie\/hausse-des-prix-du-carburant-une-batterie-de-mesures-pour-amortir-limpact\" \/>\n<meta property=\"og:locale\" content=\"fr_FR\" \/>\n<meta property=\"og:type\" content=\"article\" \/>\n<meta property=\"og:title\" content=\"Hausse des prix du carburant : une batterie de mesures pour amortir l\u2019impact\" \/>\n<meta property=\"og:description\" content=\"Le gouvernement a annonce\u0301, le 30 janvier, la re\u0301duction de la patente de 50%, la suspension du paiement de la taxe d ...\" \/>\n<meta property=\"og:url\" content=\"https:\/\/www.africa-press.net\/congo-brazzaville\/economie\/hausse-des-prix-du-carburant-une-batterie-de-mesures-pour-amortir-limpact\" \/>\n<meta property=\"og:site_name\" content=\"Congo Brazzaville\" \/>\n<meta property=\"article:published_time\" content=\"2023-01-31T19:12:13+00:00\" \/>\n<meta property=\"article:modified_time\" content=\"2023-01-31T21:29:32+00:00\" \/>\n<meta property=\"og:image\" content=\"https:\/\/static.africa-press.net\/congo-brazzaville\/sites\/51\/2023\/01\/postQueueImg_1675179740.94.jpg\" \/>\n\t<meta property=\"og:image:width\" content=\"720\" \/>\n\t<meta property=\"og:image:height\" content=\"264\" \/>\n\t<meta property=\"og:image:type\" content=\"image\/jpeg\" \/>\n<meta name=\"author\" content=\"cfeditorfr\" \/>\n<meta name=\"twitter:card\" content=\"summary_large_image\" \/>\n<meta name=\"twitter:label1\" content=\"\u00c9crit par\" \/>\n\t<meta name=\"twitter:data1\" content=\"cfeditorfr\" \/>\n\t<meta name=\"twitter:label2\" content=\"Dur\u00e9e de lecture estim\u00e9e\" \/>\n\t<meta name=\"twitter:data2\" content=\"3 minutes\" \/>\n<script type=\"application\/ld+json\" class=\"yoast-schema-graph\">{\"@context\":\"https:\/\/schema.org\",\"@graph\":[{\"@type\":\"Article\",\"@id\":\"https:\/\/www.africa-press.net\/congo-brazzaville\/economie\/hausse-des-prix-du-carburant-une-batterie-de-mesures-pour-amortir-limpact#article\",\"isPartOf\":{\"@id\":\"https:\/\/www.africa-press.net\/congo-brazzaville\/economie\/hausse-des-prix-du-carburant-une-batterie-de-mesures-pour-amortir-limpact\"},\"author\":{\"name\":\"cfeditorfr\",\"@id\":\"https:\/\/www.africa-press.net\/congo-brazzaville\/#\/schema\/person\/2b1cf3cd81a31e3cd26889ca66d677f1\"},\"headline\":\"Hausse des prix du carburant : une batterie de mesures pour amortir l\u2019impact\",\"datePublished\":\"2023-01-31T19:12:13+00:00\",\"dateModified\":\"2023-01-31T21:29:32+00:00\",\"mainEntityOfPage\":{\"@id\":\"https:\/\/www.africa-press.net\/congo-brazzaville\/economie\/hausse-des-prix-du-carburant-une-batterie-de-mesures-pour-amortir-limpact\"},\"wordCount\":535,\"commentCount\":0,\"image\":{\"@id\":\"https:\/\/www.africa-press.net\/congo-brazzaville\/economie\/hausse-des-prix-du-carburant-une-batterie-de-mesures-pour-amortir-limpact#primaryimage\"},\"thumbnailUrl\":\"https:\/\/static.africa-press.net\/congo-brazzaville\/sites\/51\/2023\/01\/postQueueImg_1675179740.94.jpg\",\"keywords\":[\"Africa Press\",\"Africa Press-Congo Brazzaville\",\"Congo Brazzaville\"],\"articleSection\":[\"\u00c9conomie\",\"Toutes les actualit\u00e9s\"],\"inLanguage\":\"fr-FR\",\"potentialAction\":[{\"@type\":\"CommentAction\",\"name\":\"Comment\",\"target\":[\"https:\/\/www.africa-press.net\/congo-brazzaville\/economie\/hausse-des-prix-du-carburant-une-batterie-de-mesures-pour-amortir-limpact#respond\"]}]},{\"@type\":\"WebPage\",\"@id\":\"https:\/\/www.africa-press.net\/congo-brazzaville\/economie\/hausse-des-prix-du-carburant-une-batterie-de-mesures-pour-amortir-limpact\",\"url\":\"https:\/\/www.africa-press.net\/congo-brazzaville\/economie\/hausse-des-prix-du-carburant-une-batterie-de-mesures-pour-amortir-limpact\",\"name\":\"Hausse des prix du carburant : une batterie de mesures pour amortir l\u2019impact - Congo Brazzaville\",\"isPartOf\":{\"@id\":\"https:\/\/www.africa-press.net\/congo-brazzaville\/#website\"},\"primaryImageOfPage\":{\"@id\":\"https:\/\/www.africa-press.net\/congo-brazzaville\/economie\/hausse-des-prix-du-carburant-une-batterie-de-mesures-pour-amortir-limpact#primaryimage\"},\"image\":{\"@id\":\"https:\/\/www.africa-press.net\/congo-brazzaville\/economie\/hausse-des-prix-du-carburant-une-batterie-de-mesures-pour-amortir-limpact#primaryimage\"},\"thumbnailUrl\":\"https:\/\/static.africa-press.net\/congo-brazzaville\/sites\/51\/2023\/01\/postQueueImg_1675179740.94.jpg\",\"datePublished\":\"2023-01-31T19:12:13+00:00\",\"dateModified\":\"2023-01-31T21:29:32+00:00\",\"author\":{\"@id\":\"https:\/\/www.africa-press.net\/congo-brazzaville\/#\/schema\/person\/2b1cf3cd81a31e3cd26889ca66d677f1\"},\"description\":\"Le gouvernement a annonce\u0301, le 30 janvier, la re\u0301duction de la patente de 50%, la suspension du paiement de la taxe d ...\",\"breadcrumb\":{\"@id\":\"https:\/\/www.africa-press.net\/congo-brazzaville\/economie\/hausse-des-prix-du-carburant-une-batterie-de-mesures-pour-amortir-limpact#breadcrumb\"},\"inLanguage\":\"fr-FR\",\"potentialAction\":[{\"@type\":\"ReadAction\",\"target\":[\"https:\/\/www.africa-press.net\/congo-brazzaville\/economie\/hausse-des-prix-du-carburant-une-batterie-de-mesures-pour-amortir-limpact\"]}]},{\"@type\":\"ImageObject\",\"inLanguage\":\"fr-FR\",\"@id\":\"https:\/\/www.africa-press.net\/congo-brazzaville\/economie\/hausse-des-prix-du-carburant-une-batterie-de-mesures-pour-amortir-limpact#primaryimage\",\"url\":\"https:\/\/static.africa-press.net\/congo-brazzaville\/sites\/51\/2023\/01\/postQueueImg_1675179740.94.jpg\",\"contentUrl\":\"https:\/\/static.africa-press.net\/congo-brazzaville\/sites\/51\/2023\/01\/postQueueImg_1675179740.94.jpg\",\"width\":720,\"height\":264,\"caption\":\"Hausse des prix du carburant : une batterie de mesures pour amortir l\u2019impact\"},{\"@type\":\"BreadcrumbList\",\"@id\":\"https:\/\/www.africa-press.net\/congo-brazzaville\/economie\/hausse-des-prix-du-carburant-une-batterie-de-mesures-pour-amortir-limpact#breadcrumb\",\"itemListElement\":[{\"@type\":\"ListItem\",\"position\":1,\"name\":\"Accueil\",\"item\":\"https:\/\/www.africa-press.net\/congo-brazzaville\/\"},{\"@type\":\"ListItem\",\"position\":2,\"name\":\"Hausse des prix du carburant : une batterie de mesures pour amortir l\u2019impact\"}]},{\"@type\":\"WebSite\",\"@id\":\"https:\/\/www.africa-press.net\/congo-brazzaville\/#website\",\"url\":\"https:\/\/www.africa-press.net\/congo-brazzaville\/\",\"name\":\"Congo Brazzaville\",\"description\":\"Just another Africa News Agency Sites site\",\"potentialAction\":[{\"@type\":\"SearchAction\",\"target\":{\"@type\":\"EntryPoint\",\"urlTemplate\":\"https:\/\/www.africa-press.net\/congo-brazzaville\/?s={search_term_string}\"},\"query-input\":{\"@type\":\"PropertyValueSpecification\",\"valueRequired\":true,\"valueName\":\"search_term_string\"}}],\"inLanguage\":\"fr-FR\"},{\"@type\":\"Person\",\"@id\":\"https:\/\/www.africa-press.net\/congo-brazzaville\/#\/schema\/person\/2b1cf3cd81a31e3cd26889ca66d677f1\",\"name\":\"cfeditorfr\"}]}<\/script>\n<!-- \/ Yoast SEO Premium plugin. -->","yoast_head_json":{"title":"Hausse des prix du carburant : une batterie de mesures pour amortir l\u2019impact - Congo Brazzaville","description":"Le gouvernement a annonce\u0301, le 30 janvier, la re\u0301duction de la patente de 50%, la suspension du paiement de la taxe d ...","robots":{"index":"index","follow":"follow","max-snippet":"max-snippet:-1","max-image-preview":"max-image-preview:large","max-video-preview":"max-video-preview:-1"},"canonical":"https:\/\/www.africa-press.net\/congo-brazzaville\/economie\/hausse-des-prix-du-carburant-une-batterie-de-mesures-pour-amortir-limpact","og_locale":"fr_FR","og_type":"article","og_title":"Hausse des prix du carburant : une batterie de mesures pour amortir l\u2019impact","og_description":"Le gouvernement a annonce\u0301, le 30 janvier, la re\u0301duction de la patente de 50%, la suspension du paiement de la taxe d ...","og_url":"https:\/\/www.africa-press.net\/congo-brazzaville\/economie\/hausse-des-prix-du-carburant-une-batterie-de-mesures-pour-amortir-limpact","og_site_name":"Congo Brazzaville","article_published_time":"2023-01-31T19:12:13+00:00","article_modified_time":"2023-01-31T21:29:32+00:00","og_image":[{"width":720,"height":264,"url":"https:\/\/static.africa-press.net\/congo-brazzaville\/sites\/51\/2023\/01\/postQueueImg_1675179740.94.jpg","type":"image\/jpeg"}],"author":"cfeditorfr","twitter_card":"summary_large_image","twitter_misc":{"\u00c9crit par":"cfeditorfr","Dur\u00e9e de lecture estim\u00e9e":"3 minutes"},"schema":{"@context":"https:\/\/schema.org","@graph":[{"@type":"Article","@id":"https:\/\/www.africa-press.net\/congo-brazzaville\/economie\/hausse-des-prix-du-carburant-une-batterie-de-mesures-pour-amortir-limpact#article","isPartOf":{"@id":"https:\/\/www.africa-press.net\/congo-brazzaville\/economie\/hausse-des-prix-du-carburant-une-batterie-de-mesures-pour-amortir-limpact"},"author":{"name":"cfeditorfr","@id":"https:\/\/www.africa-press.net\/congo-brazzaville\/#\/schema\/person\/2b1cf3cd81a31e3cd26889ca66d677f1"},"headline":"Hausse des prix du carburant : une batterie de mesures pour amortir l\u2019impact","datePublished":"2023-01-31T19:12:13+00:00","dateModified":"2023-01-31T21:29:32+00:00","mainEntityOfPage":{"@id":"https:\/\/www.africa-press.net\/congo-brazzaville\/economie\/hausse-des-prix-du-carburant-une-batterie-de-mesures-pour-amortir-limpact"},"wordCount":535,"commentCount":0,"image":{"@id":"https:\/\/www.africa-press.net\/congo-brazzaville\/economie\/hausse-des-prix-du-carburant-une-batterie-de-mesures-pour-amortir-limpact#primaryimage"},"thumbnailUrl":"https:\/\/static.africa-press.net\/congo-brazzaville\/sites\/51\/2023\/01\/postQueueImg_1675179740.94.jpg","keywords":["Africa Press","Africa Press-Congo Brazzaville","Congo Brazzaville"],"articleSection":["\u00c9conomie","Toutes les actualit\u00e9s"],"inLanguage":"fr-FR","potentialAction":[{"@type":"CommentAction","name":"Comment","target":["https:\/\/www.africa-press.net\/congo-brazzaville\/economie\/hausse-des-prix-du-carburant-une-batterie-de-mesures-pour-amortir-limpact#respond"]}]},{"@type":"WebPage","@id":"https:\/\/www.africa-press.net\/congo-brazzaville\/economie\/hausse-des-prix-du-carburant-une-batterie-de-mesures-pour-amortir-limpact","url":"https:\/\/www.africa-press.net\/congo-brazzaville\/economie\/hausse-des-prix-du-carburant-une-batterie-de-mesures-pour-amortir-limpact","name":"Hausse des prix du carburant : une batterie de mesures pour amortir l\u2019impact - Congo Brazzaville","isPartOf":{"@id":"https:\/\/www.africa-press.net\/congo-brazzaville\/#website"},"primaryImageOfPage":{"@id":"https:\/\/www.africa-press.net\/congo-brazzaville\/economie\/hausse-des-prix-du-carburant-une-batterie-de-mesures-pour-amortir-limpact#primaryimage"},"image":{"@id":"https:\/\/www.africa-press.net\/congo-brazzaville\/economie\/hausse-des-prix-du-carburant-une-batterie-de-mesures-pour-amortir-limpact#primaryimage"},"thumbnailUrl":"https:\/\/static.africa-press.net\/congo-brazzaville\/sites\/51\/2023\/01\/postQueueImg_1675179740.94.jpg","datePublished":"2023-01-31T19:12:13+00:00","dateModified":"2023-01-31T21:29:32+00:00","author":{"@id":"https:\/\/www.africa-press.net\/congo-brazzaville\/#\/schema\/person\/2b1cf3cd81a31e3cd26889ca66d677f1"},"description":"Le gouvernement a annonce\u0301, le 30 janvier, la re\u0301duction de la patente de 50%, la suspension du paiement de la taxe d ...","breadcrumb":{"@id":"https:\/\/www.africa-press.net\/congo-brazzaville\/economie\/hausse-des-prix-du-carburant-une-batterie-de-mesures-pour-amortir-limpact#breadcrumb"},"inLanguage":"fr-FR","potentialAction":[{"@type":"ReadAction","target":["https:\/\/www.africa-press.net\/congo-brazzaville\/economie\/hausse-des-prix-du-carburant-une-batterie-de-mesures-pour-amortir-limpact"]}]},{"@type":"ImageObject","inLanguage":"fr-FR","@id":"https:\/\/www.africa-press.net\/congo-brazzaville\/economie\/hausse-des-prix-du-carburant-une-batterie-de-mesures-pour-amortir-limpact#primaryimage","url":"https:\/\/static.africa-press.net\/congo-brazzaville\/sites\/51\/2023\/01\/postQueueImg_1675179740.94.jpg","contentUrl":"https:\/\/static.africa-press.net\/congo-brazzaville\/sites\/51\/2023\/01\/postQueueImg_1675179740.94.jpg","width":720,"height":264,"caption":"Hausse des prix du carburant : une batterie de mesures pour amortir l\u2019impact"},{"@type":"BreadcrumbList","@id":"https:\/\/www.africa-press.net\/congo-brazzaville\/economie\/hausse-des-prix-du-carburant-une-batterie-de-mesures-pour-amortir-limpact#breadcrumb","itemListElement":[{"@type":"ListItem","position":1,"name":"Accueil","item":"https:\/\/www.africa-press.net\/congo-brazzaville\/"},{"@type":"ListItem","position":2,"name":"Hausse des prix du carburant : une batterie de mesures pour amortir l\u2019impact"}]},{"@type":"WebSite","@id":"https:\/\/www.africa-press.net\/congo-brazzaville\/#website","url":"https:\/\/www.africa-press.net\/congo-brazzaville\/","name":"Congo Brazzaville","description":"Just another Africa News Agency Sites site","potentialAction":[{"@type":"SearchAction","target":{"@type":"EntryPoint","urlTemplate":"https:\/\/www.africa-press.net\/congo-brazzaville\/?s={search_term_string}"},"query-input":{"@type":"PropertyValueSpecification","valueRequired":true,"valueName":"search_term_string"}}],"inLanguage":"fr-FR"},{"@type":"Person","@id":"https:\/\/www.africa-press.net\/congo-brazzaville\/#\/schema\/person\/2b1cf3cd81a31e3cd26889ca66d677f1","name":"cfeditorfr"}]}},"_links":{"self":[{"href":"https:\/\/www.africa-press.net\/congo-brazzaville\/wp-json\/wp\/v2\/posts\/13928","targetHints":{"allow":["GET"]}}],"collection":[{"href":"https:\/\/www.africa-press.net\/congo-brazzaville\/wp-json\/wp\/v2\/posts"}],"about":[{"href":"https:\/\/www.africa-press.net\/congo-brazzaville\/wp-json\/wp\/v2\/types\/post"}],"author":[{"embeddable":true,"href":"https:\/\/www.africa-press.net\/congo-brazzaville\/wp-json\/wp\/v2\/users\/82"}],"replies":[{"embeddable":true,"href":"https:\/\/www.africa-press.net\/congo-brazzaville\/wp-json\/wp\/v2\/comments?post=13928"}],"version-history":[{"count":0,"href":"https:\/\/www.africa-press.net\/congo-brazzaville\/wp-json\/wp\/v2\/posts\/13928\/revisions"}],"wp:featuredmedia":[{"embeddable":true,"href":"https:\/\/www.africa-press.net\/congo-brazzaville\/wp-json\/wp\/v2\/media\/13927"}],"wp:attachment":[{"href":"https:\/\/www.africa-press.net\/congo-brazzaville\/wp-json\/wp\/v2\/media?parent=13928"}],"wp:term":[{"taxonomy":"category","embeddable":true,"href":"https:\/\/www.africa-press.net\/congo-brazzaville\/wp-json\/wp\/v2\/categories?post=13928"},{"taxonomy":"post_tag","embeddable":true,"href":"https:\/\/www.africa-press.net\/congo-brazzaville\/wp-json\/wp\/v2\/tags?post=13928"}],"curies":[{"name":"wp","href":"https:\/\/api.w.org\/{rel}","templated":true}]}}