{"id":13931,"date":"2023-01-31T19:12:24","date_gmt":"2023-01-31T19:12:24","guid":{"rendered":"https:\/\/www.africa-press.net\/congo-brazzaville\/politique\/enseignement-general-produire-des-supports-pedagogiques-le-plus-tot-possible"},"modified":"2023-01-31T21:30:34","modified_gmt":"2023-01-31T21:30:34","slug":"enseignement-general-produire-des-supports-pedagogiques-le-plus-tot-possible","status":"publish","type":"post","link":"https:\/\/www.africa-press.net\/congo-brazzaville\/toutes-les-actualites\/enseignement-general-produire-des-supports-pedagogiques-le-plus-tot-possible","title":{"rendered":"Enseignement g\u00e9n\u00e9ral : produire des supports p\u00e9dagogiques le plus t\u00f4t possible"},"content":{"rendered":"<p><span style=\"color: #ff6600\"><strong>Africa-Press &#8211; Congo Brazzaville. <\/strong><\/span><b>Le ministre de l\u2019Enseignement pre\u0301scolaire, primaire, secondaire et de l\u2019Alphabe\u0301tisation, Jean Luc Mouthou, et la repre\u0301sentante de la Banque mondiale au Congo, Korotoumou Ouattara, ont e\u0301change\u0301 sur les me\u0301canismes a\u0300 mettre en place afin que les supports pe\u0301dagogiques soient produits au plus tard en juin prochain. <\/b><\/p>\n<p>Le projet du gouvernement d\u2019appui a\u0300 l\u2019ame\u0301lioration du syste\u0300me e\u0301ducatif, finance\u0301 par la Banque mondiale, prendra fin en juin prochain. Il se charge, entre autres, de re\u0301viser les programmes e\u0301ducatifs. Au primaire pour les classes de CP1 et CP2 en mathe\u0301matiques, franc\u0327ais et sciences et au colle\u0300ge les classes de 6e et 5e en mathe\u0301matiques, franc\u0327ais, sciences de la vie et de la terre. Les programmes re\u0301vise\u0301s sont de\u0301ja\u0300 entre\u0301s en vigueur.<\/p>\n<p>Il reste donc a\u0300 formaliser les programmes de CE1, CE2, CM1 et CM2 par la mise en conformite\u0301 e\u0301ditoriale avant l\u2019impression qui ne doit pas tarder. \u00ab Il faut donc produire a\u0300 temps les supports pe\u0301dagogiques afin que les e\u0301le\u0300ves puissent en disposer a\u0300 la rentre\u0301e scolaire prochaine. D\u2019ici a\u0300 mars, nous devons commencer l\u2019impression \u00bb, a explique\u0301 Korotoumou Ouattara au sortir de l\u2019entrevue avec le ministre de l\u2019Enseignement pre\u0301scolaire, primaire, secondaire et de l\u2019Alphabe\u0301tisation.<\/p>\n<p>Ainsi, les deux personnalite\u0301s ont e\u0301voque\u0301 la ne\u0301cessite\u0301 de revoir le statut de l\u2019Institut national de recherche et d\u2019action pe\u0301dagogiques. Il est, en effet, question de donner plus de possibilite\u0301s a\u0300 la structure de continuer a\u0300 produire les supports pe\u0301dagogiques et de be\u0301ne\u0301ficier de l\u2019appui des autres bailleurs de fonds. Appui en e\u0301quipements, en compe\u0301tences&#8230;<\/p>\n<p>Le ministre Jean Luc Mouthou et la repre\u0301sentante de la Banque mondiale, Korotoumou Ouattara, ont e\u0301galement passe\u0301 en revue les activite\u0301s phares qui doivent e\u0302tre re\u0301alise\u0301es dans le cadre du Projet d\u2019appui a\u0300 l\u2019ame\u0301lioration du syste\u0300me e\u0301ducatif avant juin. Le but e\u0301tant d\u2019atteindre les Objectifs du de\u0301veloppement durable relatifs a\u0300 l\u2019ame\u0301lioration du rendement scolaire au Congo.<\/p>\n<p><strong>Pour plus d&rsquo;informations et d&rsquo;analyses sur la <a href=\"https:\/\/www.africa-press.net\/congo-brazzaville\">Congo Brazzaville<\/a>, suivez <a href=\"https:\/\/www.africa-press.net\/\">Africa-Press<\/a><\/strong><\/p>\n","protected":false},"excerpt":{"rendered":"<p>Africa-Press &#8211; Congo Brazzaville. Le ministre de l\u2019Enseignement pre\u0301scolaire, primaire, secondaire et de l\u2019Alphabe\u0301tisation, Jean Luc Mouthou, et la repre\u0301sentante de la Banque mondiale au Congo, Korotoumou Ouattara, ont e\u0301change\u0301 sur les me\u0301canismes a\u0300 mettre en place afin que les supports pe\u0301dagogiques soient produits au plus tard en juin prochain. Le projet du gouvernement d\u2019appui [&hellip;]<\/p>\n","protected":false},"author":82,"featured_media":13930,"comment_status":"open","ping_status":"closed","sticky":false,"template":"","format":"standard","meta":{"footnotes":""},"categories":[21,10],"tags":[36,47,46],"class_list":["post-13931","post","type-post","status-publish","format-standard","has-post-thumbnail","hentry","category-communaute","category-toutes-les-actualites","tag-africa-press","tag-africa-press-congo-brazzaville","tag-congo-brazzaville"],"yoast_head":"<!-- This site is optimized with the Yoast SEO Premium plugin v26.1 (Yoast SEO v27.0) - https:\/\/yoast.com\/product\/yoast-seo-premium-wordpress\/ -->\n<title>Enseignement g\u00e9n\u00e9ral : produire des supports p\u00e9dagogiques le plus t\u00f4t possible - Congo Brazzaville<\/title>\n<meta name=\"description\" content=\"Le ministre de l\u2019Enseignement pre\u0301scolaire, primaire, secondaire et de l\u2019Alphabe\u0301tisation, Jean Luc Mouthou, et la re ...\" \/>\n<meta name=\"robots\" content=\"index, follow, max-snippet:-1, max-image-preview:large, max-video-preview:-1\" \/>\n<link rel=\"canonical\" href=\"https:\/\/www.africa-press.net\/congo-brazzaville\/toutes-les-actualites\/enseignement-general-produire-des-supports-pedagogiques-le-plus-tot-possible\" \/>\n<meta property=\"og:locale\" content=\"fr_FR\" \/>\n<meta property=\"og:type\" content=\"article\" \/>\n<meta property=\"og:title\" content=\"Enseignement g\u00e9n\u00e9ral : produire des supports p\u00e9dagogiques le plus t\u00f4t possible\" \/>\n<meta property=\"og:description\" content=\"Le ministre de l\u2019Enseignement pre\u0301scolaire, primaire, secondaire et de l\u2019Alphabe\u0301tisation, Jean Luc Mouthou, et la re ...\" \/>\n<meta property=\"og:url\" content=\"https:\/\/www.africa-press.net\/congo-brazzaville\/toutes-les-actualites\/enseignement-general-produire-des-supports-pedagogiques-le-plus-tot-possible\" \/>\n<meta property=\"og:site_name\" content=\"Congo Brazzaville\" \/>\n<meta property=\"article:published_time\" content=\"2023-01-31T19:12:24+00:00\" \/>\n<meta property=\"article:modified_time\" content=\"2023-01-31T21:30:34+00:00\" \/>\n<meta property=\"og:image\" content=\"https:\/\/static.africa-press.net\/congo-brazzaville\/sites\/51\/2023\/01\/postQueueImg_1675179748.28.jpg\" \/>\n\t<meta property=\"og:image:width\" content=\"1155\" \/>\n\t<meta property=\"og:image:height\" content=\"768\" \/>\n\t<meta property=\"og:image:type\" content=\"image\/jpeg\" \/>\n<meta name=\"author\" content=\"cfeditorfr\" \/>\n<meta name=\"twitter:card\" content=\"summary_large_image\" \/>\n<meta name=\"twitter:label1\" content=\"\u00c9crit par\" \/>\n\t<meta name=\"twitter:data1\" content=\"cfeditorfr\" \/>\n\t<meta name=\"twitter:label2\" content=\"Dur\u00e9e de lecture estim\u00e9e\" \/>\n\t<meta name=\"twitter:data2\" content=\"2 minutes\" \/>\n<script type=\"application\/ld+json\" class=\"yoast-schema-graph\">{\"@context\":\"https:\/\/schema.org\",\"@graph\":[{\"@type\":\"Article\",\"@id\":\"https:\/\/www.africa-press.net\/congo-brazzaville\/toutes-les-actualites\/enseignement-general-produire-des-supports-pedagogiques-le-plus-tot-possible#article\",\"isPartOf\":{\"@id\":\"https:\/\/www.africa-press.net\/congo-brazzaville\/toutes-les-actualites\/enseignement-general-produire-des-supports-pedagogiques-le-plus-tot-possible\"},\"author\":{\"name\":\"cfeditorfr\",\"@id\":\"https:\/\/www.africa-press.net\/congo-brazzaville\/#\/schema\/person\/2b1cf3cd81a31e3cd26889ca66d677f1\"},\"headline\":\"Enseignement g\u00e9n\u00e9ral : produire des supports p\u00e9dagogiques le plus t\u00f4t possible\",\"datePublished\":\"2023-01-31T19:12:24+00:00\",\"dateModified\":\"2023-01-31T21:30:34+00:00\",\"mainEntityOfPage\":{\"@id\":\"https:\/\/www.africa-press.net\/congo-brazzaville\/toutes-les-actualites\/enseignement-general-produire-des-supports-pedagogiques-le-plus-tot-possible\"},\"wordCount\":399,\"commentCount\":0,\"image\":{\"@id\":\"https:\/\/www.africa-press.net\/congo-brazzaville\/toutes-les-actualites\/enseignement-general-produire-des-supports-pedagogiques-le-plus-tot-possible#primaryimage\"},\"thumbnailUrl\":\"https:\/\/static.africa-press.net\/congo-brazzaville\/sites\/51\/2023\/01\/postQueueImg_1675179748.28.jpg\",\"keywords\":[\"Africa Press\",\"Africa Press-Congo Brazzaville\",\"Congo Brazzaville\"],\"articleSection\":[\"Communaut\u00e9\",\"Toutes les actualit\u00e9s\"],\"inLanguage\":\"fr-FR\",\"potentialAction\":[{\"@type\":\"CommentAction\",\"name\":\"Comment\",\"target\":[\"https:\/\/www.africa-press.net\/congo-brazzaville\/toutes-les-actualites\/enseignement-general-produire-des-supports-pedagogiques-le-plus-tot-possible#respond\"]}]},{\"@type\":\"WebPage\",\"@id\":\"https:\/\/www.africa-press.net\/congo-brazzaville\/toutes-les-actualites\/enseignement-general-produire-des-supports-pedagogiques-le-plus-tot-possible\",\"url\":\"https:\/\/www.africa-press.net\/congo-brazzaville\/toutes-les-actualites\/enseignement-general-produire-des-supports-pedagogiques-le-plus-tot-possible\",\"name\":\"Enseignement g\u00e9n\u00e9ral : produire des supports p\u00e9dagogiques le plus t\u00f4t possible - Congo Brazzaville\",\"isPartOf\":{\"@id\":\"https:\/\/www.africa-press.net\/congo-brazzaville\/#website\"},\"primaryImageOfPage\":{\"@id\":\"https:\/\/www.africa-press.net\/congo-brazzaville\/toutes-les-actualites\/enseignement-general-produire-des-supports-pedagogiques-le-plus-tot-possible#primaryimage\"},\"image\":{\"@id\":\"https:\/\/www.africa-press.net\/congo-brazzaville\/toutes-les-actualites\/enseignement-general-produire-des-supports-pedagogiques-le-plus-tot-possible#primaryimage\"},\"thumbnailUrl\":\"https:\/\/static.africa-press.net\/congo-brazzaville\/sites\/51\/2023\/01\/postQueueImg_1675179748.28.jpg\",\"datePublished\":\"2023-01-31T19:12:24+00:00\",\"dateModified\":\"2023-01-31T21:30:34+00:00\",\"author\":{\"@id\":\"https:\/\/www.africa-press.net\/congo-brazzaville\/#\/schema\/person\/2b1cf3cd81a31e3cd26889ca66d677f1\"},\"description\":\"Le ministre de l\u2019Enseignement pre\u0301scolaire, primaire, secondaire et de l\u2019Alphabe\u0301tisation, Jean Luc Mouthou, et la re ...\",\"breadcrumb\":{\"@id\":\"https:\/\/www.africa-press.net\/congo-brazzaville\/toutes-les-actualites\/enseignement-general-produire-des-supports-pedagogiques-le-plus-tot-possible#breadcrumb\"},\"inLanguage\":\"fr-FR\",\"potentialAction\":[{\"@type\":\"ReadAction\",\"target\":[\"https:\/\/www.africa-press.net\/congo-brazzaville\/toutes-les-actualites\/enseignement-general-produire-des-supports-pedagogiques-le-plus-tot-possible\"]}]},{\"@type\":\"ImageObject\",\"inLanguage\":\"fr-FR\",\"@id\":\"https:\/\/www.africa-press.net\/congo-brazzaville\/toutes-les-actualites\/enseignement-general-produire-des-supports-pedagogiques-le-plus-tot-possible#primaryimage\",\"url\":\"https:\/\/static.africa-press.net\/congo-brazzaville\/sites\/51\/2023\/01\/postQueueImg_1675179748.28.jpg\",\"contentUrl\":\"https:\/\/static.africa-press.net\/congo-brazzaville\/sites\/51\/2023\/01\/postQueueImg_1675179748.28.jpg\",\"width\":1155,\"height\":768,\"caption\":\"Enseignement g\u00e9n\u00e9ral : produire des supports p\u00e9dagogiques le plus t\u00f4t possible\"},{\"@type\":\"BreadcrumbList\",\"@id\":\"https:\/\/www.africa-press.net\/congo-brazzaville\/toutes-les-actualites\/enseignement-general-produire-des-supports-pedagogiques-le-plus-tot-possible#breadcrumb\",\"itemListElement\":[{\"@type\":\"ListItem\",\"position\":1,\"name\":\"Accueil\",\"item\":\"https:\/\/www.africa-press.net\/congo-brazzaville\/\"},{\"@type\":\"ListItem\",\"position\":2,\"name\":\"Enseignement g\u00e9n\u00e9ral : produire des supports p\u00e9dagogiques le plus t\u00f4t possible\"}]},{\"@type\":\"WebSite\",\"@id\":\"https:\/\/www.africa-press.net\/congo-brazzaville\/#website\",\"url\":\"https:\/\/www.africa-press.net\/congo-brazzaville\/\",\"name\":\"Congo Brazzaville\",\"description\":\"Just another Africa News Agency Sites site\",\"potentialAction\":[{\"@type\":\"SearchAction\",\"target\":{\"@type\":\"EntryPoint\",\"urlTemplate\":\"https:\/\/www.africa-press.net\/congo-brazzaville\/?s={search_term_string}\"},\"query-input\":{\"@type\":\"PropertyValueSpecification\",\"valueRequired\":true,\"valueName\":\"search_term_string\"}}],\"inLanguage\":\"fr-FR\"},{\"@type\":\"Person\",\"@id\":\"https:\/\/www.africa-press.net\/congo-brazzaville\/#\/schema\/person\/2b1cf3cd81a31e3cd26889ca66d677f1\",\"name\":\"cfeditorfr\"}]}<\/script>\n<!-- \/ Yoast SEO Premium plugin. -->","yoast_head_json":{"title":"Enseignement g\u00e9n\u00e9ral : produire des supports p\u00e9dagogiques le plus t\u00f4t possible - Congo Brazzaville","description":"Le ministre de l\u2019Enseignement pre\u0301scolaire, primaire, secondaire et de l\u2019Alphabe\u0301tisation, Jean Luc Mouthou, et la re ...","robots":{"index":"index","follow":"follow","max-snippet":"max-snippet:-1","max-image-preview":"max-image-preview:large","max-video-preview":"max-video-preview:-1"},"canonical":"https:\/\/www.africa-press.net\/congo-brazzaville\/toutes-les-actualites\/enseignement-general-produire-des-supports-pedagogiques-le-plus-tot-possible","og_locale":"fr_FR","og_type":"article","og_title":"Enseignement g\u00e9n\u00e9ral : produire des supports p\u00e9dagogiques le plus t\u00f4t possible","og_description":"Le ministre de l\u2019Enseignement pre\u0301scolaire, primaire, secondaire et de l\u2019Alphabe\u0301tisation, Jean Luc Mouthou, et la re ...","og_url":"https:\/\/www.africa-press.net\/congo-brazzaville\/toutes-les-actualites\/enseignement-general-produire-des-supports-pedagogiques-le-plus-tot-possible","og_site_name":"Congo Brazzaville","article_published_time":"2023-01-31T19:12:24+00:00","article_modified_time":"2023-01-31T21:30:34+00:00","og_image":[{"width":1155,"height":768,"url":"https:\/\/static.africa-press.net\/congo-brazzaville\/sites\/51\/2023\/01\/postQueueImg_1675179748.28.jpg","type":"image\/jpeg"}],"author":"cfeditorfr","twitter_card":"summary_large_image","twitter_misc":{"\u00c9crit par":"cfeditorfr","Dur\u00e9e de lecture estim\u00e9e":"2 minutes"},"schema":{"@context":"https:\/\/schema.org","@graph":[{"@type":"Article","@id":"https:\/\/www.africa-press.net\/congo-brazzaville\/toutes-les-actualites\/enseignement-general-produire-des-supports-pedagogiques-le-plus-tot-possible#article","isPartOf":{"@id":"https:\/\/www.africa-press.net\/congo-brazzaville\/toutes-les-actualites\/enseignement-general-produire-des-supports-pedagogiques-le-plus-tot-possible"},"author":{"name":"cfeditorfr","@id":"https:\/\/www.africa-press.net\/congo-brazzaville\/#\/schema\/person\/2b1cf3cd81a31e3cd26889ca66d677f1"},"headline":"Enseignement g\u00e9n\u00e9ral : produire des supports p\u00e9dagogiques le plus t\u00f4t possible","datePublished":"2023-01-31T19:12:24+00:00","dateModified":"2023-01-31T21:30:34+00:00","mainEntityOfPage":{"@id":"https:\/\/www.africa-press.net\/congo-brazzaville\/toutes-les-actualites\/enseignement-general-produire-des-supports-pedagogiques-le-plus-tot-possible"},"wordCount":399,"commentCount":0,"image":{"@id":"https:\/\/www.africa-press.net\/congo-brazzaville\/toutes-les-actualites\/enseignement-general-produire-des-supports-pedagogiques-le-plus-tot-possible#primaryimage"},"thumbnailUrl":"https:\/\/static.africa-press.net\/congo-brazzaville\/sites\/51\/2023\/01\/postQueueImg_1675179748.28.jpg","keywords":["Africa Press","Africa Press-Congo Brazzaville","Congo Brazzaville"],"articleSection":["Communaut\u00e9","Toutes les actualit\u00e9s"],"inLanguage":"fr-FR","potentialAction":[{"@type":"CommentAction","name":"Comment","target":["https:\/\/www.africa-press.net\/congo-brazzaville\/toutes-les-actualites\/enseignement-general-produire-des-supports-pedagogiques-le-plus-tot-possible#respond"]}]},{"@type":"WebPage","@id":"https:\/\/www.africa-press.net\/congo-brazzaville\/toutes-les-actualites\/enseignement-general-produire-des-supports-pedagogiques-le-plus-tot-possible","url":"https:\/\/www.africa-press.net\/congo-brazzaville\/toutes-les-actualites\/enseignement-general-produire-des-supports-pedagogiques-le-plus-tot-possible","name":"Enseignement g\u00e9n\u00e9ral : produire des supports p\u00e9dagogiques le plus t\u00f4t possible - Congo Brazzaville","isPartOf":{"@id":"https:\/\/www.africa-press.net\/congo-brazzaville\/#website"},"primaryImageOfPage":{"@id":"https:\/\/www.africa-press.net\/congo-brazzaville\/toutes-les-actualites\/enseignement-general-produire-des-supports-pedagogiques-le-plus-tot-possible#primaryimage"},"image":{"@id":"https:\/\/www.africa-press.net\/congo-brazzaville\/toutes-les-actualites\/enseignement-general-produire-des-supports-pedagogiques-le-plus-tot-possible#primaryimage"},"thumbnailUrl":"https:\/\/static.africa-press.net\/congo-brazzaville\/sites\/51\/2023\/01\/postQueueImg_1675179748.28.jpg","datePublished":"2023-01-31T19:12:24+00:00","dateModified":"2023-01-31T21:30:34+00:00","author":{"@id":"https:\/\/www.africa-press.net\/congo-brazzaville\/#\/schema\/person\/2b1cf3cd81a31e3cd26889ca66d677f1"},"description":"Le ministre de l\u2019Enseignement pre\u0301scolaire, primaire, secondaire et de l\u2019Alphabe\u0301tisation, Jean Luc Mouthou, et la re ...","breadcrumb":{"@id":"https:\/\/www.africa-press.net\/congo-brazzaville\/toutes-les-actualites\/enseignement-general-produire-des-supports-pedagogiques-le-plus-tot-possible#breadcrumb"},"inLanguage":"fr-FR","potentialAction":[{"@type":"ReadAction","target":["https:\/\/www.africa-press.net\/congo-brazzaville\/toutes-les-actualites\/enseignement-general-produire-des-supports-pedagogiques-le-plus-tot-possible"]}]},{"@type":"ImageObject","inLanguage":"fr-FR","@id":"https:\/\/www.africa-press.net\/congo-brazzaville\/toutes-les-actualites\/enseignement-general-produire-des-supports-pedagogiques-le-plus-tot-possible#primaryimage","url":"https:\/\/static.africa-press.net\/congo-brazzaville\/sites\/51\/2023\/01\/postQueueImg_1675179748.28.jpg","contentUrl":"https:\/\/static.africa-press.net\/congo-brazzaville\/sites\/51\/2023\/01\/postQueueImg_1675179748.28.jpg","width":1155,"height":768,"caption":"Enseignement g\u00e9n\u00e9ral : produire des supports p\u00e9dagogiques le plus t\u00f4t possible"},{"@type":"BreadcrumbList","@id":"https:\/\/www.africa-press.net\/congo-brazzaville\/toutes-les-actualites\/enseignement-general-produire-des-supports-pedagogiques-le-plus-tot-possible#breadcrumb","itemListElement":[{"@type":"ListItem","position":1,"name":"Accueil","item":"https:\/\/www.africa-press.net\/congo-brazzaville\/"},{"@type":"ListItem","position":2,"name":"Enseignement g\u00e9n\u00e9ral : produire des supports p\u00e9dagogiques le plus t\u00f4t possible"}]},{"@type":"WebSite","@id":"https:\/\/www.africa-press.net\/congo-brazzaville\/#website","url":"https:\/\/www.africa-press.net\/congo-brazzaville\/","name":"Congo Brazzaville","description":"Just another Africa News Agency Sites site","potentialAction":[{"@type":"SearchAction","target":{"@type":"EntryPoint","urlTemplate":"https:\/\/www.africa-press.net\/congo-brazzaville\/?s={search_term_string}"},"query-input":{"@type":"PropertyValueSpecification","valueRequired":true,"valueName":"search_term_string"}}],"inLanguage":"fr-FR"},{"@type":"Person","@id":"https:\/\/www.africa-press.net\/congo-brazzaville\/#\/schema\/person\/2b1cf3cd81a31e3cd26889ca66d677f1","name":"cfeditorfr"}]}},"_links":{"self":[{"href":"https:\/\/www.africa-press.net\/congo-brazzaville\/wp-json\/wp\/v2\/posts\/13931","targetHints":{"allow":["GET"]}}],"collection":[{"href":"https:\/\/www.africa-press.net\/congo-brazzaville\/wp-json\/wp\/v2\/posts"}],"about":[{"href":"https:\/\/www.africa-press.net\/congo-brazzaville\/wp-json\/wp\/v2\/types\/post"}],"author":[{"embeddable":true,"href":"https:\/\/www.africa-press.net\/congo-brazzaville\/wp-json\/wp\/v2\/users\/82"}],"replies":[{"embeddable":true,"href":"https:\/\/www.africa-press.net\/congo-brazzaville\/wp-json\/wp\/v2\/comments?post=13931"}],"version-history":[{"count":0,"href":"https:\/\/www.africa-press.net\/congo-brazzaville\/wp-json\/wp\/v2\/posts\/13931\/revisions"}],"wp:featuredmedia":[{"embeddable":true,"href":"https:\/\/www.africa-press.net\/congo-brazzaville\/wp-json\/wp\/v2\/media\/13930"}],"wp:attachment":[{"href":"https:\/\/www.africa-press.net\/congo-brazzaville\/wp-json\/wp\/v2\/media?parent=13931"}],"wp:term":[{"taxonomy":"category","embeddable":true,"href":"https:\/\/www.africa-press.net\/congo-brazzaville\/wp-json\/wp\/v2\/categories?post=13931"},{"taxonomy":"post_tag","embeddable":true,"href":"https:\/\/www.africa-press.net\/congo-brazzaville\/wp-json\/wp\/v2\/tags?post=13931"}],"curies":[{"name":"wp","href":"https:\/\/api.w.org\/{rel}","templated":true}]}}