{"id":13945,"date":"2023-01-31T19:13:38","date_gmt":"2023-01-31T19:13:38","guid":{"rendered":"https:\/\/www.africa-press.net\/congo-brazzaville\/politique\/infrastructures-les-tours-jumelles-de-mpila-operationnelles-dans-quelques-mois"},"modified":"2023-01-31T21:36:30","modified_gmt":"2023-01-31T21:36:30","slug":"infrastructures-les-tours-jumelles-de-mpila-operationnelles-dans-quelques-mois","status":"publish","type":"post","link":"https:\/\/www.africa-press.net\/congo-brazzaville\/economie\/infrastructures-les-tours-jumelles-de-mpila-operationnelles-dans-quelques-mois","title":{"rendered":"Infrastructures : les Tours jumelles de Mpila op\u00e9rationnelles dans quelques mois"},"content":{"rendered":"<p><span style=\"color: #ff6600\"><strong>Africa-Press &#8211; Congo Brazzaville. <\/strong><\/span><b>Les travaux de construction du centre d\u2019affaires, dit \u00ab Tours Jumelles \u00bb de Mpila, dans le 6e arrondissement Talangai\u0308, sont entre\u0301s dans la phase des finitions. L\u2019ouvrage finance\u0301 a\u0300 174 milliards FCFA pourra e\u0302tre livre\u0301 dans six mois, ont confie\u0301 les techniciens de la socie\u0301te\u0301 chinoise Beijing construction engineering group (BCEG), adjudicataire du projet, au ministre d\u2019Etat, ministre de l\u2019Ame\u0301nagement du territoire et des Infrastructures, Jean Jacques Bouya, le 31 janvier, lors de la visite du chantier.<\/b><\/p>\n<p>Lance\u0301s le 1er juillet 2015 et de\u0301marre\u0301s officiellement le 29 mars 2016, les travaux de construction des tours jumelles de Mpila sont re\u0301alise\u0301s a\u0300 ce jour a\u0300 plus de 90%. Pre\u0301sentement, la socie\u0301te\u0301 BCEG s\u2019attelle sur les finitions en vue de livrer l\u2019infrastructure d\u2019ici quelques mois.<\/p>\n<p>L\u2019ouvrage est finance\u0301 a\u0300 un montant de 173.939.422.040 FCFA, dans le cadre des accords de coope\u0301ration e\u0301conomique entre le Congo et la Chine. Les travaux ont porte\u0301 sur la construction d\u2019un centre commercial moderne de plus de 135,80 m de hauteur, compose\u0301 de deux tours identiques de trente e\u0301tages chacune. La premie\u0300re tour est re\u0301serve\u0301e a\u0300 un ho\u0302tel 5 e\u0301toiles, d\u2019une capacite\u0301 d\u2019accueil de 349 chambres, dont des suites pre\u0301sidentielles, 105 suites ministe\u0301rielles, 249 chambres standards et un restaurant tournant de haut standing. Il y est pre\u0301vu aussi des grandes salles de confe\u0301rence.<\/p>\n<p>La seconde tour, quant a\u0300 elle, est re\u0301serve\u0301e exclusivement aux bureaux. Il s\u2019agit d\u2019un centre d\u2019affaires ou\u0300 des investisseurs e\u0301trangers pourront s\u2019installer pour nouer des partenariats. Compose\u0301es de vingt-huit ascenseurs, les tours jumelles de Mpila sont de\u0301ja\u0300 e\u0301quipe\u0301es a\u0300 plus de 90%. Pour le ministre de l\u2019Ame\u0301nagement du territoire, \u00ab la construction de cet e\u0301difice s\u2019inscrit dans la politique du gouvernement de cre\u0301er des cadres approprie\u0301s en vue d\u2019attirer le maximum d\u2019investisseurs \u00bb.<\/p>\n<p>Le ministre d\u2019Etat Jean Jacques Bouya e\u0301tait accompagne\u0301 de trois de ses colle\u0300gues, notamment Josue\u0301 Rodrigue Ngouonimba charge\u0301 de la Construction et de l\u2019Urbanisme, Ingrid Olga Ghislaine Ebouka-Babackas, ministre du Plan, de la Statistique et de l\u2019Inte\u0301gration re\u0301gionale ainsi que Thierry Le\u0301zin Moungalla, ministre de la Communication et des Me\u0301dias.<\/p>\n\r\n                <style type=\"text\/css\">\r\n                    \r\n                    #td_uid_1_69eeb66de5ad7  .td-doubleSlider-2 .td-item1 {\r\n                        background: url(https:\/\/static.africa-press.net\/congo-brazzaville\/sites\/51\/2023\/01\/postMediaimg_71_1-80x60.jpg) 0 0 no-repeat;\r\n                    }\r\n                    #td_uid_1_69eeb66de5ad7  .td-doubleSlider-2 .td-item2 {\r\n                        background: url(https:\/\/static.africa-press.net\/congo-brazzaville\/sites\/51\/2023\/01\/postMediaimg_71_2-80x60.jpg) 0 0 no-repeat;\r\n                    }\r\n                <\/style>\r\n\r\n                <div id=\"td_uid_1_69eeb66de5ad7\" class=\"td-gallery td-slide-on-2-columns\">\r\n                    <div class=\"post_td_gallery\">\r\n                        <div class=\"td-gallery-slide-top\">\r\n                           <div class=\"td-gallery-title\"><\/div>\r\n\r\n                            <div class=\"td-gallery-controls-wrapper\">\r\n                                <div class=\"td-gallery-slide-count\"><span class=\"td-gallery-slide-item-focus\">1<\/span> de 2<\/div>\r\n                                <div class=\"td-gallery-slide-prev-next-but\">\r\n                                    <i class = \"td-icon-left doubleSliderPrevButton\"><\/i>\r\n                                    <i class = \"td-icon-right doubleSliderNextButton\"><\/i>\r\n                                <\/div>\r\n                            <\/div>\r\n                        <\/div>\r\n\r\n                        <div class = \"td-doubleSlider-1 \">\r\n                            <div class = \"td-slider\">\r\n                                \r\n                    <div class = \"td-slide-item td-item1\">\r\n                        <figure class=\"td-slide-galery-figure td-slide-popup-gallery\">\r\n                            <a class=\"slide-gallery-image-link\" href=\"https:\/\/static.africa-press.net\/congo-brazzaville\/sites\/51\/2023\/01\/postMediaimg_71_1.jpg\" title=\"postMediaimg_71_1\"  data-caption=\"\"  data-description=\"\">\r\n                                <img decoding=\"async\" src=\"https:\/\/static.africa-press.net\/congo-brazzaville\/sites\/51\/2023\/01\/postMediaimg_71_1.jpg\" srcset=\"https:\/\/static.africa-press.net\/congo-brazzaville\/sites\/51\/2023\/01\/postMediaimg_71_1.jpg 1280w, https:\/\/static.africa-press.net\/congo-brazzaville\/sites\/51\/2023\/01\/postMediaimg_71_1-300x169.jpg 300w, https:\/\/static.africa-press.net\/congo-brazzaville\/sites\/51\/2023\/01\/postMediaimg_71_1-1024x576.jpg 1024w, https:\/\/static.africa-press.net\/congo-brazzaville\/sites\/51\/2023\/01\/postMediaimg_71_1-768x432.jpg 768w\" sizes=\"(max-width: 1280px) 100vw, 1280px\" alt=\"\">\r\n                            <\/a>\r\n                            \r\n                        <\/figure>\r\n                    <\/div>\r\n                    <div class = \"td-slide-item td-item2\">\r\n                        <figure class=\"td-slide-galery-figure td-slide-popup-gallery\">\r\n                            <a class=\"slide-gallery-image-link\" href=\"https:\/\/static.africa-press.net\/congo-brazzaville\/sites\/51\/2023\/01\/postMediaimg_71_2.jpg\" title=\"postMediaimg_71_2\"  data-caption=\"\"  data-description=\"\">\r\n                                <img decoding=\"async\" src=\"https:\/\/static.africa-press.net\/congo-brazzaville\/sites\/51\/2023\/01\/postMediaimg_71_2.jpg\" srcset=\"https:\/\/static.africa-press.net\/congo-brazzaville\/sites\/51\/2023\/01\/postMediaimg_71_2.jpg 1668w, https:\/\/static.africa-press.net\/congo-brazzaville\/sites\/51\/2023\/01\/postMediaimg_71_2-300x138.jpg 300w, https:\/\/static.africa-press.net\/congo-brazzaville\/sites\/51\/2023\/01\/postMediaimg_71_2-1024x471.jpg 1024w, https:\/\/static.africa-press.net\/congo-brazzaville\/sites\/51\/2023\/01\/postMediaimg_71_2-768x354.jpg 768w, https:\/\/static.africa-press.net\/congo-brazzaville\/sites\/51\/2023\/01\/postMediaimg_71_2-1536x707.jpg 1536w\" sizes=\"(max-width: 1668px) 100vw, 1668px\" alt=\"\">\r\n                            <\/a>\r\n                            \r\n                        <\/figure>\r\n                    <\/div>\r\n                            <\/div>\r\n                        <\/div>\r\n\r\n                        <div class = \"td-doubleSlider-2\">\r\n                            <div class = \"td-slider\">\r\n                                \r\n                    <div class = \"td-button td-item1\">\r\n                        <div class = \"td-border\"><\/div>\r\n                    <\/div>\r\n                    <div class = \"td-button td-item2\">\r\n                        <div class = \"td-border\"><\/div>\r\n                    <\/div>\r\n                            <\/div>\r\n                        <\/div>\r\n\r\n                    <\/div>\r\n\r\n                <\/div>\r\n                \n<p><strong>Pour plus d&rsquo;informations et d&rsquo;analyses sur la <a href=\"https:\/\/www.africa-press.net\/congo-brazzaville\">Congo Brazzaville<\/a>, suivez <a href=\"https:\/\/www.africa-press.net\/\">Africa-Press<\/a><\/strong><\/p>\n","protected":false},"excerpt":{"rendered":"<p>Africa-Press &#8211; Congo Brazzaville. Les travaux de construction du centre d\u2019affaires, dit \u00ab Tours Jumelles \u00bb de Mpila, dans le 6e arrondissement Talangai\u0308, sont entre\u0301s dans la phase des finitions. L\u2019ouvrage finance\u0301 a\u0300 174 milliards FCFA pourra e\u0302tre livre\u0301 dans six mois, ont confie\u0301 les techniciens de la socie\u0301te\u0301 chinoise Beijing construction engineering group (BCEG), [&hellip;]<\/p>\n","protected":false},"author":82,"featured_media":13944,"comment_status":"open","ping_status":"closed","sticky":false,"template":"","format":"standard","meta":{"footnotes":""},"categories":[3,8,10],"tags":[36,47,46],"class_list":["post-13945","post","type-post","status-publish","format-standard","has-post-thumbnail","hentry","category-economie","category-photo","category-toutes-les-actualites","tag-africa-press","tag-africa-press-congo-brazzaville","tag-congo-brazzaville"],"yoast_head":"<!-- This site is optimized with the Yoast SEO Premium plugin v26.1 (Yoast SEO v27.0) - https:\/\/yoast.com\/product\/yoast-seo-premium-wordpress\/ -->\n<title>Infrastructures : les Tours jumelles de Mpila op\u00e9rationnelles dans quelques mois - Congo Brazzaville<\/title>\n<meta name=\"description\" content=\"Les travaux de construction du centre d\u2019affaires, dit \u00ab Tours Jumelles \u00bb de Mpila, dans le 6e arrondissement Talangai ...\" \/>\n<meta name=\"robots\" content=\"index, follow, max-snippet:-1, max-image-preview:large, max-video-preview:-1\" \/>\n<link rel=\"canonical\" href=\"https:\/\/www.africa-press.net\/congo-brazzaville\/economie\/infrastructures-les-tours-jumelles-de-mpila-operationnelles-dans-quelques-mois\" \/>\n<meta property=\"og:locale\" content=\"fr_FR\" \/>\n<meta property=\"og:type\" content=\"article\" \/>\n<meta property=\"og:title\" content=\"Infrastructures : les Tours jumelles de Mpila op\u00e9rationnelles dans quelques mois\" \/>\n<meta property=\"og:description\" content=\"Les travaux de construction du centre d\u2019affaires, dit \u00ab Tours Jumelles \u00bb de Mpila, dans le 6e arrondissement Talangai ...\" \/>\n<meta property=\"og:url\" content=\"https:\/\/www.africa-press.net\/congo-brazzaville\/economie\/infrastructures-les-tours-jumelles-de-mpila-operationnelles-dans-quelques-mois\" \/>\n<meta property=\"og:site_name\" content=\"Congo Brazzaville\" \/>\n<meta property=\"article:published_time\" content=\"2023-01-31T19:13:38+00:00\" \/>\n<meta property=\"article:modified_time\" content=\"2023-01-31T21:36:30+00:00\" \/>\n<meta property=\"og:image\" content=\"https:\/\/static.africa-press.net\/congo-brazzaville\/sites\/51\/2023\/01\/postQueueImg_1675179822.46.jpg\" \/>\n\t<meta property=\"og:image:width\" content=\"1280\" \/>\n\t<meta property=\"og:image:height\" content=\"720\" \/>\n\t<meta property=\"og:image:type\" content=\"image\/jpeg\" \/>\n<meta name=\"author\" content=\"cfeditorfr\" \/>\n<meta name=\"twitter:card\" content=\"summary_large_image\" \/>\n<meta name=\"twitter:label1\" content=\"\u00c9crit par\" \/>\n\t<meta name=\"twitter:data1\" content=\"cfeditorfr\" \/>\n\t<meta name=\"twitter:label2\" content=\"Dur\u00e9e de lecture estim\u00e9e\" \/>\n\t<meta name=\"twitter:data2\" content=\"2 minutes\" \/>\n<script type=\"application\/ld+json\" class=\"yoast-schema-graph\">{\"@context\":\"https:\/\/schema.org\",\"@graph\":[{\"@type\":\"Article\",\"@id\":\"https:\/\/www.africa-press.net\/congo-brazzaville\/economie\/infrastructures-les-tours-jumelles-de-mpila-operationnelles-dans-quelques-mois#article\",\"isPartOf\":{\"@id\":\"https:\/\/www.africa-press.net\/congo-brazzaville\/economie\/infrastructures-les-tours-jumelles-de-mpila-operationnelles-dans-quelques-mois\"},\"author\":{\"name\":\"cfeditorfr\",\"@id\":\"https:\/\/www.africa-press.net\/congo-brazzaville\/#\/schema\/person\/2b1cf3cd81a31e3cd26889ca66d677f1\"},\"headline\":\"Infrastructures : les Tours jumelles de Mpila op\u00e9rationnelles dans quelques mois\",\"datePublished\":\"2023-01-31T19:13:38+00:00\",\"dateModified\":\"2023-01-31T21:36:30+00:00\",\"mainEntityOfPage\":{\"@id\":\"https:\/\/www.africa-press.net\/congo-brazzaville\/economie\/infrastructures-les-tours-jumelles-de-mpila-operationnelles-dans-quelques-mois\"},\"wordCount\":422,\"commentCount\":0,\"image\":{\"@id\":\"https:\/\/www.africa-press.net\/congo-brazzaville\/economie\/infrastructures-les-tours-jumelles-de-mpila-operationnelles-dans-quelques-mois#primaryimage\"},\"thumbnailUrl\":\"https:\/\/static.africa-press.net\/congo-brazzaville\/sites\/51\/2023\/01\/postQueueImg_1675179822.46.jpg\",\"keywords\":[\"Africa Press\",\"Africa Press-Congo Brazzaville\",\"Congo Brazzaville\"],\"articleSection\":[\"\u00c9conomie\",\"Photo\",\"Toutes les actualit\u00e9s\"],\"inLanguage\":\"fr-FR\",\"potentialAction\":[{\"@type\":\"CommentAction\",\"name\":\"Comment\",\"target\":[\"https:\/\/www.africa-press.net\/congo-brazzaville\/economie\/infrastructures-les-tours-jumelles-de-mpila-operationnelles-dans-quelques-mois#respond\"]}]},{\"@type\":\"WebPage\",\"@id\":\"https:\/\/www.africa-press.net\/congo-brazzaville\/economie\/infrastructures-les-tours-jumelles-de-mpila-operationnelles-dans-quelques-mois\",\"url\":\"https:\/\/www.africa-press.net\/congo-brazzaville\/economie\/infrastructures-les-tours-jumelles-de-mpila-operationnelles-dans-quelques-mois\",\"name\":\"Infrastructures : les Tours jumelles de Mpila op\u00e9rationnelles dans quelques mois - Congo Brazzaville\",\"isPartOf\":{\"@id\":\"https:\/\/www.africa-press.net\/congo-brazzaville\/#website\"},\"primaryImageOfPage\":{\"@id\":\"https:\/\/www.africa-press.net\/congo-brazzaville\/economie\/infrastructures-les-tours-jumelles-de-mpila-operationnelles-dans-quelques-mois#primaryimage\"},\"image\":{\"@id\":\"https:\/\/www.africa-press.net\/congo-brazzaville\/economie\/infrastructures-les-tours-jumelles-de-mpila-operationnelles-dans-quelques-mois#primaryimage\"},\"thumbnailUrl\":\"https:\/\/static.africa-press.net\/congo-brazzaville\/sites\/51\/2023\/01\/postQueueImg_1675179822.46.jpg\",\"datePublished\":\"2023-01-31T19:13:38+00:00\",\"dateModified\":\"2023-01-31T21:36:30+00:00\",\"author\":{\"@id\":\"https:\/\/www.africa-press.net\/congo-brazzaville\/#\/schema\/person\/2b1cf3cd81a31e3cd26889ca66d677f1\"},\"description\":\"Les travaux de construction du centre d\u2019affaires, dit \u00ab Tours Jumelles \u00bb de Mpila, dans le 6e arrondissement Talangai ...\",\"breadcrumb\":{\"@id\":\"https:\/\/www.africa-press.net\/congo-brazzaville\/economie\/infrastructures-les-tours-jumelles-de-mpila-operationnelles-dans-quelques-mois#breadcrumb\"},\"inLanguage\":\"fr-FR\",\"potentialAction\":[{\"@type\":\"ReadAction\",\"target\":[\"https:\/\/www.africa-press.net\/congo-brazzaville\/economie\/infrastructures-les-tours-jumelles-de-mpila-operationnelles-dans-quelques-mois\"]}]},{\"@type\":\"ImageObject\",\"inLanguage\":\"fr-FR\",\"@id\":\"https:\/\/www.africa-press.net\/congo-brazzaville\/economie\/infrastructures-les-tours-jumelles-de-mpila-operationnelles-dans-quelques-mois#primaryimage\",\"url\":\"https:\/\/static.africa-press.net\/congo-brazzaville\/sites\/51\/2023\/01\/postQueueImg_1675179822.46.jpg\",\"contentUrl\":\"https:\/\/static.africa-press.net\/congo-brazzaville\/sites\/51\/2023\/01\/postQueueImg_1675179822.46.jpg\",\"width\":1280,\"height\":720,\"caption\":\"Infrastructures : les Tours jumelles de Mpila op\u00e9rationnelles dans quelques mois\"},{\"@type\":\"BreadcrumbList\",\"@id\":\"https:\/\/www.africa-press.net\/congo-brazzaville\/economie\/infrastructures-les-tours-jumelles-de-mpila-operationnelles-dans-quelques-mois#breadcrumb\",\"itemListElement\":[{\"@type\":\"ListItem\",\"position\":1,\"name\":\"Accueil\",\"item\":\"https:\/\/www.africa-press.net\/congo-brazzaville\/\"},{\"@type\":\"ListItem\",\"position\":2,\"name\":\"Infrastructures : les Tours jumelles de Mpila op\u00e9rationnelles dans quelques mois\"}]},{\"@type\":\"WebSite\",\"@id\":\"https:\/\/www.africa-press.net\/congo-brazzaville\/#website\",\"url\":\"https:\/\/www.africa-press.net\/congo-brazzaville\/\",\"name\":\"Congo Brazzaville\",\"description\":\"Just another Africa News Agency Sites site\",\"potentialAction\":[{\"@type\":\"SearchAction\",\"target\":{\"@type\":\"EntryPoint\",\"urlTemplate\":\"https:\/\/www.africa-press.net\/congo-brazzaville\/?s={search_term_string}\"},\"query-input\":{\"@type\":\"PropertyValueSpecification\",\"valueRequired\":true,\"valueName\":\"search_term_string\"}}],\"inLanguage\":\"fr-FR\"},{\"@type\":\"Person\",\"@id\":\"https:\/\/www.africa-press.net\/congo-brazzaville\/#\/schema\/person\/2b1cf3cd81a31e3cd26889ca66d677f1\",\"name\":\"cfeditorfr\"}]}<\/script>\n<!-- \/ Yoast SEO Premium plugin. -->","yoast_head_json":{"title":"Infrastructures : les Tours jumelles de Mpila op\u00e9rationnelles dans quelques mois - Congo Brazzaville","description":"Les travaux de construction du centre d\u2019affaires, dit \u00ab Tours Jumelles \u00bb de Mpila, dans le 6e arrondissement Talangai ...","robots":{"index":"index","follow":"follow","max-snippet":"max-snippet:-1","max-image-preview":"max-image-preview:large","max-video-preview":"max-video-preview:-1"},"canonical":"https:\/\/www.africa-press.net\/congo-brazzaville\/economie\/infrastructures-les-tours-jumelles-de-mpila-operationnelles-dans-quelques-mois","og_locale":"fr_FR","og_type":"article","og_title":"Infrastructures : les Tours jumelles de Mpila op\u00e9rationnelles dans quelques mois","og_description":"Les travaux de construction du centre d\u2019affaires, dit \u00ab Tours Jumelles \u00bb de Mpila, dans le 6e arrondissement Talangai ...","og_url":"https:\/\/www.africa-press.net\/congo-brazzaville\/economie\/infrastructures-les-tours-jumelles-de-mpila-operationnelles-dans-quelques-mois","og_site_name":"Congo Brazzaville","article_published_time":"2023-01-31T19:13:38+00:00","article_modified_time":"2023-01-31T21:36:30+00:00","og_image":[{"width":1280,"height":720,"url":"https:\/\/static.africa-press.net\/congo-brazzaville\/sites\/51\/2023\/01\/postQueueImg_1675179822.46.jpg","type":"image\/jpeg"}],"author":"cfeditorfr","twitter_card":"summary_large_image","twitter_misc":{"\u00c9crit par":"cfeditorfr","Dur\u00e9e de lecture estim\u00e9e":"2 minutes"},"schema":{"@context":"https:\/\/schema.org","@graph":[{"@type":"Article","@id":"https:\/\/www.africa-press.net\/congo-brazzaville\/economie\/infrastructures-les-tours-jumelles-de-mpila-operationnelles-dans-quelques-mois#article","isPartOf":{"@id":"https:\/\/www.africa-press.net\/congo-brazzaville\/economie\/infrastructures-les-tours-jumelles-de-mpila-operationnelles-dans-quelques-mois"},"author":{"name":"cfeditorfr","@id":"https:\/\/www.africa-press.net\/congo-brazzaville\/#\/schema\/person\/2b1cf3cd81a31e3cd26889ca66d677f1"},"headline":"Infrastructures : les Tours jumelles de Mpila op\u00e9rationnelles dans quelques mois","datePublished":"2023-01-31T19:13:38+00:00","dateModified":"2023-01-31T21:36:30+00:00","mainEntityOfPage":{"@id":"https:\/\/www.africa-press.net\/congo-brazzaville\/economie\/infrastructures-les-tours-jumelles-de-mpila-operationnelles-dans-quelques-mois"},"wordCount":422,"commentCount":0,"image":{"@id":"https:\/\/www.africa-press.net\/congo-brazzaville\/economie\/infrastructures-les-tours-jumelles-de-mpila-operationnelles-dans-quelques-mois#primaryimage"},"thumbnailUrl":"https:\/\/static.africa-press.net\/congo-brazzaville\/sites\/51\/2023\/01\/postQueueImg_1675179822.46.jpg","keywords":["Africa Press","Africa Press-Congo Brazzaville","Congo Brazzaville"],"articleSection":["\u00c9conomie","Photo","Toutes les actualit\u00e9s"],"inLanguage":"fr-FR","potentialAction":[{"@type":"CommentAction","name":"Comment","target":["https:\/\/www.africa-press.net\/congo-brazzaville\/economie\/infrastructures-les-tours-jumelles-de-mpila-operationnelles-dans-quelques-mois#respond"]}]},{"@type":"WebPage","@id":"https:\/\/www.africa-press.net\/congo-brazzaville\/economie\/infrastructures-les-tours-jumelles-de-mpila-operationnelles-dans-quelques-mois","url":"https:\/\/www.africa-press.net\/congo-brazzaville\/economie\/infrastructures-les-tours-jumelles-de-mpila-operationnelles-dans-quelques-mois","name":"Infrastructures : les Tours jumelles de Mpila op\u00e9rationnelles dans quelques mois - Congo Brazzaville","isPartOf":{"@id":"https:\/\/www.africa-press.net\/congo-brazzaville\/#website"},"primaryImageOfPage":{"@id":"https:\/\/www.africa-press.net\/congo-brazzaville\/economie\/infrastructures-les-tours-jumelles-de-mpila-operationnelles-dans-quelques-mois#primaryimage"},"image":{"@id":"https:\/\/www.africa-press.net\/congo-brazzaville\/economie\/infrastructures-les-tours-jumelles-de-mpila-operationnelles-dans-quelques-mois#primaryimage"},"thumbnailUrl":"https:\/\/static.africa-press.net\/congo-brazzaville\/sites\/51\/2023\/01\/postQueueImg_1675179822.46.jpg","datePublished":"2023-01-31T19:13:38+00:00","dateModified":"2023-01-31T21:36:30+00:00","author":{"@id":"https:\/\/www.africa-press.net\/congo-brazzaville\/#\/schema\/person\/2b1cf3cd81a31e3cd26889ca66d677f1"},"description":"Les travaux de construction du centre d\u2019affaires, dit \u00ab Tours Jumelles \u00bb de Mpila, dans le 6e arrondissement Talangai ...","breadcrumb":{"@id":"https:\/\/www.africa-press.net\/congo-brazzaville\/economie\/infrastructures-les-tours-jumelles-de-mpila-operationnelles-dans-quelques-mois#breadcrumb"},"inLanguage":"fr-FR","potentialAction":[{"@type":"ReadAction","target":["https:\/\/www.africa-press.net\/congo-brazzaville\/economie\/infrastructures-les-tours-jumelles-de-mpila-operationnelles-dans-quelques-mois"]}]},{"@type":"ImageObject","inLanguage":"fr-FR","@id":"https:\/\/www.africa-press.net\/congo-brazzaville\/economie\/infrastructures-les-tours-jumelles-de-mpila-operationnelles-dans-quelques-mois#primaryimage","url":"https:\/\/static.africa-press.net\/congo-brazzaville\/sites\/51\/2023\/01\/postQueueImg_1675179822.46.jpg","contentUrl":"https:\/\/static.africa-press.net\/congo-brazzaville\/sites\/51\/2023\/01\/postQueueImg_1675179822.46.jpg","width":1280,"height":720,"caption":"Infrastructures : les Tours jumelles de Mpila op\u00e9rationnelles dans quelques mois"},{"@type":"BreadcrumbList","@id":"https:\/\/www.africa-press.net\/congo-brazzaville\/economie\/infrastructures-les-tours-jumelles-de-mpila-operationnelles-dans-quelques-mois#breadcrumb","itemListElement":[{"@type":"ListItem","position":1,"name":"Accueil","item":"https:\/\/www.africa-press.net\/congo-brazzaville\/"},{"@type":"ListItem","position":2,"name":"Infrastructures : les Tours jumelles de Mpila op\u00e9rationnelles dans quelques mois"}]},{"@type":"WebSite","@id":"https:\/\/www.africa-press.net\/congo-brazzaville\/#website","url":"https:\/\/www.africa-press.net\/congo-brazzaville\/","name":"Congo Brazzaville","description":"Just another Africa News Agency Sites site","potentialAction":[{"@type":"SearchAction","target":{"@type":"EntryPoint","urlTemplate":"https:\/\/www.africa-press.net\/congo-brazzaville\/?s={search_term_string}"},"query-input":{"@type":"PropertyValueSpecification","valueRequired":true,"valueName":"search_term_string"}}],"inLanguage":"fr-FR"},{"@type":"Person","@id":"https:\/\/www.africa-press.net\/congo-brazzaville\/#\/schema\/person\/2b1cf3cd81a31e3cd26889ca66d677f1","name":"cfeditorfr"}]}},"_links":{"self":[{"href":"https:\/\/www.africa-press.net\/congo-brazzaville\/wp-json\/wp\/v2\/posts\/13945","targetHints":{"allow":["GET"]}}],"collection":[{"href":"https:\/\/www.africa-press.net\/congo-brazzaville\/wp-json\/wp\/v2\/posts"}],"about":[{"href":"https:\/\/www.africa-press.net\/congo-brazzaville\/wp-json\/wp\/v2\/types\/post"}],"author":[{"embeddable":true,"href":"https:\/\/www.africa-press.net\/congo-brazzaville\/wp-json\/wp\/v2\/users\/82"}],"replies":[{"embeddable":true,"href":"https:\/\/www.africa-press.net\/congo-brazzaville\/wp-json\/wp\/v2\/comments?post=13945"}],"version-history":[{"count":0,"href":"https:\/\/www.africa-press.net\/congo-brazzaville\/wp-json\/wp\/v2\/posts\/13945\/revisions"}],"wp:featuredmedia":[{"embeddable":true,"href":"https:\/\/www.africa-press.net\/congo-brazzaville\/wp-json\/wp\/v2\/media\/13944"}],"wp:attachment":[{"href":"https:\/\/www.africa-press.net\/congo-brazzaville\/wp-json\/wp\/v2\/media?parent=13945"}],"wp:term":[{"taxonomy":"category","embeddable":true,"href":"https:\/\/www.africa-press.net\/congo-brazzaville\/wp-json\/wp\/v2\/categories?post=13945"},{"taxonomy":"post_tag","embeddable":true,"href":"https:\/\/www.africa-press.net\/congo-brazzaville\/wp-json\/wp\/v2\/tags?post=13945"}],"curies":[{"name":"wp","href":"https:\/\/api.w.org\/{rel}","templated":true}]}}