{"id":1395,"date":"2021-08-28T20:42:17","date_gmt":"2021-08-28T20:42:17","guid":{"rendered":"https:\/\/www.africa-press.net\/congo-brazzaville\/politique\/lunion-portuaire-rouennaise-prete-a-accompagner-la-politique-maritime-au-congo"},"modified":"2021-08-28T20:43:39","modified_gmt":"2021-08-28T20:43:39","slug":"lunion-portuaire-rouennaise-prete-a-accompagner-la-politique-maritime-au-congo","status":"publish","type":"post","link":"https:\/\/www.africa-press.net\/congo-brazzaville\/economie\/lunion-portuaire-rouennaise-prete-a-accompagner-la-politique-maritime-au-congo","title":{"rendered":"L\u2019union portuaire rouennaise pr\u00eate \u00e0 accompagner la politique maritime au Congo"},"content":{"rendered":"<p><span style=\"color: #ff6600\"><strong><a href=\"https:\/\/www.africa-press.net\/\">Africa-Press<\/a> &#8211; <a href=\"https:\/\/www.africa-press.net\/congo-brazzaville\">Congo Brazzaville<\/a>. <\/strong><\/span><b>En <\/b>marge de la Rencontre des entrepreneurs de France, le Premier ministre Anatole Collinet Makosso mandate une mission minist\u00e9rielle au Havre.<\/p>\n<p>Vendredi 27 ao\u00fbt, le ministre des Transports et de la Marine marchande, Jean Marc Thyst\u00e8re Tchicaya, et celui des Zones \u00e9conomiques sp\u00e9ciales, \u00c9mile Ouosso, ont pris part aux journ\u00e9es th\u00e9matiques du Medef organis\u00e9es au Havre sur les th\u00e8mes : la fili\u00e8re logistique ; la pr\u00e9sentation du Havre Ville Portuaire Intelligente ; le Havre Smart Port City et les solutions intelligentes d\u2019interface ville-port.<\/p>\n<p>Sur place, au Havre, la mission minist\u00e9rielle compos\u00e9e \u00e9galement de Philippe Dehays, directeur de Centrimex France, une entreprise bas\u00e9e \u00e0 Pointe-Noire et de Brice Ars\u00e8ne Mankou, mandat\u00e9 par le Premier ministre, a pu, suivant la feuille de route, tenir une s\u00e9ance de travail avec Christian Boulocher, pr\u00e9sident de l\u2019Union rouennaise, son directeur Thomas Cohertier et Emmanuel Brouiller, consul honoraire du Congo en Normandie.<\/p>\n<p>Dans son mot de bienvenue, le pr\u00e9sident de l\u2019Union portuaire rouennaise a dit toute sa satisfaction de travailler avec le Congo dans le cadre du renforcement de sa politique maritime. R\u00e9pondant \u00e0 son h\u00f4te, Brice Ars\u00e8ne Mankou a exprim\u00e9 ses remerciements et a salu\u00e9 cette coop\u00e9ration \u00e9conomique au nom du Premier ministre.<\/p>\n<p>C\u2019\u00e9tait l\u2019occasion pour le consul honoraire du Congo en Normandie de pr\u00e9senter les atouts d\u2019investissement dans le domaine portuaire au Congo. Il a annonc\u00e9 \u00e9galement la tenue \u00e0 Rouen des premi\u00e8res journ\u00e9es consulaires et \u00e9conomiques sur le th\u00e8me de: \u201cInvestir au Congo dans le domaine portuaire\u201d. La date et les modalit\u00e9s seront communiqu\u00e9es en temps opportun en accord avec les institutions congolaises.<\/p>\n<p>Le Havre est une ville jumel\u00e9e avc Pointe Noire.<\/p>\n\r\n                <style type=\"text\/css\">\r\n                    \r\n                    #td_uid_1_69f4473ed974b  .td-doubleSlider-2 .td-item1 {\r\n                        background: url(https:\/\/static.africa-press.net\/centrafricaine\/sites\/51\/2021\/08\/img-612a9f62ecfd7-80x60.jpg) 0 0 no-repeat;\r\n                    }\r\n                <\/style>\r\n\r\n                <div id=\"td_uid_1_69f4473ed974b\" class=\"td-gallery td-slide-on-2-columns\">\r\n                    <div class=\"post_td_gallery\">\r\n                        <div class=\"td-gallery-slide-top\">\r\n                           <div class=\"td-gallery-title\"><\/div>\r\n\r\n                            <div class=\"td-gallery-controls-wrapper\">\r\n                                <div class=\"td-gallery-slide-count\"><span class=\"td-gallery-slide-item-focus\">1<\/span> de 2<\/div>\r\n                                <div class=\"td-gallery-slide-prev-next-but\">\r\n                                    <i class = \"td-icon-left doubleSliderPrevButton\"><\/i>\r\n                                    <i class = \"td-icon-right doubleSliderNextButton\"><\/i>\r\n                                <\/div>\r\n                            <\/div>\r\n                        <\/div>\r\n\r\n                        <div class = \"td-doubleSlider-1 \">\r\n                            <div class = \"td-slider\">\r\n                                \r\n                    <div class = \"td-slide-item td-item1\">\r\n                        <figure class=\"td-slide-galery-figure td-slide-popup-gallery\">\r\n                            <a class=\"slide-gallery-image-link\" href=\"https:\/\/static.africa-press.net\/centrafricaine\/sites\/51\/2021\/08\/img-612a9f62ecfd7.jpg\" title=\"img-612a9f62ecfd7\"  data-caption=\"\"  data-description=\"\">\r\n                                <img decoding=\"async\" src=\"https:\/\/static.africa-press.net\/centrafricaine\/sites\/51\/2021\/08\/img-612a9f62ecfd7.jpg\" srcset=\"https:\/\/static.africa-press.net\/congo-brazzaville\/sites\/51\/2021\/08\/img-612a9f62ecfd7.jpg 800w, https:\/\/static.africa-press.net\/congo-brazzaville\/sites\/51\/2021\/08\/img-612a9f62ecfd7-300x149.jpg 300w, https:\/\/static.africa-press.net\/congo-brazzaville\/sites\/51\/2021\/08\/img-612a9f62ecfd7-768x382.jpg 768w, https:\/\/static.africa-press.net\/congo-brazzaville\/sites\/51\/2021\/08\/img-612a9f62ecfd7-324x160.jpg 324w\" sizes=\"(max-width: 800px) 100vw, 800px\" alt=\"\">\r\n                            <\/a>\r\n                            \r\n                        <\/figure>\r\n                    <\/div>\r\n                            <\/div>\r\n                        <\/div>\r\n\r\n                        <div class = \"td-doubleSlider-2\">\r\n                            <div class = \"td-slider\">\r\n                                \r\n                    <div class = \"td-button td-item1\">\r\n                        <div class = \"td-border\"><\/div>\r\n                    <\/div>\r\n                            <\/div>\r\n                        <\/div>\r\n\r\n                    <\/div>\r\n\r\n                <\/div>\r\n                \n","protected":false},"excerpt":{"rendered":"<p>Africa-Press &#8211; Congo Brazzaville. En marge de la Rencontre des entrepreneurs de France, le Premier ministre Anatole Collinet Makosso mandate une mission minist\u00e9rielle au Havre. Vendredi 27 ao\u00fbt, le ministre des Transports et de la Marine marchande, Jean Marc Thyst\u00e8re Tchicaya, et celui des Zones \u00e9conomiques sp\u00e9ciales, \u00c9mile Ouosso, ont pris part aux journ\u00e9es th\u00e9matiques [&hellip;]<\/p>\n","protected":false},"author":82,"featured_media":1394,"comment_status":"open","ping_status":"closed","sticky":false,"template":"","format":"standard","meta":{"footnotes":""},"categories":[3,11,8,20,10],"tags":[36,47,46],"class_list":["post-1395","post","type-post","status-publish","format-standard","has-post-thumbnail","hentry","category-economie","category-homepage-french","category-photo","category-top-nouvelles","category-toutes-les-actualites","tag-africa-press","tag-africa-press-congo-brazzaville","tag-congo-brazzaville"],"yoast_head":"<!-- This site is optimized with the Yoast SEO Premium plugin v26.1 (Yoast SEO v27.0) - https:\/\/yoast.com\/product\/yoast-seo-premium-wordpress\/ -->\n<title>L\u2019union portuaire rouennaise pr\u00eate \u00e0 accompagner la politique maritime au Congo - Congo Brazzaville<\/title>\n<meta name=\"description\" content=\"En marge de la Rencontre des entrepreneurs de France, le Premier ministre Anatole Collinet Makosso mandate une m ...\" \/>\n<meta name=\"robots\" content=\"index, follow, max-snippet:-1, max-image-preview:large, max-video-preview:-1\" \/>\n<link rel=\"canonical\" href=\"https:\/\/www.africa-press.net\/congo-brazzaville\/economie\/lunion-portuaire-rouennaise-prete-a-accompagner-la-politique-maritime-au-congo\" \/>\n<meta property=\"og:locale\" content=\"fr_FR\" \/>\n<meta property=\"og:type\" content=\"article\" \/>\n<meta property=\"og:title\" content=\"L\u2019union portuaire rouennaise pr\u00eate \u00e0 accompagner la politique maritime au Congo\" \/>\n<meta property=\"og:description\" content=\"En marge de la Rencontre des entrepreneurs de France, le Premier ministre Anatole Collinet Makosso mandate une m ...\" \/>\n<meta property=\"og:url\" content=\"https:\/\/www.africa-press.net\/congo-brazzaville\/economie\/lunion-portuaire-rouennaise-prete-a-accompagner-la-politique-maritime-au-congo\" \/>\n<meta property=\"og:site_name\" content=\"Congo Brazzaville\" \/>\n<meta property=\"article:published_time\" content=\"2021-08-28T20:42:17+00:00\" \/>\n<meta property=\"article:modified_time\" content=\"2021-08-28T20:43:39+00:00\" \/>\n<meta property=\"og:image\" content=\"https:\/\/static.africa-press.net\/centrafricaine\/sites\/51\/2021\/08\/img-612a9f6b14da9.jpg\" \/>\n\t<meta property=\"og:image:width\" content=\"800\" \/>\n\t<meta property=\"og:image:height\" content=\"398\" \/>\n\t<meta property=\"og:image:type\" content=\"image\/jpeg\" \/>\n<meta name=\"author\" content=\"cfeditorfr\" \/>\n<meta name=\"twitter:card\" content=\"summary_large_image\" \/>\n<meta name=\"twitter:label1\" content=\"\u00c9crit par\" \/>\n\t<meta name=\"twitter:data1\" content=\"cfeditorfr\" \/>\n\t<meta name=\"twitter:label2\" content=\"Dur\u00e9e de lecture estim\u00e9e\" \/>\n\t<meta name=\"twitter:data2\" content=\"2 minutes\" \/>\n<script type=\"application\/ld+json\" class=\"yoast-schema-graph\">{\"@context\":\"https:\/\/schema.org\",\"@graph\":[{\"@type\":\"Article\",\"@id\":\"https:\/\/www.africa-press.net\/congo-brazzaville\/economie\/lunion-portuaire-rouennaise-prete-a-accompagner-la-politique-maritime-au-congo#article\",\"isPartOf\":{\"@id\":\"https:\/\/www.africa-press.net\/congo-brazzaville\/economie\/lunion-portuaire-rouennaise-prete-a-accompagner-la-politique-maritime-au-congo\"},\"author\":{\"name\":\"cfeditorfr\",\"@id\":\"https:\/\/www.africa-press.net\/congo-brazzaville\/#\/schema\/person\/2b1cf3cd81a31e3cd26889ca66d677f1\"},\"headline\":\"L\u2019union portuaire rouennaise pr\u00eate \u00e0 accompagner la politique maritime au Congo\",\"datePublished\":\"2021-08-28T20:42:17+00:00\",\"dateModified\":\"2021-08-28T20:43:39+00:00\",\"mainEntityOfPage\":{\"@id\":\"https:\/\/www.africa-press.net\/congo-brazzaville\/economie\/lunion-portuaire-rouennaise-prete-a-accompagner-la-politique-maritime-au-congo\"},\"wordCount\":322,\"commentCount\":0,\"image\":{\"@id\":\"https:\/\/www.africa-press.net\/congo-brazzaville\/economie\/lunion-portuaire-rouennaise-prete-a-accompagner-la-politique-maritime-au-congo#primaryimage\"},\"thumbnailUrl\":\"https:\/\/static.africa-press.net\/centrafricaine\/sites\/51\/2021\/08\/img-612a9f6b14da9.jpg\",\"keywords\":[\"Africa Press\",\"Africa Press-Congo Brazzaville\",\"Congo Brazzaville\"],\"articleSection\":[\"\u00c9conomie\",\"homepage-french\",\"Photo\",\"Top Nouvelles\",\"Toutes les actualit\u00e9s\"],\"inLanguage\":\"fr-FR\",\"potentialAction\":[{\"@type\":\"CommentAction\",\"name\":\"Comment\",\"target\":[\"https:\/\/www.africa-press.net\/congo-brazzaville\/economie\/lunion-portuaire-rouennaise-prete-a-accompagner-la-politique-maritime-au-congo#respond\"]}]},{\"@type\":\"WebPage\",\"@id\":\"https:\/\/www.africa-press.net\/congo-brazzaville\/economie\/lunion-portuaire-rouennaise-prete-a-accompagner-la-politique-maritime-au-congo\",\"url\":\"https:\/\/www.africa-press.net\/congo-brazzaville\/economie\/lunion-portuaire-rouennaise-prete-a-accompagner-la-politique-maritime-au-congo\",\"name\":\"L\u2019union portuaire rouennaise pr\u00eate \u00e0 accompagner la politique maritime au Congo - Congo Brazzaville\",\"isPartOf\":{\"@id\":\"https:\/\/www.africa-press.net\/congo-brazzaville\/#website\"},\"primaryImageOfPage\":{\"@id\":\"https:\/\/www.africa-press.net\/congo-brazzaville\/economie\/lunion-portuaire-rouennaise-prete-a-accompagner-la-politique-maritime-au-congo#primaryimage\"},\"image\":{\"@id\":\"https:\/\/www.africa-press.net\/congo-brazzaville\/economie\/lunion-portuaire-rouennaise-prete-a-accompagner-la-politique-maritime-au-congo#primaryimage\"},\"thumbnailUrl\":\"https:\/\/static.africa-press.net\/centrafricaine\/sites\/51\/2021\/08\/img-612a9f6b14da9.jpg\",\"datePublished\":\"2021-08-28T20:42:17+00:00\",\"dateModified\":\"2021-08-28T20:43:39+00:00\",\"author\":{\"@id\":\"https:\/\/www.africa-press.net\/congo-brazzaville\/#\/schema\/person\/2b1cf3cd81a31e3cd26889ca66d677f1\"},\"description\":\"En marge de la Rencontre des entrepreneurs de France, le Premier ministre Anatole Collinet Makosso mandate une m ...\",\"breadcrumb\":{\"@id\":\"https:\/\/www.africa-press.net\/congo-brazzaville\/economie\/lunion-portuaire-rouennaise-prete-a-accompagner-la-politique-maritime-au-congo#breadcrumb\"},\"inLanguage\":\"fr-FR\",\"potentialAction\":[{\"@type\":\"ReadAction\",\"target\":[\"https:\/\/www.africa-press.net\/congo-brazzaville\/economie\/lunion-portuaire-rouennaise-prete-a-accompagner-la-politique-maritime-au-congo\"]}]},{\"@type\":\"ImageObject\",\"inLanguage\":\"fr-FR\",\"@id\":\"https:\/\/www.africa-press.net\/congo-brazzaville\/economie\/lunion-portuaire-rouennaise-prete-a-accompagner-la-politique-maritime-au-congo#primaryimage\",\"url\":\"https:\/\/static.africa-press.net\/centrafricaine\/sites\/51\/2021\/08\/img-612a9f6b14da9.jpg\",\"contentUrl\":\"https:\/\/static.africa-press.net\/centrafricaine\/sites\/51\/2021\/08\/img-612a9f6b14da9.jpg\",\"width\":800,\"height\":398,\"caption\":\"L\u2019union portuaire rouennaise pr\u00eate \u00e0 accompagner la politique maritime au Congo\"},{\"@type\":\"BreadcrumbList\",\"@id\":\"https:\/\/www.africa-press.net\/congo-brazzaville\/economie\/lunion-portuaire-rouennaise-prete-a-accompagner-la-politique-maritime-au-congo#breadcrumb\",\"itemListElement\":[{\"@type\":\"ListItem\",\"position\":1,\"name\":\"Accueil\",\"item\":\"https:\/\/www.africa-press.net\/congo-brazzaville\/\"},{\"@type\":\"ListItem\",\"position\":2,\"name\":\"L\u2019union portuaire rouennaise pr\u00eate \u00e0 accompagner la politique maritime au Congo\"}]},{\"@type\":\"WebSite\",\"@id\":\"https:\/\/www.africa-press.net\/congo-brazzaville\/#website\",\"url\":\"https:\/\/www.africa-press.net\/congo-brazzaville\/\",\"name\":\"Congo Brazzaville\",\"description\":\"Just another Africa News Agency Sites site\",\"potentialAction\":[{\"@type\":\"SearchAction\",\"target\":{\"@type\":\"EntryPoint\",\"urlTemplate\":\"https:\/\/www.africa-press.net\/congo-brazzaville\/?s={search_term_string}\"},\"query-input\":{\"@type\":\"PropertyValueSpecification\",\"valueRequired\":true,\"valueName\":\"search_term_string\"}}],\"inLanguage\":\"fr-FR\"},{\"@type\":\"Person\",\"@id\":\"https:\/\/www.africa-press.net\/congo-brazzaville\/#\/schema\/person\/2b1cf3cd81a31e3cd26889ca66d677f1\",\"name\":\"cfeditorfr\"}]}<\/script>\n<!-- \/ Yoast SEO Premium plugin. -->","yoast_head_json":{"title":"L\u2019union portuaire rouennaise pr\u00eate \u00e0 accompagner la politique maritime au Congo - Congo Brazzaville","description":"En marge de la Rencontre des entrepreneurs de France, le Premier ministre Anatole Collinet Makosso mandate une m ...","robots":{"index":"index","follow":"follow","max-snippet":"max-snippet:-1","max-image-preview":"max-image-preview:large","max-video-preview":"max-video-preview:-1"},"canonical":"https:\/\/www.africa-press.net\/congo-brazzaville\/economie\/lunion-portuaire-rouennaise-prete-a-accompagner-la-politique-maritime-au-congo","og_locale":"fr_FR","og_type":"article","og_title":"L\u2019union portuaire rouennaise pr\u00eate \u00e0 accompagner la politique maritime au Congo","og_description":"En marge de la Rencontre des entrepreneurs de France, le Premier ministre Anatole Collinet Makosso mandate une m ...","og_url":"https:\/\/www.africa-press.net\/congo-brazzaville\/economie\/lunion-portuaire-rouennaise-prete-a-accompagner-la-politique-maritime-au-congo","og_site_name":"Congo Brazzaville","article_published_time":"2021-08-28T20:42:17+00:00","article_modified_time":"2021-08-28T20:43:39+00:00","og_image":[{"width":800,"height":398,"url":"https:\/\/static.africa-press.net\/centrafricaine\/sites\/51\/2021\/08\/img-612a9f6b14da9.jpg","type":"image\/jpeg"}],"author":"cfeditorfr","twitter_card":"summary_large_image","twitter_misc":{"\u00c9crit par":"cfeditorfr","Dur\u00e9e de lecture estim\u00e9e":"2 minutes"},"schema":{"@context":"https:\/\/schema.org","@graph":[{"@type":"Article","@id":"https:\/\/www.africa-press.net\/congo-brazzaville\/economie\/lunion-portuaire-rouennaise-prete-a-accompagner-la-politique-maritime-au-congo#article","isPartOf":{"@id":"https:\/\/www.africa-press.net\/congo-brazzaville\/economie\/lunion-portuaire-rouennaise-prete-a-accompagner-la-politique-maritime-au-congo"},"author":{"name":"cfeditorfr","@id":"https:\/\/www.africa-press.net\/congo-brazzaville\/#\/schema\/person\/2b1cf3cd81a31e3cd26889ca66d677f1"},"headline":"L\u2019union portuaire rouennaise pr\u00eate \u00e0 accompagner la politique maritime au Congo","datePublished":"2021-08-28T20:42:17+00:00","dateModified":"2021-08-28T20:43:39+00:00","mainEntityOfPage":{"@id":"https:\/\/www.africa-press.net\/congo-brazzaville\/economie\/lunion-portuaire-rouennaise-prete-a-accompagner-la-politique-maritime-au-congo"},"wordCount":322,"commentCount":0,"image":{"@id":"https:\/\/www.africa-press.net\/congo-brazzaville\/economie\/lunion-portuaire-rouennaise-prete-a-accompagner-la-politique-maritime-au-congo#primaryimage"},"thumbnailUrl":"https:\/\/static.africa-press.net\/centrafricaine\/sites\/51\/2021\/08\/img-612a9f6b14da9.jpg","keywords":["Africa Press","Africa Press-Congo Brazzaville","Congo Brazzaville"],"articleSection":["\u00c9conomie","homepage-french","Photo","Top Nouvelles","Toutes les actualit\u00e9s"],"inLanguage":"fr-FR","potentialAction":[{"@type":"CommentAction","name":"Comment","target":["https:\/\/www.africa-press.net\/congo-brazzaville\/economie\/lunion-portuaire-rouennaise-prete-a-accompagner-la-politique-maritime-au-congo#respond"]}]},{"@type":"WebPage","@id":"https:\/\/www.africa-press.net\/congo-brazzaville\/economie\/lunion-portuaire-rouennaise-prete-a-accompagner-la-politique-maritime-au-congo","url":"https:\/\/www.africa-press.net\/congo-brazzaville\/economie\/lunion-portuaire-rouennaise-prete-a-accompagner-la-politique-maritime-au-congo","name":"L\u2019union portuaire rouennaise pr\u00eate \u00e0 accompagner la politique maritime au Congo - Congo Brazzaville","isPartOf":{"@id":"https:\/\/www.africa-press.net\/congo-brazzaville\/#website"},"primaryImageOfPage":{"@id":"https:\/\/www.africa-press.net\/congo-brazzaville\/economie\/lunion-portuaire-rouennaise-prete-a-accompagner-la-politique-maritime-au-congo#primaryimage"},"image":{"@id":"https:\/\/www.africa-press.net\/congo-brazzaville\/economie\/lunion-portuaire-rouennaise-prete-a-accompagner-la-politique-maritime-au-congo#primaryimage"},"thumbnailUrl":"https:\/\/static.africa-press.net\/centrafricaine\/sites\/51\/2021\/08\/img-612a9f6b14da9.jpg","datePublished":"2021-08-28T20:42:17+00:00","dateModified":"2021-08-28T20:43:39+00:00","author":{"@id":"https:\/\/www.africa-press.net\/congo-brazzaville\/#\/schema\/person\/2b1cf3cd81a31e3cd26889ca66d677f1"},"description":"En marge de la Rencontre des entrepreneurs de France, le Premier ministre Anatole Collinet Makosso mandate une m ...","breadcrumb":{"@id":"https:\/\/www.africa-press.net\/congo-brazzaville\/economie\/lunion-portuaire-rouennaise-prete-a-accompagner-la-politique-maritime-au-congo#breadcrumb"},"inLanguage":"fr-FR","potentialAction":[{"@type":"ReadAction","target":["https:\/\/www.africa-press.net\/congo-brazzaville\/economie\/lunion-portuaire-rouennaise-prete-a-accompagner-la-politique-maritime-au-congo"]}]},{"@type":"ImageObject","inLanguage":"fr-FR","@id":"https:\/\/www.africa-press.net\/congo-brazzaville\/economie\/lunion-portuaire-rouennaise-prete-a-accompagner-la-politique-maritime-au-congo#primaryimage","url":"https:\/\/static.africa-press.net\/centrafricaine\/sites\/51\/2021\/08\/img-612a9f6b14da9.jpg","contentUrl":"https:\/\/static.africa-press.net\/centrafricaine\/sites\/51\/2021\/08\/img-612a9f6b14da9.jpg","width":800,"height":398,"caption":"L\u2019union portuaire rouennaise pr\u00eate \u00e0 accompagner la politique maritime au Congo"},{"@type":"BreadcrumbList","@id":"https:\/\/www.africa-press.net\/congo-brazzaville\/economie\/lunion-portuaire-rouennaise-prete-a-accompagner-la-politique-maritime-au-congo#breadcrumb","itemListElement":[{"@type":"ListItem","position":1,"name":"Accueil","item":"https:\/\/www.africa-press.net\/congo-brazzaville\/"},{"@type":"ListItem","position":2,"name":"L\u2019union portuaire rouennaise pr\u00eate \u00e0 accompagner la politique maritime au Congo"}]},{"@type":"WebSite","@id":"https:\/\/www.africa-press.net\/congo-brazzaville\/#website","url":"https:\/\/www.africa-press.net\/congo-brazzaville\/","name":"Congo Brazzaville","description":"Just another Africa News Agency Sites site","potentialAction":[{"@type":"SearchAction","target":{"@type":"EntryPoint","urlTemplate":"https:\/\/www.africa-press.net\/congo-brazzaville\/?s={search_term_string}"},"query-input":{"@type":"PropertyValueSpecification","valueRequired":true,"valueName":"search_term_string"}}],"inLanguage":"fr-FR"},{"@type":"Person","@id":"https:\/\/www.africa-press.net\/congo-brazzaville\/#\/schema\/person\/2b1cf3cd81a31e3cd26889ca66d677f1","name":"cfeditorfr"}]}},"_links":{"self":[{"href":"https:\/\/www.africa-press.net\/congo-brazzaville\/wp-json\/wp\/v2\/posts\/1395","targetHints":{"allow":["GET"]}}],"collection":[{"href":"https:\/\/www.africa-press.net\/congo-brazzaville\/wp-json\/wp\/v2\/posts"}],"about":[{"href":"https:\/\/www.africa-press.net\/congo-brazzaville\/wp-json\/wp\/v2\/types\/post"}],"author":[{"embeddable":true,"href":"https:\/\/www.africa-press.net\/congo-brazzaville\/wp-json\/wp\/v2\/users\/82"}],"replies":[{"embeddable":true,"href":"https:\/\/www.africa-press.net\/congo-brazzaville\/wp-json\/wp\/v2\/comments?post=1395"}],"version-history":[{"count":0,"href":"https:\/\/www.africa-press.net\/congo-brazzaville\/wp-json\/wp\/v2\/posts\/1395\/revisions"}],"wp:featuredmedia":[{"embeddable":true,"href":"https:\/\/www.africa-press.net\/congo-brazzaville\/wp-json\/wp\/v2\/media\/1394"}],"wp:attachment":[{"href":"https:\/\/www.africa-press.net\/congo-brazzaville\/wp-json\/wp\/v2\/media?parent=1395"}],"wp:term":[{"taxonomy":"category","embeddable":true,"href":"https:\/\/www.africa-press.net\/congo-brazzaville\/wp-json\/wp\/v2\/categories?post=1395"},{"taxonomy":"post_tag","embeddable":true,"href":"https:\/\/www.africa-press.net\/congo-brazzaville\/wp-json\/wp\/v2\/tags?post=1395"}],"curies":[{"name":"wp","href":"https:\/\/api.w.org\/{rel}","templated":true}]}}