{"id":13950,"date":"2023-01-31T19:13:51","date_gmt":"2023-01-31T19:13:51","guid":{"rendered":"https:\/\/www.africa-press.net\/congo-brazzaville\/politique\/police-deux-groupes-de-malfrats-presentes-a-la-presse"},"modified":"2023-01-31T21:37:49","modified_gmt":"2023-01-31T21:37:49","slug":"police-deux-groupes-de-malfrats-presentes-a-la-presse","status":"publish","type":"post","link":"https:\/\/www.africa-press.net\/congo-brazzaville\/photo\/police-deux-groupes-de-malfrats-presentes-a-la-presse","title":{"rendered":"Police : deux groupes de malfrats pr\u00e9sent\u00e9s \u00e0 la presse"},"content":{"rendered":"<p><span style=\"color: #ff6600\"><strong>Africa-Press &#8211; Congo Brazzaville. <\/strong><\/span><b>Le commandement territorial des forces de police des de\u0301partements du Kouilou et de Pointe-Noire que dirige le ge\u0301ne\u0301ral de police de premie\u0300re classe, Jean Pierre Okiba, a pre\u0301sente\u0301 le 31 janvier deux groupes pre\u0301sume\u0301s responsables de divers actes criminels au quartier Loussala Sapin KM14, dans le troisie\u0300me arrondissement Tie\u0301-Tie\u0301, et de la mort du ge\u0301rant de la boulangerie Africain, situe\u0301e dans le cinquie\u0300me arrondissement, Ngoyo.<\/b><\/p>\n<p>Edifiant la presse, le colonel de police Edgard Brice Sosthe\u0300ne Malanda, commandant territorial de la police judiciaire du Kouilou et de Pointe-Noire, a explique\u0301 que c\u2019est sous instruction du ge\u0301ne\u0301ral de police Jean-Pierre Okiba que la police a pu mettre la main sur les deux groupes de malfaiteurs. \u00ab Compose\u0301 d\u2019une douzaine des jeunes Congolais, a\u0300 savoir Effrakassa, Gazel, Mounde\u0301le\u0301, Blaise ,alias ge\u0301ne\u0301ral Adoua, Dedie\u0301le\u0301, Chakoul (en fuite), Duval et autres, le groupe dit ame\u0301ricain Relax est soupc\u0327onne\u0301 d&rsquo;e\u0302tre responsable de divers actes criminels. Il a viole\u0301 a\u0300 la fois une femme marie\u0301e et sa fille mineure devant son e\u0301poux ligote\u0301, a effectue\u0301 un vol a\u0300 mains arme\u0301es dans cette habitation du quartier Loussala Sapin, dans le troisie\u0300me arrondissement Tie\u0301-Tie\u0301. En s\u2019appuyant sur leurs propres aveux, cet acte est motive\u0301 par une jalousie manifeste\u0301 par un membre de ce groupe a\u0300 l\u2019e\u0301gard de son voisin. C\u2019est Effrakassa, l\u2019un des cerveaux penseurs de cette attaque, qui a organise\u0301 les autres membres du groupe en vue de faire une irruption nocturne dans l\u2019habitation de son voisin \u00bb, a-t-il pre\u0301cise\u0301.<\/p>\n<p>Appre\u0301ciant pour sa part le travail effectue\u0301 par la police en vue de rattraper ces hors-la-loi, le chef de quartier 313, Loussala marche\u0301 Tie\u0301-Tie\u0301, qui a requis l\u2019anonymat, a explique\u0301 qu\u2019il s&rsquo;agit des me\u0302mes personnes resposables de plusieurs forfaits et actes criminels dans ce quartier.\u00ab Pour mieux lutter contre ce phe\u0301nome\u0300ne de grand banditisme dans ce quartier, nous sollicitons la construction d\u2019un poste de police avance\u0301 parce que le premier se situe a\u0300 cinq kilome\u0300tres de ces lieux ou\u0300 le crime s\u2019est perpe\u0301tre\u0301 \u00bb, a-t-il de\u0301clare\u0301.<\/p>\n<p>En plus du premier groupe, le commandement territorial des forces de police du Kouilou et de Pointe-Noire a aussi pre\u0301sente\u0301 un autre groupe des pre\u0301sume\u0301s malfaiteurs responsable de la mort de leur patron, un sujet e\u0301tranger ge\u0301rant de la boulangerie Africain situe\u0301e dans le cinquie\u0300me arrondissement, Ngoyo.<\/p>\n<p>Selon le colonel de police Edgard Brice Sosthene Malanda, l\u2019interpellation de ces pre\u0301sume\u0301s malfrats a e\u0301te\u0301 rendue possible gra\u0302ce a\u0300 un e\u0301change d\u2019informations entre les commandements territoriaux des forces de police des de\u0301partements du Kouilou\/Pointe-Noire avec celui du de\u0301partement du Niari. Il a indique\u0301 qu&rsquo;apre\u0300s avoir commis leur forfait, certains de ces malfrats avaient pre\u0301cipitamment quitte\u0301 Pointe-Noire pour les villes de Mossendjo et Dolisie, dans le de\u0301partement du Niari. \u00abDans la nuit du 1er au 2 de\u0301cembre dernier, ces individus arme\u0301s d\u2019armes blanches se sont permis de se transformer en employe\u0301s au sein de cette boulangerie. Ils ont su ligoter leur patron et emporter avec eux la somme de 4 millions de F CFA qui se trouvait dans le coffre-fort de la boulangerie \u00bb, a-t-il explique\u0301.<\/p>\n\r\n                <style type=\"text\/css\">\r\n                    \r\n                    #td_uid_1_69eec8fdde2ec  .td-doubleSlider-2 .td-item1 {\r\n                        background: url(https:\/\/static.africa-press.net\/congo-brazzaville\/sites\/51\/2023\/01\/postMediaimg_72_1-80x60.jpg) 0 0 no-repeat;\r\n                    }\r\n                    #td_uid_1_69eec8fdde2ec  .td-doubleSlider-2 .td-item2 {\r\n                        background: url(https:\/\/static.africa-press.net\/congo-brazzaville\/sites\/51\/2023\/01\/postMediaimg_72_2-80x60.jpg) 0 0 no-repeat;\r\n                    }\r\n                <\/style>\r\n\r\n                <div id=\"td_uid_1_69eec8fdde2ec\" class=\"td-gallery td-slide-on-2-columns\">\r\n                    <div class=\"post_td_gallery\">\r\n                        <div class=\"td-gallery-slide-top\">\r\n                           <div class=\"td-gallery-title\"><\/div>\r\n\r\n                            <div class=\"td-gallery-controls-wrapper\">\r\n                                <div class=\"td-gallery-slide-count\"><span class=\"td-gallery-slide-item-focus\">1<\/span> de 2<\/div>\r\n                                <div class=\"td-gallery-slide-prev-next-but\">\r\n                                    <i class = \"td-icon-left doubleSliderPrevButton\"><\/i>\r\n                                    <i class = \"td-icon-right doubleSliderNextButton\"><\/i>\r\n                                <\/div>\r\n                            <\/div>\r\n                        <\/div>\r\n\r\n                        <div class = \"td-doubleSlider-1 \">\r\n                            <div class = \"td-slider\">\r\n                                \r\n                    <div class = \"td-slide-item td-item1\">\r\n                        <figure class=\"td-slide-galery-figure td-slide-popup-gallery\">\r\n                            <a class=\"slide-gallery-image-link\" href=\"https:\/\/static.africa-press.net\/congo-brazzaville\/sites\/51\/2023\/01\/postMediaimg_72_1.jpg\" title=\"postMediaimg_72_1\"  data-caption=\"\"  data-description=\"\">\r\n                                <img decoding=\"async\" src=\"https:\/\/static.africa-press.net\/congo-brazzaville\/sites\/51\/2023\/01\/postMediaimg_72_1.jpg\" srcset=\"https:\/\/static.africa-press.net\/congo-brazzaville\/sites\/51\/2023\/01\/postMediaimg_72_1.jpg 1024w, https:\/\/static.africa-press.net\/congo-brazzaville\/sites\/51\/2023\/01\/postMediaimg_72_1-300x225.jpg 300w, https:\/\/static.africa-press.net\/congo-brazzaville\/sites\/51\/2023\/01\/postMediaimg_72_1-768x576.jpg 768w, https:\/\/static.africa-press.net\/congo-brazzaville\/sites\/51\/2023\/01\/postMediaimg_72_1-80x60.jpg 80w\" sizes=\"(max-width: 1024px) 100vw, 1024px\" alt=\"\">\r\n                            <\/a>\r\n                            \r\n                        <\/figure>\r\n                    <\/div>\r\n                    <div class = \"td-slide-item td-item2\">\r\n                        <figure class=\"td-slide-galery-figure td-slide-popup-gallery\">\r\n                            <a class=\"slide-gallery-image-link\" href=\"https:\/\/static.africa-press.net\/congo-brazzaville\/sites\/51\/2023\/01\/postMediaimg_72_2.jpg\" title=\"postMediaimg_72_2\"  data-caption=\"\"  data-description=\"\">\r\n                                <img decoding=\"async\" src=\"https:\/\/static.africa-press.net\/congo-brazzaville\/sites\/51\/2023\/01\/postMediaimg_72_2.jpg\" srcset=\"https:\/\/static.africa-press.net\/congo-brazzaville\/sites\/51\/2023\/01\/postMediaimg_72_2.jpg 1024w, https:\/\/static.africa-press.net\/congo-brazzaville\/sites\/51\/2023\/01\/postMediaimg_72_2-300x225.jpg 300w, https:\/\/static.africa-press.net\/congo-brazzaville\/sites\/51\/2023\/01\/postMediaimg_72_2-768x576.jpg 768w, https:\/\/static.africa-press.net\/congo-brazzaville\/sites\/51\/2023\/01\/postMediaimg_72_2-80x60.jpg 80w\" sizes=\"(max-width: 1024px) 100vw, 1024px\" alt=\"\">\r\n                            <\/a>\r\n                            \r\n                        <\/figure>\r\n                    <\/div>\r\n                            <\/div>\r\n                        <\/div>\r\n\r\n                        <div class = \"td-doubleSlider-2\">\r\n                            <div class = \"td-slider\">\r\n                                \r\n                    <div class = \"td-button td-item1\">\r\n                        <div class = \"td-border\"><\/div>\r\n                    <\/div>\r\n                    <div class = \"td-button td-item2\">\r\n                        <div class = \"td-border\"><\/div>\r\n                    <\/div>\r\n                            <\/div>\r\n                        <\/div>\r\n\r\n                    <\/div>\r\n\r\n                <\/div>\r\n                \n<p><strong>Pour plus d&rsquo;informations et d&rsquo;analyses sur la <a href=\"https:\/\/www.africa-press.net\/congo-brazzaville\">Congo Brazzaville<\/a>, suivez <a href=\"https:\/\/www.africa-press.net\/\">Africa-Press<\/a><\/strong><\/p>\n","protected":false},"excerpt":{"rendered":"<p>Africa-Press &#8211; Congo Brazzaville. Le commandement territorial des forces de police des de\u0301partements du Kouilou et de Pointe-Noire que dirige le ge\u0301ne\u0301ral de police de premie\u0300re classe, Jean Pierre Okiba, a pre\u0301sente\u0301 le 31 janvier deux groupes pre\u0301sume\u0301s responsables de divers actes criminels au quartier Loussala Sapin KM14, dans le troisie\u0300me arrondissement Tie\u0301-Tie\u0301, et de [&hellip;]<\/p>\n","protected":false},"author":82,"featured_media":13949,"comment_status":"open","ping_status":"closed","sticky":false,"template":"","format":"standard","meta":{"footnotes":""},"categories":[21,8,10],"tags":[36,47,46],"class_list":["post-13950","post","type-post","status-publish","format-standard","has-post-thumbnail","hentry","category-communaute","category-photo","category-toutes-les-actualites","tag-africa-press","tag-africa-press-congo-brazzaville","tag-congo-brazzaville"],"yoast_head":"<!-- This site is optimized with the Yoast SEO Premium plugin v26.1 (Yoast SEO v27.0) - https:\/\/yoast.com\/product\/yoast-seo-premium-wordpress\/ -->\n<title>Police : deux groupes de malfrats pr\u00e9sent\u00e9s \u00e0 la presse - Congo Brazzaville<\/title>\n<meta name=\"description\" content=\"Le commandement territorial des forces de police des de\u0301partements du Kouilou et de Pointe-Noire que dirige le ge\u0301ne\u0301 ...\" \/>\n<meta name=\"robots\" content=\"index, follow, max-snippet:-1, max-image-preview:large, max-video-preview:-1\" \/>\n<link rel=\"canonical\" href=\"https:\/\/www.africa-press.net\/congo-brazzaville\/photo\/police-deux-groupes-de-malfrats-presentes-a-la-presse\" \/>\n<meta property=\"og:locale\" content=\"fr_FR\" \/>\n<meta property=\"og:type\" content=\"article\" \/>\n<meta property=\"og:title\" content=\"Police : deux groupes de malfrats pr\u00e9sent\u00e9s \u00e0 la presse\" \/>\n<meta property=\"og:description\" content=\"Le commandement territorial des forces de police des de\u0301partements du Kouilou et de Pointe-Noire que dirige le ge\u0301ne\u0301 ...\" \/>\n<meta property=\"og:url\" content=\"https:\/\/www.africa-press.net\/congo-brazzaville\/photo\/police-deux-groupes-de-malfrats-presentes-a-la-presse\" \/>\n<meta property=\"og:site_name\" content=\"Congo Brazzaville\" \/>\n<meta property=\"article:published_time\" content=\"2023-01-31T19:13:51+00:00\" \/>\n<meta property=\"article:modified_time\" content=\"2023-01-31T21:37:49+00:00\" \/>\n<meta property=\"og:image\" content=\"https:\/\/static.africa-press.net\/congo-brazzaville\/sites\/51\/2023\/01\/postQueueImg_1675179836.02.jpg\" \/>\n\t<meta property=\"og:image:width\" content=\"1024\" \/>\n\t<meta property=\"og:image:height\" content=\"768\" \/>\n\t<meta property=\"og:image:type\" content=\"image\/jpeg\" \/>\n<meta name=\"author\" content=\"cfeditorfr\" \/>\n<meta name=\"twitter:card\" content=\"summary_large_image\" \/>\n<meta name=\"twitter:label1\" content=\"\u00c9crit par\" \/>\n\t<meta name=\"twitter:data1\" content=\"cfeditorfr\" \/>\n\t<meta name=\"twitter:label2\" content=\"Dur\u00e9e de lecture estim\u00e9e\" \/>\n\t<meta name=\"twitter:data2\" content=\"3 minutes\" \/>\n<script type=\"application\/ld+json\" class=\"yoast-schema-graph\">{\"@context\":\"https:\/\/schema.org\",\"@graph\":[{\"@type\":\"Article\",\"@id\":\"https:\/\/www.africa-press.net\/congo-brazzaville\/photo\/police-deux-groupes-de-malfrats-presentes-a-la-presse#article\",\"isPartOf\":{\"@id\":\"https:\/\/www.africa-press.net\/congo-brazzaville\/photo\/police-deux-groupes-de-malfrats-presentes-a-la-presse\"},\"author\":{\"name\":\"cfeditorfr\",\"@id\":\"https:\/\/www.africa-press.net\/congo-brazzaville\/#\/schema\/person\/2b1cf3cd81a31e3cd26889ca66d677f1\"},\"headline\":\"Police : deux groupes de malfrats pr\u00e9sent\u00e9s \u00e0 la presse\",\"datePublished\":\"2023-01-31T19:13:51+00:00\",\"dateModified\":\"2023-01-31T21:37:49+00:00\",\"mainEntityOfPage\":{\"@id\":\"https:\/\/www.africa-press.net\/congo-brazzaville\/photo\/police-deux-groupes-de-malfrats-presentes-a-la-presse\"},\"wordCount\":605,\"commentCount\":0,\"image\":{\"@id\":\"https:\/\/www.africa-press.net\/congo-brazzaville\/photo\/police-deux-groupes-de-malfrats-presentes-a-la-presse#primaryimage\"},\"thumbnailUrl\":\"https:\/\/static.africa-press.net\/congo-brazzaville\/sites\/51\/2023\/01\/postQueueImg_1675179836.02.jpg\",\"keywords\":[\"Africa Press\",\"Africa Press-Congo Brazzaville\",\"Congo Brazzaville\"],\"articleSection\":[\"Communaut\u00e9\",\"Photo\",\"Toutes les actualit\u00e9s\"],\"inLanguage\":\"fr-FR\",\"potentialAction\":[{\"@type\":\"CommentAction\",\"name\":\"Comment\",\"target\":[\"https:\/\/www.africa-press.net\/congo-brazzaville\/photo\/police-deux-groupes-de-malfrats-presentes-a-la-presse#respond\"]}]},{\"@type\":\"WebPage\",\"@id\":\"https:\/\/www.africa-press.net\/congo-brazzaville\/photo\/police-deux-groupes-de-malfrats-presentes-a-la-presse\",\"url\":\"https:\/\/www.africa-press.net\/congo-brazzaville\/photo\/police-deux-groupes-de-malfrats-presentes-a-la-presse\",\"name\":\"Police : deux groupes de malfrats pr\u00e9sent\u00e9s \u00e0 la presse - Congo Brazzaville\",\"isPartOf\":{\"@id\":\"https:\/\/www.africa-press.net\/congo-brazzaville\/#website\"},\"primaryImageOfPage\":{\"@id\":\"https:\/\/www.africa-press.net\/congo-brazzaville\/photo\/police-deux-groupes-de-malfrats-presentes-a-la-presse#primaryimage\"},\"image\":{\"@id\":\"https:\/\/www.africa-press.net\/congo-brazzaville\/photo\/police-deux-groupes-de-malfrats-presentes-a-la-presse#primaryimage\"},\"thumbnailUrl\":\"https:\/\/static.africa-press.net\/congo-brazzaville\/sites\/51\/2023\/01\/postQueueImg_1675179836.02.jpg\",\"datePublished\":\"2023-01-31T19:13:51+00:00\",\"dateModified\":\"2023-01-31T21:37:49+00:00\",\"author\":{\"@id\":\"https:\/\/www.africa-press.net\/congo-brazzaville\/#\/schema\/person\/2b1cf3cd81a31e3cd26889ca66d677f1\"},\"description\":\"Le commandement territorial des forces de police des de\u0301partements du Kouilou et de Pointe-Noire que dirige le ge\u0301ne\u0301 ...\",\"breadcrumb\":{\"@id\":\"https:\/\/www.africa-press.net\/congo-brazzaville\/photo\/police-deux-groupes-de-malfrats-presentes-a-la-presse#breadcrumb\"},\"inLanguage\":\"fr-FR\",\"potentialAction\":[{\"@type\":\"ReadAction\",\"target\":[\"https:\/\/www.africa-press.net\/congo-brazzaville\/photo\/police-deux-groupes-de-malfrats-presentes-a-la-presse\"]}]},{\"@type\":\"ImageObject\",\"inLanguage\":\"fr-FR\",\"@id\":\"https:\/\/www.africa-press.net\/congo-brazzaville\/photo\/police-deux-groupes-de-malfrats-presentes-a-la-presse#primaryimage\",\"url\":\"https:\/\/static.africa-press.net\/congo-brazzaville\/sites\/51\/2023\/01\/postQueueImg_1675179836.02.jpg\",\"contentUrl\":\"https:\/\/static.africa-press.net\/congo-brazzaville\/sites\/51\/2023\/01\/postQueueImg_1675179836.02.jpg\",\"width\":1024,\"height\":768,\"caption\":\"Police : deux groupes de malfrats pr\u00e9sent\u00e9s \u00e0 la presse\"},{\"@type\":\"BreadcrumbList\",\"@id\":\"https:\/\/www.africa-press.net\/congo-brazzaville\/photo\/police-deux-groupes-de-malfrats-presentes-a-la-presse#breadcrumb\",\"itemListElement\":[{\"@type\":\"ListItem\",\"position\":1,\"name\":\"Accueil\",\"item\":\"https:\/\/www.africa-press.net\/congo-brazzaville\/\"},{\"@type\":\"ListItem\",\"position\":2,\"name\":\"Police : deux groupes de malfrats pr\u00e9sent\u00e9s \u00e0 la presse\"}]},{\"@type\":\"WebSite\",\"@id\":\"https:\/\/www.africa-press.net\/congo-brazzaville\/#website\",\"url\":\"https:\/\/www.africa-press.net\/congo-brazzaville\/\",\"name\":\"Congo Brazzaville\",\"description\":\"Just another Africa News Agency Sites site\",\"potentialAction\":[{\"@type\":\"SearchAction\",\"target\":{\"@type\":\"EntryPoint\",\"urlTemplate\":\"https:\/\/www.africa-press.net\/congo-brazzaville\/?s={search_term_string}\"},\"query-input\":{\"@type\":\"PropertyValueSpecification\",\"valueRequired\":true,\"valueName\":\"search_term_string\"}}],\"inLanguage\":\"fr-FR\"},{\"@type\":\"Person\",\"@id\":\"https:\/\/www.africa-press.net\/congo-brazzaville\/#\/schema\/person\/2b1cf3cd81a31e3cd26889ca66d677f1\",\"name\":\"cfeditorfr\"}]}<\/script>\n<!-- \/ Yoast SEO Premium plugin. -->","yoast_head_json":{"title":"Police : deux groupes de malfrats pr\u00e9sent\u00e9s \u00e0 la presse - Congo Brazzaville","description":"Le commandement territorial des forces de police des de\u0301partements du Kouilou et de Pointe-Noire que dirige le ge\u0301ne\u0301 ...","robots":{"index":"index","follow":"follow","max-snippet":"max-snippet:-1","max-image-preview":"max-image-preview:large","max-video-preview":"max-video-preview:-1"},"canonical":"https:\/\/www.africa-press.net\/congo-brazzaville\/photo\/police-deux-groupes-de-malfrats-presentes-a-la-presse","og_locale":"fr_FR","og_type":"article","og_title":"Police : deux groupes de malfrats pr\u00e9sent\u00e9s \u00e0 la presse","og_description":"Le commandement territorial des forces de police des de\u0301partements du Kouilou et de Pointe-Noire que dirige le ge\u0301ne\u0301 ...","og_url":"https:\/\/www.africa-press.net\/congo-brazzaville\/photo\/police-deux-groupes-de-malfrats-presentes-a-la-presse","og_site_name":"Congo Brazzaville","article_published_time":"2023-01-31T19:13:51+00:00","article_modified_time":"2023-01-31T21:37:49+00:00","og_image":[{"width":1024,"height":768,"url":"https:\/\/static.africa-press.net\/congo-brazzaville\/sites\/51\/2023\/01\/postQueueImg_1675179836.02.jpg","type":"image\/jpeg"}],"author":"cfeditorfr","twitter_card":"summary_large_image","twitter_misc":{"\u00c9crit par":"cfeditorfr","Dur\u00e9e de lecture estim\u00e9e":"3 minutes"},"schema":{"@context":"https:\/\/schema.org","@graph":[{"@type":"Article","@id":"https:\/\/www.africa-press.net\/congo-brazzaville\/photo\/police-deux-groupes-de-malfrats-presentes-a-la-presse#article","isPartOf":{"@id":"https:\/\/www.africa-press.net\/congo-brazzaville\/photo\/police-deux-groupes-de-malfrats-presentes-a-la-presse"},"author":{"name":"cfeditorfr","@id":"https:\/\/www.africa-press.net\/congo-brazzaville\/#\/schema\/person\/2b1cf3cd81a31e3cd26889ca66d677f1"},"headline":"Police : deux groupes de malfrats pr\u00e9sent\u00e9s \u00e0 la presse","datePublished":"2023-01-31T19:13:51+00:00","dateModified":"2023-01-31T21:37:49+00:00","mainEntityOfPage":{"@id":"https:\/\/www.africa-press.net\/congo-brazzaville\/photo\/police-deux-groupes-de-malfrats-presentes-a-la-presse"},"wordCount":605,"commentCount":0,"image":{"@id":"https:\/\/www.africa-press.net\/congo-brazzaville\/photo\/police-deux-groupes-de-malfrats-presentes-a-la-presse#primaryimage"},"thumbnailUrl":"https:\/\/static.africa-press.net\/congo-brazzaville\/sites\/51\/2023\/01\/postQueueImg_1675179836.02.jpg","keywords":["Africa Press","Africa Press-Congo Brazzaville","Congo Brazzaville"],"articleSection":["Communaut\u00e9","Photo","Toutes les actualit\u00e9s"],"inLanguage":"fr-FR","potentialAction":[{"@type":"CommentAction","name":"Comment","target":["https:\/\/www.africa-press.net\/congo-brazzaville\/photo\/police-deux-groupes-de-malfrats-presentes-a-la-presse#respond"]}]},{"@type":"WebPage","@id":"https:\/\/www.africa-press.net\/congo-brazzaville\/photo\/police-deux-groupes-de-malfrats-presentes-a-la-presse","url":"https:\/\/www.africa-press.net\/congo-brazzaville\/photo\/police-deux-groupes-de-malfrats-presentes-a-la-presse","name":"Police : deux groupes de malfrats pr\u00e9sent\u00e9s \u00e0 la presse - Congo Brazzaville","isPartOf":{"@id":"https:\/\/www.africa-press.net\/congo-brazzaville\/#website"},"primaryImageOfPage":{"@id":"https:\/\/www.africa-press.net\/congo-brazzaville\/photo\/police-deux-groupes-de-malfrats-presentes-a-la-presse#primaryimage"},"image":{"@id":"https:\/\/www.africa-press.net\/congo-brazzaville\/photo\/police-deux-groupes-de-malfrats-presentes-a-la-presse#primaryimage"},"thumbnailUrl":"https:\/\/static.africa-press.net\/congo-brazzaville\/sites\/51\/2023\/01\/postQueueImg_1675179836.02.jpg","datePublished":"2023-01-31T19:13:51+00:00","dateModified":"2023-01-31T21:37:49+00:00","author":{"@id":"https:\/\/www.africa-press.net\/congo-brazzaville\/#\/schema\/person\/2b1cf3cd81a31e3cd26889ca66d677f1"},"description":"Le commandement territorial des forces de police des de\u0301partements du Kouilou et de Pointe-Noire que dirige le ge\u0301ne\u0301 ...","breadcrumb":{"@id":"https:\/\/www.africa-press.net\/congo-brazzaville\/photo\/police-deux-groupes-de-malfrats-presentes-a-la-presse#breadcrumb"},"inLanguage":"fr-FR","potentialAction":[{"@type":"ReadAction","target":["https:\/\/www.africa-press.net\/congo-brazzaville\/photo\/police-deux-groupes-de-malfrats-presentes-a-la-presse"]}]},{"@type":"ImageObject","inLanguage":"fr-FR","@id":"https:\/\/www.africa-press.net\/congo-brazzaville\/photo\/police-deux-groupes-de-malfrats-presentes-a-la-presse#primaryimage","url":"https:\/\/static.africa-press.net\/congo-brazzaville\/sites\/51\/2023\/01\/postQueueImg_1675179836.02.jpg","contentUrl":"https:\/\/static.africa-press.net\/congo-brazzaville\/sites\/51\/2023\/01\/postQueueImg_1675179836.02.jpg","width":1024,"height":768,"caption":"Police : deux groupes de malfrats pr\u00e9sent\u00e9s \u00e0 la presse"},{"@type":"BreadcrumbList","@id":"https:\/\/www.africa-press.net\/congo-brazzaville\/photo\/police-deux-groupes-de-malfrats-presentes-a-la-presse#breadcrumb","itemListElement":[{"@type":"ListItem","position":1,"name":"Accueil","item":"https:\/\/www.africa-press.net\/congo-brazzaville\/"},{"@type":"ListItem","position":2,"name":"Police : deux groupes de malfrats pr\u00e9sent\u00e9s \u00e0 la presse"}]},{"@type":"WebSite","@id":"https:\/\/www.africa-press.net\/congo-brazzaville\/#website","url":"https:\/\/www.africa-press.net\/congo-brazzaville\/","name":"Congo Brazzaville","description":"Just another Africa News Agency Sites site","potentialAction":[{"@type":"SearchAction","target":{"@type":"EntryPoint","urlTemplate":"https:\/\/www.africa-press.net\/congo-brazzaville\/?s={search_term_string}"},"query-input":{"@type":"PropertyValueSpecification","valueRequired":true,"valueName":"search_term_string"}}],"inLanguage":"fr-FR"},{"@type":"Person","@id":"https:\/\/www.africa-press.net\/congo-brazzaville\/#\/schema\/person\/2b1cf3cd81a31e3cd26889ca66d677f1","name":"cfeditorfr"}]}},"_links":{"self":[{"href":"https:\/\/www.africa-press.net\/congo-brazzaville\/wp-json\/wp\/v2\/posts\/13950","targetHints":{"allow":["GET"]}}],"collection":[{"href":"https:\/\/www.africa-press.net\/congo-brazzaville\/wp-json\/wp\/v2\/posts"}],"about":[{"href":"https:\/\/www.africa-press.net\/congo-brazzaville\/wp-json\/wp\/v2\/types\/post"}],"author":[{"embeddable":true,"href":"https:\/\/www.africa-press.net\/congo-brazzaville\/wp-json\/wp\/v2\/users\/82"}],"replies":[{"embeddable":true,"href":"https:\/\/www.africa-press.net\/congo-brazzaville\/wp-json\/wp\/v2\/comments?post=13950"}],"version-history":[{"count":0,"href":"https:\/\/www.africa-press.net\/congo-brazzaville\/wp-json\/wp\/v2\/posts\/13950\/revisions"}],"wp:featuredmedia":[{"embeddable":true,"href":"https:\/\/www.africa-press.net\/congo-brazzaville\/wp-json\/wp\/v2\/media\/13949"}],"wp:attachment":[{"href":"https:\/\/www.africa-press.net\/congo-brazzaville\/wp-json\/wp\/v2\/media?parent=13950"}],"wp:term":[{"taxonomy":"category","embeddable":true,"href":"https:\/\/www.africa-press.net\/congo-brazzaville\/wp-json\/wp\/v2\/categories?post=13950"},{"taxonomy":"post_tag","embeddable":true,"href":"https:\/\/www.africa-press.net\/congo-brazzaville\/wp-json\/wp\/v2\/tags?post=13950"}],"curies":[{"name":"wp","href":"https:\/\/api.w.org\/{rel}","templated":true}]}}