{"id":13955,"date":"2023-01-31T19:14:03","date_gmt":"2023-01-31T19:14:03","guid":{"rendered":"https:\/\/www.africa-press.net\/congo-brazzaville\/politique\/vie-des-partis-le-club-2002-pur-evalue-ses-forces-en-deux-decennies-dexistence"},"modified":"2023-01-31T21:38:29","modified_gmt":"2023-01-31T21:38:29","slug":"vie-des-partis-le-club-2002-pur-evalue-ses-forces-en-deux-decennies-dexistence","status":"publish","type":"post","link":"https:\/\/www.africa-press.net\/congo-brazzaville\/politique\/vie-des-partis-le-club-2002-pur-evalue-ses-forces-en-deux-decennies-dexistence","title":{"rendered":"Vie des partis : le Club 2002-PUR \u00e9value ses forces en deux d\u00e9cennies d\u2019existence"},"content":{"rendered":"<p><span style=\"color: #ff6600\"><strong>Africa-Press &#8211; Congo Brazzaville. <\/strong><\/span><b>Les 21 ans d\u2019existence du Club 2002, Parti pour l\u2019unite\u0301 et la Re\u0301publique (PUR), ont e\u0301te\u0301 comme\u0301more\u0301s le 30 janvier a\u0300 Brazzaville, au cours de la session extraordinaire du secre\u0301tariat permanent e\u0301largie aux pre\u0301sidents des fe\u0301de\u0301rations venus de la quasi-totalite\u0301 des de\u0301partements.<\/b><\/p>\n<p>La rencontre place\u0301e sous la direction du secre\u0301taire ge\u0301ne\u0301ral du Club 2002-PUR, Juste De\u0301sire\u0301 Mondele\u0301, a permis aux participants, entre autres, de faire le bilan des activite\u0301s mene\u0301es pendant les deux de\u0301cennies avant d\u2019adopter l\u2019agenda du parti de 2023. Parti de la majorite\u0301 pre\u0301sidentielle, le Club 2002-PUR a obtenu deux de\u0301pute\u0301s a\u0300 l\u2019issue des e\u0301lections le\u0301gislatives de juillet et aou\u0302t 2022, notamment Juste De\u0301sire\u0301 Mondele\u0301, dans la premie\u0300re circonscription e\u0301lectorale de Ouenze\u0301, a\u0300 Brazzaville, et Louis Gabriel Missatou, a\u0300 Lumumba I, a\u0300 Pointe-Noire.<\/p>\n<p>La formation politique cre\u0301e\u0301e par Guy Ce\u0301sar Wilfrid N\u2019Guesso a e\u0301galement obtenu 34 conseillers de\u0301partementaux et municipaux dans onze des douze de\u0301partements que compte le pays. En effet, ces diffe\u0301rents e\u0301lus ont e\u0301te\u0301 pre\u0301sente\u0301s a\u0300 l\u2019assistance avant d\u2019e\u0302tre congratule\u0301s par le secre\u0301taire ge\u0301ne\u0301ral du parti qui s\u2019est re\u0301joui de la moisson obtenue.<\/p>\n<p>Ainsi, fort de ses acquis e\u0301lectoraux obtenus a\u0300 l\u2019issue des e\u0301lections ge\u0301ne\u0301rales de 2022, le Club 2002 PUR s\u2019est vu confier quelques postes de responsabilite\u0301. C\u2019est le cas de son secre\u0301taire ge\u0301ne\u0301ral, Juste De\u0301sire\u0301 Mondele\u0301, nomme\u0301 ministre de\u0301le\u0301gue\u0301 en charge de la De\u0301centralisation et du De\u0301veloppement local ; de Louis Gabriel Missatou, premier vice-pre\u0301sident du Conseil de\u0301partemental et municipal, premier adjoint au maire de la ville et Pointe-Noire ; d&rsquo;Emma Clesh Atipo Ngapi, deuxie\u0300me vice-pre\u0301sident du Conseil de\u0301partemental et municipal de Brazzaville. \u00ab Fort de son potentiel et de la diversite\u0301 des compe\u0301tences dont il regorge, le Club 2002 PUR est pre\u0302t a\u0300 assumer les fonctions qui viennent de lui e\u0302tre confie\u0301es \u00bb, ont rassure\u0301 les participants.<\/p>\n<p>Le secre\u0301tariat permanent a, par ailleurs, examine\u0301 et adopte\u0301 la de\u0301claration du parti relative au dossier dit \u00ab Des biens mal acquis \u00bb et au volet \u00ab Orion Oil \u00bb paru dans le journal franc\u0327ais \u00ab Libe\u0301ration \u00bb. \u00ab Le Club 2002 PUR, parti de la majorite\u0301 pre\u0301sidentielle en Re\u0301publique du Congo, s\u2019insurge contre ces alle\u0301gations diffamatoires et particulie\u0300rement attentatoires a\u0300 l\u2019honneur et au respect de nos institutions et notamment a\u0300son excellence M Denis Sassou N\u2019Guesso, pre\u0301sident de la Re\u0301publique&#8230; \u00bb, ont de\u0301nonce\u0301 les participants, re\u0301cusant \u00ab avec ve\u0301he\u0301mence ces accusations particulie\u0300rement mensonge\u0300res et grotesques au demeurant de\u0301menties par les mises en cause directes dans ce dossier \u00bb.<\/p>\n<p>De\u0301nonc\u0327ant la tentative d\u2019impliquer le chef de l\u2019Etat congolais dans \u00ab ce pseudo dossier de retro commissions \u00bb, le Club 2002-PUR appelle le gouvernement a\u0300 donner une suite judiciaire a\u0300 ce qu\u2019il qualifie \u00ab d\u2019imputations dommageables \u00bb. \u00ab Le Club 2002 PUR, parti membre de la majorite\u0301 pre\u0301sidentielle, re\u0301affirme son soutien inde\u0301fectible au chef de l\u2019Etat, garant des institutions. Il appelle, enfin, ses militants et sympathisants, ainsi que toutes les forces vives de la Nation, a\u0300 la vigilance et a\u0300 ne pas se laisser prendre, en cette pe\u0301riode difficile et propice, aux manipulations \u00bb, a conclu le secre\u0301tariat permanent du bureau politique du Club 2002-PUR.<\/p>\n\r\n                <style type=\"text\/css\">\r\n                    \r\n                    #td_uid_1_69eec8fd3e982  .td-doubleSlider-2 .td-item1 {\r\n                        background: url(https:\/\/static.africa-press.net\/congo-brazzaville\/sites\/51\/2023\/01\/postMediaimg_73_1-80x60.jpg) 0 0 no-repeat;\r\n                    }\r\n                    #td_uid_1_69eec8fd3e982  .td-doubleSlider-2 .td-item2 {\r\n                        background: url(https:\/\/static.africa-press.net\/congo-brazzaville\/sites\/51\/2023\/01\/postMediaimg_73_2-80x60.jpg) 0 0 no-repeat;\r\n                    }\r\n                <\/style>\r\n\r\n                <div id=\"td_uid_1_69eec8fd3e982\" class=\"td-gallery td-slide-on-2-columns\">\r\n                    <div class=\"post_td_gallery\">\r\n                        <div class=\"td-gallery-slide-top\">\r\n                           <div class=\"td-gallery-title\"><\/div>\r\n\r\n                            <div class=\"td-gallery-controls-wrapper\">\r\n                                <div class=\"td-gallery-slide-count\"><span class=\"td-gallery-slide-item-focus\">1<\/span> de 2<\/div>\r\n                                <div class=\"td-gallery-slide-prev-next-but\">\r\n                                    <i class = \"td-icon-left doubleSliderPrevButton\"><\/i>\r\n                                    <i class = \"td-icon-right doubleSliderNextButton\"><\/i>\r\n                                <\/div>\r\n                            <\/div>\r\n                        <\/div>\r\n\r\n                        <div class = \"td-doubleSlider-1 \">\r\n                            <div class = \"td-slider\">\r\n                                \r\n                    <div class = \"td-slide-item td-item1\">\r\n                        <figure class=\"td-slide-galery-figure td-slide-popup-gallery\">\r\n                            <a class=\"slide-gallery-image-link\" href=\"https:\/\/static.africa-press.net\/congo-brazzaville\/sites\/51\/2023\/01\/postMediaimg_73_1.jpg\" title=\"postMediaimg_73_1\"  data-caption=\"\"  data-description=\"\">\r\n                                <img decoding=\"async\" src=\"https:\/\/static.africa-press.net\/congo-brazzaville\/sites\/51\/2023\/01\/postMediaimg_73_1.jpg\" srcset=\"https:\/\/static.africa-press.net\/congo-brazzaville\/sites\/51\/2023\/01\/postMediaimg_73_1.jpg 960w, https:\/\/static.africa-press.net\/congo-brazzaville\/sites\/51\/2023\/01\/postMediaimg_73_1-300x169.jpg 300w, https:\/\/static.africa-press.net\/congo-brazzaville\/sites\/51\/2023\/01\/postMediaimg_73_1-768x432.jpg 768w\" sizes=\"(max-width: 960px) 100vw, 960px\" alt=\"\">\r\n                            <\/a>\r\n                            \r\n                        <\/figure>\r\n                    <\/div>\r\n                    <div class = \"td-slide-item td-item2\">\r\n                        <figure class=\"td-slide-galery-figure td-slide-popup-gallery\">\r\n                            <a class=\"slide-gallery-image-link\" href=\"https:\/\/static.africa-press.net\/congo-brazzaville\/sites\/51\/2023\/01\/postMediaimg_73_2.jpg\" title=\"postMediaimg_73_2\"  data-caption=\"\"  data-description=\"\">\r\n                                <img decoding=\"async\" src=\"https:\/\/static.africa-press.net\/congo-brazzaville\/sites\/51\/2023\/01\/postMediaimg_73_2.jpg\" srcset=\"https:\/\/static.africa-press.net\/congo-brazzaville\/sites\/51\/2023\/01\/postMediaimg_73_2.jpg 960w, https:\/\/static.africa-press.net\/congo-brazzaville\/sites\/51\/2023\/01\/postMediaimg_73_2-300x169.jpg 300w, https:\/\/static.africa-press.net\/congo-brazzaville\/sites\/51\/2023\/01\/postMediaimg_73_2-768x432.jpg 768w\" sizes=\"(max-width: 960px) 100vw, 960px\" alt=\"\">\r\n                            <\/a>\r\n                            \r\n                        <\/figure>\r\n                    <\/div>\r\n                            <\/div>\r\n                        <\/div>\r\n\r\n                        <div class = \"td-doubleSlider-2\">\r\n                            <div class = \"td-slider\">\r\n                                \r\n                    <div class = \"td-button td-item1\">\r\n                        <div class = \"td-border\"><\/div>\r\n                    <\/div>\r\n                    <div class = \"td-button td-item2\">\r\n                        <div class = \"td-border\"><\/div>\r\n                    <\/div>\r\n                            <\/div>\r\n                        <\/div>\r\n\r\n                    <\/div>\r\n\r\n                <\/div>\r\n                \n<p><strong>Pour plus d&rsquo;informations et d&rsquo;analyses sur la <a href=\"https:\/\/www.africa-press.net\/congo-brazzaville\">Congo Brazzaville<\/a>, suivez <a href=\"https:\/\/www.africa-press.net\/\">Africa-Press<\/a><\/strong><\/p>\n","protected":false},"excerpt":{"rendered":"<p>Africa-Press &#8211; Congo Brazzaville. Les 21 ans d\u2019existence du Club 2002, Parti pour l\u2019unite\u0301 et la Re\u0301publique (PUR), ont e\u0301te\u0301 comme\u0301more\u0301s le 30 janvier a\u0300 Brazzaville, au cours de la session extraordinaire du secre\u0301tariat permanent e\u0301largie aux pre\u0301sidents des fe\u0301de\u0301rations venus de la quasi-totalite\u0301 des de\u0301partements. La rencontre place\u0301e sous la direction du secre\u0301taire ge\u0301ne\u0301ral [&hellip;]<\/p>\n","protected":false},"author":82,"featured_media":13954,"comment_status":"open","ping_status":"closed","sticky":false,"template":"","format":"standard","meta":{"footnotes":""},"categories":[8,2,10],"tags":[36,47,46],"class_list":["post-13955","post","type-post","status-publish","format-standard","has-post-thumbnail","hentry","category-photo","category-politique","category-toutes-les-actualites","tag-africa-press","tag-africa-press-congo-brazzaville","tag-congo-brazzaville"],"yoast_head":"<!-- This site is optimized with the Yoast SEO Premium plugin v26.1 (Yoast SEO v27.0) - https:\/\/yoast.com\/product\/yoast-seo-premium-wordpress\/ -->\n<title>Vie des partis : le Club 2002-PUR \u00e9value ses forces en deux d\u00e9cennies d\u2019existence - Congo Brazzaville<\/title>\n<meta name=\"description\" content=\"Les 21 ans d\u2019existence du Club 2002, Parti pour l\u2019unite\u0301 et la Re\u0301publique (PUR), ont e\u0301te\u0301 comme\u0301more\u0301s le 30 janvie ...\" \/>\n<meta name=\"robots\" content=\"index, follow, max-snippet:-1, max-image-preview:large, max-video-preview:-1\" \/>\n<link rel=\"canonical\" href=\"https:\/\/www.africa-press.net\/congo-brazzaville\/politique\/vie-des-partis-le-club-2002-pur-evalue-ses-forces-en-deux-decennies-dexistence\" \/>\n<meta property=\"og:locale\" content=\"fr_FR\" \/>\n<meta property=\"og:type\" content=\"article\" \/>\n<meta property=\"og:title\" content=\"Vie des partis : le Club 2002-PUR \u00e9value ses forces en deux d\u00e9cennies d\u2019existence\" \/>\n<meta property=\"og:description\" content=\"Les 21 ans d\u2019existence du Club 2002, Parti pour l\u2019unite\u0301 et la Re\u0301publique (PUR), ont e\u0301te\u0301 comme\u0301more\u0301s le 30 janvie ...\" \/>\n<meta property=\"og:url\" content=\"https:\/\/www.africa-press.net\/congo-brazzaville\/politique\/vie-des-partis-le-club-2002-pur-evalue-ses-forces-en-deux-decennies-dexistence\" \/>\n<meta property=\"og:site_name\" content=\"Congo Brazzaville\" \/>\n<meta property=\"article:published_time\" content=\"2023-01-31T19:14:03+00:00\" \/>\n<meta property=\"article:modified_time\" content=\"2023-01-31T21:38:29+00:00\" \/>\n<meta property=\"og:image\" content=\"https:\/\/static.africa-press.net\/congo-brazzaville\/sites\/51\/2023\/01\/postQueueImg_1675179849.06.jpg\" \/>\n\t<meta property=\"og:image:width\" content=\"960\" \/>\n\t<meta property=\"og:image:height\" content=\"540\" \/>\n\t<meta property=\"og:image:type\" content=\"image\/jpeg\" \/>\n<meta name=\"author\" content=\"cfeditorfr\" \/>\n<meta name=\"twitter:card\" content=\"summary_large_image\" \/>\n<meta name=\"twitter:label1\" content=\"\u00c9crit par\" \/>\n\t<meta name=\"twitter:data1\" content=\"cfeditorfr\" \/>\n\t<meta name=\"twitter:label2\" content=\"Dur\u00e9e de lecture estim\u00e9e\" \/>\n\t<meta name=\"twitter:data2\" content=\"3 minutes\" \/>\n<script type=\"application\/ld+json\" class=\"yoast-schema-graph\">{\"@context\":\"https:\/\/schema.org\",\"@graph\":[{\"@type\":\"Article\",\"@id\":\"https:\/\/www.africa-press.net\/congo-brazzaville\/politique\/vie-des-partis-le-club-2002-pur-evalue-ses-forces-en-deux-decennies-dexistence#article\",\"isPartOf\":{\"@id\":\"https:\/\/www.africa-press.net\/congo-brazzaville\/politique\/vie-des-partis-le-club-2002-pur-evalue-ses-forces-en-deux-decennies-dexistence\"},\"author\":{\"name\":\"cfeditorfr\",\"@id\":\"https:\/\/www.africa-press.net\/congo-brazzaville\/#\/schema\/person\/2b1cf3cd81a31e3cd26889ca66d677f1\"},\"headline\":\"Vie des partis : le Club 2002-PUR \u00e9value ses forces en deux d\u00e9cennies d\u2019existence\",\"datePublished\":\"2023-01-31T19:14:03+00:00\",\"dateModified\":\"2023-01-31T21:38:29+00:00\",\"mainEntityOfPage\":{\"@id\":\"https:\/\/www.africa-press.net\/congo-brazzaville\/politique\/vie-des-partis-le-club-2002-pur-evalue-ses-forces-en-deux-decennies-dexistence\"},\"wordCount\":629,\"commentCount\":0,\"image\":{\"@id\":\"https:\/\/www.africa-press.net\/congo-brazzaville\/politique\/vie-des-partis-le-club-2002-pur-evalue-ses-forces-en-deux-decennies-dexistence#primaryimage\"},\"thumbnailUrl\":\"https:\/\/static.africa-press.net\/congo-brazzaville\/sites\/51\/2023\/01\/postQueueImg_1675179849.06.jpg\",\"keywords\":[\"Africa Press\",\"Africa Press-Congo Brazzaville\",\"Congo Brazzaville\"],\"articleSection\":[\"Photo\",\"Politique\",\"Toutes les actualit\u00e9s\"],\"inLanguage\":\"fr-FR\",\"potentialAction\":[{\"@type\":\"CommentAction\",\"name\":\"Comment\",\"target\":[\"https:\/\/www.africa-press.net\/congo-brazzaville\/politique\/vie-des-partis-le-club-2002-pur-evalue-ses-forces-en-deux-decennies-dexistence#respond\"]}]},{\"@type\":\"WebPage\",\"@id\":\"https:\/\/www.africa-press.net\/congo-brazzaville\/politique\/vie-des-partis-le-club-2002-pur-evalue-ses-forces-en-deux-decennies-dexistence\",\"url\":\"https:\/\/www.africa-press.net\/congo-brazzaville\/politique\/vie-des-partis-le-club-2002-pur-evalue-ses-forces-en-deux-decennies-dexistence\",\"name\":\"Vie des partis : le Club 2002-PUR \u00e9value ses forces en deux d\u00e9cennies d\u2019existence - Congo Brazzaville\",\"isPartOf\":{\"@id\":\"https:\/\/www.africa-press.net\/congo-brazzaville\/#website\"},\"primaryImageOfPage\":{\"@id\":\"https:\/\/www.africa-press.net\/congo-brazzaville\/politique\/vie-des-partis-le-club-2002-pur-evalue-ses-forces-en-deux-decennies-dexistence#primaryimage\"},\"image\":{\"@id\":\"https:\/\/www.africa-press.net\/congo-brazzaville\/politique\/vie-des-partis-le-club-2002-pur-evalue-ses-forces-en-deux-decennies-dexistence#primaryimage\"},\"thumbnailUrl\":\"https:\/\/static.africa-press.net\/congo-brazzaville\/sites\/51\/2023\/01\/postQueueImg_1675179849.06.jpg\",\"datePublished\":\"2023-01-31T19:14:03+00:00\",\"dateModified\":\"2023-01-31T21:38:29+00:00\",\"author\":{\"@id\":\"https:\/\/www.africa-press.net\/congo-brazzaville\/#\/schema\/person\/2b1cf3cd81a31e3cd26889ca66d677f1\"},\"description\":\"Les 21 ans d\u2019existence du Club 2002, Parti pour l\u2019unite\u0301 et la Re\u0301publique (PUR), ont e\u0301te\u0301 comme\u0301more\u0301s le 30 janvie ...\",\"breadcrumb\":{\"@id\":\"https:\/\/www.africa-press.net\/congo-brazzaville\/politique\/vie-des-partis-le-club-2002-pur-evalue-ses-forces-en-deux-decennies-dexistence#breadcrumb\"},\"inLanguage\":\"fr-FR\",\"potentialAction\":[{\"@type\":\"ReadAction\",\"target\":[\"https:\/\/www.africa-press.net\/congo-brazzaville\/politique\/vie-des-partis-le-club-2002-pur-evalue-ses-forces-en-deux-decennies-dexistence\"]}]},{\"@type\":\"ImageObject\",\"inLanguage\":\"fr-FR\",\"@id\":\"https:\/\/www.africa-press.net\/congo-brazzaville\/politique\/vie-des-partis-le-club-2002-pur-evalue-ses-forces-en-deux-decennies-dexistence#primaryimage\",\"url\":\"https:\/\/static.africa-press.net\/congo-brazzaville\/sites\/51\/2023\/01\/postQueueImg_1675179849.06.jpg\",\"contentUrl\":\"https:\/\/static.africa-press.net\/congo-brazzaville\/sites\/51\/2023\/01\/postQueueImg_1675179849.06.jpg\",\"width\":960,\"height\":540,\"caption\":\"Vie des partis : le Club 2002-PUR \u00e9value ses forces en deux d\u00e9cennies d\u2019existence\"},{\"@type\":\"BreadcrumbList\",\"@id\":\"https:\/\/www.africa-press.net\/congo-brazzaville\/politique\/vie-des-partis-le-club-2002-pur-evalue-ses-forces-en-deux-decennies-dexistence#breadcrumb\",\"itemListElement\":[{\"@type\":\"ListItem\",\"position\":1,\"name\":\"Accueil\",\"item\":\"https:\/\/www.africa-press.net\/congo-brazzaville\/\"},{\"@type\":\"ListItem\",\"position\":2,\"name\":\"Vie des partis : le Club 2002-PUR \u00e9value ses forces en deux d\u00e9cennies d\u2019existence\"}]},{\"@type\":\"WebSite\",\"@id\":\"https:\/\/www.africa-press.net\/congo-brazzaville\/#website\",\"url\":\"https:\/\/www.africa-press.net\/congo-brazzaville\/\",\"name\":\"Congo Brazzaville\",\"description\":\"Just another Africa News Agency Sites site\",\"potentialAction\":[{\"@type\":\"SearchAction\",\"target\":{\"@type\":\"EntryPoint\",\"urlTemplate\":\"https:\/\/www.africa-press.net\/congo-brazzaville\/?s={search_term_string}\"},\"query-input\":{\"@type\":\"PropertyValueSpecification\",\"valueRequired\":true,\"valueName\":\"search_term_string\"}}],\"inLanguage\":\"fr-FR\"},{\"@type\":\"Person\",\"@id\":\"https:\/\/www.africa-press.net\/congo-brazzaville\/#\/schema\/person\/2b1cf3cd81a31e3cd26889ca66d677f1\",\"name\":\"cfeditorfr\"}]}<\/script>\n<!-- \/ Yoast SEO Premium plugin. -->","yoast_head_json":{"title":"Vie des partis : le Club 2002-PUR \u00e9value ses forces en deux d\u00e9cennies d\u2019existence - Congo Brazzaville","description":"Les 21 ans d\u2019existence du Club 2002, Parti pour l\u2019unite\u0301 et la Re\u0301publique (PUR), ont e\u0301te\u0301 comme\u0301more\u0301s le 30 janvie ...","robots":{"index":"index","follow":"follow","max-snippet":"max-snippet:-1","max-image-preview":"max-image-preview:large","max-video-preview":"max-video-preview:-1"},"canonical":"https:\/\/www.africa-press.net\/congo-brazzaville\/politique\/vie-des-partis-le-club-2002-pur-evalue-ses-forces-en-deux-decennies-dexistence","og_locale":"fr_FR","og_type":"article","og_title":"Vie des partis : le Club 2002-PUR \u00e9value ses forces en deux d\u00e9cennies d\u2019existence","og_description":"Les 21 ans d\u2019existence du Club 2002, Parti pour l\u2019unite\u0301 et la Re\u0301publique (PUR), ont e\u0301te\u0301 comme\u0301more\u0301s le 30 janvie ...","og_url":"https:\/\/www.africa-press.net\/congo-brazzaville\/politique\/vie-des-partis-le-club-2002-pur-evalue-ses-forces-en-deux-decennies-dexistence","og_site_name":"Congo Brazzaville","article_published_time":"2023-01-31T19:14:03+00:00","article_modified_time":"2023-01-31T21:38:29+00:00","og_image":[{"width":960,"height":540,"url":"https:\/\/static.africa-press.net\/congo-brazzaville\/sites\/51\/2023\/01\/postQueueImg_1675179849.06.jpg","type":"image\/jpeg"}],"author":"cfeditorfr","twitter_card":"summary_large_image","twitter_misc":{"\u00c9crit par":"cfeditorfr","Dur\u00e9e de lecture estim\u00e9e":"3 minutes"},"schema":{"@context":"https:\/\/schema.org","@graph":[{"@type":"Article","@id":"https:\/\/www.africa-press.net\/congo-brazzaville\/politique\/vie-des-partis-le-club-2002-pur-evalue-ses-forces-en-deux-decennies-dexistence#article","isPartOf":{"@id":"https:\/\/www.africa-press.net\/congo-brazzaville\/politique\/vie-des-partis-le-club-2002-pur-evalue-ses-forces-en-deux-decennies-dexistence"},"author":{"name":"cfeditorfr","@id":"https:\/\/www.africa-press.net\/congo-brazzaville\/#\/schema\/person\/2b1cf3cd81a31e3cd26889ca66d677f1"},"headline":"Vie des partis : le Club 2002-PUR \u00e9value ses forces en deux d\u00e9cennies d\u2019existence","datePublished":"2023-01-31T19:14:03+00:00","dateModified":"2023-01-31T21:38:29+00:00","mainEntityOfPage":{"@id":"https:\/\/www.africa-press.net\/congo-brazzaville\/politique\/vie-des-partis-le-club-2002-pur-evalue-ses-forces-en-deux-decennies-dexistence"},"wordCount":629,"commentCount":0,"image":{"@id":"https:\/\/www.africa-press.net\/congo-brazzaville\/politique\/vie-des-partis-le-club-2002-pur-evalue-ses-forces-en-deux-decennies-dexistence#primaryimage"},"thumbnailUrl":"https:\/\/static.africa-press.net\/congo-brazzaville\/sites\/51\/2023\/01\/postQueueImg_1675179849.06.jpg","keywords":["Africa Press","Africa Press-Congo Brazzaville","Congo Brazzaville"],"articleSection":["Photo","Politique","Toutes les actualit\u00e9s"],"inLanguage":"fr-FR","potentialAction":[{"@type":"CommentAction","name":"Comment","target":["https:\/\/www.africa-press.net\/congo-brazzaville\/politique\/vie-des-partis-le-club-2002-pur-evalue-ses-forces-en-deux-decennies-dexistence#respond"]}]},{"@type":"WebPage","@id":"https:\/\/www.africa-press.net\/congo-brazzaville\/politique\/vie-des-partis-le-club-2002-pur-evalue-ses-forces-en-deux-decennies-dexistence","url":"https:\/\/www.africa-press.net\/congo-brazzaville\/politique\/vie-des-partis-le-club-2002-pur-evalue-ses-forces-en-deux-decennies-dexistence","name":"Vie des partis : le Club 2002-PUR \u00e9value ses forces en deux d\u00e9cennies d\u2019existence - Congo Brazzaville","isPartOf":{"@id":"https:\/\/www.africa-press.net\/congo-brazzaville\/#website"},"primaryImageOfPage":{"@id":"https:\/\/www.africa-press.net\/congo-brazzaville\/politique\/vie-des-partis-le-club-2002-pur-evalue-ses-forces-en-deux-decennies-dexistence#primaryimage"},"image":{"@id":"https:\/\/www.africa-press.net\/congo-brazzaville\/politique\/vie-des-partis-le-club-2002-pur-evalue-ses-forces-en-deux-decennies-dexistence#primaryimage"},"thumbnailUrl":"https:\/\/static.africa-press.net\/congo-brazzaville\/sites\/51\/2023\/01\/postQueueImg_1675179849.06.jpg","datePublished":"2023-01-31T19:14:03+00:00","dateModified":"2023-01-31T21:38:29+00:00","author":{"@id":"https:\/\/www.africa-press.net\/congo-brazzaville\/#\/schema\/person\/2b1cf3cd81a31e3cd26889ca66d677f1"},"description":"Les 21 ans d\u2019existence du Club 2002, Parti pour l\u2019unite\u0301 et la Re\u0301publique (PUR), ont e\u0301te\u0301 comme\u0301more\u0301s le 30 janvie ...","breadcrumb":{"@id":"https:\/\/www.africa-press.net\/congo-brazzaville\/politique\/vie-des-partis-le-club-2002-pur-evalue-ses-forces-en-deux-decennies-dexistence#breadcrumb"},"inLanguage":"fr-FR","potentialAction":[{"@type":"ReadAction","target":["https:\/\/www.africa-press.net\/congo-brazzaville\/politique\/vie-des-partis-le-club-2002-pur-evalue-ses-forces-en-deux-decennies-dexistence"]}]},{"@type":"ImageObject","inLanguage":"fr-FR","@id":"https:\/\/www.africa-press.net\/congo-brazzaville\/politique\/vie-des-partis-le-club-2002-pur-evalue-ses-forces-en-deux-decennies-dexistence#primaryimage","url":"https:\/\/static.africa-press.net\/congo-brazzaville\/sites\/51\/2023\/01\/postQueueImg_1675179849.06.jpg","contentUrl":"https:\/\/static.africa-press.net\/congo-brazzaville\/sites\/51\/2023\/01\/postQueueImg_1675179849.06.jpg","width":960,"height":540,"caption":"Vie des partis : le Club 2002-PUR \u00e9value ses forces en deux d\u00e9cennies d\u2019existence"},{"@type":"BreadcrumbList","@id":"https:\/\/www.africa-press.net\/congo-brazzaville\/politique\/vie-des-partis-le-club-2002-pur-evalue-ses-forces-en-deux-decennies-dexistence#breadcrumb","itemListElement":[{"@type":"ListItem","position":1,"name":"Accueil","item":"https:\/\/www.africa-press.net\/congo-brazzaville\/"},{"@type":"ListItem","position":2,"name":"Vie des partis : le Club 2002-PUR \u00e9value ses forces en deux d\u00e9cennies d\u2019existence"}]},{"@type":"WebSite","@id":"https:\/\/www.africa-press.net\/congo-brazzaville\/#website","url":"https:\/\/www.africa-press.net\/congo-brazzaville\/","name":"Congo Brazzaville","description":"Just another Africa News Agency Sites site","potentialAction":[{"@type":"SearchAction","target":{"@type":"EntryPoint","urlTemplate":"https:\/\/www.africa-press.net\/congo-brazzaville\/?s={search_term_string}"},"query-input":{"@type":"PropertyValueSpecification","valueRequired":true,"valueName":"search_term_string"}}],"inLanguage":"fr-FR"},{"@type":"Person","@id":"https:\/\/www.africa-press.net\/congo-brazzaville\/#\/schema\/person\/2b1cf3cd81a31e3cd26889ca66d677f1","name":"cfeditorfr"}]}},"_links":{"self":[{"href":"https:\/\/www.africa-press.net\/congo-brazzaville\/wp-json\/wp\/v2\/posts\/13955","targetHints":{"allow":["GET"]}}],"collection":[{"href":"https:\/\/www.africa-press.net\/congo-brazzaville\/wp-json\/wp\/v2\/posts"}],"about":[{"href":"https:\/\/www.africa-press.net\/congo-brazzaville\/wp-json\/wp\/v2\/types\/post"}],"author":[{"embeddable":true,"href":"https:\/\/www.africa-press.net\/congo-brazzaville\/wp-json\/wp\/v2\/users\/82"}],"replies":[{"embeddable":true,"href":"https:\/\/www.africa-press.net\/congo-brazzaville\/wp-json\/wp\/v2\/comments?post=13955"}],"version-history":[{"count":0,"href":"https:\/\/www.africa-press.net\/congo-brazzaville\/wp-json\/wp\/v2\/posts\/13955\/revisions"}],"wp:featuredmedia":[{"embeddable":true,"href":"https:\/\/www.africa-press.net\/congo-brazzaville\/wp-json\/wp\/v2\/media\/13954"}],"wp:attachment":[{"href":"https:\/\/www.africa-press.net\/congo-brazzaville\/wp-json\/wp\/v2\/media?parent=13955"}],"wp:term":[{"taxonomy":"category","embeddable":true,"href":"https:\/\/www.africa-press.net\/congo-brazzaville\/wp-json\/wp\/v2\/categories?post=13955"},{"taxonomy":"post_tag","embeddable":true,"href":"https:\/\/www.africa-press.net\/congo-brazzaville\/wp-json\/wp\/v2\/tags?post=13955"}],"curies":[{"name":"wp","href":"https:\/\/api.w.org\/{rel}","templated":true}]}}