{"id":13961,"date":"2023-02-01T12:43:49","date_gmt":"2023-02-01T12:43:49","guid":{"rendered":"https:\/\/www.africa-press.net\/congo-brazzaville\/politique\/festival-dangouleme-2023-la-bd-brazza-sur-seine-en-avant-premiere"},"modified":"2023-02-01T12:43:49","modified_gmt":"2023-02-01T12:43:49","slug":"festival-dangouleme-2023-la-bd-brazza-sur-seine-en-avant-premiere","status":"publish","type":"post","link":"https:\/\/www.africa-press.net\/congo-brazzaville\/culture-et-art\/festival-dangouleme-2023-la-bd-brazza-sur-seine-en-avant-premiere","title":{"rendered":"Festival d\u2019Angoul\u00eame 2023: la BD \u00ab\u00a0Brazza-Sur-Seine\u00a0\u00bb en avant-premi\u00e8re"},"content":{"rendered":"<p><span style=\"color: #ff6600\"><strong>Africa-Press &#8211; Congo Brazzaville. <\/strong><\/span><b>Les festivaliers de la Bande dessine\u0301e (BD) a\u0300 Angoule\u0302me de\u0301couvrent en avant-premie\u0300re un roman graphique dessine\u0301 par Petit Pouzet, sce\u0301narise\u0301 par Victoire N\u2019Sonde\u0301 et e\u0301dite\u0301 par Toom E\u0301ditions.<\/b><\/p>\n<p>La sortie de la BD e\u0301tait initialement pre\u0301vue courant fe\u0301vrier. L\u2019auteure, Victoire N\u2019Sonde\u0301, l\u2019a anticipe\u0301e et pre\u0301sente\u0301 son ouvrage lors de la 50e e\u0301dition du Festival d\u2019Angoule\u0302me qui s\u2019est tenu du 26 au 29 janvier.<\/p>\n<p>Dans \u00ab\u00a0Brazza-sur-Seine\u00a0\u00bb, a\u0300 travers le regard d&rsquo;une presque-adolescente, l\u2019auteure met en sce\u0300ne la vie dans un quartier populaire d&rsquo;une banlieue franc\u0327aise. Cet ouvrage livre les pe\u0301ripe\u0301ties d\u2019Albertine, 10 ans, d\u2019origine congolaise, et de ses amis. Ce re\u0301cit graphique dessine une banlieue multiculturelle, pleine de vitalite\u0301 et loin des cliche\u0301s, me\u0302me quand le quotidien est difficile.<\/p>\n<p>Chez Albertine, a\u0300 la maison, on mange comme au pays, on palabre, papa dit des contes&#8230; C\u2019est Brazza-sur-Seine, quoi ! Dehors, ce sont les discussions et les jeux avec les copains et copines du quartier, d\u2019origine franco-franc\u0327aise, espagnole, alge\u0301rienne&#8230;<\/p>\n<p>Les histoires courtes s\u2019enchai\u0302nent au gre\u0301 des pe\u0301ripe\u0301ties de ce petit monde en prise avec plusieurs cultures. Encore enfant mais de\u0301ja\u0300 tre\u0300s observatrice et critique sur la socie\u0301te\u0301 qui l\u2019entoure, Albertine est la digne he\u0301ritie\u0300re d\u2019une Mafalda ou d\u2019un Charlie Brown.<\/p>\n<p>Ne\u0301e en banlieue parisienne dans une famille nombreuse, originaire du Congo-Brazzaville, Victoire N\u2019Sonde\u0301 vit a\u0300 Paris depuis plus de 20 ans.<\/p>\n<p>Elle est diplo\u0302me\u0301e de l\u2019Ecole supe\u0301rieure de journalisme de Lille et a e\u0301te\u0301 forme\u0301e a\u0300 l\u2019e\u0301criture de sce\u0301narios de BD au Cesan, a\u0300 Paris. Dans son parcours professionnel comme dans ses engagements citoyens, en tant que conseille\u0300re de quartier ou repre\u0301sentante des parents d\u2019e\u0301le\u0300ves, elle milite pour une socie\u0301te\u0301 plus a\u0300 l\u2019e\u0301coute de sa diversite\u0301 sociale et culturelle.<\/p>\n<p>\u00ab\u00a0Brazza-sur-Seine\u00a0\u00bb, son premier roman graphique, s\u2019inscrit dans cette de\u0301marche.<\/p>\n<p><strong>Pour plus d&rsquo;informations et d&rsquo;analyses sur la <a href=\"https:\/\/www.africa-press.net\/congo-brazzaville\">Congo Brazzaville<\/a>, suivez <a href=\"https:\/\/www.africa-press.net\/\">Africa-Press<\/a><\/strong><\/p>\n","protected":false},"excerpt":{"rendered":"<p>Africa-Press &#8211; Congo Brazzaville. Les festivaliers de la Bande dessine\u0301e (BD) a\u0300 Angoule\u0302me de\u0301couvrent en avant-premie\u0300re un roman graphique dessine\u0301 par Petit Pouzet, sce\u0301narise\u0301 par Victoire N\u2019Sonde\u0301 et e\u0301dite\u0301 par Toom E\u0301ditions. La sortie de la BD e\u0301tait initialement pre\u0301vue courant fe\u0301vrier. L\u2019auteure, Victoire N\u2019Sonde\u0301, l\u2019a anticipe\u0301e et pre\u0301sente\u0301 son ouvrage lors de la 50e [&hellip;]<\/p>\n","protected":false},"author":82,"featured_media":13960,"comment_status":"open","ping_status":"closed","sticky":false,"template":"","format":"standard","meta":{"footnotes":""},"categories":[5,10],"tags":[36,47,46],"class_list":["post-13961","post","type-post","status-publish","format-standard","has-post-thumbnail","hentry","category-culture-et-art","category-toutes-les-actualites","tag-africa-press","tag-africa-press-congo-brazzaville","tag-congo-brazzaville"],"yoast_head":"<!-- This site is optimized with the Yoast SEO Premium plugin v26.1 (Yoast SEO v27.0) - https:\/\/yoast.com\/product\/yoast-seo-premium-wordpress\/ -->\n<title>Festival d\u2019Angoul\u00eame 2023: la BD &quot;Brazza-Sur-Seine&quot; en avant-premi\u00e8re - Congo Brazzaville<\/title>\n<meta name=\"robots\" content=\"index, follow, max-snippet:-1, max-image-preview:large, max-video-preview:-1\" \/>\n<link rel=\"canonical\" href=\"https:\/\/www.africa-press.net\/congo-brazzaville\/politique\/festival-dangouleme-2023-la-bd-brazza-sur-seine-en-avant-premiere\" \/>\n<meta property=\"og:locale\" content=\"fr_FR\" \/>\n<meta property=\"og:type\" content=\"article\" \/>\n<meta property=\"og:title\" content=\"Festival d\u2019Angoul\u00eame 2023: la BD &quot;Brazza-Sur-Seine&quot; en avant-premi\u00e8re\" \/>\n<meta property=\"og:description\" content=\"Africa-Press &#8211; Congo Brazzaville. Les festivaliers de la Bande dessine\u0301e (BD) a\u0300 Angoule\u0302me de\u0301couvrent en avant-premie\u0300re un roman graphique dessine\u0301 par Petit Pouzet, sce\u0301narise\u0301 par Victoire N\u2019Sonde\u0301 et e\u0301dite\u0301 par Toom E\u0301ditions. La sortie de la BD e\u0301tait initialement pre\u0301vue courant fe\u0301vrier. L\u2019auteure, Victoire N\u2019Sonde\u0301, l\u2019a anticipe\u0301e et pre\u0301sente\u0301 son ouvrage lors de la 50e [&hellip;]\" \/>\n<meta property=\"og:url\" content=\"https:\/\/www.africa-press.net\/congo-brazzaville\/politique\/festival-dangouleme-2023-la-bd-brazza-sur-seine-en-avant-premiere\" \/>\n<meta property=\"og:site_name\" content=\"Congo Brazzaville\" \/>\n<meta property=\"article:published_time\" content=\"2023-02-01T12:43:49+00:00\" \/>\n<meta name=\"author\" content=\"cfeditorfr\" \/>\n<meta name=\"twitter:card\" content=\"summary_large_image\" \/>\n<meta name=\"twitter:label1\" content=\"\u00c9crit par\" \/>\n\t<meta name=\"twitter:data1\" content=\"cfeditorfr\" \/>\n\t<meta name=\"twitter:label2\" content=\"Dur\u00e9e de lecture estim\u00e9e\" \/>\n\t<meta name=\"twitter:data2\" content=\"2 minutes\" \/>\n<script type=\"application\/ld+json\" class=\"yoast-schema-graph\">{\"@context\":\"https:\/\/schema.org\",\"@graph\":[{\"@type\":\"Article\",\"@id\":\"https:\/\/www.africa-press.net\/congo-brazzaville\/politique\/festival-dangouleme-2023-la-bd-brazza-sur-seine-en-avant-premiere#article\",\"isPartOf\":{\"@id\":\"https:\/\/www.africa-press.net\/congo-brazzaville\/politique\/festival-dangouleme-2023-la-bd-brazza-sur-seine-en-avant-premiere\"},\"author\":{\"name\":\"cfeditorfr\",\"@id\":\"https:\/\/www.africa-press.net\/congo-brazzaville\/#\/schema\/person\/2b1cf3cd81a31e3cd26889ca66d677f1\"},\"headline\":\"Festival d\u2019Angoul\u00eame 2023: la BD \u00ab\u00a0Brazza-Sur-Seine\u00a0\u00bb en avant-premi\u00e8re\",\"datePublished\":\"2023-02-01T12:43:49+00:00\",\"mainEntityOfPage\":{\"@id\":\"https:\/\/www.africa-press.net\/congo-brazzaville\/politique\/festival-dangouleme-2023-la-bd-brazza-sur-seine-en-avant-premiere\"},\"wordCount\":377,\"commentCount\":0,\"image\":{\"@id\":\"https:\/\/www.africa-press.net\/congo-brazzaville\/politique\/festival-dangouleme-2023-la-bd-brazza-sur-seine-en-avant-premiere#primaryimage\"},\"thumbnailUrl\":\"https:\/\/static.africa-press.net\/congo-brazzaville\/sites\/51\/2023\/02\/postQueueImg_1675242837.15.jpg\",\"keywords\":[\"Africa Press\",\"Africa Press-Congo Brazzaville\",\"Congo Brazzaville\"],\"articleSection\":[\"Culture et Art\",\"Toutes les actualit\u00e9s\"],\"inLanguage\":\"fr-FR\",\"potentialAction\":[{\"@type\":\"CommentAction\",\"name\":\"Comment\",\"target\":[\"https:\/\/www.africa-press.net\/congo-brazzaville\/politique\/festival-dangouleme-2023-la-bd-brazza-sur-seine-en-avant-premiere#respond\"]}]},{\"@type\":\"WebPage\",\"@id\":\"https:\/\/www.africa-press.net\/congo-brazzaville\/politique\/festival-dangouleme-2023-la-bd-brazza-sur-seine-en-avant-premiere\",\"url\":\"https:\/\/www.africa-press.net\/congo-brazzaville\/politique\/festival-dangouleme-2023-la-bd-brazza-sur-seine-en-avant-premiere\",\"name\":\"Festival d\u2019Angoul\u00eame 2023: la BD \\\"Brazza-Sur-Seine\\\" en avant-premi\u00e8re - Congo Brazzaville\",\"isPartOf\":{\"@id\":\"https:\/\/www.africa-press.net\/congo-brazzaville\/#website\"},\"primaryImageOfPage\":{\"@id\":\"https:\/\/www.africa-press.net\/congo-brazzaville\/politique\/festival-dangouleme-2023-la-bd-brazza-sur-seine-en-avant-premiere#primaryimage\"},\"image\":{\"@id\":\"https:\/\/www.africa-press.net\/congo-brazzaville\/politique\/festival-dangouleme-2023-la-bd-brazza-sur-seine-en-avant-premiere#primaryimage\"},\"thumbnailUrl\":\"https:\/\/static.africa-press.net\/congo-brazzaville\/sites\/51\/2023\/02\/postQueueImg_1675242837.15.jpg\",\"datePublished\":\"2023-02-01T12:43:49+00:00\",\"author\":{\"@id\":\"https:\/\/www.africa-press.net\/congo-brazzaville\/#\/schema\/person\/2b1cf3cd81a31e3cd26889ca66d677f1\"},\"breadcrumb\":{\"@id\":\"https:\/\/www.africa-press.net\/congo-brazzaville\/politique\/festival-dangouleme-2023-la-bd-brazza-sur-seine-en-avant-premiere#breadcrumb\"},\"inLanguage\":\"fr-FR\",\"potentialAction\":[{\"@type\":\"ReadAction\",\"target\":[\"https:\/\/www.africa-press.net\/congo-brazzaville\/politique\/festival-dangouleme-2023-la-bd-brazza-sur-seine-en-avant-premiere\"]}]},{\"@type\":\"ImageObject\",\"inLanguage\":\"fr-FR\",\"@id\":\"https:\/\/www.africa-press.net\/congo-brazzaville\/politique\/festival-dangouleme-2023-la-bd-brazza-sur-seine-en-avant-premiere#primaryimage\",\"url\":\"https:\/\/static.africa-press.net\/congo-brazzaville\/sites\/51\/2023\/02\/postQueueImg_1675242837.15.jpg\",\"contentUrl\":\"https:\/\/static.africa-press.net\/congo-brazzaville\/sites\/51\/2023\/02\/postQueueImg_1675242837.15.jpg\",\"width\":1280,\"height\":720,\"caption\":\"Festival d\u2019Angoul\u00eame 2023: la BD \\\"Brazza-Sur-Seine\\\" en avant-premi\u00e8re\"},{\"@type\":\"BreadcrumbList\",\"@id\":\"https:\/\/www.africa-press.net\/congo-brazzaville\/politique\/festival-dangouleme-2023-la-bd-brazza-sur-seine-en-avant-premiere#breadcrumb\",\"itemListElement\":[{\"@type\":\"ListItem\",\"position\":1,\"name\":\"Accueil\",\"item\":\"https:\/\/www.africa-press.net\/congo-brazzaville\/\"},{\"@type\":\"ListItem\",\"position\":2,\"name\":\"Festival d\u2019Angoul\u00eame 2023: la BD \u00ab\u00a0Brazza-Sur-Seine\u00a0\u00bb en avant-premi\u00e8re\"}]},{\"@type\":\"WebSite\",\"@id\":\"https:\/\/www.africa-press.net\/congo-brazzaville\/#website\",\"url\":\"https:\/\/www.africa-press.net\/congo-brazzaville\/\",\"name\":\"Congo Brazzaville\",\"description\":\"Just another Africa News Agency Sites site\",\"potentialAction\":[{\"@type\":\"SearchAction\",\"target\":{\"@type\":\"EntryPoint\",\"urlTemplate\":\"https:\/\/www.africa-press.net\/congo-brazzaville\/?s={search_term_string}\"},\"query-input\":{\"@type\":\"PropertyValueSpecification\",\"valueRequired\":true,\"valueName\":\"search_term_string\"}}],\"inLanguage\":\"fr-FR\"},{\"@type\":\"Person\",\"@id\":\"https:\/\/www.africa-press.net\/congo-brazzaville\/#\/schema\/person\/2b1cf3cd81a31e3cd26889ca66d677f1\",\"name\":\"cfeditorfr\"}]}<\/script>\n<!-- \/ Yoast SEO Premium plugin. -->","yoast_head_json":{"title":"Festival d\u2019Angoul\u00eame 2023: la BD \"Brazza-Sur-Seine\" en avant-premi\u00e8re - Congo Brazzaville","robots":{"index":"index","follow":"follow","max-snippet":"max-snippet:-1","max-image-preview":"max-image-preview:large","max-video-preview":"max-video-preview:-1"},"canonical":"https:\/\/www.africa-press.net\/congo-brazzaville\/politique\/festival-dangouleme-2023-la-bd-brazza-sur-seine-en-avant-premiere","og_locale":"fr_FR","og_type":"article","og_title":"Festival d\u2019Angoul\u00eame 2023: la BD \"Brazza-Sur-Seine\" en avant-premi\u00e8re","og_description":"Africa-Press &#8211; Congo Brazzaville. Les festivaliers de la Bande dessine\u0301e (BD) a\u0300 Angoule\u0302me de\u0301couvrent en avant-premie\u0300re un roman graphique dessine\u0301 par Petit Pouzet, sce\u0301narise\u0301 par Victoire N\u2019Sonde\u0301 et e\u0301dite\u0301 par Toom E\u0301ditions. La sortie de la BD e\u0301tait initialement pre\u0301vue courant fe\u0301vrier. L\u2019auteure, Victoire N\u2019Sonde\u0301, l\u2019a anticipe\u0301e et pre\u0301sente\u0301 son ouvrage lors de la 50e [&hellip;]","og_url":"https:\/\/www.africa-press.net\/congo-brazzaville\/politique\/festival-dangouleme-2023-la-bd-brazza-sur-seine-en-avant-premiere","og_site_name":"Congo Brazzaville","article_published_time":"2023-02-01T12:43:49+00:00","author":"cfeditorfr","twitter_card":"summary_large_image","twitter_misc":{"\u00c9crit par":"cfeditorfr","Dur\u00e9e de lecture estim\u00e9e":"2 minutes"},"schema":{"@context":"https:\/\/schema.org","@graph":[{"@type":"Article","@id":"https:\/\/www.africa-press.net\/congo-brazzaville\/politique\/festival-dangouleme-2023-la-bd-brazza-sur-seine-en-avant-premiere#article","isPartOf":{"@id":"https:\/\/www.africa-press.net\/congo-brazzaville\/politique\/festival-dangouleme-2023-la-bd-brazza-sur-seine-en-avant-premiere"},"author":{"name":"cfeditorfr","@id":"https:\/\/www.africa-press.net\/congo-brazzaville\/#\/schema\/person\/2b1cf3cd81a31e3cd26889ca66d677f1"},"headline":"Festival d\u2019Angoul\u00eame 2023: la BD \u00ab\u00a0Brazza-Sur-Seine\u00a0\u00bb en avant-premi\u00e8re","datePublished":"2023-02-01T12:43:49+00:00","mainEntityOfPage":{"@id":"https:\/\/www.africa-press.net\/congo-brazzaville\/politique\/festival-dangouleme-2023-la-bd-brazza-sur-seine-en-avant-premiere"},"wordCount":377,"commentCount":0,"image":{"@id":"https:\/\/www.africa-press.net\/congo-brazzaville\/politique\/festival-dangouleme-2023-la-bd-brazza-sur-seine-en-avant-premiere#primaryimage"},"thumbnailUrl":"https:\/\/static.africa-press.net\/congo-brazzaville\/sites\/51\/2023\/02\/postQueueImg_1675242837.15.jpg","keywords":["Africa Press","Africa Press-Congo Brazzaville","Congo Brazzaville"],"articleSection":["Culture et Art","Toutes les actualit\u00e9s"],"inLanguage":"fr-FR","potentialAction":[{"@type":"CommentAction","name":"Comment","target":["https:\/\/www.africa-press.net\/congo-brazzaville\/politique\/festival-dangouleme-2023-la-bd-brazza-sur-seine-en-avant-premiere#respond"]}]},{"@type":"WebPage","@id":"https:\/\/www.africa-press.net\/congo-brazzaville\/politique\/festival-dangouleme-2023-la-bd-brazza-sur-seine-en-avant-premiere","url":"https:\/\/www.africa-press.net\/congo-brazzaville\/politique\/festival-dangouleme-2023-la-bd-brazza-sur-seine-en-avant-premiere","name":"Festival d\u2019Angoul\u00eame 2023: la BD \"Brazza-Sur-Seine\" en avant-premi\u00e8re - Congo Brazzaville","isPartOf":{"@id":"https:\/\/www.africa-press.net\/congo-brazzaville\/#website"},"primaryImageOfPage":{"@id":"https:\/\/www.africa-press.net\/congo-brazzaville\/politique\/festival-dangouleme-2023-la-bd-brazza-sur-seine-en-avant-premiere#primaryimage"},"image":{"@id":"https:\/\/www.africa-press.net\/congo-brazzaville\/politique\/festival-dangouleme-2023-la-bd-brazza-sur-seine-en-avant-premiere#primaryimage"},"thumbnailUrl":"https:\/\/static.africa-press.net\/congo-brazzaville\/sites\/51\/2023\/02\/postQueueImg_1675242837.15.jpg","datePublished":"2023-02-01T12:43:49+00:00","author":{"@id":"https:\/\/www.africa-press.net\/congo-brazzaville\/#\/schema\/person\/2b1cf3cd81a31e3cd26889ca66d677f1"},"breadcrumb":{"@id":"https:\/\/www.africa-press.net\/congo-brazzaville\/politique\/festival-dangouleme-2023-la-bd-brazza-sur-seine-en-avant-premiere#breadcrumb"},"inLanguage":"fr-FR","potentialAction":[{"@type":"ReadAction","target":["https:\/\/www.africa-press.net\/congo-brazzaville\/politique\/festival-dangouleme-2023-la-bd-brazza-sur-seine-en-avant-premiere"]}]},{"@type":"ImageObject","inLanguage":"fr-FR","@id":"https:\/\/www.africa-press.net\/congo-brazzaville\/politique\/festival-dangouleme-2023-la-bd-brazza-sur-seine-en-avant-premiere#primaryimage","url":"https:\/\/static.africa-press.net\/congo-brazzaville\/sites\/51\/2023\/02\/postQueueImg_1675242837.15.jpg","contentUrl":"https:\/\/static.africa-press.net\/congo-brazzaville\/sites\/51\/2023\/02\/postQueueImg_1675242837.15.jpg","width":1280,"height":720,"caption":"Festival d\u2019Angoul\u00eame 2023: la BD \"Brazza-Sur-Seine\" en avant-premi\u00e8re"},{"@type":"BreadcrumbList","@id":"https:\/\/www.africa-press.net\/congo-brazzaville\/politique\/festival-dangouleme-2023-la-bd-brazza-sur-seine-en-avant-premiere#breadcrumb","itemListElement":[{"@type":"ListItem","position":1,"name":"Accueil","item":"https:\/\/www.africa-press.net\/congo-brazzaville\/"},{"@type":"ListItem","position":2,"name":"Festival d\u2019Angoul\u00eame 2023: la BD \u00ab\u00a0Brazza-Sur-Seine\u00a0\u00bb en avant-premi\u00e8re"}]},{"@type":"WebSite","@id":"https:\/\/www.africa-press.net\/congo-brazzaville\/#website","url":"https:\/\/www.africa-press.net\/congo-brazzaville\/","name":"Congo Brazzaville","description":"Just another Africa News Agency Sites site","potentialAction":[{"@type":"SearchAction","target":{"@type":"EntryPoint","urlTemplate":"https:\/\/www.africa-press.net\/congo-brazzaville\/?s={search_term_string}"},"query-input":{"@type":"PropertyValueSpecification","valueRequired":true,"valueName":"search_term_string"}}],"inLanguage":"fr-FR"},{"@type":"Person","@id":"https:\/\/www.africa-press.net\/congo-brazzaville\/#\/schema\/person\/2b1cf3cd81a31e3cd26889ca66d677f1","name":"cfeditorfr"}]}},"_links":{"self":[{"href":"https:\/\/www.africa-press.net\/congo-brazzaville\/wp-json\/wp\/v2\/posts\/13961","targetHints":{"allow":["GET"]}}],"collection":[{"href":"https:\/\/www.africa-press.net\/congo-brazzaville\/wp-json\/wp\/v2\/posts"}],"about":[{"href":"https:\/\/www.africa-press.net\/congo-brazzaville\/wp-json\/wp\/v2\/types\/post"}],"author":[{"embeddable":true,"href":"https:\/\/www.africa-press.net\/congo-brazzaville\/wp-json\/wp\/v2\/users\/82"}],"replies":[{"embeddable":true,"href":"https:\/\/www.africa-press.net\/congo-brazzaville\/wp-json\/wp\/v2\/comments?post=13961"}],"version-history":[{"count":0,"href":"https:\/\/www.africa-press.net\/congo-brazzaville\/wp-json\/wp\/v2\/posts\/13961\/revisions"}],"wp:featuredmedia":[{"embeddable":true,"href":"https:\/\/www.africa-press.net\/congo-brazzaville\/wp-json\/wp\/v2\/media\/13960"}],"wp:attachment":[{"href":"https:\/\/www.africa-press.net\/congo-brazzaville\/wp-json\/wp\/v2\/media?parent=13961"}],"wp:term":[{"taxonomy":"category","embeddable":true,"href":"https:\/\/www.africa-press.net\/congo-brazzaville\/wp-json\/wp\/v2\/categories?post=13961"},{"taxonomy":"post_tag","embeddable":true,"href":"https:\/\/www.africa-press.net\/congo-brazzaville\/wp-json\/wp\/v2\/tags?post=13961"}],"curies":[{"name":"wp","href":"https:\/\/api.w.org\/{rel}","templated":true}]}}