{"id":13963,"date":"2023-02-01T12:44:14","date_gmt":"2023-02-01T12:44:14","guid":{"rendered":"https:\/\/www.africa-press.net\/congo-brazzaville\/politique\/affaires-sociales-renforcer-la-protection-des-vulnerables-a-travers-le-projet-lisungi"},"modified":"2023-02-01T12:44:14","modified_gmt":"2023-02-01T12:44:14","slug":"affaires-sociales-renforcer-la-protection-des-vulnerables-a-travers-le-projet-lisungi","status":"publish","type":"post","link":"https:\/\/www.africa-press.net\/congo-brazzaville\/toutes-les-actualites\/affaires-sociales-renforcer-la-protection-des-vulnerables-a-travers-le-projet-lisungi","title":{"rendered":"Affaires sociales : renforcer la protection des vuln\u00e9rables \u00e0 travers le projet  Lisungi"},"content":{"rendered":"<p><span style=\"color: #ff6600\"><strong>Africa-Press &#8211; Congo Brazzaville. <\/strong><\/span>Lors de la session ordinaire du Comite\u0301 d\u2019orientation strate\u0301gique du projet Lisungi, tenue le 31 janvier a\u0300 Brazzaville, la ministre des Affaires sociales, de la Solidarite\u0301 et de l\u2019Action humanitaire, Marie-Ce\u0301cile Ire\u0300ne Mboukou-Kimbatsa, a appele\u0301 les membres dudit comite\u0301 a\u0300 consolider, cette anne\u0301e, la protection sociale des vulne\u0301rables.<\/p>\n<p>\u00ab Les syste\u0300mes des filets sociaux mis en \u0153uvre a\u0300 travers le projet Lisungi sont des garde-fous qui permettent a\u0300 notre socie\u0301te\u0301 de prote\u0301ger les plus vulne\u0301rables d\u2019entre nous et de garantir a\u0300 chacun l\u2019acce\u0300s aux moyens de substance ne\u0301cessaire \u00bb, a rappele\u0301 Marie-Ce\u0301cile Ire\u0300ne Mboukou-Kimbatsa.<\/p>\n<p>Selon la ministre qui est, par ailleurs, pre\u0301sidente du Comite\u0301 d\u2019orientation strate\u0301gique du projet Lisungi, l\u2019e\u0301chantillon de quelques me\u0301nages qui te\u0301moignent de l\u2019ame\u0301lioration de leurs conditions de vie a\u0300 travers les allocations de ce projet constituent un motif de satisfaction pour tous les acteurs qui travaillent a\u0300 l\u2019atteitente de ces objectifs.<\/p>\n<p>Rappelons que le projet Lisungi vise, entre autres, a\u0300 de\u0301velopper le capital humain en permettant de relever le niveau de vie des personnes vulne\u0301rables en leur octroyant les moyens pour s\u2019assurer une autonomie financie\u0300re.<\/p>\n<p>Le me\u0301canisme de gestion des plaintes qui fait partie des avance\u0301es enregistre\u0301es l\u2019anne\u0301e passe\u0301e va davantage se de\u0301velopper cette anne\u0301e car le nume\u0301ro vert 15-16 qui avait e\u0301te\u0301 mis en place sera ope\u0301rationnel dans les prochains jours, a indique\u0301 la ministre des Affaires sociales, de la Solidarite\u0301 et de l\u2019Action humanitaire. Ce nume\u0301ro, selon elle, va re\u0301volutionner la gestion des plaintes en rapprochant la population be\u0301ne\u0301ficiaire du projet des parties prenantes pour re\u0301soudre les proble\u0300mes auxquels elle est confronte\u0301e.<\/p>\n<p><strong>Pour plus d&rsquo;informations et d&rsquo;analyses sur la <a href=\"https:\/\/www.africa-press.net\/congo-brazzaville\">Congo Brazzaville<\/a>, suivez <a href=\"https:\/\/www.africa-press.net\/\">Africa-Press<\/a><\/strong><\/p>\n","protected":false},"excerpt":{"rendered":"<p>Africa-Press &#8211; Congo Brazzaville. Lors de la session ordinaire du Comite\u0301 d\u2019orientation strate\u0301gique du projet Lisungi, tenue le 31 janvier a\u0300 Brazzaville, la ministre des Affaires sociales, de la Solidarite\u0301 et de l\u2019Action humanitaire, Marie-Ce\u0301cile Ire\u0300ne Mboukou-Kimbatsa, a appele\u0301 les membres dudit comite\u0301 a\u0300 consolider, cette anne\u0301e, la protection sociale des vulne\u0301rables. \u00ab Les syste\u0300mes [&hellip;]<\/p>\n","protected":false},"author":82,"featured_media":13962,"comment_status":"open","ping_status":"closed","sticky":false,"template":"","format":"standard","meta":{"footnotes":""},"categories":[21,10],"tags":[36,47,46],"class_list":["post-13963","post","type-post","status-publish","format-standard","has-post-thumbnail","hentry","category-communaute","category-toutes-les-actualites","tag-africa-press","tag-africa-press-congo-brazzaville","tag-congo-brazzaville"],"yoast_head":"<!-- This site is optimized with the Yoast SEO Premium plugin v26.1 (Yoast SEO v27.0) - https:\/\/yoast.com\/product\/yoast-seo-premium-wordpress\/ -->\n<title>Affaires sociales : renforcer la protection des vuln\u00e9rables \u00e0 travers le projet Lisungi - Congo Brazzaville<\/title>\n<meta name=\"robots\" content=\"index, follow, max-snippet:-1, max-image-preview:large, max-video-preview:-1\" \/>\n<link rel=\"canonical\" href=\"https:\/\/www.africa-press.net\/congo-brazzaville\/politique\/affaires-sociales-renforcer-la-protection-des-vulnerables-a-travers-le-projet-lisungi\" \/>\n<meta property=\"og:locale\" content=\"fr_FR\" \/>\n<meta property=\"og:type\" content=\"article\" \/>\n<meta property=\"og:title\" content=\"Affaires sociales : renforcer la protection des vuln\u00e9rables \u00e0 travers le projet Lisungi\" \/>\n<meta property=\"og:description\" content=\"Africa-Press &#8211; Congo Brazzaville. Lors de la session ordinaire du Comite\u0301 d\u2019orientation strate\u0301gique du projet Lisungi, tenue le 31 janvier a\u0300 Brazzaville, la ministre des Affaires sociales, de la Solidarite\u0301 et de l\u2019Action humanitaire, Marie-Ce\u0301cile Ire\u0300ne Mboukou-Kimbatsa, a appele\u0301 les membres dudit comite\u0301 a\u0300 consolider, cette anne\u0301e, la protection sociale des vulne\u0301rables. \u00ab Les syste\u0300mes [&hellip;]\" \/>\n<meta property=\"og:url\" content=\"https:\/\/www.africa-press.net\/congo-brazzaville\/politique\/affaires-sociales-renforcer-la-protection-des-vulnerables-a-travers-le-projet-lisungi\" \/>\n<meta property=\"og:site_name\" content=\"Congo Brazzaville\" \/>\n<meta property=\"article:published_time\" content=\"2023-02-01T12:44:14+00:00\" \/>\n<meta name=\"author\" content=\"cfeditorfr\" \/>\n<meta name=\"twitter:card\" content=\"summary_large_image\" \/>\n<meta name=\"twitter:label1\" content=\"\u00c9crit par\" \/>\n\t<meta name=\"twitter:data1\" content=\"cfeditorfr\" \/>\n\t<meta name=\"twitter:label2\" content=\"Dur\u00e9e de lecture estim\u00e9e\" \/>\n\t<meta name=\"twitter:data2\" content=\"2 minutes\" \/>\n<script type=\"application\/ld+json\" class=\"yoast-schema-graph\">{\"@context\":\"https:\/\/schema.org\",\"@graph\":[{\"@type\":\"Article\",\"@id\":\"https:\/\/www.africa-press.net\/congo-brazzaville\/politique\/affaires-sociales-renforcer-la-protection-des-vulnerables-a-travers-le-projet-lisungi#article\",\"isPartOf\":{\"@id\":\"https:\/\/www.africa-press.net\/congo-brazzaville\/politique\/affaires-sociales-renforcer-la-protection-des-vulnerables-a-travers-le-projet-lisungi\"},\"author\":{\"name\":\"cfeditorfr\",\"@id\":\"https:\/\/www.africa-press.net\/congo-brazzaville\/#\/schema\/person\/2b1cf3cd81a31e3cd26889ca66d677f1\"},\"headline\":\"Affaires sociales : renforcer la protection des vuln\u00e9rables \u00e0 travers le projet Lisungi\",\"datePublished\":\"2023-02-01T12:44:14+00:00\",\"mainEntityOfPage\":{\"@id\":\"https:\/\/www.africa-press.net\/congo-brazzaville\/politique\/affaires-sociales-renforcer-la-protection-des-vulnerables-a-travers-le-projet-lisungi\"},\"wordCount\":334,\"commentCount\":0,\"image\":{\"@id\":\"https:\/\/www.africa-press.net\/congo-brazzaville\/politique\/affaires-sociales-renforcer-la-protection-des-vulnerables-a-travers-le-projet-lisungi#primaryimage\"},\"thumbnailUrl\":\"https:\/\/static.africa-press.net\/congo-brazzaville\/sites\/51\/2023\/02\/postQueueImg_1675243065.04.jpg\",\"keywords\":[\"Africa Press\",\"Africa Press-Congo Brazzaville\",\"Congo Brazzaville\"],\"articleSection\":[\"Communaut\u00e9\",\"Toutes les actualit\u00e9s\"],\"inLanguage\":\"fr-FR\",\"potentialAction\":[{\"@type\":\"CommentAction\",\"name\":\"Comment\",\"target\":[\"https:\/\/www.africa-press.net\/congo-brazzaville\/politique\/affaires-sociales-renforcer-la-protection-des-vulnerables-a-travers-le-projet-lisungi#respond\"]}]},{\"@type\":\"WebPage\",\"@id\":\"https:\/\/www.africa-press.net\/congo-brazzaville\/politique\/affaires-sociales-renforcer-la-protection-des-vulnerables-a-travers-le-projet-lisungi\",\"url\":\"https:\/\/www.africa-press.net\/congo-brazzaville\/politique\/affaires-sociales-renforcer-la-protection-des-vulnerables-a-travers-le-projet-lisungi\",\"name\":\"Affaires sociales : renforcer la protection des vuln\u00e9rables \u00e0 travers le projet Lisungi - Congo Brazzaville\",\"isPartOf\":{\"@id\":\"https:\/\/www.africa-press.net\/congo-brazzaville\/#website\"},\"primaryImageOfPage\":{\"@id\":\"https:\/\/www.africa-press.net\/congo-brazzaville\/politique\/affaires-sociales-renforcer-la-protection-des-vulnerables-a-travers-le-projet-lisungi#primaryimage\"},\"image\":{\"@id\":\"https:\/\/www.africa-press.net\/congo-brazzaville\/politique\/affaires-sociales-renforcer-la-protection-des-vulnerables-a-travers-le-projet-lisungi#primaryimage\"},\"thumbnailUrl\":\"https:\/\/static.africa-press.net\/congo-brazzaville\/sites\/51\/2023\/02\/postQueueImg_1675243065.04.jpg\",\"datePublished\":\"2023-02-01T12:44:14+00:00\",\"author\":{\"@id\":\"https:\/\/www.africa-press.net\/congo-brazzaville\/#\/schema\/person\/2b1cf3cd81a31e3cd26889ca66d677f1\"},\"breadcrumb\":{\"@id\":\"https:\/\/www.africa-press.net\/congo-brazzaville\/politique\/affaires-sociales-renforcer-la-protection-des-vulnerables-a-travers-le-projet-lisungi#breadcrumb\"},\"inLanguage\":\"fr-FR\",\"potentialAction\":[{\"@type\":\"ReadAction\",\"target\":[\"https:\/\/www.africa-press.net\/congo-brazzaville\/politique\/affaires-sociales-renforcer-la-protection-des-vulnerables-a-travers-le-projet-lisungi\"]}]},{\"@type\":\"ImageObject\",\"inLanguage\":\"fr-FR\",\"@id\":\"https:\/\/www.africa-press.net\/congo-brazzaville\/politique\/affaires-sociales-renforcer-la-protection-des-vulnerables-a-travers-le-projet-lisungi#primaryimage\",\"url\":\"https:\/\/static.africa-press.net\/congo-brazzaville\/sites\/51\/2023\/02\/postQueueImg_1675243065.04.jpg\",\"contentUrl\":\"https:\/\/static.africa-press.net\/congo-brazzaville\/sites\/51\/2023\/02\/postQueueImg_1675243065.04.jpg\",\"width\":1080,\"height\":720,\"caption\":\"Affaires sociales : renforcer la protection des vuln\u00e9rables \u00e0 travers le projet Lisungi\"},{\"@type\":\"BreadcrumbList\",\"@id\":\"https:\/\/www.africa-press.net\/congo-brazzaville\/politique\/affaires-sociales-renforcer-la-protection-des-vulnerables-a-travers-le-projet-lisungi#breadcrumb\",\"itemListElement\":[{\"@type\":\"ListItem\",\"position\":1,\"name\":\"Accueil\",\"item\":\"https:\/\/www.africa-press.net\/congo-brazzaville\/\"},{\"@type\":\"ListItem\",\"position\":2,\"name\":\"Affaires sociales : renforcer la protection des vuln\u00e9rables \u00e0 travers le projet Lisungi\"}]},{\"@type\":\"WebSite\",\"@id\":\"https:\/\/www.africa-press.net\/congo-brazzaville\/#website\",\"url\":\"https:\/\/www.africa-press.net\/congo-brazzaville\/\",\"name\":\"Congo Brazzaville\",\"description\":\"Just another Africa News Agency Sites site\",\"potentialAction\":[{\"@type\":\"SearchAction\",\"target\":{\"@type\":\"EntryPoint\",\"urlTemplate\":\"https:\/\/www.africa-press.net\/congo-brazzaville\/?s={search_term_string}\"},\"query-input\":{\"@type\":\"PropertyValueSpecification\",\"valueRequired\":true,\"valueName\":\"search_term_string\"}}],\"inLanguage\":\"fr-FR\"},{\"@type\":\"Person\",\"@id\":\"https:\/\/www.africa-press.net\/congo-brazzaville\/#\/schema\/person\/2b1cf3cd81a31e3cd26889ca66d677f1\",\"name\":\"cfeditorfr\"}]}<\/script>\n<!-- \/ Yoast SEO Premium plugin. -->","yoast_head_json":{"title":"Affaires sociales : renforcer la protection des vuln\u00e9rables \u00e0 travers le projet Lisungi - Congo Brazzaville","robots":{"index":"index","follow":"follow","max-snippet":"max-snippet:-1","max-image-preview":"max-image-preview:large","max-video-preview":"max-video-preview:-1"},"canonical":"https:\/\/www.africa-press.net\/congo-brazzaville\/politique\/affaires-sociales-renforcer-la-protection-des-vulnerables-a-travers-le-projet-lisungi","og_locale":"fr_FR","og_type":"article","og_title":"Affaires sociales : renforcer la protection des vuln\u00e9rables \u00e0 travers le projet Lisungi","og_description":"Africa-Press &#8211; Congo Brazzaville. Lors de la session ordinaire du Comite\u0301 d\u2019orientation strate\u0301gique du projet Lisungi, tenue le 31 janvier a\u0300 Brazzaville, la ministre des Affaires sociales, de la Solidarite\u0301 et de l\u2019Action humanitaire, Marie-Ce\u0301cile Ire\u0300ne Mboukou-Kimbatsa, a appele\u0301 les membres dudit comite\u0301 a\u0300 consolider, cette anne\u0301e, la protection sociale des vulne\u0301rables. \u00ab Les syste\u0300mes [&hellip;]","og_url":"https:\/\/www.africa-press.net\/congo-brazzaville\/politique\/affaires-sociales-renforcer-la-protection-des-vulnerables-a-travers-le-projet-lisungi","og_site_name":"Congo Brazzaville","article_published_time":"2023-02-01T12:44:14+00:00","author":"cfeditorfr","twitter_card":"summary_large_image","twitter_misc":{"\u00c9crit par":"cfeditorfr","Dur\u00e9e de lecture estim\u00e9e":"2 minutes"},"schema":{"@context":"https:\/\/schema.org","@graph":[{"@type":"Article","@id":"https:\/\/www.africa-press.net\/congo-brazzaville\/politique\/affaires-sociales-renforcer-la-protection-des-vulnerables-a-travers-le-projet-lisungi#article","isPartOf":{"@id":"https:\/\/www.africa-press.net\/congo-brazzaville\/politique\/affaires-sociales-renforcer-la-protection-des-vulnerables-a-travers-le-projet-lisungi"},"author":{"name":"cfeditorfr","@id":"https:\/\/www.africa-press.net\/congo-brazzaville\/#\/schema\/person\/2b1cf3cd81a31e3cd26889ca66d677f1"},"headline":"Affaires sociales : renforcer la protection des vuln\u00e9rables \u00e0 travers le projet Lisungi","datePublished":"2023-02-01T12:44:14+00:00","mainEntityOfPage":{"@id":"https:\/\/www.africa-press.net\/congo-brazzaville\/politique\/affaires-sociales-renforcer-la-protection-des-vulnerables-a-travers-le-projet-lisungi"},"wordCount":334,"commentCount":0,"image":{"@id":"https:\/\/www.africa-press.net\/congo-brazzaville\/politique\/affaires-sociales-renforcer-la-protection-des-vulnerables-a-travers-le-projet-lisungi#primaryimage"},"thumbnailUrl":"https:\/\/static.africa-press.net\/congo-brazzaville\/sites\/51\/2023\/02\/postQueueImg_1675243065.04.jpg","keywords":["Africa Press","Africa Press-Congo Brazzaville","Congo Brazzaville"],"articleSection":["Communaut\u00e9","Toutes les actualit\u00e9s"],"inLanguage":"fr-FR","potentialAction":[{"@type":"CommentAction","name":"Comment","target":["https:\/\/www.africa-press.net\/congo-brazzaville\/politique\/affaires-sociales-renforcer-la-protection-des-vulnerables-a-travers-le-projet-lisungi#respond"]}]},{"@type":"WebPage","@id":"https:\/\/www.africa-press.net\/congo-brazzaville\/politique\/affaires-sociales-renforcer-la-protection-des-vulnerables-a-travers-le-projet-lisungi","url":"https:\/\/www.africa-press.net\/congo-brazzaville\/politique\/affaires-sociales-renforcer-la-protection-des-vulnerables-a-travers-le-projet-lisungi","name":"Affaires sociales : renforcer la protection des vuln\u00e9rables \u00e0 travers le projet Lisungi - Congo Brazzaville","isPartOf":{"@id":"https:\/\/www.africa-press.net\/congo-brazzaville\/#website"},"primaryImageOfPage":{"@id":"https:\/\/www.africa-press.net\/congo-brazzaville\/politique\/affaires-sociales-renforcer-la-protection-des-vulnerables-a-travers-le-projet-lisungi#primaryimage"},"image":{"@id":"https:\/\/www.africa-press.net\/congo-brazzaville\/politique\/affaires-sociales-renforcer-la-protection-des-vulnerables-a-travers-le-projet-lisungi#primaryimage"},"thumbnailUrl":"https:\/\/static.africa-press.net\/congo-brazzaville\/sites\/51\/2023\/02\/postQueueImg_1675243065.04.jpg","datePublished":"2023-02-01T12:44:14+00:00","author":{"@id":"https:\/\/www.africa-press.net\/congo-brazzaville\/#\/schema\/person\/2b1cf3cd81a31e3cd26889ca66d677f1"},"breadcrumb":{"@id":"https:\/\/www.africa-press.net\/congo-brazzaville\/politique\/affaires-sociales-renforcer-la-protection-des-vulnerables-a-travers-le-projet-lisungi#breadcrumb"},"inLanguage":"fr-FR","potentialAction":[{"@type":"ReadAction","target":["https:\/\/www.africa-press.net\/congo-brazzaville\/politique\/affaires-sociales-renforcer-la-protection-des-vulnerables-a-travers-le-projet-lisungi"]}]},{"@type":"ImageObject","inLanguage":"fr-FR","@id":"https:\/\/www.africa-press.net\/congo-brazzaville\/politique\/affaires-sociales-renforcer-la-protection-des-vulnerables-a-travers-le-projet-lisungi#primaryimage","url":"https:\/\/static.africa-press.net\/congo-brazzaville\/sites\/51\/2023\/02\/postQueueImg_1675243065.04.jpg","contentUrl":"https:\/\/static.africa-press.net\/congo-brazzaville\/sites\/51\/2023\/02\/postQueueImg_1675243065.04.jpg","width":1080,"height":720,"caption":"Affaires sociales : renforcer la protection des vuln\u00e9rables \u00e0 travers le projet Lisungi"},{"@type":"BreadcrumbList","@id":"https:\/\/www.africa-press.net\/congo-brazzaville\/politique\/affaires-sociales-renforcer-la-protection-des-vulnerables-a-travers-le-projet-lisungi#breadcrumb","itemListElement":[{"@type":"ListItem","position":1,"name":"Accueil","item":"https:\/\/www.africa-press.net\/congo-brazzaville\/"},{"@type":"ListItem","position":2,"name":"Affaires sociales : renforcer la protection des vuln\u00e9rables \u00e0 travers le projet Lisungi"}]},{"@type":"WebSite","@id":"https:\/\/www.africa-press.net\/congo-brazzaville\/#website","url":"https:\/\/www.africa-press.net\/congo-brazzaville\/","name":"Congo Brazzaville","description":"Just another Africa News Agency Sites site","potentialAction":[{"@type":"SearchAction","target":{"@type":"EntryPoint","urlTemplate":"https:\/\/www.africa-press.net\/congo-brazzaville\/?s={search_term_string}"},"query-input":{"@type":"PropertyValueSpecification","valueRequired":true,"valueName":"search_term_string"}}],"inLanguage":"fr-FR"},{"@type":"Person","@id":"https:\/\/www.africa-press.net\/congo-brazzaville\/#\/schema\/person\/2b1cf3cd81a31e3cd26889ca66d677f1","name":"cfeditorfr"}]}},"_links":{"self":[{"href":"https:\/\/www.africa-press.net\/congo-brazzaville\/wp-json\/wp\/v2\/posts\/13963","targetHints":{"allow":["GET"]}}],"collection":[{"href":"https:\/\/www.africa-press.net\/congo-brazzaville\/wp-json\/wp\/v2\/posts"}],"about":[{"href":"https:\/\/www.africa-press.net\/congo-brazzaville\/wp-json\/wp\/v2\/types\/post"}],"author":[{"embeddable":true,"href":"https:\/\/www.africa-press.net\/congo-brazzaville\/wp-json\/wp\/v2\/users\/82"}],"replies":[{"embeddable":true,"href":"https:\/\/www.africa-press.net\/congo-brazzaville\/wp-json\/wp\/v2\/comments?post=13963"}],"version-history":[{"count":0,"href":"https:\/\/www.africa-press.net\/congo-brazzaville\/wp-json\/wp\/v2\/posts\/13963\/revisions"}],"wp:featuredmedia":[{"embeddable":true,"href":"https:\/\/www.africa-press.net\/congo-brazzaville\/wp-json\/wp\/v2\/media\/13962"}],"wp:attachment":[{"href":"https:\/\/www.africa-press.net\/congo-brazzaville\/wp-json\/wp\/v2\/media?parent=13963"}],"wp:term":[{"taxonomy":"category","embeddable":true,"href":"https:\/\/www.africa-press.net\/congo-brazzaville\/wp-json\/wp\/v2\/categories?post=13963"},{"taxonomy":"post_tag","embeddable":true,"href":"https:\/\/www.africa-press.net\/congo-brazzaville\/wp-json\/wp\/v2\/tags?post=13963"}],"curies":[{"name":"wp","href":"https:\/\/api.w.org\/{rel}","templated":true}]}}