{"id":13965,"date":"2023-02-01T12:42:51","date_gmt":"2023-02-01T12:42:51","guid":{"rendered":"https:\/\/www.africa-press.net\/congo-brazzaville\/politique\/protection-des-forets-le-congo-invite-au-sommet-de-libreville"},"modified":"2023-02-01T12:42:51","modified_gmt":"2023-02-01T12:42:51","slug":"protection-des-forets-le-congo-invite-au-sommet-de-libreville","status":"publish","type":"post","link":"https:\/\/www.africa-press.net\/congo-brazzaville\/economie\/protection-des-forets-le-congo-invite-au-sommet-de-libreville","title":{"rendered":"Protection des for\u00eats : le Congo invit\u00e9 au sommet de Libreville"},"content":{"rendered":"<p><span style=\"color: #ff6600\"><strong>Africa-Press &#8211; Congo Brazzaville. <\/strong><\/span><b>L&rsquo;ambassadeur de France au Congo, Franc\u0327ois Barateau, a officiellement remis, le 31 janvier, a\u0300 la ministre de l\u2019Environnement, du De\u0301veloppement durable et du Bassin du Congo, Arlette Soudan-Nonault, l&rsquo;invitation a\u0300 prendre part<\/b> <b>au sommet sur la pre\u0301servation des fore\u0302ts tropicales, \u00ab\u00a0One forest summit\u00a0\u00bb, pre\u0301vu du 1er au 2 mars a\u0300 Libreville, au Gabon.<\/b><\/p>\n<p>\u00ab Je suis venu lui remettre officiellement l\u2019invitation a\u0300 participer au prochain sommet sur les fore\u0302ts qui sera organise\u0301 a\u0300 Libreville par la France et le Gabon, un sommet au cours duquel le Congo aura toute sa place et fera entendre sa voix. Ensuite, madame la ministre m\u2019a parle\u0301 des diffe\u0301rents projets sur l\u2019environnement, notamment le sommet sur les trois plus grands bassins forestiers du monde \u00bb, a explique\u0301 Francois Barateau.<\/p>\n<p>La ministre de l&rsquo;Environnement, par ailleurs coordonnatrice technique de la Commission climat du Bassin du Congo, a confirme\u0301 sa participation. Arlette Soudan-Nonault a profite\u0301 de l\u2019occasion pour informer et inviter, a\u0300 son tour, la France au sommet des trois plus grands bassins mondiaux et a\u0300 celui sur la de\u0301cennie mondiale de l\u2019afforestation, prevus en juin prochain a\u0300 Brazzaville.<\/p>\n<p>Ces sommets seront notamment l&rsquo;occasion d&rsquo;avancer de manie\u0300re ambitieuse sur la pre\u0301servation des fore\u0302ts tropicales, qui sont au c\u0153ur des enjeux climat et biodiversite\u0301. Il sera question de remobiliser l&rsquo;attention politique autour de la sauvegarde de ces fore\u0302ts, menace\u0301es par la de\u0301forestation et la surexploitation, et relancer la coope\u0301ration Nord-Sud. Ces rencontres re\u0301uniront les chefs d&rsquo;E\u0301tat et de gouvernement, les scientifiques, les organisations non gouvernementales de de\u0301fense de l&rsquo;environnement, les institutions financie\u0300res et les chefs d&rsquo;entreprise.<\/p>\n<p><strong>Pour plus d&rsquo;informations et d&rsquo;analyses sur la <a href=\"https:\/\/www.africa-press.net\/congo-brazzaville\">Congo Brazzaville<\/a>, suivez <a href=\"https:\/\/www.africa-press.net\/\">Africa-Press<\/a><\/strong><\/p>\n","protected":false},"excerpt":{"rendered":"<p>Africa-Press &#8211; Congo Brazzaville. L&rsquo;ambassadeur de France au Congo, Franc\u0327ois Barateau, a officiellement remis, le 31 janvier, a\u0300 la ministre de l\u2019Environnement, du De\u0301veloppement durable et du Bassin du Congo, Arlette Soudan-Nonault, l&rsquo;invitation a\u0300 prendre part au sommet sur la pre\u0301servation des fore\u0302ts tropicales, \u00ab\u00a0One forest summit\u00a0\u00bb, pre\u0301vu du 1er au 2 mars a\u0300 Libreville, [&hellip;]<\/p>\n","protected":false},"author":82,"featured_media":13964,"comment_status":"open","ping_status":"closed","sticky":false,"template":"","format":"standard","meta":{"footnotes":""},"categories":[3,10],"tags":[36,47,46],"class_list":["post-13965","post","type-post","status-publish","format-standard","has-post-thumbnail","hentry","category-economie","category-toutes-les-actualites","tag-africa-press","tag-africa-press-congo-brazzaville","tag-congo-brazzaville"],"yoast_head":"<!-- This site is optimized with the Yoast SEO Premium plugin v26.1 (Yoast SEO v27.0) - https:\/\/yoast.com\/product\/yoast-seo-premium-wordpress\/ -->\n<title>Protection des for\u00eats : le Congo invit\u00e9 au sommet de Libreville - Congo Brazzaville<\/title>\n<meta name=\"robots\" content=\"index, follow, max-snippet:-1, max-image-preview:large, max-video-preview:-1\" \/>\n<link rel=\"canonical\" href=\"https:\/\/www.africa-press.net\/congo-brazzaville\/politique\/protection-des-forets-le-congo-invite-au-sommet-de-libreville\" \/>\n<meta property=\"og:locale\" content=\"fr_FR\" \/>\n<meta property=\"og:type\" content=\"article\" \/>\n<meta property=\"og:title\" content=\"Protection des for\u00eats : le Congo invit\u00e9 au sommet de Libreville\" \/>\n<meta property=\"og:description\" content=\"Africa-Press &#8211; Congo Brazzaville. L&rsquo;ambassadeur de France au Congo, Franc\u0327ois Barateau, a officiellement remis, le 31 janvier, a\u0300 la ministre de l\u2019Environnement, du De\u0301veloppement durable et du Bassin du Congo, Arlette Soudan-Nonault, l&rsquo;invitation a\u0300 prendre part au sommet sur la pre\u0301servation des fore\u0302ts tropicales, \u00ab\u00a0One forest summit\u00a0\u00bb, pre\u0301vu du 1er au 2 mars a\u0300 Libreville, [&hellip;]\" \/>\n<meta property=\"og:url\" content=\"https:\/\/www.africa-press.net\/congo-brazzaville\/politique\/protection-des-forets-le-congo-invite-au-sommet-de-libreville\" \/>\n<meta property=\"og:site_name\" content=\"Congo Brazzaville\" \/>\n<meta property=\"article:published_time\" content=\"2023-02-01T12:42:51+00:00\" \/>\n<meta name=\"author\" content=\"cfeditorfr\" \/>\n<meta name=\"twitter:card\" content=\"summary_large_image\" \/>\n<meta name=\"twitter:label1\" content=\"\u00c9crit par\" \/>\n\t<meta name=\"twitter:data1\" content=\"cfeditorfr\" \/>\n\t<meta name=\"twitter:label2\" content=\"Dur\u00e9e de lecture estim\u00e9e\" \/>\n\t<meta name=\"twitter:data2\" content=\"1 minute\" \/>\n<script type=\"application\/ld+json\" class=\"yoast-schema-graph\">{\"@context\":\"https:\/\/schema.org\",\"@graph\":[{\"@type\":\"Article\",\"@id\":\"https:\/\/www.africa-press.net\/congo-brazzaville\/politique\/protection-des-forets-le-congo-invite-au-sommet-de-libreville#article\",\"isPartOf\":{\"@id\":\"https:\/\/www.africa-press.net\/congo-brazzaville\/politique\/protection-des-forets-le-congo-invite-au-sommet-de-libreville\"},\"author\":{\"name\":\"cfeditorfr\",\"@id\":\"https:\/\/www.africa-press.net\/congo-brazzaville\/#\/schema\/person\/2b1cf3cd81a31e3cd26889ca66d677f1\"},\"headline\":\"Protection des for\u00eats : le Congo invit\u00e9 au sommet de Libreville\",\"datePublished\":\"2023-02-01T12:42:51+00:00\",\"mainEntityOfPage\":{\"@id\":\"https:\/\/www.africa-press.net\/congo-brazzaville\/politique\/protection-des-forets-le-congo-invite-au-sommet-de-libreville\"},\"wordCount\":317,\"commentCount\":0,\"image\":{\"@id\":\"https:\/\/www.africa-press.net\/congo-brazzaville\/politique\/protection-des-forets-le-congo-invite-au-sommet-de-libreville#primaryimage\"},\"thumbnailUrl\":\"https:\/\/static.africa-press.net\/congo-brazzaville\/sites\/51\/2023\/02\/postQueueImg_1675242780.28.jpg\",\"keywords\":[\"Africa Press\",\"Africa Press-Congo Brazzaville\",\"Congo Brazzaville\"],\"articleSection\":[\"\u00c9conomie\",\"Toutes les actualit\u00e9s\"],\"inLanguage\":\"fr-FR\",\"potentialAction\":[{\"@type\":\"CommentAction\",\"name\":\"Comment\",\"target\":[\"https:\/\/www.africa-press.net\/congo-brazzaville\/politique\/protection-des-forets-le-congo-invite-au-sommet-de-libreville#respond\"]}]},{\"@type\":\"WebPage\",\"@id\":\"https:\/\/www.africa-press.net\/congo-brazzaville\/politique\/protection-des-forets-le-congo-invite-au-sommet-de-libreville\",\"url\":\"https:\/\/www.africa-press.net\/congo-brazzaville\/politique\/protection-des-forets-le-congo-invite-au-sommet-de-libreville\",\"name\":\"Protection des for\u00eats : le Congo invit\u00e9 au sommet de Libreville - Congo Brazzaville\",\"isPartOf\":{\"@id\":\"https:\/\/www.africa-press.net\/congo-brazzaville\/#website\"},\"primaryImageOfPage\":{\"@id\":\"https:\/\/www.africa-press.net\/congo-brazzaville\/politique\/protection-des-forets-le-congo-invite-au-sommet-de-libreville#primaryimage\"},\"image\":{\"@id\":\"https:\/\/www.africa-press.net\/congo-brazzaville\/politique\/protection-des-forets-le-congo-invite-au-sommet-de-libreville#primaryimage\"},\"thumbnailUrl\":\"https:\/\/static.africa-press.net\/congo-brazzaville\/sites\/51\/2023\/02\/postQueueImg_1675242780.28.jpg\",\"datePublished\":\"2023-02-01T12:42:51+00:00\",\"author\":{\"@id\":\"https:\/\/www.africa-press.net\/congo-brazzaville\/#\/schema\/person\/2b1cf3cd81a31e3cd26889ca66d677f1\"},\"breadcrumb\":{\"@id\":\"https:\/\/www.africa-press.net\/congo-brazzaville\/politique\/protection-des-forets-le-congo-invite-au-sommet-de-libreville#breadcrumb\"},\"inLanguage\":\"fr-FR\",\"potentialAction\":[{\"@type\":\"ReadAction\",\"target\":[\"https:\/\/www.africa-press.net\/congo-brazzaville\/politique\/protection-des-forets-le-congo-invite-au-sommet-de-libreville\"]}]},{\"@type\":\"ImageObject\",\"inLanguage\":\"fr-FR\",\"@id\":\"https:\/\/www.africa-press.net\/congo-brazzaville\/politique\/protection-des-forets-le-congo-invite-au-sommet-de-libreville#primaryimage\",\"url\":\"https:\/\/static.africa-press.net\/congo-brazzaville\/sites\/51\/2023\/02\/postQueueImg_1675242780.28.jpg\",\"contentUrl\":\"https:\/\/static.africa-press.net\/congo-brazzaville\/sites\/51\/2023\/02\/postQueueImg_1675242780.28.jpg\",\"width\":1155,\"height\":768,\"caption\":\"Protection des for\u00eats : le Congo invit\u00e9 au sommet de Libreville\"},{\"@type\":\"BreadcrumbList\",\"@id\":\"https:\/\/www.africa-press.net\/congo-brazzaville\/politique\/protection-des-forets-le-congo-invite-au-sommet-de-libreville#breadcrumb\",\"itemListElement\":[{\"@type\":\"ListItem\",\"position\":1,\"name\":\"Accueil\",\"item\":\"https:\/\/www.africa-press.net\/congo-brazzaville\/\"},{\"@type\":\"ListItem\",\"position\":2,\"name\":\"Protection des for\u00eats : le Congo invit\u00e9 au sommet de Libreville\"}]},{\"@type\":\"WebSite\",\"@id\":\"https:\/\/www.africa-press.net\/congo-brazzaville\/#website\",\"url\":\"https:\/\/www.africa-press.net\/congo-brazzaville\/\",\"name\":\"Congo Brazzaville\",\"description\":\"Just another Africa News Agency Sites site\",\"potentialAction\":[{\"@type\":\"SearchAction\",\"target\":{\"@type\":\"EntryPoint\",\"urlTemplate\":\"https:\/\/www.africa-press.net\/congo-brazzaville\/?s={search_term_string}\"},\"query-input\":{\"@type\":\"PropertyValueSpecification\",\"valueRequired\":true,\"valueName\":\"search_term_string\"}}],\"inLanguage\":\"fr-FR\"},{\"@type\":\"Person\",\"@id\":\"https:\/\/www.africa-press.net\/congo-brazzaville\/#\/schema\/person\/2b1cf3cd81a31e3cd26889ca66d677f1\",\"name\":\"cfeditorfr\"}]}<\/script>\n<!-- \/ Yoast SEO Premium plugin. -->","yoast_head_json":{"title":"Protection des for\u00eats : le Congo invit\u00e9 au sommet de Libreville - Congo Brazzaville","robots":{"index":"index","follow":"follow","max-snippet":"max-snippet:-1","max-image-preview":"max-image-preview:large","max-video-preview":"max-video-preview:-1"},"canonical":"https:\/\/www.africa-press.net\/congo-brazzaville\/politique\/protection-des-forets-le-congo-invite-au-sommet-de-libreville","og_locale":"fr_FR","og_type":"article","og_title":"Protection des for\u00eats : le Congo invit\u00e9 au sommet de Libreville","og_description":"Africa-Press &#8211; Congo Brazzaville. L&rsquo;ambassadeur de France au Congo, Franc\u0327ois Barateau, a officiellement remis, le 31 janvier, a\u0300 la ministre de l\u2019Environnement, du De\u0301veloppement durable et du Bassin du Congo, Arlette Soudan-Nonault, l&rsquo;invitation a\u0300 prendre part au sommet sur la pre\u0301servation des fore\u0302ts tropicales, \u00ab\u00a0One forest summit\u00a0\u00bb, pre\u0301vu du 1er au 2 mars a\u0300 Libreville, [&hellip;]","og_url":"https:\/\/www.africa-press.net\/congo-brazzaville\/politique\/protection-des-forets-le-congo-invite-au-sommet-de-libreville","og_site_name":"Congo Brazzaville","article_published_time":"2023-02-01T12:42:51+00:00","author":"cfeditorfr","twitter_card":"summary_large_image","twitter_misc":{"\u00c9crit par":"cfeditorfr","Dur\u00e9e de lecture estim\u00e9e":"1 minute"},"schema":{"@context":"https:\/\/schema.org","@graph":[{"@type":"Article","@id":"https:\/\/www.africa-press.net\/congo-brazzaville\/politique\/protection-des-forets-le-congo-invite-au-sommet-de-libreville#article","isPartOf":{"@id":"https:\/\/www.africa-press.net\/congo-brazzaville\/politique\/protection-des-forets-le-congo-invite-au-sommet-de-libreville"},"author":{"name":"cfeditorfr","@id":"https:\/\/www.africa-press.net\/congo-brazzaville\/#\/schema\/person\/2b1cf3cd81a31e3cd26889ca66d677f1"},"headline":"Protection des for\u00eats : le Congo invit\u00e9 au sommet de Libreville","datePublished":"2023-02-01T12:42:51+00:00","mainEntityOfPage":{"@id":"https:\/\/www.africa-press.net\/congo-brazzaville\/politique\/protection-des-forets-le-congo-invite-au-sommet-de-libreville"},"wordCount":317,"commentCount":0,"image":{"@id":"https:\/\/www.africa-press.net\/congo-brazzaville\/politique\/protection-des-forets-le-congo-invite-au-sommet-de-libreville#primaryimage"},"thumbnailUrl":"https:\/\/static.africa-press.net\/congo-brazzaville\/sites\/51\/2023\/02\/postQueueImg_1675242780.28.jpg","keywords":["Africa Press","Africa Press-Congo Brazzaville","Congo Brazzaville"],"articleSection":["\u00c9conomie","Toutes les actualit\u00e9s"],"inLanguage":"fr-FR","potentialAction":[{"@type":"CommentAction","name":"Comment","target":["https:\/\/www.africa-press.net\/congo-brazzaville\/politique\/protection-des-forets-le-congo-invite-au-sommet-de-libreville#respond"]}]},{"@type":"WebPage","@id":"https:\/\/www.africa-press.net\/congo-brazzaville\/politique\/protection-des-forets-le-congo-invite-au-sommet-de-libreville","url":"https:\/\/www.africa-press.net\/congo-brazzaville\/politique\/protection-des-forets-le-congo-invite-au-sommet-de-libreville","name":"Protection des for\u00eats : le Congo invit\u00e9 au sommet de Libreville - Congo Brazzaville","isPartOf":{"@id":"https:\/\/www.africa-press.net\/congo-brazzaville\/#website"},"primaryImageOfPage":{"@id":"https:\/\/www.africa-press.net\/congo-brazzaville\/politique\/protection-des-forets-le-congo-invite-au-sommet-de-libreville#primaryimage"},"image":{"@id":"https:\/\/www.africa-press.net\/congo-brazzaville\/politique\/protection-des-forets-le-congo-invite-au-sommet-de-libreville#primaryimage"},"thumbnailUrl":"https:\/\/static.africa-press.net\/congo-brazzaville\/sites\/51\/2023\/02\/postQueueImg_1675242780.28.jpg","datePublished":"2023-02-01T12:42:51+00:00","author":{"@id":"https:\/\/www.africa-press.net\/congo-brazzaville\/#\/schema\/person\/2b1cf3cd81a31e3cd26889ca66d677f1"},"breadcrumb":{"@id":"https:\/\/www.africa-press.net\/congo-brazzaville\/politique\/protection-des-forets-le-congo-invite-au-sommet-de-libreville#breadcrumb"},"inLanguage":"fr-FR","potentialAction":[{"@type":"ReadAction","target":["https:\/\/www.africa-press.net\/congo-brazzaville\/politique\/protection-des-forets-le-congo-invite-au-sommet-de-libreville"]}]},{"@type":"ImageObject","inLanguage":"fr-FR","@id":"https:\/\/www.africa-press.net\/congo-brazzaville\/politique\/protection-des-forets-le-congo-invite-au-sommet-de-libreville#primaryimage","url":"https:\/\/static.africa-press.net\/congo-brazzaville\/sites\/51\/2023\/02\/postQueueImg_1675242780.28.jpg","contentUrl":"https:\/\/static.africa-press.net\/congo-brazzaville\/sites\/51\/2023\/02\/postQueueImg_1675242780.28.jpg","width":1155,"height":768,"caption":"Protection des for\u00eats : le Congo invit\u00e9 au sommet de Libreville"},{"@type":"BreadcrumbList","@id":"https:\/\/www.africa-press.net\/congo-brazzaville\/politique\/protection-des-forets-le-congo-invite-au-sommet-de-libreville#breadcrumb","itemListElement":[{"@type":"ListItem","position":1,"name":"Accueil","item":"https:\/\/www.africa-press.net\/congo-brazzaville\/"},{"@type":"ListItem","position":2,"name":"Protection des for\u00eats : le Congo invit\u00e9 au sommet de Libreville"}]},{"@type":"WebSite","@id":"https:\/\/www.africa-press.net\/congo-brazzaville\/#website","url":"https:\/\/www.africa-press.net\/congo-brazzaville\/","name":"Congo Brazzaville","description":"Just another Africa News Agency Sites site","potentialAction":[{"@type":"SearchAction","target":{"@type":"EntryPoint","urlTemplate":"https:\/\/www.africa-press.net\/congo-brazzaville\/?s={search_term_string}"},"query-input":{"@type":"PropertyValueSpecification","valueRequired":true,"valueName":"search_term_string"}}],"inLanguage":"fr-FR"},{"@type":"Person","@id":"https:\/\/www.africa-press.net\/congo-brazzaville\/#\/schema\/person\/2b1cf3cd81a31e3cd26889ca66d677f1","name":"cfeditorfr"}]}},"_links":{"self":[{"href":"https:\/\/www.africa-press.net\/congo-brazzaville\/wp-json\/wp\/v2\/posts\/13965","targetHints":{"allow":["GET"]}}],"collection":[{"href":"https:\/\/www.africa-press.net\/congo-brazzaville\/wp-json\/wp\/v2\/posts"}],"about":[{"href":"https:\/\/www.africa-press.net\/congo-brazzaville\/wp-json\/wp\/v2\/types\/post"}],"author":[{"embeddable":true,"href":"https:\/\/www.africa-press.net\/congo-brazzaville\/wp-json\/wp\/v2\/users\/82"}],"replies":[{"embeddable":true,"href":"https:\/\/www.africa-press.net\/congo-brazzaville\/wp-json\/wp\/v2\/comments?post=13965"}],"version-history":[{"count":0,"href":"https:\/\/www.africa-press.net\/congo-brazzaville\/wp-json\/wp\/v2\/posts\/13965\/revisions"}],"wp:featuredmedia":[{"embeddable":true,"href":"https:\/\/www.africa-press.net\/congo-brazzaville\/wp-json\/wp\/v2\/media\/13964"}],"wp:attachment":[{"href":"https:\/\/www.africa-press.net\/congo-brazzaville\/wp-json\/wp\/v2\/media?parent=13965"}],"wp:term":[{"taxonomy":"category","embeddable":true,"href":"https:\/\/www.africa-press.net\/congo-brazzaville\/wp-json\/wp\/v2\/categories?post=13965"},{"taxonomy":"post_tag","embeddable":true,"href":"https:\/\/www.africa-press.net\/congo-brazzaville\/wp-json\/wp\/v2\/tags?post=13965"}],"curies":[{"name":"wp","href":"https:\/\/api.w.org\/{rel}","templated":true}]}}