{"id":13971,"date":"2023-02-01T12:43:24","date_gmt":"2023-02-01T12:43:24","guid":{"rendered":"https:\/\/www.africa-press.net\/congo-brazzaville\/politique\/football-les-resultats-des-diables-rouges-et-des-congolais-de-la-diaspora-en-france"},"modified":"2023-02-01T12:43:24","modified_gmt":"2023-02-01T12:43:24","slug":"football-les-resultats-des-diables-rouges-et-des-congolais-de-la-diaspora-en-france","status":"publish","type":"post","link":"https:\/\/www.africa-press.net\/congo-brazzaville\/sports\/football-les-resultats-des-diables-rouges-et-des-congolais-de-la-diaspora-en-france","title":{"rendered":"Football, les r\u00e9sultats des Diables rouges et des Congolais de la diaspora en France"},"content":{"rendered":"<p><span style=\"color: #ff6600\"><strong>Africa-Press &#8211; Congo Brazzaville. <\/strong><\/span><b>Ligue 2, 21e journe\u0301e<\/b><\/p>\n<p>Laval s\u2019impose 1-0 face a\u0300 Dijon. Titulaire dans l\u2019axe droit de la de\u0301fense a\u0300 cinq des Tango, Mavin Baudry place une premie\u0300re te\u0302te offensive a\u0300 la 4e, de\u0301tourne\u0301e par le gardien sur Durbant, qui touche la barre. On retrouve ce duo a\u0300 la 66e avec une ouverture dans la profondeur du Congolais pour l\u2019attaquant qui inscrit l\u2019unique but du match.<\/p>\n<p>Pau remporte un tre\u0300s pre\u0301cieux succe\u0300s sur le terrain du Paris FC (0-1). Mons Bassouamina, peu servi offensivement, a e\u0301te\u0301 remplace\u0301 a\u0300 la 63e, a\u0300 0-0. Melvin Douniama n\u2019e\u0301tait pas dans le groupe parisien.<\/p>\n<p>Bryan Passi et Niort coulent face a\u0300 Amiens (1-3). Sur le deuxie\u0300me but picard, le de\u0301fenseur international est pris a\u0300 de\u0301faut dans son dos par Cisse\u0301, auteur d\u2019un triple\u0301.<\/p>\n<p>Dilane Bakwa e\u0301tait titulaire lors du revers de Bordeaux au Havre (1-2). Remplac\u0327ant au coup d\u2019envoi, Nolan Mbemba est entre\u0301 a\u0300 65e, a\u0300 1-1.<\/p>\n<p>Guingamp chute a\u0300 domicile face a\u0300 Ni\u0302mes (1-2). Sans Warren Tchimbembe, reste\u0301 sur le banc.<\/p>\n<p>Apre\u0300s deux mois et demi d\u2019absence, Ke\u0301vin Mouanga faisait son retour comme titulaire dans l\u2019axe de la de\u0301fense d\u2019Annecy. Strappe\u0301 au genou gauche, il a e\u0301te\u0301 solide et a participe\u0301 au succe\u0300s des Savoyards face a\u0300 Caen (2-0).<\/p>\n<p>Titulaire dans le couloir gauche de la de\u0301fense ste\u0301phanoise, Niels Nkounkou a e\u0301te\u0301 averti a\u0300 la 21e. Aux abois durant toute la rencontre, perdue par les Verts a\u0300 Bastia (0-2). Le danger est syste\u0301matiquement venu de son co\u0302te\u0301 (16e, 17e, 21e, 44e, 47e) et n\u2019a pas su ge\u0301rer la profondeur. Battu par la talonnade de Vincent sur l\u2019action du penalty de l\u2019ouverture du score corse (49e), il s\u2019empe\u0302tre dans un raid inopportun devant la surface adverse avec une perte de balle dangereuse (79e).<\/p>\n<p>Rodez rapporte un point de Metz (1-1). Titulaire sur la droite de ma de\u0301fense a\u0300 trois du RAF, Loris Mouyokolo a e\u0301te\u0301 averti a\u0300 la 28e et remplace\u0301 a\u0300 la 68e.<\/p>\n<p>Au classement, Le Havre poursuit sa course en te\u0302te et creuse l\u2019e\u0301cart avec Sochaux et Bordeaux, 2e et 3e avec 36 points et dix longueurs de retard.<\/p>\n<p>Annecy est 9e avec 28 points, suivi de Guingamp et Laval, 11e et 12 avec 27 points, puis Pau, 14e avec 26 points.<\/p>\n<p>Dans la zone de rele\u0301gation, Rodez est 18e avec 20 points, Saint-Etienne est 19e avec 18 points et Niort ferme la marche avec 17 points.<\/p>\n<p><strong>Pour plus d&rsquo;informations et d&rsquo;analyses sur la <a href=\"https:\/\/www.africa-press.net\/congo-brazzaville\">Congo Brazzaville<\/a>, suivez <a href=\"https:\/\/www.africa-press.net\/\">Africa-Press<\/a><\/strong><\/p>\n","protected":false},"excerpt":{"rendered":"<p>Africa-Press &#8211; Congo Brazzaville. Ligue 2, 21e journe\u0301e Laval s\u2019impose 1-0 face a\u0300 Dijon. Titulaire dans l\u2019axe droit de la de\u0301fense a\u0300 cinq des Tango, Mavin Baudry place une premie\u0300re te\u0302te offensive a\u0300 la 4e, de\u0301tourne\u0301e par le gardien sur Durbant, qui touche la barre. On retrouve ce duo a\u0300 la 66e avec une ouverture [&hellip;]<\/p>\n","protected":false},"author":82,"featured_media":13970,"comment_status":"open","ping_status":"closed","sticky":false,"template":"","format":"standard","meta":{"footnotes":""},"categories":[6,10],"tags":[36,47,46],"class_list":["post-13971","post","type-post","status-publish","format-standard","has-post-thumbnail","hentry","category-sports","category-toutes-les-actualites","tag-africa-press","tag-africa-press-congo-brazzaville","tag-congo-brazzaville"],"yoast_head":"<!-- This site is optimized with the Yoast SEO Premium plugin v26.1 (Yoast SEO v27.0) - https:\/\/yoast.com\/product\/yoast-seo-premium-wordpress\/ -->\n<title>Football, les r\u00e9sultats des Diables rouges et des Congolais de la diaspora en France - Congo Brazzaville<\/title>\n<meta name=\"robots\" content=\"index, follow, max-snippet:-1, max-image-preview:large, max-video-preview:-1\" \/>\n<link rel=\"canonical\" href=\"https:\/\/www.africa-press.net\/congo-brazzaville\/politique\/football-les-resultats-des-diables-rouges-et-des-congolais-de-la-diaspora-en-france\" \/>\n<meta property=\"og:locale\" content=\"fr_FR\" \/>\n<meta property=\"og:type\" content=\"article\" \/>\n<meta property=\"og:title\" content=\"Football, les r\u00e9sultats des Diables rouges et des Congolais de la diaspora en France\" \/>\n<meta property=\"og:description\" content=\"Africa-Press &#8211; Congo Brazzaville. Ligue 2, 21e journe\u0301e Laval s\u2019impose 1-0 face a\u0300 Dijon. Titulaire dans l\u2019axe droit de la de\u0301fense a\u0300 cinq des Tango, Mavin Baudry place une premie\u0300re te\u0302te offensive a\u0300 la 4e, de\u0301tourne\u0301e par le gardien sur Durbant, qui touche la barre. On retrouve ce duo a\u0300 la 66e avec une ouverture [&hellip;]\" \/>\n<meta property=\"og:url\" content=\"https:\/\/www.africa-press.net\/congo-brazzaville\/politique\/football-les-resultats-des-diables-rouges-et-des-congolais-de-la-diaspora-en-france\" \/>\n<meta property=\"og:site_name\" content=\"Congo Brazzaville\" \/>\n<meta property=\"article:published_time\" content=\"2023-02-01T12:43:24+00:00\" \/>\n<meta name=\"author\" content=\"cfeditorfr\" \/>\n<meta name=\"twitter:card\" content=\"summary_large_image\" \/>\n<meta name=\"twitter:label1\" content=\"\u00c9crit par\" \/>\n\t<meta name=\"twitter:data1\" content=\"cfeditorfr\" \/>\n\t<meta name=\"twitter:label2\" content=\"Dur\u00e9e de lecture estim\u00e9e\" \/>\n\t<meta name=\"twitter:data2\" content=\"2 minutes\" \/>\n<script type=\"application\/ld+json\" class=\"yoast-schema-graph\">{\"@context\":\"https:\/\/schema.org\",\"@graph\":[{\"@type\":\"Article\",\"@id\":\"https:\/\/www.africa-press.net\/congo-brazzaville\/politique\/football-les-resultats-des-diables-rouges-et-des-congolais-de-la-diaspora-en-france#article\",\"isPartOf\":{\"@id\":\"https:\/\/www.africa-press.net\/congo-brazzaville\/politique\/football-les-resultats-des-diables-rouges-et-des-congolais-de-la-diaspora-en-france\"},\"author\":{\"name\":\"cfeditorfr\",\"@id\":\"https:\/\/www.africa-press.net\/congo-brazzaville\/#\/schema\/person\/2b1cf3cd81a31e3cd26889ca66d677f1\"},\"headline\":\"Football, les r\u00e9sultats des Diables rouges et des Congolais de la diaspora en France\",\"datePublished\":\"2023-02-01T12:43:24+00:00\",\"mainEntityOfPage\":{\"@id\":\"https:\/\/www.africa-press.net\/congo-brazzaville\/politique\/football-les-resultats-des-diables-rouges-et-des-congolais-de-la-diaspora-en-france\"},\"wordCount\":465,\"commentCount\":0,\"image\":{\"@id\":\"https:\/\/www.africa-press.net\/congo-brazzaville\/politique\/football-les-resultats-des-diables-rouges-et-des-congolais-de-la-diaspora-en-france#primaryimage\"},\"thumbnailUrl\":\"https:\/\/static.africa-press.net\/congo-brazzaville\/sites\/51\/2023\/02\/postQueueImg_1675242810.00.jpg\",\"keywords\":[\"Africa Press\",\"Africa Press-Congo Brazzaville\",\"Congo Brazzaville\"],\"articleSection\":[\"Sports\",\"Toutes les actualit\u00e9s\"],\"inLanguage\":\"fr-FR\",\"potentialAction\":[{\"@type\":\"CommentAction\",\"name\":\"Comment\",\"target\":[\"https:\/\/www.africa-press.net\/congo-brazzaville\/politique\/football-les-resultats-des-diables-rouges-et-des-congolais-de-la-diaspora-en-france#respond\"]}]},{\"@type\":\"WebPage\",\"@id\":\"https:\/\/www.africa-press.net\/congo-brazzaville\/politique\/football-les-resultats-des-diables-rouges-et-des-congolais-de-la-diaspora-en-france\",\"url\":\"https:\/\/www.africa-press.net\/congo-brazzaville\/politique\/football-les-resultats-des-diables-rouges-et-des-congolais-de-la-diaspora-en-france\",\"name\":\"Football, les r\u00e9sultats des Diables rouges et des Congolais de la diaspora en France - Congo Brazzaville\",\"isPartOf\":{\"@id\":\"https:\/\/www.africa-press.net\/congo-brazzaville\/#website\"},\"primaryImageOfPage\":{\"@id\":\"https:\/\/www.africa-press.net\/congo-brazzaville\/politique\/football-les-resultats-des-diables-rouges-et-des-congolais-de-la-diaspora-en-france#primaryimage\"},\"image\":{\"@id\":\"https:\/\/www.africa-press.net\/congo-brazzaville\/politique\/football-les-resultats-des-diables-rouges-et-des-congolais-de-la-diaspora-en-france#primaryimage\"},\"thumbnailUrl\":\"https:\/\/static.africa-press.net\/congo-brazzaville\/sites\/51\/2023\/02\/postQueueImg_1675242810.00.jpg\",\"datePublished\":\"2023-02-01T12:43:24+00:00\",\"author\":{\"@id\":\"https:\/\/www.africa-press.net\/congo-brazzaville\/#\/schema\/person\/2b1cf3cd81a31e3cd26889ca66d677f1\"},\"breadcrumb\":{\"@id\":\"https:\/\/www.africa-press.net\/congo-brazzaville\/politique\/football-les-resultats-des-diables-rouges-et-des-congolais-de-la-diaspora-en-france#breadcrumb\"},\"inLanguage\":\"fr-FR\",\"potentialAction\":[{\"@type\":\"ReadAction\",\"target\":[\"https:\/\/www.africa-press.net\/congo-brazzaville\/politique\/football-les-resultats-des-diables-rouges-et-des-congolais-de-la-diaspora-en-france\"]}]},{\"@type\":\"ImageObject\",\"inLanguage\":\"fr-FR\",\"@id\":\"https:\/\/www.africa-press.net\/congo-brazzaville\/politique\/football-les-resultats-des-diables-rouges-et-des-congolais-de-la-diaspora-en-france#primaryimage\",\"url\":\"https:\/\/static.africa-press.net\/congo-brazzaville\/sites\/51\/2023\/02\/postQueueImg_1675242810.00.jpg\",\"contentUrl\":\"https:\/\/static.africa-press.net\/congo-brazzaville\/sites\/51\/2023\/02\/postQueueImg_1675242810.00.jpg\",\"width\":1600,\"height\":1066,\"caption\":\"Football, les r\u00e9sultats des Diables rouges et des Congolais de la diaspora en France\"},{\"@type\":\"BreadcrumbList\",\"@id\":\"https:\/\/www.africa-press.net\/congo-brazzaville\/politique\/football-les-resultats-des-diables-rouges-et-des-congolais-de-la-diaspora-en-france#breadcrumb\",\"itemListElement\":[{\"@type\":\"ListItem\",\"position\":1,\"name\":\"Accueil\",\"item\":\"https:\/\/www.africa-press.net\/congo-brazzaville\/\"},{\"@type\":\"ListItem\",\"position\":2,\"name\":\"Football, les r\u00e9sultats des Diables rouges et des Congolais de la diaspora en France\"}]},{\"@type\":\"WebSite\",\"@id\":\"https:\/\/www.africa-press.net\/congo-brazzaville\/#website\",\"url\":\"https:\/\/www.africa-press.net\/congo-brazzaville\/\",\"name\":\"Congo Brazzaville\",\"description\":\"Just another Africa News Agency Sites site\",\"potentialAction\":[{\"@type\":\"SearchAction\",\"target\":{\"@type\":\"EntryPoint\",\"urlTemplate\":\"https:\/\/www.africa-press.net\/congo-brazzaville\/?s={search_term_string}\"},\"query-input\":{\"@type\":\"PropertyValueSpecification\",\"valueRequired\":true,\"valueName\":\"search_term_string\"}}],\"inLanguage\":\"fr-FR\"},{\"@type\":\"Person\",\"@id\":\"https:\/\/www.africa-press.net\/congo-brazzaville\/#\/schema\/person\/2b1cf3cd81a31e3cd26889ca66d677f1\",\"name\":\"cfeditorfr\"}]}<\/script>\n<!-- \/ Yoast SEO Premium plugin. -->","yoast_head_json":{"title":"Football, les r\u00e9sultats des Diables rouges et des Congolais de la diaspora en France - Congo Brazzaville","robots":{"index":"index","follow":"follow","max-snippet":"max-snippet:-1","max-image-preview":"max-image-preview:large","max-video-preview":"max-video-preview:-1"},"canonical":"https:\/\/www.africa-press.net\/congo-brazzaville\/politique\/football-les-resultats-des-diables-rouges-et-des-congolais-de-la-diaspora-en-france","og_locale":"fr_FR","og_type":"article","og_title":"Football, les r\u00e9sultats des Diables rouges et des Congolais de la diaspora en France","og_description":"Africa-Press &#8211; Congo Brazzaville. Ligue 2, 21e journe\u0301e Laval s\u2019impose 1-0 face a\u0300 Dijon. Titulaire dans l\u2019axe droit de la de\u0301fense a\u0300 cinq des Tango, Mavin Baudry place une premie\u0300re te\u0302te offensive a\u0300 la 4e, de\u0301tourne\u0301e par le gardien sur Durbant, qui touche la barre. On retrouve ce duo a\u0300 la 66e avec une ouverture [&hellip;]","og_url":"https:\/\/www.africa-press.net\/congo-brazzaville\/politique\/football-les-resultats-des-diables-rouges-et-des-congolais-de-la-diaspora-en-france","og_site_name":"Congo Brazzaville","article_published_time":"2023-02-01T12:43:24+00:00","author":"cfeditorfr","twitter_card":"summary_large_image","twitter_misc":{"\u00c9crit par":"cfeditorfr","Dur\u00e9e de lecture estim\u00e9e":"2 minutes"},"schema":{"@context":"https:\/\/schema.org","@graph":[{"@type":"Article","@id":"https:\/\/www.africa-press.net\/congo-brazzaville\/politique\/football-les-resultats-des-diables-rouges-et-des-congolais-de-la-diaspora-en-france#article","isPartOf":{"@id":"https:\/\/www.africa-press.net\/congo-brazzaville\/politique\/football-les-resultats-des-diables-rouges-et-des-congolais-de-la-diaspora-en-france"},"author":{"name":"cfeditorfr","@id":"https:\/\/www.africa-press.net\/congo-brazzaville\/#\/schema\/person\/2b1cf3cd81a31e3cd26889ca66d677f1"},"headline":"Football, les r\u00e9sultats des Diables rouges et des Congolais de la diaspora en France","datePublished":"2023-02-01T12:43:24+00:00","mainEntityOfPage":{"@id":"https:\/\/www.africa-press.net\/congo-brazzaville\/politique\/football-les-resultats-des-diables-rouges-et-des-congolais-de-la-diaspora-en-france"},"wordCount":465,"commentCount":0,"image":{"@id":"https:\/\/www.africa-press.net\/congo-brazzaville\/politique\/football-les-resultats-des-diables-rouges-et-des-congolais-de-la-diaspora-en-france#primaryimage"},"thumbnailUrl":"https:\/\/static.africa-press.net\/congo-brazzaville\/sites\/51\/2023\/02\/postQueueImg_1675242810.00.jpg","keywords":["Africa Press","Africa Press-Congo Brazzaville","Congo Brazzaville"],"articleSection":["Sports","Toutes les actualit\u00e9s"],"inLanguage":"fr-FR","potentialAction":[{"@type":"CommentAction","name":"Comment","target":["https:\/\/www.africa-press.net\/congo-brazzaville\/politique\/football-les-resultats-des-diables-rouges-et-des-congolais-de-la-diaspora-en-france#respond"]}]},{"@type":"WebPage","@id":"https:\/\/www.africa-press.net\/congo-brazzaville\/politique\/football-les-resultats-des-diables-rouges-et-des-congolais-de-la-diaspora-en-france","url":"https:\/\/www.africa-press.net\/congo-brazzaville\/politique\/football-les-resultats-des-diables-rouges-et-des-congolais-de-la-diaspora-en-france","name":"Football, les r\u00e9sultats des Diables rouges et des Congolais de la diaspora en France - Congo Brazzaville","isPartOf":{"@id":"https:\/\/www.africa-press.net\/congo-brazzaville\/#website"},"primaryImageOfPage":{"@id":"https:\/\/www.africa-press.net\/congo-brazzaville\/politique\/football-les-resultats-des-diables-rouges-et-des-congolais-de-la-diaspora-en-france#primaryimage"},"image":{"@id":"https:\/\/www.africa-press.net\/congo-brazzaville\/politique\/football-les-resultats-des-diables-rouges-et-des-congolais-de-la-diaspora-en-france#primaryimage"},"thumbnailUrl":"https:\/\/static.africa-press.net\/congo-brazzaville\/sites\/51\/2023\/02\/postQueueImg_1675242810.00.jpg","datePublished":"2023-02-01T12:43:24+00:00","author":{"@id":"https:\/\/www.africa-press.net\/congo-brazzaville\/#\/schema\/person\/2b1cf3cd81a31e3cd26889ca66d677f1"},"breadcrumb":{"@id":"https:\/\/www.africa-press.net\/congo-brazzaville\/politique\/football-les-resultats-des-diables-rouges-et-des-congolais-de-la-diaspora-en-france#breadcrumb"},"inLanguage":"fr-FR","potentialAction":[{"@type":"ReadAction","target":["https:\/\/www.africa-press.net\/congo-brazzaville\/politique\/football-les-resultats-des-diables-rouges-et-des-congolais-de-la-diaspora-en-france"]}]},{"@type":"ImageObject","inLanguage":"fr-FR","@id":"https:\/\/www.africa-press.net\/congo-brazzaville\/politique\/football-les-resultats-des-diables-rouges-et-des-congolais-de-la-diaspora-en-france#primaryimage","url":"https:\/\/static.africa-press.net\/congo-brazzaville\/sites\/51\/2023\/02\/postQueueImg_1675242810.00.jpg","contentUrl":"https:\/\/static.africa-press.net\/congo-brazzaville\/sites\/51\/2023\/02\/postQueueImg_1675242810.00.jpg","width":1600,"height":1066,"caption":"Football, les r\u00e9sultats des Diables rouges et des Congolais de la diaspora en France"},{"@type":"BreadcrumbList","@id":"https:\/\/www.africa-press.net\/congo-brazzaville\/politique\/football-les-resultats-des-diables-rouges-et-des-congolais-de-la-diaspora-en-france#breadcrumb","itemListElement":[{"@type":"ListItem","position":1,"name":"Accueil","item":"https:\/\/www.africa-press.net\/congo-brazzaville\/"},{"@type":"ListItem","position":2,"name":"Football, les r\u00e9sultats des Diables rouges et des Congolais de la diaspora en France"}]},{"@type":"WebSite","@id":"https:\/\/www.africa-press.net\/congo-brazzaville\/#website","url":"https:\/\/www.africa-press.net\/congo-brazzaville\/","name":"Congo Brazzaville","description":"Just another Africa News Agency Sites site","potentialAction":[{"@type":"SearchAction","target":{"@type":"EntryPoint","urlTemplate":"https:\/\/www.africa-press.net\/congo-brazzaville\/?s={search_term_string}"},"query-input":{"@type":"PropertyValueSpecification","valueRequired":true,"valueName":"search_term_string"}}],"inLanguage":"fr-FR"},{"@type":"Person","@id":"https:\/\/www.africa-press.net\/congo-brazzaville\/#\/schema\/person\/2b1cf3cd81a31e3cd26889ca66d677f1","name":"cfeditorfr"}]}},"_links":{"self":[{"href":"https:\/\/www.africa-press.net\/congo-brazzaville\/wp-json\/wp\/v2\/posts\/13971","targetHints":{"allow":["GET"]}}],"collection":[{"href":"https:\/\/www.africa-press.net\/congo-brazzaville\/wp-json\/wp\/v2\/posts"}],"about":[{"href":"https:\/\/www.africa-press.net\/congo-brazzaville\/wp-json\/wp\/v2\/types\/post"}],"author":[{"embeddable":true,"href":"https:\/\/www.africa-press.net\/congo-brazzaville\/wp-json\/wp\/v2\/users\/82"}],"replies":[{"embeddable":true,"href":"https:\/\/www.africa-press.net\/congo-brazzaville\/wp-json\/wp\/v2\/comments?post=13971"}],"version-history":[{"count":0,"href":"https:\/\/www.africa-press.net\/congo-brazzaville\/wp-json\/wp\/v2\/posts\/13971\/revisions"}],"wp:featuredmedia":[{"embeddable":true,"href":"https:\/\/www.africa-press.net\/congo-brazzaville\/wp-json\/wp\/v2\/media\/13970"}],"wp:attachment":[{"href":"https:\/\/www.africa-press.net\/congo-brazzaville\/wp-json\/wp\/v2\/media?parent=13971"}],"wp:term":[{"taxonomy":"category","embeddable":true,"href":"https:\/\/www.africa-press.net\/congo-brazzaville\/wp-json\/wp\/v2\/categories?post=13971"},{"taxonomy":"post_tag","embeddable":true,"href":"https:\/\/www.africa-press.net\/congo-brazzaville\/wp-json\/wp\/v2\/tags?post=13971"}],"curies":[{"name":"wp","href":"https:\/\/api.w.org\/{rel}","templated":true}]}}