{"id":13973,"date":"2023-02-01T18:00:44","date_gmt":"2023-02-01T18:00:44","guid":{"rendered":"https:\/\/www.africa-press.net\/congo-brazzaville\/politique\/sante-maternelle-des-sages-femmes-formees-au-suivi-psychologique-des-femmes-enceintes"},"modified":"2023-02-01T20:14:47","modified_gmt":"2023-02-01T20:14:47","slug":"sante-maternelle-des-sages-femmes-formees-au-suivi-psychologique-des-femmes-enceintes","status":"publish","type":"post","link":"https:\/\/www.africa-press.net\/congo-brazzaville\/toutes-les-actualites\/sante-maternelle-des-sages-femmes-formees-au-suivi-psychologique-des-femmes-enceintes","title":{"rendered":"Sant\u00e9 maternelle : des sages-femmes form\u00e9es au suivi psychologique des femmes enceintes"},"content":{"rendered":"<p><span style=\"color: #ff6600\"><strong>Africa-Press &#8211; Congo Brazzaville. <\/strong><\/span><b>L\u2019Association congolaise pour les droits et sante\u0301 (ACDS) a organise\u0301, le 31 janvier et le 1er fe\u0301vrier a\u0300 Brazzaville, une formation spe\u0301ciale a\u0300 l\u2019endroit des sages-femmes. L\u2019objectif a e\u0301te\u0301 de donner aux accoucheuses des connaissances ne\u0301cessaires leur permettant de bien assurer le suivi et l\u2019accompagnement psychologique et e\u0301motionnel des femmes enceintes.<\/b><\/p>\n<p>Une trentaine de sages-femmes a participe\u0301 a\u0300 la formation qui a dure\u0301 deux jours. Plusieurs the\u0301matiques ont e\u0301te\u0301 de\u0301veloppe\u0301es au cours de cet atelier de formation pour permettre aux participantes d\u2019acque\u0301rir de nouvelles notions professionnelles dans le suivi et la prise en charge psychologique et e\u0301motionnelle des femmes en e\u0301tat de gestation.<\/p>\n<p>Il s\u2019est agi, entre autres, de la grossesse : anatomie, physiologie, modifications lie\u0301es a\u0300 la grossesse ; du suivi de la femme en grossesse : ro\u0302le de la sage-femme ; des troubles physiques et sympathiques chez la femme enceinte; et, femme : lien entre les phe\u0301nome\u0300nes physiques et psychologiques durant la grossesse.<\/p>\n<p>Le projet du suivi et accompagnement psychologique et e\u0301motionnel des femmes enceintes a de\u0301marre\u0301 le 1er juin de l\u2019anne\u0301e dernie\u0300re, et devrait se clo\u0302turer le 30 de\u0301cembre 2023. La formation initie\u0301e vise a\u0300 renforcer les capacite\u0301s professionnelles des sages-femmes, afin qu\u2019elles ame\u0301liorent la prise en charge et l\u2019accompagnement psychologique et e\u0301motionnelle des femmes porteuses de grossesses.<\/p>\n<p>Le projet s\u2019occupe aussi du soutien e\u0301motionnel des femmes enceintes pendant et apre\u0300s l\u2019accouchement. Il vise trois objectifs spe\u0301cifiques, a\u0300 savoir la re\u0301duction du taux de mortalite\u0301 maternelle, ne\u0301onatale et infantile au Congo ; l&rsquo;ame\u0301lioration de la prise en charge de la femme enceinte durant les trois trimestres de la grossesse, mais aussi le renforcement de l\u2019acce\u0300s des femmes aux soins de sante\u0301 maternelle complets.<\/p>\n<p>Dans sa phase pilote, il cible environ 4000 femmes et filles enceintes provenant des districts sanitaires de Kinkala et de Mindouli, dans le de\u0301partement du Pool, ainsi que celui de Brazzaville. Dans la ville capitale, selon les responsables de l\u2019association, il s\u2019exe\u0301cute dans les ho\u0302pitaux de base de Talangai\u0308, de Make\u0301le\u0301ke\u0301le\u0301 et Blanche Gomes.<\/p>\n<p><strong>Pour plus d&rsquo;informations et d&rsquo;analyses sur la <a href=\"https:\/\/www.africa-press.net\/congo-brazzaville\">Congo Brazzaville<\/a>, suivez <a href=\"https:\/\/www.africa-press.net\/\">Africa-Press<\/a><\/strong><\/p>\n","protected":false},"excerpt":{"rendered":"<p>Africa-Press &#8211; Congo Brazzaville. L\u2019Association congolaise pour les droits et sante\u0301 (ACDS) a organise\u0301, le 31 janvier et le 1er fe\u0301vrier a\u0300 Brazzaville, une formation spe\u0301ciale a\u0300 l\u2019endroit des sages-femmes. L\u2019objectif a e\u0301te\u0301 de donner aux accoucheuses des connaissances ne\u0301cessaires leur permettant de bien assurer le suivi et l\u2019accompagnement psychologique et e\u0301motionnel des femmes enceintes. [&hellip;]<\/p>\n","protected":false},"author":82,"featured_media":13972,"comment_status":"open","ping_status":"closed","sticky":false,"template":"","format":"standard","meta":{"footnotes":""},"categories":[21,10],"tags":[36,47,46],"class_list":["post-13973","post","type-post","status-publish","format-standard","has-post-thumbnail","hentry","category-communaute","category-toutes-les-actualites","tag-africa-press","tag-africa-press-congo-brazzaville","tag-congo-brazzaville"],"yoast_head":"<!-- This site is optimized with the Yoast SEO Premium plugin v26.1 (Yoast SEO v27.0) - https:\/\/yoast.com\/product\/yoast-seo-premium-wordpress\/ -->\n<title>Sant\u00e9 maternelle : des sages-femmes form\u00e9es au suivi psychologique des femmes enceintes - Congo Brazzaville<\/title>\n<meta name=\"description\" content=\"L\u2019Association congolaise pour les droits et sante\u0301 (ACDS) a organise\u0301, le 31 janvier et le 1er fe\u0301vrier a\u0300 Brazzavill ...\" \/>\n<meta name=\"robots\" content=\"index, follow, max-snippet:-1, max-image-preview:large, max-video-preview:-1\" \/>\n<link rel=\"canonical\" href=\"https:\/\/www.africa-press.net\/congo-brazzaville\/toutes-les-actualites\/sante-maternelle-des-sages-femmes-formees-au-suivi-psychologique-des-femmes-enceintes\" \/>\n<meta property=\"og:locale\" content=\"fr_FR\" \/>\n<meta property=\"og:type\" content=\"article\" \/>\n<meta property=\"og:title\" content=\"Sant\u00e9 maternelle : des sages-femmes form\u00e9es au suivi psychologique des femmes enceintes\" \/>\n<meta property=\"og:description\" content=\"L\u2019Association congolaise pour les droits et sante\u0301 (ACDS) a organise\u0301, le 31 janvier et le 1er fe\u0301vrier a\u0300 Brazzavill ...\" \/>\n<meta property=\"og:url\" content=\"https:\/\/www.africa-press.net\/congo-brazzaville\/toutes-les-actualites\/sante-maternelle-des-sages-femmes-formees-au-suivi-psychologique-des-femmes-enceintes\" \/>\n<meta property=\"og:site_name\" content=\"Congo Brazzaville\" \/>\n<meta property=\"article:published_time\" content=\"2023-02-01T18:00:44+00:00\" \/>\n<meta property=\"article:modified_time\" content=\"2023-02-01T20:14:47+00:00\" \/>\n<meta property=\"og:image\" content=\"https:\/\/static.africa-press.net\/congo-brazzaville\/sites\/51\/2023\/02\/postQueueImg_1675261848.82.jpg\" \/>\n\t<meta property=\"og:image:width\" content=\"1669\" \/>\n\t<meta property=\"og:image:height\" content=\"768\" \/>\n\t<meta property=\"og:image:type\" content=\"image\/jpeg\" \/>\n<meta name=\"author\" content=\"cfeditorfr\" \/>\n<meta name=\"twitter:card\" content=\"summary_large_image\" \/>\n<meta name=\"twitter:label1\" content=\"\u00c9crit par\" \/>\n\t<meta name=\"twitter:data1\" content=\"cfeditorfr\" \/>\n\t<meta name=\"twitter:label2\" content=\"Dur\u00e9e de lecture estim\u00e9e\" \/>\n\t<meta name=\"twitter:data2\" content=\"2 minutes\" \/>\n<script type=\"application\/ld+json\" class=\"yoast-schema-graph\">{\"@context\":\"https:\/\/schema.org\",\"@graph\":[{\"@type\":\"Article\",\"@id\":\"https:\/\/www.africa-press.net\/congo-brazzaville\/toutes-les-actualites\/sante-maternelle-des-sages-femmes-formees-au-suivi-psychologique-des-femmes-enceintes#article\",\"isPartOf\":{\"@id\":\"https:\/\/www.africa-press.net\/congo-brazzaville\/toutes-les-actualites\/sante-maternelle-des-sages-femmes-formees-au-suivi-psychologique-des-femmes-enceintes\"},\"author\":{\"name\":\"cfeditorfr\",\"@id\":\"https:\/\/www.africa-press.net\/congo-brazzaville\/#\/schema\/person\/2b1cf3cd81a31e3cd26889ca66d677f1\"},\"headline\":\"Sant\u00e9 maternelle : des sages-femmes form\u00e9es au suivi psychologique des femmes enceintes\",\"datePublished\":\"2023-02-01T18:00:44+00:00\",\"dateModified\":\"2023-02-01T20:14:47+00:00\",\"mainEntityOfPage\":{\"@id\":\"https:\/\/www.africa-press.net\/congo-brazzaville\/toutes-les-actualites\/sante-maternelle-des-sages-femmes-formees-au-suivi-psychologique-des-femmes-enceintes\"},\"wordCount\":403,\"commentCount\":0,\"image\":{\"@id\":\"https:\/\/www.africa-press.net\/congo-brazzaville\/toutes-les-actualites\/sante-maternelle-des-sages-femmes-formees-au-suivi-psychologique-des-femmes-enceintes#primaryimage\"},\"thumbnailUrl\":\"https:\/\/static.africa-press.net\/congo-brazzaville\/sites\/51\/2023\/02\/postQueueImg_1675261848.82.jpg\",\"keywords\":[\"Africa Press\",\"Africa Press-Congo Brazzaville\",\"Congo Brazzaville\"],\"articleSection\":[\"Communaut\u00e9\",\"Toutes les actualit\u00e9s\"],\"inLanguage\":\"fr-FR\",\"potentialAction\":[{\"@type\":\"CommentAction\",\"name\":\"Comment\",\"target\":[\"https:\/\/www.africa-press.net\/congo-brazzaville\/toutes-les-actualites\/sante-maternelle-des-sages-femmes-formees-au-suivi-psychologique-des-femmes-enceintes#respond\"]}]},{\"@type\":\"WebPage\",\"@id\":\"https:\/\/www.africa-press.net\/congo-brazzaville\/toutes-les-actualites\/sante-maternelle-des-sages-femmes-formees-au-suivi-psychologique-des-femmes-enceintes\",\"url\":\"https:\/\/www.africa-press.net\/congo-brazzaville\/toutes-les-actualites\/sante-maternelle-des-sages-femmes-formees-au-suivi-psychologique-des-femmes-enceintes\",\"name\":\"Sant\u00e9 maternelle : des sages-femmes form\u00e9es au suivi psychologique des femmes enceintes - Congo Brazzaville\",\"isPartOf\":{\"@id\":\"https:\/\/www.africa-press.net\/congo-brazzaville\/#website\"},\"primaryImageOfPage\":{\"@id\":\"https:\/\/www.africa-press.net\/congo-brazzaville\/toutes-les-actualites\/sante-maternelle-des-sages-femmes-formees-au-suivi-psychologique-des-femmes-enceintes#primaryimage\"},\"image\":{\"@id\":\"https:\/\/www.africa-press.net\/congo-brazzaville\/toutes-les-actualites\/sante-maternelle-des-sages-femmes-formees-au-suivi-psychologique-des-femmes-enceintes#primaryimage\"},\"thumbnailUrl\":\"https:\/\/static.africa-press.net\/congo-brazzaville\/sites\/51\/2023\/02\/postQueueImg_1675261848.82.jpg\",\"datePublished\":\"2023-02-01T18:00:44+00:00\",\"dateModified\":\"2023-02-01T20:14:47+00:00\",\"author\":{\"@id\":\"https:\/\/www.africa-press.net\/congo-brazzaville\/#\/schema\/person\/2b1cf3cd81a31e3cd26889ca66d677f1\"},\"description\":\"L\u2019Association congolaise pour les droits et sante\u0301 (ACDS) a organise\u0301, le 31 janvier et le 1er fe\u0301vrier a\u0300 Brazzavill ...\",\"breadcrumb\":{\"@id\":\"https:\/\/www.africa-press.net\/congo-brazzaville\/toutes-les-actualites\/sante-maternelle-des-sages-femmes-formees-au-suivi-psychologique-des-femmes-enceintes#breadcrumb\"},\"inLanguage\":\"fr-FR\",\"potentialAction\":[{\"@type\":\"ReadAction\",\"target\":[\"https:\/\/www.africa-press.net\/congo-brazzaville\/toutes-les-actualites\/sante-maternelle-des-sages-femmes-formees-au-suivi-psychologique-des-femmes-enceintes\"]}]},{\"@type\":\"ImageObject\",\"inLanguage\":\"fr-FR\",\"@id\":\"https:\/\/www.africa-press.net\/congo-brazzaville\/toutes-les-actualites\/sante-maternelle-des-sages-femmes-formees-au-suivi-psychologique-des-femmes-enceintes#primaryimage\",\"url\":\"https:\/\/static.africa-press.net\/congo-brazzaville\/sites\/51\/2023\/02\/postQueueImg_1675261848.82.jpg\",\"contentUrl\":\"https:\/\/static.africa-press.net\/congo-brazzaville\/sites\/51\/2023\/02\/postQueueImg_1675261848.82.jpg\",\"width\":1669,\"height\":768,\"caption\":\"Sant\u00e9 maternelle : des sages-femmes form\u00e9es au suivi psychologique des femmes enceintes\"},{\"@type\":\"BreadcrumbList\",\"@id\":\"https:\/\/www.africa-press.net\/congo-brazzaville\/toutes-les-actualites\/sante-maternelle-des-sages-femmes-formees-au-suivi-psychologique-des-femmes-enceintes#breadcrumb\",\"itemListElement\":[{\"@type\":\"ListItem\",\"position\":1,\"name\":\"Accueil\",\"item\":\"https:\/\/www.africa-press.net\/congo-brazzaville\/\"},{\"@type\":\"ListItem\",\"position\":2,\"name\":\"Sant\u00e9 maternelle : des sages-femmes form\u00e9es au suivi psychologique des femmes enceintes\"}]},{\"@type\":\"WebSite\",\"@id\":\"https:\/\/www.africa-press.net\/congo-brazzaville\/#website\",\"url\":\"https:\/\/www.africa-press.net\/congo-brazzaville\/\",\"name\":\"Congo Brazzaville\",\"description\":\"Just another Africa News Agency Sites site\",\"potentialAction\":[{\"@type\":\"SearchAction\",\"target\":{\"@type\":\"EntryPoint\",\"urlTemplate\":\"https:\/\/www.africa-press.net\/congo-brazzaville\/?s={search_term_string}\"},\"query-input\":{\"@type\":\"PropertyValueSpecification\",\"valueRequired\":true,\"valueName\":\"search_term_string\"}}],\"inLanguage\":\"fr-FR\"},{\"@type\":\"Person\",\"@id\":\"https:\/\/www.africa-press.net\/congo-brazzaville\/#\/schema\/person\/2b1cf3cd81a31e3cd26889ca66d677f1\",\"name\":\"cfeditorfr\"}]}<\/script>\n<!-- \/ Yoast SEO Premium plugin. -->","yoast_head_json":{"title":"Sant\u00e9 maternelle : des sages-femmes form\u00e9es au suivi psychologique des femmes enceintes - Congo Brazzaville","description":"L\u2019Association congolaise pour les droits et sante\u0301 (ACDS) a organise\u0301, le 31 janvier et le 1er fe\u0301vrier a\u0300 Brazzavill ...","robots":{"index":"index","follow":"follow","max-snippet":"max-snippet:-1","max-image-preview":"max-image-preview:large","max-video-preview":"max-video-preview:-1"},"canonical":"https:\/\/www.africa-press.net\/congo-brazzaville\/toutes-les-actualites\/sante-maternelle-des-sages-femmes-formees-au-suivi-psychologique-des-femmes-enceintes","og_locale":"fr_FR","og_type":"article","og_title":"Sant\u00e9 maternelle : des sages-femmes form\u00e9es au suivi psychologique des femmes enceintes","og_description":"L\u2019Association congolaise pour les droits et sante\u0301 (ACDS) a organise\u0301, le 31 janvier et le 1er fe\u0301vrier a\u0300 Brazzavill ...","og_url":"https:\/\/www.africa-press.net\/congo-brazzaville\/toutes-les-actualites\/sante-maternelle-des-sages-femmes-formees-au-suivi-psychologique-des-femmes-enceintes","og_site_name":"Congo Brazzaville","article_published_time":"2023-02-01T18:00:44+00:00","article_modified_time":"2023-02-01T20:14:47+00:00","og_image":[{"width":1669,"height":768,"url":"https:\/\/static.africa-press.net\/congo-brazzaville\/sites\/51\/2023\/02\/postQueueImg_1675261848.82.jpg","type":"image\/jpeg"}],"author":"cfeditorfr","twitter_card":"summary_large_image","twitter_misc":{"\u00c9crit par":"cfeditorfr","Dur\u00e9e de lecture estim\u00e9e":"2 minutes"},"schema":{"@context":"https:\/\/schema.org","@graph":[{"@type":"Article","@id":"https:\/\/www.africa-press.net\/congo-brazzaville\/toutes-les-actualites\/sante-maternelle-des-sages-femmes-formees-au-suivi-psychologique-des-femmes-enceintes#article","isPartOf":{"@id":"https:\/\/www.africa-press.net\/congo-brazzaville\/toutes-les-actualites\/sante-maternelle-des-sages-femmes-formees-au-suivi-psychologique-des-femmes-enceintes"},"author":{"name":"cfeditorfr","@id":"https:\/\/www.africa-press.net\/congo-brazzaville\/#\/schema\/person\/2b1cf3cd81a31e3cd26889ca66d677f1"},"headline":"Sant\u00e9 maternelle : des sages-femmes form\u00e9es au suivi psychologique des femmes enceintes","datePublished":"2023-02-01T18:00:44+00:00","dateModified":"2023-02-01T20:14:47+00:00","mainEntityOfPage":{"@id":"https:\/\/www.africa-press.net\/congo-brazzaville\/toutes-les-actualites\/sante-maternelle-des-sages-femmes-formees-au-suivi-psychologique-des-femmes-enceintes"},"wordCount":403,"commentCount":0,"image":{"@id":"https:\/\/www.africa-press.net\/congo-brazzaville\/toutes-les-actualites\/sante-maternelle-des-sages-femmes-formees-au-suivi-psychologique-des-femmes-enceintes#primaryimage"},"thumbnailUrl":"https:\/\/static.africa-press.net\/congo-brazzaville\/sites\/51\/2023\/02\/postQueueImg_1675261848.82.jpg","keywords":["Africa Press","Africa Press-Congo Brazzaville","Congo Brazzaville"],"articleSection":["Communaut\u00e9","Toutes les actualit\u00e9s"],"inLanguage":"fr-FR","potentialAction":[{"@type":"CommentAction","name":"Comment","target":["https:\/\/www.africa-press.net\/congo-brazzaville\/toutes-les-actualites\/sante-maternelle-des-sages-femmes-formees-au-suivi-psychologique-des-femmes-enceintes#respond"]}]},{"@type":"WebPage","@id":"https:\/\/www.africa-press.net\/congo-brazzaville\/toutes-les-actualites\/sante-maternelle-des-sages-femmes-formees-au-suivi-psychologique-des-femmes-enceintes","url":"https:\/\/www.africa-press.net\/congo-brazzaville\/toutes-les-actualites\/sante-maternelle-des-sages-femmes-formees-au-suivi-psychologique-des-femmes-enceintes","name":"Sant\u00e9 maternelle : des sages-femmes form\u00e9es au suivi psychologique des femmes enceintes - Congo Brazzaville","isPartOf":{"@id":"https:\/\/www.africa-press.net\/congo-brazzaville\/#website"},"primaryImageOfPage":{"@id":"https:\/\/www.africa-press.net\/congo-brazzaville\/toutes-les-actualites\/sante-maternelle-des-sages-femmes-formees-au-suivi-psychologique-des-femmes-enceintes#primaryimage"},"image":{"@id":"https:\/\/www.africa-press.net\/congo-brazzaville\/toutes-les-actualites\/sante-maternelle-des-sages-femmes-formees-au-suivi-psychologique-des-femmes-enceintes#primaryimage"},"thumbnailUrl":"https:\/\/static.africa-press.net\/congo-brazzaville\/sites\/51\/2023\/02\/postQueueImg_1675261848.82.jpg","datePublished":"2023-02-01T18:00:44+00:00","dateModified":"2023-02-01T20:14:47+00:00","author":{"@id":"https:\/\/www.africa-press.net\/congo-brazzaville\/#\/schema\/person\/2b1cf3cd81a31e3cd26889ca66d677f1"},"description":"L\u2019Association congolaise pour les droits et sante\u0301 (ACDS) a organise\u0301, le 31 janvier et le 1er fe\u0301vrier a\u0300 Brazzavill ...","breadcrumb":{"@id":"https:\/\/www.africa-press.net\/congo-brazzaville\/toutes-les-actualites\/sante-maternelle-des-sages-femmes-formees-au-suivi-psychologique-des-femmes-enceintes#breadcrumb"},"inLanguage":"fr-FR","potentialAction":[{"@type":"ReadAction","target":["https:\/\/www.africa-press.net\/congo-brazzaville\/toutes-les-actualites\/sante-maternelle-des-sages-femmes-formees-au-suivi-psychologique-des-femmes-enceintes"]}]},{"@type":"ImageObject","inLanguage":"fr-FR","@id":"https:\/\/www.africa-press.net\/congo-brazzaville\/toutes-les-actualites\/sante-maternelle-des-sages-femmes-formees-au-suivi-psychologique-des-femmes-enceintes#primaryimage","url":"https:\/\/static.africa-press.net\/congo-brazzaville\/sites\/51\/2023\/02\/postQueueImg_1675261848.82.jpg","contentUrl":"https:\/\/static.africa-press.net\/congo-brazzaville\/sites\/51\/2023\/02\/postQueueImg_1675261848.82.jpg","width":1669,"height":768,"caption":"Sant\u00e9 maternelle : des sages-femmes form\u00e9es au suivi psychologique des femmes enceintes"},{"@type":"BreadcrumbList","@id":"https:\/\/www.africa-press.net\/congo-brazzaville\/toutes-les-actualites\/sante-maternelle-des-sages-femmes-formees-au-suivi-psychologique-des-femmes-enceintes#breadcrumb","itemListElement":[{"@type":"ListItem","position":1,"name":"Accueil","item":"https:\/\/www.africa-press.net\/congo-brazzaville\/"},{"@type":"ListItem","position":2,"name":"Sant\u00e9 maternelle : des sages-femmes form\u00e9es au suivi psychologique des femmes enceintes"}]},{"@type":"WebSite","@id":"https:\/\/www.africa-press.net\/congo-brazzaville\/#website","url":"https:\/\/www.africa-press.net\/congo-brazzaville\/","name":"Congo Brazzaville","description":"Just another Africa News Agency Sites site","potentialAction":[{"@type":"SearchAction","target":{"@type":"EntryPoint","urlTemplate":"https:\/\/www.africa-press.net\/congo-brazzaville\/?s={search_term_string}"},"query-input":{"@type":"PropertyValueSpecification","valueRequired":true,"valueName":"search_term_string"}}],"inLanguage":"fr-FR"},{"@type":"Person","@id":"https:\/\/www.africa-press.net\/congo-brazzaville\/#\/schema\/person\/2b1cf3cd81a31e3cd26889ca66d677f1","name":"cfeditorfr"}]}},"_links":{"self":[{"href":"https:\/\/www.africa-press.net\/congo-brazzaville\/wp-json\/wp\/v2\/posts\/13973","targetHints":{"allow":["GET"]}}],"collection":[{"href":"https:\/\/www.africa-press.net\/congo-brazzaville\/wp-json\/wp\/v2\/posts"}],"about":[{"href":"https:\/\/www.africa-press.net\/congo-brazzaville\/wp-json\/wp\/v2\/types\/post"}],"author":[{"embeddable":true,"href":"https:\/\/www.africa-press.net\/congo-brazzaville\/wp-json\/wp\/v2\/users\/82"}],"replies":[{"embeddable":true,"href":"https:\/\/www.africa-press.net\/congo-brazzaville\/wp-json\/wp\/v2\/comments?post=13973"}],"version-history":[{"count":0,"href":"https:\/\/www.africa-press.net\/congo-brazzaville\/wp-json\/wp\/v2\/posts\/13973\/revisions"}],"wp:featuredmedia":[{"embeddable":true,"href":"https:\/\/www.africa-press.net\/congo-brazzaville\/wp-json\/wp\/v2\/media\/13972"}],"wp:attachment":[{"href":"https:\/\/www.africa-press.net\/congo-brazzaville\/wp-json\/wp\/v2\/media?parent=13973"}],"wp:term":[{"taxonomy":"category","embeddable":true,"href":"https:\/\/www.africa-press.net\/congo-brazzaville\/wp-json\/wp\/v2\/categories?post=13973"},{"taxonomy":"post_tag","embeddable":true,"href":"https:\/\/www.africa-press.net\/congo-brazzaville\/wp-json\/wp\/v2\/tags?post=13973"}],"curies":[{"name":"wp","href":"https:\/\/api.w.org\/{rel}","templated":true}]}}