{"id":13992,"date":"2023-02-01T18:01:51","date_gmt":"2023-02-01T18:01:51","guid":{"rendered":"https:\/\/www.africa-press.net\/congo-brazzaville\/politique\/assemblee-nationale-vingt-cinq-affaires-inscrites-a-la-deuxieme-session-ordinaire"},"modified":"2023-02-01T20:18:56","modified_gmt":"2023-02-01T20:18:56","slug":"assemblee-nationale-vingt-cinq-affaires-inscrites-a-la-deuxieme-session-ordinaire","status":"publish","type":"post","link":"https:\/\/www.africa-press.net\/congo-brazzaville\/politique\/assemblee-nationale-vingt-cinq-affaires-inscrites-a-la-deuxieme-session-ordinaire","title":{"rendered":"Assembl\u00e9e nationale : vingt-cinq affaires inscrites \u00e0 la deuxi\u00e8me session ordinaire"},"content":{"rendered":"<p><span style=\"color: #ff6600\"><strong>Africa-Press &#8211; Congo Brazzaville. <\/strong><\/span><b>La deuxie\u0300me session ordinaire (administrative) de la chambre basse du Parlement, dont les travaux se sont ouverts le 1er fe\u0301vrier a\u0300 Brazzaville, a inscrit a\u0300 son ordre du jour vingt-cinq affaires dont quatorze ratifications des conventions de l\u2019Organisation internationale du travail (OIT). <\/b><\/p>\n<p>Les de\u0301pute\u0301s auront, pendant les soixante-dix jours que durera la session administrative, a\u0300 examiner et adopter, entre autres, le projet de loi autorisant la ratification de l\u2019accord de coope\u0301ration entre la Re\u0301publique du Congo et la Re\u0301publique de\u0301mocratique du Congo, relatif a\u0300 la mise en \u0153uvre du projet \u00ab Boucle de l\u2019amitie\u0301 e\u0301nerge\u0301tique \u00bb. Ils sont aussi appele\u0301s a\u0300 se prononcer sur le projet de loi autorisant la ratification de l\u2019accord de coope\u0301ration entre le Congo et le Rwanda relatif a\u0300 l\u2019exemption de visa pour les de\u0301tenteurs de passeports diplomatique et de service, et l\u2019obtention de visa sans frais a\u0300 l\u2019arrive\u0301e pour les de\u0301tenteurs de passeport ordinaire. A cela, s\u2019ajoute le projet de loi autorisant la ratification de l\u2019accord de coope\u0301ration militaire et technique entre les gouvernements congolais et rwandais.<\/p>\n<p>Parmi les quatorze conventions de l\u2019OIT a\u0300 autoriser la ratification, soumises sur la table des de\u0301pute\u0301s, il y a celles relatives aux relations de travail dans la fonction publique ; a\u0300 la ne\u0301gociation collective ; concernant les travailleurs migrants, l\u2019inspection du travail ainsi que l\u2019e\u0301galite\u0301 de traitement des nationaux en matie\u0300re de se\u0301curite\u0301 sociale.<\/p>\n<p>L\u2019Assemble\u0301e nationale examinera, par ailleurs, les projets de loi portant gestion de l\u2019environnement en Re\u0301publique du Congo ; protection et assistance aux personnes de\u0301place\u0301es internes en Re\u0301publique du Congo ; cre\u0301ation du Centre national de formation en statistique, de\u0301mographie et planification. Il y a aussi les projets de loi portant cre\u0301ation de l\u2019Institut des hautes e\u0301tudes maritimes et fluviales ; autorisant l\u2019adhe\u0301sion a\u0300 l\u2019amendement de la Convention sur la protection physique des matie\u0300res nucle\u0301aires. Sans oublier le projet organique de\u0301terminant les attributions, l\u2019organisation, la composition et le fonctionnement de la Cour des comptes et de discipline budge\u0301taire ainsi que la proce\u0301dure a\u0300 suivre.<\/p>\n<p>Le pre\u0301sident de l\u2019Assemble\u0301e nationale, Isidore Mvouba, dans son discours d\u2019ouverture, a rappele\u0301 que la deuxie\u0300me session ordinaire administrative de la quinzie\u0300me le\u0301gislature marque la rentre\u0301e parlementaire de l\u2019anne\u0301e 2023. \u00ab En tant que repre\u0301sentants du peuple souverain, nous sommes appele\u0301s a\u0300 remettre l\u2019ouvrage sur le me\u0301tier pour augmenter la richesse nationale et, in fine, le revenu national. J\u2019invite ainsi tous les de\u0301pute\u0301s a\u0300 alimenter le ro\u0302le de notre chambre par des propositions de lois susceptibles d\u2019ame\u0301liorer les conditions de vie des congolaises et des congolais, ainsi que de toutes celles et tous ceux qui ont de\u0301cide\u0301 de vivre ou d\u2019investir au Congo \u00bb, a-t-il exhorte\u0301.<\/p>\n<p>Selon lui, la chambre basse du Parlement assurera, au travers de ses commissions permanentes, le contro\u0302le de l\u2019action de chacun des ministe\u0300res composant l\u2019e\u0301quipe gouvernementale, conforme\u0301ment a\u0300 l\u2019article 159 de son re\u0300glement inte\u0301rieur. \u00ab Les missions d\u2019enque\u0302te et d\u2019information parlementaires sont autant d\u2019outils a\u0300 notre porte\u0301e dont nous userons a\u0300 bon escient dans le cadre du contro\u0302le de l\u2019action gouvernementale qui est l\u2019unique affaire inscrite a\u0300 la re\u0301union spe\u0301ciale du comite\u0301 de coordination qui se tiendra sous peu \u00bb, a pre\u0301cise\u0301 Isidore Mvouba.<\/p>\n<p>Abordant les questions d\u2019actualite\u0301, le pre\u0301sident de l\u2019Assemble\u0301e nationale a salue\u0301 le dialogue entre le gouvernement et les repre\u0301sentants des syndicats des transporteurs ayant abouti a\u0300 la prise d\u2019importantes mesures d\u2019accompagnement \u00ab pour e\u0301viter l\u2019escalade des prix due a\u0300 la hausse des produits pe\u0301troliers \u00bb. \u00ab L\u2019augmentation du prix du carburant a\u0300 la pompe pour compter de ce jour aurait pu e\u0302tre fixe\u0301e a\u0300 plus de 5% comme dans plusieurs pays, sans la pre\u0301sence d\u2019esprit du gouvernement qui a privile\u0301gie\u0301 le volet social aux exigences dicte\u0301es par les institutions de Bretton Woods \u00bb, a-t-il souligne\u0301.<\/p>\n<p>Il s\u2019est, par ailleurs, fe\u0301licite\u0301 du de\u0301blocage de la contrepartie du Congo dans la mise en \u0153uvre du programme De\u0301sarmement, de\u0301mobilisation et re\u0301inte\u0301gration. \u00ab De\u0301sormais, toutes les conditions sont re\u0301unies pour le de\u0301marrage effectif de ce programme qui a vocation a\u0300 apporter la tranquillite\u0301 dans le de\u0301partement du Pool \u00bb, a-t-il salue\u0301.<\/p>\n\r\n                <style type=\"text\/css\">\r\n                    \r\n                    #td_uid_1_69eecac19d785  .td-doubleSlider-2 .td-item1 {\r\n                        background: url(https:\/\/static.africa-press.net\/congo-brazzaville\/sites\/51\/2023\/02\/postMediaimg_63_1-80x60.jpg) 0 0 no-repeat;\r\n                    }\r\n                    #td_uid_1_69eecac19d785  .td-doubleSlider-2 .td-item2 {\r\n                        background: url(https:\/\/static.africa-press.net\/congo-brazzaville\/sites\/51\/2023\/02\/postMediaimg_63_2-80x60.jpg) 0 0 no-repeat;\r\n                    }\r\n                <\/style>\r\n\r\n                <div id=\"td_uid_1_69eecac19d785\" class=\"td-gallery td-slide-on-2-columns\">\r\n                    <div class=\"post_td_gallery\">\r\n                        <div class=\"td-gallery-slide-top\">\r\n                           <div class=\"td-gallery-title\"><\/div>\r\n\r\n                            <div class=\"td-gallery-controls-wrapper\">\r\n                                <div class=\"td-gallery-slide-count\"><span class=\"td-gallery-slide-item-focus\">1<\/span> de 2<\/div>\r\n                                <div class=\"td-gallery-slide-prev-next-but\">\r\n                                    <i class = \"td-icon-left doubleSliderPrevButton\"><\/i>\r\n                                    <i class = \"td-icon-right doubleSliderNextButton\"><\/i>\r\n                                <\/div>\r\n                            <\/div>\r\n                        <\/div>\r\n\r\n                        <div class = \"td-doubleSlider-1 \">\r\n                            <div class = \"td-slider\">\r\n                                \r\n                    <div class = \"td-slide-item td-item1\">\r\n                        <figure class=\"td-slide-galery-figure td-slide-popup-gallery\">\r\n                            <a class=\"slide-gallery-image-link\" href=\"https:\/\/static.africa-press.net\/congo-brazzaville\/sites\/51\/2023\/02\/postMediaimg_63_1.jpg\" title=\"postMediaimg_63_1\"  data-caption=\"\"  data-description=\"\">\r\n                                <img decoding=\"async\" src=\"https:\/\/static.africa-press.net\/congo-brazzaville\/sites\/51\/2023\/02\/postMediaimg_63_1.jpg\" srcset=\"https:\/\/static.africa-press.net\/congo-brazzaville\/sites\/51\/2023\/02\/postMediaimg_63_1.jpg 1024w, https:\/\/static.africa-press.net\/congo-brazzaville\/sites\/51\/2023\/02\/postMediaimg_63_1-300x200.jpg 300w, https:\/\/static.africa-press.net\/congo-brazzaville\/sites\/51\/2023\/02\/postMediaimg_63_1-768x511.jpg 768w\" sizes=\"(max-width: 1024px) 100vw, 1024px\" alt=\"\">\r\n                            <\/a>\r\n                            \r\n                        <\/figure>\r\n                    <\/div>\r\n                    <div class = \"td-slide-item td-item2\">\r\n                        <figure class=\"td-slide-galery-figure td-slide-popup-gallery\">\r\n                            <a class=\"slide-gallery-image-link\" href=\"https:\/\/static.africa-press.net\/congo-brazzaville\/sites\/51\/2023\/02\/postMediaimg_63_2.jpg\" title=\"postMediaimg_63_2\"  data-caption=\"\"  data-description=\"\">\r\n                                <img decoding=\"async\" src=\"https:\/\/static.africa-press.net\/congo-brazzaville\/sites\/51\/2023\/02\/postMediaimg_63_2.jpg\" srcset=\"https:\/\/static.africa-press.net\/congo-brazzaville\/sites\/51\/2023\/02\/postMediaimg_63_2.jpg 1024w, https:\/\/static.africa-press.net\/congo-brazzaville\/sites\/51\/2023\/02\/postMediaimg_63_2-300x200.jpg 300w, https:\/\/static.africa-press.net\/congo-brazzaville\/sites\/51\/2023\/02\/postMediaimg_63_2-768x511.jpg 768w\" sizes=\"(max-width: 1024px) 100vw, 1024px\" alt=\"\">\r\n                            <\/a>\r\n                            \r\n                        <\/figure>\r\n                    <\/div>\r\n                            <\/div>\r\n                        <\/div>\r\n\r\n                        <div class = \"td-doubleSlider-2\">\r\n                            <div class = \"td-slider\">\r\n                                \r\n                    <div class = \"td-button td-item1\">\r\n                        <div class = \"td-border\"><\/div>\r\n                    <\/div>\r\n                    <div class = \"td-button td-item2\">\r\n                        <div class = \"td-border\"><\/div>\r\n                    <\/div>\r\n                            <\/div>\r\n                        <\/div>\r\n\r\n                    <\/div>\r\n\r\n                <\/div>\r\n                \n<p><strong>Pour plus d&rsquo;informations et d&rsquo;analyses sur la <a href=\"https:\/\/www.africa-press.net\/congo-brazzaville\">Congo Brazzaville<\/a>, suivez <a href=\"https:\/\/www.africa-press.net\/\">Africa-Press<\/a><\/strong><\/p>\n","protected":false},"excerpt":{"rendered":"<p>Africa-Press &#8211; Congo Brazzaville. La deuxie\u0300me session ordinaire (administrative) de la chambre basse du Parlement, dont les travaux se sont ouverts le 1er fe\u0301vrier a\u0300 Brazzaville, a inscrit a\u0300 son ordre du jour vingt-cinq affaires dont quatorze ratifications des conventions de l\u2019Organisation internationale du travail (OIT). Les de\u0301pute\u0301s auront, pendant les soixante-dix jours que durera [&hellip;]<\/p>\n","protected":false},"author":82,"featured_media":13991,"comment_status":"open","ping_status":"closed","sticky":false,"template":"","format":"standard","meta":{"footnotes":""},"categories":[8,2,20,10],"tags":[36,47,46],"class_list":["post-13992","post","type-post","status-publish","format-standard","has-post-thumbnail","hentry","category-photo","category-politique","category-top-nouvelles","category-toutes-les-actualites","tag-africa-press","tag-africa-press-congo-brazzaville","tag-congo-brazzaville"],"yoast_head":"<!-- This site is optimized with the Yoast SEO Premium plugin v26.1 (Yoast SEO v27.0) - https:\/\/yoast.com\/product\/yoast-seo-premium-wordpress\/ -->\n<title>Assembl\u00e9e nationale : vingt-cinq affaires inscrites \u00e0 la deuxi\u00e8me session ordinaire - Congo Brazzaville<\/title>\n<meta name=\"description\" content=\"La deuxie\u0300me session ordinaire (administrative) de la chambre basse du Parlement, dont les travaux se sont ouverts le ...\" \/>\n<meta name=\"robots\" content=\"index, follow, max-snippet:-1, max-image-preview:large, max-video-preview:-1\" \/>\n<link rel=\"canonical\" href=\"https:\/\/www.africa-press.net\/congo-brazzaville\/politique\/assemblee-nationale-vingt-cinq-affaires-inscrites-a-la-deuxieme-session-ordinaire\" \/>\n<meta property=\"og:locale\" content=\"fr_FR\" \/>\n<meta property=\"og:type\" content=\"article\" \/>\n<meta property=\"og:title\" content=\"Assembl\u00e9e nationale : vingt-cinq affaires inscrites \u00e0 la deuxi\u00e8me session ordinaire\" \/>\n<meta property=\"og:description\" content=\"La deuxie\u0300me session ordinaire (administrative) de la chambre basse du Parlement, dont les travaux se sont ouverts le ...\" \/>\n<meta property=\"og:url\" content=\"https:\/\/www.africa-press.net\/congo-brazzaville\/politique\/assemblee-nationale-vingt-cinq-affaires-inscrites-a-la-deuxieme-session-ordinaire\" \/>\n<meta property=\"og:site_name\" content=\"Congo Brazzaville\" \/>\n<meta property=\"article:published_time\" content=\"2023-02-01T18:01:51+00:00\" \/>\n<meta property=\"article:modified_time\" content=\"2023-02-01T20:18:56+00:00\" \/>\n<meta property=\"og:image\" content=\"https:\/\/static.africa-press.net\/congo-brazzaville\/sites\/51\/2023\/02\/postQueueImg_1675261918.79.jpg\" \/>\n\t<meta property=\"og:image:width\" content=\"1024\" \/>\n\t<meta property=\"og:image:height\" content=\"681\" \/>\n\t<meta property=\"og:image:type\" content=\"image\/jpeg\" \/>\n<meta name=\"author\" content=\"cfeditorfr\" \/>\n<meta name=\"twitter:card\" content=\"summary_large_image\" \/>\n<meta name=\"twitter:label1\" content=\"\u00c9crit par\" \/>\n\t<meta name=\"twitter:data1\" content=\"cfeditorfr\" \/>\n\t<meta name=\"twitter:label2\" content=\"Dur\u00e9e de lecture estim\u00e9e\" \/>\n\t<meta name=\"twitter:data2\" content=\"4 minutes\" \/>\n<script type=\"application\/ld+json\" class=\"yoast-schema-graph\">{\"@context\":\"https:\/\/schema.org\",\"@graph\":[{\"@type\":\"Article\",\"@id\":\"https:\/\/www.africa-press.net\/congo-brazzaville\/politique\/assemblee-nationale-vingt-cinq-affaires-inscrites-a-la-deuxieme-session-ordinaire#article\",\"isPartOf\":{\"@id\":\"https:\/\/www.africa-press.net\/congo-brazzaville\/politique\/assemblee-nationale-vingt-cinq-affaires-inscrites-a-la-deuxieme-session-ordinaire\"},\"author\":{\"name\":\"cfeditorfr\",\"@id\":\"https:\/\/www.africa-press.net\/congo-brazzaville\/#\/schema\/person\/2b1cf3cd81a31e3cd26889ca66d677f1\"},\"headline\":\"Assembl\u00e9e nationale : vingt-cinq affaires inscrites \u00e0 la deuxi\u00e8me session ordinaire\",\"datePublished\":\"2023-02-01T18:01:51+00:00\",\"dateModified\":\"2023-02-01T20:18:56+00:00\",\"mainEntityOfPage\":{\"@id\":\"https:\/\/www.africa-press.net\/congo-brazzaville\/politique\/assemblee-nationale-vingt-cinq-affaires-inscrites-a-la-deuxieme-session-ordinaire\"},\"wordCount\":808,\"commentCount\":0,\"image\":{\"@id\":\"https:\/\/www.africa-press.net\/congo-brazzaville\/politique\/assemblee-nationale-vingt-cinq-affaires-inscrites-a-la-deuxieme-session-ordinaire#primaryimage\"},\"thumbnailUrl\":\"https:\/\/static.africa-press.net\/congo-brazzaville\/sites\/51\/2023\/02\/postQueueImg_1675261918.79.jpg\",\"keywords\":[\"Africa Press\",\"Africa Press-Congo Brazzaville\",\"Congo Brazzaville\"],\"articleSection\":[\"Photo\",\"Politique\",\"Top Nouvelles\",\"Toutes les actualit\u00e9s\"],\"inLanguage\":\"fr-FR\",\"potentialAction\":[{\"@type\":\"CommentAction\",\"name\":\"Comment\",\"target\":[\"https:\/\/www.africa-press.net\/congo-brazzaville\/politique\/assemblee-nationale-vingt-cinq-affaires-inscrites-a-la-deuxieme-session-ordinaire#respond\"]}]},{\"@type\":\"WebPage\",\"@id\":\"https:\/\/www.africa-press.net\/congo-brazzaville\/politique\/assemblee-nationale-vingt-cinq-affaires-inscrites-a-la-deuxieme-session-ordinaire\",\"url\":\"https:\/\/www.africa-press.net\/congo-brazzaville\/politique\/assemblee-nationale-vingt-cinq-affaires-inscrites-a-la-deuxieme-session-ordinaire\",\"name\":\"Assembl\u00e9e nationale : vingt-cinq affaires inscrites \u00e0 la deuxi\u00e8me session ordinaire - Congo Brazzaville\",\"isPartOf\":{\"@id\":\"https:\/\/www.africa-press.net\/congo-brazzaville\/#website\"},\"primaryImageOfPage\":{\"@id\":\"https:\/\/www.africa-press.net\/congo-brazzaville\/politique\/assemblee-nationale-vingt-cinq-affaires-inscrites-a-la-deuxieme-session-ordinaire#primaryimage\"},\"image\":{\"@id\":\"https:\/\/www.africa-press.net\/congo-brazzaville\/politique\/assemblee-nationale-vingt-cinq-affaires-inscrites-a-la-deuxieme-session-ordinaire#primaryimage\"},\"thumbnailUrl\":\"https:\/\/static.africa-press.net\/congo-brazzaville\/sites\/51\/2023\/02\/postQueueImg_1675261918.79.jpg\",\"datePublished\":\"2023-02-01T18:01:51+00:00\",\"dateModified\":\"2023-02-01T20:18:56+00:00\",\"author\":{\"@id\":\"https:\/\/www.africa-press.net\/congo-brazzaville\/#\/schema\/person\/2b1cf3cd81a31e3cd26889ca66d677f1\"},\"description\":\"La deuxie\u0300me session ordinaire (administrative) de la chambre basse du Parlement, dont les travaux se sont ouverts le ...\",\"breadcrumb\":{\"@id\":\"https:\/\/www.africa-press.net\/congo-brazzaville\/politique\/assemblee-nationale-vingt-cinq-affaires-inscrites-a-la-deuxieme-session-ordinaire#breadcrumb\"},\"inLanguage\":\"fr-FR\",\"potentialAction\":[{\"@type\":\"ReadAction\",\"target\":[\"https:\/\/www.africa-press.net\/congo-brazzaville\/politique\/assemblee-nationale-vingt-cinq-affaires-inscrites-a-la-deuxieme-session-ordinaire\"]}]},{\"@type\":\"ImageObject\",\"inLanguage\":\"fr-FR\",\"@id\":\"https:\/\/www.africa-press.net\/congo-brazzaville\/politique\/assemblee-nationale-vingt-cinq-affaires-inscrites-a-la-deuxieme-session-ordinaire#primaryimage\",\"url\":\"https:\/\/static.africa-press.net\/congo-brazzaville\/sites\/51\/2023\/02\/postQueueImg_1675261918.79.jpg\",\"contentUrl\":\"https:\/\/static.africa-press.net\/congo-brazzaville\/sites\/51\/2023\/02\/postQueueImg_1675261918.79.jpg\",\"width\":1024,\"height\":681,\"caption\":\"Assembl\u00e9e nationale : vingt-cinq affaires inscrites \u00e0 la deuxi\u00e8me session ordinaire\"},{\"@type\":\"BreadcrumbList\",\"@id\":\"https:\/\/www.africa-press.net\/congo-brazzaville\/politique\/assemblee-nationale-vingt-cinq-affaires-inscrites-a-la-deuxieme-session-ordinaire#breadcrumb\",\"itemListElement\":[{\"@type\":\"ListItem\",\"position\":1,\"name\":\"Accueil\",\"item\":\"https:\/\/www.africa-press.net\/congo-brazzaville\/\"},{\"@type\":\"ListItem\",\"position\":2,\"name\":\"Assembl\u00e9e nationale : vingt-cinq affaires inscrites \u00e0 la deuxi\u00e8me session ordinaire\"}]},{\"@type\":\"WebSite\",\"@id\":\"https:\/\/www.africa-press.net\/congo-brazzaville\/#website\",\"url\":\"https:\/\/www.africa-press.net\/congo-brazzaville\/\",\"name\":\"Congo Brazzaville\",\"description\":\"Just another Africa News Agency Sites site\",\"potentialAction\":[{\"@type\":\"SearchAction\",\"target\":{\"@type\":\"EntryPoint\",\"urlTemplate\":\"https:\/\/www.africa-press.net\/congo-brazzaville\/?s={search_term_string}\"},\"query-input\":{\"@type\":\"PropertyValueSpecification\",\"valueRequired\":true,\"valueName\":\"search_term_string\"}}],\"inLanguage\":\"fr-FR\"},{\"@type\":\"Person\",\"@id\":\"https:\/\/www.africa-press.net\/congo-brazzaville\/#\/schema\/person\/2b1cf3cd81a31e3cd26889ca66d677f1\",\"name\":\"cfeditorfr\"}]}<\/script>\n<!-- \/ Yoast SEO Premium plugin. -->","yoast_head_json":{"title":"Assembl\u00e9e nationale : vingt-cinq affaires inscrites \u00e0 la deuxi\u00e8me session ordinaire - Congo Brazzaville","description":"La deuxie\u0300me session ordinaire (administrative) de la chambre basse du Parlement, dont les travaux se sont ouverts le ...","robots":{"index":"index","follow":"follow","max-snippet":"max-snippet:-1","max-image-preview":"max-image-preview:large","max-video-preview":"max-video-preview:-1"},"canonical":"https:\/\/www.africa-press.net\/congo-brazzaville\/politique\/assemblee-nationale-vingt-cinq-affaires-inscrites-a-la-deuxieme-session-ordinaire","og_locale":"fr_FR","og_type":"article","og_title":"Assembl\u00e9e nationale : vingt-cinq affaires inscrites \u00e0 la deuxi\u00e8me session ordinaire","og_description":"La deuxie\u0300me session ordinaire (administrative) de la chambre basse du Parlement, dont les travaux se sont ouverts le ...","og_url":"https:\/\/www.africa-press.net\/congo-brazzaville\/politique\/assemblee-nationale-vingt-cinq-affaires-inscrites-a-la-deuxieme-session-ordinaire","og_site_name":"Congo Brazzaville","article_published_time":"2023-02-01T18:01:51+00:00","article_modified_time":"2023-02-01T20:18:56+00:00","og_image":[{"width":1024,"height":681,"url":"https:\/\/static.africa-press.net\/congo-brazzaville\/sites\/51\/2023\/02\/postQueueImg_1675261918.79.jpg","type":"image\/jpeg"}],"author":"cfeditorfr","twitter_card":"summary_large_image","twitter_misc":{"\u00c9crit par":"cfeditorfr","Dur\u00e9e de lecture estim\u00e9e":"4 minutes"},"schema":{"@context":"https:\/\/schema.org","@graph":[{"@type":"Article","@id":"https:\/\/www.africa-press.net\/congo-brazzaville\/politique\/assemblee-nationale-vingt-cinq-affaires-inscrites-a-la-deuxieme-session-ordinaire#article","isPartOf":{"@id":"https:\/\/www.africa-press.net\/congo-brazzaville\/politique\/assemblee-nationale-vingt-cinq-affaires-inscrites-a-la-deuxieme-session-ordinaire"},"author":{"name":"cfeditorfr","@id":"https:\/\/www.africa-press.net\/congo-brazzaville\/#\/schema\/person\/2b1cf3cd81a31e3cd26889ca66d677f1"},"headline":"Assembl\u00e9e nationale : vingt-cinq affaires inscrites \u00e0 la deuxi\u00e8me session ordinaire","datePublished":"2023-02-01T18:01:51+00:00","dateModified":"2023-02-01T20:18:56+00:00","mainEntityOfPage":{"@id":"https:\/\/www.africa-press.net\/congo-brazzaville\/politique\/assemblee-nationale-vingt-cinq-affaires-inscrites-a-la-deuxieme-session-ordinaire"},"wordCount":808,"commentCount":0,"image":{"@id":"https:\/\/www.africa-press.net\/congo-brazzaville\/politique\/assemblee-nationale-vingt-cinq-affaires-inscrites-a-la-deuxieme-session-ordinaire#primaryimage"},"thumbnailUrl":"https:\/\/static.africa-press.net\/congo-brazzaville\/sites\/51\/2023\/02\/postQueueImg_1675261918.79.jpg","keywords":["Africa Press","Africa Press-Congo Brazzaville","Congo Brazzaville"],"articleSection":["Photo","Politique","Top Nouvelles","Toutes les actualit\u00e9s"],"inLanguage":"fr-FR","potentialAction":[{"@type":"CommentAction","name":"Comment","target":["https:\/\/www.africa-press.net\/congo-brazzaville\/politique\/assemblee-nationale-vingt-cinq-affaires-inscrites-a-la-deuxieme-session-ordinaire#respond"]}]},{"@type":"WebPage","@id":"https:\/\/www.africa-press.net\/congo-brazzaville\/politique\/assemblee-nationale-vingt-cinq-affaires-inscrites-a-la-deuxieme-session-ordinaire","url":"https:\/\/www.africa-press.net\/congo-brazzaville\/politique\/assemblee-nationale-vingt-cinq-affaires-inscrites-a-la-deuxieme-session-ordinaire","name":"Assembl\u00e9e nationale : vingt-cinq affaires inscrites \u00e0 la deuxi\u00e8me session ordinaire - Congo Brazzaville","isPartOf":{"@id":"https:\/\/www.africa-press.net\/congo-brazzaville\/#website"},"primaryImageOfPage":{"@id":"https:\/\/www.africa-press.net\/congo-brazzaville\/politique\/assemblee-nationale-vingt-cinq-affaires-inscrites-a-la-deuxieme-session-ordinaire#primaryimage"},"image":{"@id":"https:\/\/www.africa-press.net\/congo-brazzaville\/politique\/assemblee-nationale-vingt-cinq-affaires-inscrites-a-la-deuxieme-session-ordinaire#primaryimage"},"thumbnailUrl":"https:\/\/static.africa-press.net\/congo-brazzaville\/sites\/51\/2023\/02\/postQueueImg_1675261918.79.jpg","datePublished":"2023-02-01T18:01:51+00:00","dateModified":"2023-02-01T20:18:56+00:00","author":{"@id":"https:\/\/www.africa-press.net\/congo-brazzaville\/#\/schema\/person\/2b1cf3cd81a31e3cd26889ca66d677f1"},"description":"La deuxie\u0300me session ordinaire (administrative) de la chambre basse du Parlement, dont les travaux se sont ouverts le ...","breadcrumb":{"@id":"https:\/\/www.africa-press.net\/congo-brazzaville\/politique\/assemblee-nationale-vingt-cinq-affaires-inscrites-a-la-deuxieme-session-ordinaire#breadcrumb"},"inLanguage":"fr-FR","potentialAction":[{"@type":"ReadAction","target":["https:\/\/www.africa-press.net\/congo-brazzaville\/politique\/assemblee-nationale-vingt-cinq-affaires-inscrites-a-la-deuxieme-session-ordinaire"]}]},{"@type":"ImageObject","inLanguage":"fr-FR","@id":"https:\/\/www.africa-press.net\/congo-brazzaville\/politique\/assemblee-nationale-vingt-cinq-affaires-inscrites-a-la-deuxieme-session-ordinaire#primaryimage","url":"https:\/\/static.africa-press.net\/congo-brazzaville\/sites\/51\/2023\/02\/postQueueImg_1675261918.79.jpg","contentUrl":"https:\/\/static.africa-press.net\/congo-brazzaville\/sites\/51\/2023\/02\/postQueueImg_1675261918.79.jpg","width":1024,"height":681,"caption":"Assembl\u00e9e nationale : vingt-cinq affaires inscrites \u00e0 la deuxi\u00e8me session ordinaire"},{"@type":"BreadcrumbList","@id":"https:\/\/www.africa-press.net\/congo-brazzaville\/politique\/assemblee-nationale-vingt-cinq-affaires-inscrites-a-la-deuxieme-session-ordinaire#breadcrumb","itemListElement":[{"@type":"ListItem","position":1,"name":"Accueil","item":"https:\/\/www.africa-press.net\/congo-brazzaville\/"},{"@type":"ListItem","position":2,"name":"Assembl\u00e9e nationale : vingt-cinq affaires inscrites \u00e0 la deuxi\u00e8me session ordinaire"}]},{"@type":"WebSite","@id":"https:\/\/www.africa-press.net\/congo-brazzaville\/#website","url":"https:\/\/www.africa-press.net\/congo-brazzaville\/","name":"Congo Brazzaville","description":"Just another Africa News Agency Sites site","potentialAction":[{"@type":"SearchAction","target":{"@type":"EntryPoint","urlTemplate":"https:\/\/www.africa-press.net\/congo-brazzaville\/?s={search_term_string}"},"query-input":{"@type":"PropertyValueSpecification","valueRequired":true,"valueName":"search_term_string"}}],"inLanguage":"fr-FR"},{"@type":"Person","@id":"https:\/\/www.africa-press.net\/congo-brazzaville\/#\/schema\/person\/2b1cf3cd81a31e3cd26889ca66d677f1","name":"cfeditorfr"}]}},"_links":{"self":[{"href":"https:\/\/www.africa-press.net\/congo-brazzaville\/wp-json\/wp\/v2\/posts\/13992","targetHints":{"allow":["GET"]}}],"collection":[{"href":"https:\/\/www.africa-press.net\/congo-brazzaville\/wp-json\/wp\/v2\/posts"}],"about":[{"href":"https:\/\/www.africa-press.net\/congo-brazzaville\/wp-json\/wp\/v2\/types\/post"}],"author":[{"embeddable":true,"href":"https:\/\/www.africa-press.net\/congo-brazzaville\/wp-json\/wp\/v2\/users\/82"}],"replies":[{"embeddable":true,"href":"https:\/\/www.africa-press.net\/congo-brazzaville\/wp-json\/wp\/v2\/comments?post=13992"}],"version-history":[{"count":0,"href":"https:\/\/www.africa-press.net\/congo-brazzaville\/wp-json\/wp\/v2\/posts\/13992\/revisions"}],"wp:featuredmedia":[{"embeddable":true,"href":"https:\/\/www.africa-press.net\/congo-brazzaville\/wp-json\/wp\/v2\/media\/13991"}],"wp:attachment":[{"href":"https:\/\/www.africa-press.net\/congo-brazzaville\/wp-json\/wp\/v2\/media?parent=13992"}],"wp:term":[{"taxonomy":"category","embeddable":true,"href":"https:\/\/www.africa-press.net\/congo-brazzaville\/wp-json\/wp\/v2\/categories?post=13992"},{"taxonomy":"post_tag","embeddable":true,"href":"https:\/\/www.africa-press.net\/congo-brazzaville\/wp-json\/wp\/v2\/tags?post=13992"}],"curies":[{"name":"wp","href":"https:\/\/api.w.org\/{rel}","templated":true}]}}