{"id":13995,"date":"2023-02-01T18:02:01","date_gmt":"2023-02-01T18:02:01","guid":{"rendered":"https:\/\/www.africa-press.net\/congo-brazzaville\/politique\/zones-humides-les-congolais-invites-a-proteger-les-lieux-de-contact-entre-la-terre-et-leau"},"modified":"2023-02-01T20:19:33","modified_gmt":"2023-02-01T20:19:33","slug":"zones-humides-les-congolais-invites-a-proteger-les-lieux-de-contact-entre-la-terre-et-leau","status":"publish","type":"post","link":"https:\/\/www.africa-press.net\/congo-brazzaville\/toutes-les-actualites\/zones-humides-les-congolais-invites-a-proteger-les-lieux-de-contact-entre-la-terre-et-leau","title":{"rendered":"Zones humides : les Congolais invit\u00e9s \u00e0 prot\u00e9ger les lieux de contact entre la terre et l\u2019eau"},"content":{"rendered":"<p><span style=\"color: #ff6600\"><strong>Africa-Press &#8211; Congo Brazzaville. <\/strong><\/span><b>Dans le cadre de la ce\u0301le\u0301bration chaque 2 fe\u0301vrier de la Journe\u0301e mondiale sur les zones humides, la ministre <\/b>de <b>l\u2019Environnement, du De\u0301veloppement durable et du Bassin du Congo, Arlette Soudan-Nonault, a lu une de\u0301claration dans laquelle elle demande aux citoyens et a\u0300 tous les acteurs de la socie\u0301te\u0301 de prendre conscience de la ne\u0301cessite\u0301 de pre\u0301server et de restaurer les diffe\u0301rentes zones humides du pays.<\/b><\/p>\n<p>La ministre Arlette Soudan-Nonault a indique\u0301 que tout en associant les communaute\u0301s et les entreprises aux phases de planification et de mise en \u0153uvre, ainsi que les autorite\u0301s locales, il faut nettoyer les zones humides de\u0301grade\u0301es des de\u0301bris, de\u0301chets, re\u0301sidus et espe\u0300ces invasives qui s\u2019y trouvent, re\u0301implanter la ve\u0301ge\u0301tation et la faune, ame\u0301nager les acce\u0300s et faire preuve de vigilance quant aux tentatives d\u2019intrusion inde\u0301sirables d\u2019activite\u0301s humaines polluantes. Elle a estime\u0301 que ce n\u2019est qu\u2019au prix de cet engagement politique, solidaire et citoyen que pourront e\u0302tre pre\u0301serve\u0301s ces inestimables puits de carbone bleu que sont les zones humides.<\/p>\n<p>Selon la ministre, les zones humides jouent un ro\u0302le de premier plan dans la lutte contre le re\u0301chauffement climatique et ses effets ne\u0301fastes. Les tourbie\u0300res a\u0300 elles seules, par exemple, retiennent 30% du carbone atmosphe\u0301rique de la plane\u0300te, soit deux fois plus que les fore\u0302ts.<\/p>\n<p>\u00ab Les zones humides sont des lieux d\u2019e\u0301change entre les mondes aquatique et terrestre, cet e\u0301cosyste\u0300me particulie\u0300rement pre\u0301cieux et fragile inclut chez nous au Congo les tourbie\u0300res, les lacs, les rivie\u0300res, les mare\u0301cages, les plaines d\u2019inondation, les e\u0301tangs de pisciculture et d\u2019aquaculture, mais aussi les mangroves, les lagunes et les estuaires. Essentiels dans le cycle de l\u2019eau, du carbone et des e\u0301le\u0301ments nutritifs, ces lieux sont aussi des re\u0301servoirs uniques de la biodiversite\u0301. 40% des espe\u0300ces mondiales vivent et se reproduisent dans ces zones humide \u00bb, a-t-elle explique\u0301.<\/p>\n<p>Elle a de\u0301plore\u0301 le fait que les zones humides qui sont conside\u0301re\u0301es comme l\u2019e\u0301cosyste\u0300me le plus pre\u0301cieux au monde de par les fonctions vitales qu\u2019elles exercent sont aujourd\u2019hui parmi les plus menace\u0301es. En effet, 64% d\u2019entre elles ont disparu au cours du sie\u0300cle e\u0301coule\u0301 et cette re\u0301gression aussi acce\u0301le\u0301re\u0301e qu\u2019inquie\u0301tante est avant tout due a\u0300 l\u2019activite\u0301 humaine. L\u2019urbanisation sauvage, l\u2019exploitation forestie\u0300re et minie\u0300re incontro\u0302le\u0301e, le drainage, l\u2019ensablement, la pollution d\u2019eau, la surpe\u0302che, les pesticides toxiques, l\u2019asse\u0300chement pour les besoins de production agricole ou e\u0301nerge\u0301tique contribuent chacun a\u0300 sa manie\u0300re a\u0300 la de\u0301te\u0301rioration et a\u0300 la disparition des zones humides et de la biodiversite\u0301 qu\u2019elles rece\u0300lent.<\/p>\n<p>\u00ab Chez nous, au Congo, si les tourbie\u0300res de la Cuvette centrale et leurs 30 000 gigatonnes de carbone capture\u0301 sont encore relativement intactes, une grande vigilance s\u2019impose pour e\u0301viter qu\u2019une exploitation forestie\u0300re, agricole, pe\u0301trolie\u0300re, gazie\u0300re ou minie\u0300re non maI\u0308trise\u0301e et peu soucieuse de l\u2019environnement porte atteinte a\u0300 leur inte\u0301grite\u0301 \u00bb, a averti Arlette Soudan-Nonault.<\/p>\n<p>Ce\u0301le\u0301bre\u0301e depuis maintenant 52 ans, la journe\u0301e mondiale sur les zones humides, place\u0301e cette anne\u0301e sur le the\u0300me \u00ab Revitaliser et restaurer les zones humides de\u0301grade\u0301es \u00bb, est une occasion qui devrait permettre a\u0300 la population d\u2019appliquer au quotidien les bonnes pratiques de pre\u0301servation et de restauration des zones humides.<\/p>\n<p><strong>Pour plus d&rsquo;informations et d&rsquo;analyses sur la <a href=\"https:\/\/www.africa-press.net\/congo-brazzaville\">Congo Brazzaville<\/a>, suivez <a href=\"https:\/\/www.africa-press.net\/\">Africa-Press<\/a><\/strong><\/p>\n","protected":false},"excerpt":{"rendered":"<p>Africa-Press &#8211; Congo Brazzaville. Dans le cadre de la ce\u0301le\u0301bration chaque 2 fe\u0301vrier de la Journe\u0301e mondiale sur les zones humides, la ministre de l\u2019Environnement, du De\u0301veloppement durable et du Bassin du Congo, Arlette Soudan-Nonault, a lu une de\u0301claration dans laquelle elle demande aux citoyens et a\u0300 tous les acteurs de la socie\u0301te\u0301 de prendre [&hellip;]<\/p>\n","protected":false},"author":82,"featured_media":13994,"comment_status":"open","ping_status":"closed","sticky":false,"template":"","format":"standard","meta":{"footnotes":""},"categories":[21,10],"tags":[36,47,46],"class_list":["post-13995","post","type-post","status-publish","format-standard","has-post-thumbnail","hentry","category-communaute","category-toutes-les-actualites","tag-africa-press","tag-africa-press-congo-brazzaville","tag-congo-brazzaville"],"yoast_head":"<!-- This site is optimized with the Yoast SEO Premium plugin v26.1 (Yoast SEO v27.0) - https:\/\/yoast.com\/product\/yoast-seo-premium-wordpress\/ -->\n<title>Zones humides : les Congolais invit\u00e9s \u00e0 prot\u00e9ger les lieux de contact entre la terre et l\u2019eau - Congo Brazzaville<\/title>\n<meta name=\"description\" content=\"Dans le cadre de la ce\u0301le\u0301bration chaque 2 fe\u0301vrier de la Journe\u0301e mondiale sur les zones humides, la ministre de ...\" \/>\n<meta name=\"robots\" content=\"index, follow, max-snippet:-1, max-image-preview:large, max-video-preview:-1\" \/>\n<link rel=\"canonical\" href=\"https:\/\/www.africa-press.net\/congo-brazzaville\/toutes-les-actualites\/zones-humides-les-congolais-invites-a-proteger-les-lieux-de-contact-entre-la-terre-et-leau\" \/>\n<meta property=\"og:locale\" content=\"fr_FR\" \/>\n<meta property=\"og:type\" content=\"article\" \/>\n<meta property=\"og:title\" content=\"Zones humides : les Congolais invit\u00e9s \u00e0 prot\u00e9ger les lieux de contact entre la terre et l\u2019eau\" \/>\n<meta property=\"og:description\" content=\"Dans le cadre de la ce\u0301le\u0301bration chaque 2 fe\u0301vrier de la Journe\u0301e mondiale sur les zones humides, la ministre de ...\" \/>\n<meta property=\"og:url\" content=\"https:\/\/www.africa-press.net\/congo-brazzaville\/toutes-les-actualites\/zones-humides-les-congolais-invites-a-proteger-les-lieux-de-contact-entre-la-terre-et-leau\" \/>\n<meta property=\"og:site_name\" content=\"Congo Brazzaville\" \/>\n<meta property=\"article:published_time\" content=\"2023-02-01T18:02:01+00:00\" \/>\n<meta property=\"article:modified_time\" content=\"2023-02-01T20:19:33+00:00\" \/>\n<meta property=\"og:image\" content=\"https:\/\/static.africa-press.net\/congo-brazzaville\/sites\/51\/2023\/02\/postQueueImg_1675261925.18.jpg\" \/>\n\t<meta property=\"og:image:width\" content=\"1155\" \/>\n\t<meta property=\"og:image:height\" content=\"768\" \/>\n\t<meta property=\"og:image:type\" content=\"image\/jpeg\" \/>\n<meta name=\"author\" content=\"cfeditorfr\" \/>\n<meta name=\"twitter:card\" content=\"summary_large_image\" \/>\n<meta name=\"twitter:label1\" content=\"\u00c9crit par\" \/>\n\t<meta name=\"twitter:data1\" content=\"cfeditorfr\" \/>\n\t<meta name=\"twitter:label2\" content=\"Dur\u00e9e de lecture estim\u00e9e\" \/>\n\t<meta name=\"twitter:data2\" content=\"3 minutes\" \/>\n<script type=\"application\/ld+json\" class=\"yoast-schema-graph\">{\"@context\":\"https:\/\/schema.org\",\"@graph\":[{\"@type\":\"Article\",\"@id\":\"https:\/\/www.africa-press.net\/congo-brazzaville\/toutes-les-actualites\/zones-humides-les-congolais-invites-a-proteger-les-lieux-de-contact-entre-la-terre-et-leau#article\",\"isPartOf\":{\"@id\":\"https:\/\/www.africa-press.net\/congo-brazzaville\/toutes-les-actualites\/zones-humides-les-congolais-invites-a-proteger-les-lieux-de-contact-entre-la-terre-et-leau\"},\"author\":{\"name\":\"cfeditorfr\",\"@id\":\"https:\/\/www.africa-press.net\/congo-brazzaville\/#\/schema\/person\/2b1cf3cd81a31e3cd26889ca66d677f1\"},\"headline\":\"Zones humides : les Congolais invit\u00e9s \u00e0 prot\u00e9ger les lieux de contact entre la terre et l\u2019eau\",\"datePublished\":\"2023-02-01T18:02:01+00:00\",\"dateModified\":\"2023-02-01T20:19:33+00:00\",\"mainEntityOfPage\":{\"@id\":\"https:\/\/www.africa-press.net\/congo-brazzaville\/toutes-les-actualites\/zones-humides-les-congolais-invites-a-proteger-les-lieux-de-contact-entre-la-terre-et-leau\"},\"wordCount\":649,\"commentCount\":0,\"image\":{\"@id\":\"https:\/\/www.africa-press.net\/congo-brazzaville\/toutes-les-actualites\/zones-humides-les-congolais-invites-a-proteger-les-lieux-de-contact-entre-la-terre-et-leau#primaryimage\"},\"thumbnailUrl\":\"https:\/\/static.africa-press.net\/congo-brazzaville\/sites\/51\/2023\/02\/postQueueImg_1675261925.18.jpg\",\"keywords\":[\"Africa Press\",\"Africa Press-Congo Brazzaville\",\"Congo Brazzaville\"],\"articleSection\":[\"Communaut\u00e9\",\"Toutes les actualit\u00e9s\"],\"inLanguage\":\"fr-FR\",\"potentialAction\":[{\"@type\":\"CommentAction\",\"name\":\"Comment\",\"target\":[\"https:\/\/www.africa-press.net\/congo-brazzaville\/toutes-les-actualites\/zones-humides-les-congolais-invites-a-proteger-les-lieux-de-contact-entre-la-terre-et-leau#respond\"]}]},{\"@type\":\"WebPage\",\"@id\":\"https:\/\/www.africa-press.net\/congo-brazzaville\/toutes-les-actualites\/zones-humides-les-congolais-invites-a-proteger-les-lieux-de-contact-entre-la-terre-et-leau\",\"url\":\"https:\/\/www.africa-press.net\/congo-brazzaville\/toutes-les-actualites\/zones-humides-les-congolais-invites-a-proteger-les-lieux-de-contact-entre-la-terre-et-leau\",\"name\":\"Zones humides : les Congolais invit\u00e9s \u00e0 prot\u00e9ger les lieux de contact entre la terre et l\u2019eau - Congo Brazzaville\",\"isPartOf\":{\"@id\":\"https:\/\/www.africa-press.net\/congo-brazzaville\/#website\"},\"primaryImageOfPage\":{\"@id\":\"https:\/\/www.africa-press.net\/congo-brazzaville\/toutes-les-actualites\/zones-humides-les-congolais-invites-a-proteger-les-lieux-de-contact-entre-la-terre-et-leau#primaryimage\"},\"image\":{\"@id\":\"https:\/\/www.africa-press.net\/congo-brazzaville\/toutes-les-actualites\/zones-humides-les-congolais-invites-a-proteger-les-lieux-de-contact-entre-la-terre-et-leau#primaryimage\"},\"thumbnailUrl\":\"https:\/\/static.africa-press.net\/congo-brazzaville\/sites\/51\/2023\/02\/postQueueImg_1675261925.18.jpg\",\"datePublished\":\"2023-02-01T18:02:01+00:00\",\"dateModified\":\"2023-02-01T20:19:33+00:00\",\"author\":{\"@id\":\"https:\/\/www.africa-press.net\/congo-brazzaville\/#\/schema\/person\/2b1cf3cd81a31e3cd26889ca66d677f1\"},\"description\":\"Dans le cadre de la ce\u0301le\u0301bration chaque 2 fe\u0301vrier de la Journe\u0301e mondiale sur les zones humides, la ministre de ...\",\"breadcrumb\":{\"@id\":\"https:\/\/www.africa-press.net\/congo-brazzaville\/toutes-les-actualites\/zones-humides-les-congolais-invites-a-proteger-les-lieux-de-contact-entre-la-terre-et-leau#breadcrumb\"},\"inLanguage\":\"fr-FR\",\"potentialAction\":[{\"@type\":\"ReadAction\",\"target\":[\"https:\/\/www.africa-press.net\/congo-brazzaville\/toutes-les-actualites\/zones-humides-les-congolais-invites-a-proteger-les-lieux-de-contact-entre-la-terre-et-leau\"]}]},{\"@type\":\"ImageObject\",\"inLanguage\":\"fr-FR\",\"@id\":\"https:\/\/www.africa-press.net\/congo-brazzaville\/toutes-les-actualites\/zones-humides-les-congolais-invites-a-proteger-les-lieux-de-contact-entre-la-terre-et-leau#primaryimage\",\"url\":\"https:\/\/static.africa-press.net\/congo-brazzaville\/sites\/51\/2023\/02\/postQueueImg_1675261925.18.jpg\",\"contentUrl\":\"https:\/\/static.africa-press.net\/congo-brazzaville\/sites\/51\/2023\/02\/postQueueImg_1675261925.18.jpg\",\"width\":1155,\"height\":768,\"caption\":\"Zones humides : les Congolais invit\u00e9s \u00e0 prot\u00e9ger les lieux de contact entre la terre et l\u2019eau\"},{\"@type\":\"BreadcrumbList\",\"@id\":\"https:\/\/www.africa-press.net\/congo-brazzaville\/toutes-les-actualites\/zones-humides-les-congolais-invites-a-proteger-les-lieux-de-contact-entre-la-terre-et-leau#breadcrumb\",\"itemListElement\":[{\"@type\":\"ListItem\",\"position\":1,\"name\":\"Accueil\",\"item\":\"https:\/\/www.africa-press.net\/congo-brazzaville\/\"},{\"@type\":\"ListItem\",\"position\":2,\"name\":\"Zones humides : les Congolais invit\u00e9s \u00e0 prot\u00e9ger les lieux de contact entre la terre et l\u2019eau\"}]},{\"@type\":\"WebSite\",\"@id\":\"https:\/\/www.africa-press.net\/congo-brazzaville\/#website\",\"url\":\"https:\/\/www.africa-press.net\/congo-brazzaville\/\",\"name\":\"Congo Brazzaville\",\"description\":\"Just another Africa News Agency Sites site\",\"potentialAction\":[{\"@type\":\"SearchAction\",\"target\":{\"@type\":\"EntryPoint\",\"urlTemplate\":\"https:\/\/www.africa-press.net\/congo-brazzaville\/?s={search_term_string}\"},\"query-input\":{\"@type\":\"PropertyValueSpecification\",\"valueRequired\":true,\"valueName\":\"search_term_string\"}}],\"inLanguage\":\"fr-FR\"},{\"@type\":\"Person\",\"@id\":\"https:\/\/www.africa-press.net\/congo-brazzaville\/#\/schema\/person\/2b1cf3cd81a31e3cd26889ca66d677f1\",\"name\":\"cfeditorfr\"}]}<\/script>\n<!-- \/ Yoast SEO Premium plugin. -->","yoast_head_json":{"title":"Zones humides : les Congolais invit\u00e9s \u00e0 prot\u00e9ger les lieux de contact entre la terre et l\u2019eau - Congo Brazzaville","description":"Dans le cadre de la ce\u0301le\u0301bration chaque 2 fe\u0301vrier de la Journe\u0301e mondiale sur les zones humides, la ministre de ...","robots":{"index":"index","follow":"follow","max-snippet":"max-snippet:-1","max-image-preview":"max-image-preview:large","max-video-preview":"max-video-preview:-1"},"canonical":"https:\/\/www.africa-press.net\/congo-brazzaville\/toutes-les-actualites\/zones-humides-les-congolais-invites-a-proteger-les-lieux-de-contact-entre-la-terre-et-leau","og_locale":"fr_FR","og_type":"article","og_title":"Zones humides : les Congolais invit\u00e9s \u00e0 prot\u00e9ger les lieux de contact entre la terre et l\u2019eau","og_description":"Dans le cadre de la ce\u0301le\u0301bration chaque 2 fe\u0301vrier de la Journe\u0301e mondiale sur les zones humides, la ministre de ...","og_url":"https:\/\/www.africa-press.net\/congo-brazzaville\/toutes-les-actualites\/zones-humides-les-congolais-invites-a-proteger-les-lieux-de-contact-entre-la-terre-et-leau","og_site_name":"Congo Brazzaville","article_published_time":"2023-02-01T18:02:01+00:00","article_modified_time":"2023-02-01T20:19:33+00:00","og_image":[{"width":1155,"height":768,"url":"https:\/\/static.africa-press.net\/congo-brazzaville\/sites\/51\/2023\/02\/postQueueImg_1675261925.18.jpg","type":"image\/jpeg"}],"author":"cfeditorfr","twitter_card":"summary_large_image","twitter_misc":{"\u00c9crit par":"cfeditorfr","Dur\u00e9e de lecture estim\u00e9e":"3 minutes"},"schema":{"@context":"https:\/\/schema.org","@graph":[{"@type":"Article","@id":"https:\/\/www.africa-press.net\/congo-brazzaville\/toutes-les-actualites\/zones-humides-les-congolais-invites-a-proteger-les-lieux-de-contact-entre-la-terre-et-leau#article","isPartOf":{"@id":"https:\/\/www.africa-press.net\/congo-brazzaville\/toutes-les-actualites\/zones-humides-les-congolais-invites-a-proteger-les-lieux-de-contact-entre-la-terre-et-leau"},"author":{"name":"cfeditorfr","@id":"https:\/\/www.africa-press.net\/congo-brazzaville\/#\/schema\/person\/2b1cf3cd81a31e3cd26889ca66d677f1"},"headline":"Zones humides : les Congolais invit\u00e9s \u00e0 prot\u00e9ger les lieux de contact entre la terre et l\u2019eau","datePublished":"2023-02-01T18:02:01+00:00","dateModified":"2023-02-01T20:19:33+00:00","mainEntityOfPage":{"@id":"https:\/\/www.africa-press.net\/congo-brazzaville\/toutes-les-actualites\/zones-humides-les-congolais-invites-a-proteger-les-lieux-de-contact-entre-la-terre-et-leau"},"wordCount":649,"commentCount":0,"image":{"@id":"https:\/\/www.africa-press.net\/congo-brazzaville\/toutes-les-actualites\/zones-humides-les-congolais-invites-a-proteger-les-lieux-de-contact-entre-la-terre-et-leau#primaryimage"},"thumbnailUrl":"https:\/\/static.africa-press.net\/congo-brazzaville\/sites\/51\/2023\/02\/postQueueImg_1675261925.18.jpg","keywords":["Africa Press","Africa Press-Congo Brazzaville","Congo Brazzaville"],"articleSection":["Communaut\u00e9","Toutes les actualit\u00e9s"],"inLanguage":"fr-FR","potentialAction":[{"@type":"CommentAction","name":"Comment","target":["https:\/\/www.africa-press.net\/congo-brazzaville\/toutes-les-actualites\/zones-humides-les-congolais-invites-a-proteger-les-lieux-de-contact-entre-la-terre-et-leau#respond"]}]},{"@type":"WebPage","@id":"https:\/\/www.africa-press.net\/congo-brazzaville\/toutes-les-actualites\/zones-humides-les-congolais-invites-a-proteger-les-lieux-de-contact-entre-la-terre-et-leau","url":"https:\/\/www.africa-press.net\/congo-brazzaville\/toutes-les-actualites\/zones-humides-les-congolais-invites-a-proteger-les-lieux-de-contact-entre-la-terre-et-leau","name":"Zones humides : les Congolais invit\u00e9s \u00e0 prot\u00e9ger les lieux de contact entre la terre et l\u2019eau - Congo Brazzaville","isPartOf":{"@id":"https:\/\/www.africa-press.net\/congo-brazzaville\/#website"},"primaryImageOfPage":{"@id":"https:\/\/www.africa-press.net\/congo-brazzaville\/toutes-les-actualites\/zones-humides-les-congolais-invites-a-proteger-les-lieux-de-contact-entre-la-terre-et-leau#primaryimage"},"image":{"@id":"https:\/\/www.africa-press.net\/congo-brazzaville\/toutes-les-actualites\/zones-humides-les-congolais-invites-a-proteger-les-lieux-de-contact-entre-la-terre-et-leau#primaryimage"},"thumbnailUrl":"https:\/\/static.africa-press.net\/congo-brazzaville\/sites\/51\/2023\/02\/postQueueImg_1675261925.18.jpg","datePublished":"2023-02-01T18:02:01+00:00","dateModified":"2023-02-01T20:19:33+00:00","author":{"@id":"https:\/\/www.africa-press.net\/congo-brazzaville\/#\/schema\/person\/2b1cf3cd81a31e3cd26889ca66d677f1"},"description":"Dans le cadre de la ce\u0301le\u0301bration chaque 2 fe\u0301vrier de la Journe\u0301e mondiale sur les zones humides, la ministre de ...","breadcrumb":{"@id":"https:\/\/www.africa-press.net\/congo-brazzaville\/toutes-les-actualites\/zones-humides-les-congolais-invites-a-proteger-les-lieux-de-contact-entre-la-terre-et-leau#breadcrumb"},"inLanguage":"fr-FR","potentialAction":[{"@type":"ReadAction","target":["https:\/\/www.africa-press.net\/congo-brazzaville\/toutes-les-actualites\/zones-humides-les-congolais-invites-a-proteger-les-lieux-de-contact-entre-la-terre-et-leau"]}]},{"@type":"ImageObject","inLanguage":"fr-FR","@id":"https:\/\/www.africa-press.net\/congo-brazzaville\/toutes-les-actualites\/zones-humides-les-congolais-invites-a-proteger-les-lieux-de-contact-entre-la-terre-et-leau#primaryimage","url":"https:\/\/static.africa-press.net\/congo-brazzaville\/sites\/51\/2023\/02\/postQueueImg_1675261925.18.jpg","contentUrl":"https:\/\/static.africa-press.net\/congo-brazzaville\/sites\/51\/2023\/02\/postQueueImg_1675261925.18.jpg","width":1155,"height":768,"caption":"Zones humides : les Congolais invit\u00e9s \u00e0 prot\u00e9ger les lieux de contact entre la terre et l\u2019eau"},{"@type":"BreadcrumbList","@id":"https:\/\/www.africa-press.net\/congo-brazzaville\/toutes-les-actualites\/zones-humides-les-congolais-invites-a-proteger-les-lieux-de-contact-entre-la-terre-et-leau#breadcrumb","itemListElement":[{"@type":"ListItem","position":1,"name":"Accueil","item":"https:\/\/www.africa-press.net\/congo-brazzaville\/"},{"@type":"ListItem","position":2,"name":"Zones humides : les Congolais invit\u00e9s \u00e0 prot\u00e9ger les lieux de contact entre la terre et l\u2019eau"}]},{"@type":"WebSite","@id":"https:\/\/www.africa-press.net\/congo-brazzaville\/#website","url":"https:\/\/www.africa-press.net\/congo-brazzaville\/","name":"Congo Brazzaville","description":"Just another Africa News Agency Sites site","potentialAction":[{"@type":"SearchAction","target":{"@type":"EntryPoint","urlTemplate":"https:\/\/www.africa-press.net\/congo-brazzaville\/?s={search_term_string}"},"query-input":{"@type":"PropertyValueSpecification","valueRequired":true,"valueName":"search_term_string"}}],"inLanguage":"fr-FR"},{"@type":"Person","@id":"https:\/\/www.africa-press.net\/congo-brazzaville\/#\/schema\/person\/2b1cf3cd81a31e3cd26889ca66d677f1","name":"cfeditorfr"}]}},"_links":{"self":[{"href":"https:\/\/www.africa-press.net\/congo-brazzaville\/wp-json\/wp\/v2\/posts\/13995","targetHints":{"allow":["GET"]}}],"collection":[{"href":"https:\/\/www.africa-press.net\/congo-brazzaville\/wp-json\/wp\/v2\/posts"}],"about":[{"href":"https:\/\/www.africa-press.net\/congo-brazzaville\/wp-json\/wp\/v2\/types\/post"}],"author":[{"embeddable":true,"href":"https:\/\/www.africa-press.net\/congo-brazzaville\/wp-json\/wp\/v2\/users\/82"}],"replies":[{"embeddable":true,"href":"https:\/\/www.africa-press.net\/congo-brazzaville\/wp-json\/wp\/v2\/comments?post=13995"}],"version-history":[{"count":0,"href":"https:\/\/www.africa-press.net\/congo-brazzaville\/wp-json\/wp\/v2\/posts\/13995\/revisions"}],"wp:featuredmedia":[{"embeddable":true,"href":"https:\/\/www.africa-press.net\/congo-brazzaville\/wp-json\/wp\/v2\/media\/13994"}],"wp:attachment":[{"href":"https:\/\/www.africa-press.net\/congo-brazzaville\/wp-json\/wp\/v2\/media?parent=13995"}],"wp:term":[{"taxonomy":"category","embeddable":true,"href":"https:\/\/www.africa-press.net\/congo-brazzaville\/wp-json\/wp\/v2\/categories?post=13995"},{"taxonomy":"post_tag","embeddable":true,"href":"https:\/\/www.africa-press.net\/congo-brazzaville\/wp-json\/wp\/v2\/tags?post=13995"}],"curies":[{"name":"wp","href":"https:\/\/api.w.org\/{rel}","templated":true}]}}