{"id":14000,"date":"2023-02-01T18:02:12","date_gmt":"2023-02-01T18:02:12","guid":{"rendered":"https:\/\/www.africa-press.net\/congo-brazzaville\/politique\/distinction-trois-ecrivains-primes-par-les-editions-alliance-kongo"},"modified":"2023-02-01T20:20:31","modified_gmt":"2023-02-01T20:20:31","slug":"distinction-trois-ecrivains-primes-par-les-editions-alliance-kongo","status":"publish","type":"post","link":"https:\/\/www.africa-press.net\/congo-brazzaville\/culture-et-art\/distinction-trois-ecrivains-primes-par-les-editions-alliance-kongo","title":{"rendered":"Distinction :  trois \u00e9crivains prim\u00e9s par les \u00e9ditions Alliance Kongo"},"content":{"rendered":"<p><span style=\"color: #ff6600\"><strong>Africa-Press &#8211; Congo Brazzaville. <\/strong><\/span><b>A l\u2019occasion de la ce\u0301le\u0301bration des sept ans des e\u0301ditions \u201cAlliance Kongo\u201d, la direction ge\u0301ne\u0301rale de cette maison d\u2019e\u0301dition conduite par Ramse\u0300s Bongolo a juge\u0301 bon de primer des auteurs qui font la promotion de la litte\u0301rature congolaise. <\/b><\/p>\n<p>La premie\u0300re e\u0301dition du grand Prix culturel Alliance Kongo, organise\u0301e par la maison d\u2019e\u0301dition e\u0301ponyme, a prime\u0301 trois auteurs dans trois cate\u0301gories diffe\u0301rentes. Il s\u2019agit du Pr Kadima Mukala Nzuji, dans la cate\u0301gorie Critique litte\u0301raire, pour l\u2019ensemble de son \u0153uvre ; Jean Franc\u0327ois Onday-Akie\u0301ra, dans la cate\u0301gorie Conservation du patrimoine culturel, et Winner Dimixson Perfection, dans la cate\u0301gorie Meilleure e\u0301crivaine de l\u2019anne\u0301e 2022. Ces prix remis a\u0300 ces grands esprits, a souligne\u0301 son organisateur, Ramse\u0300s Bongolo, ne sont pas des prix remis par simple plaisir ou par copinage. Ces auteurs sont reconnus de\u0301ja\u0300 ailleurs.<\/p>\n<p>Franc\u0327ois Onday-Akie\u0301ra, prime\u0301 dans la cate\u0301gorie \u201cConservation du patrimoine culturel\u201d pour son roman Mwana Okwe\u0300met, le fe\u0301tiche et le destin, pour avoir ravive\u0301 les liens manquants de l\u2019histoire du Congo, la me\u0301moire surtout des populations du nord Congo qui ont subi les affres de la colonisation, a lui aussi re\u0301agi. \u00ab On dit souvent, jamais un sans deux. C\u2019est pour dire que la qualite\u0301 du roman a attire\u0301 l\u2019attention de l\u2019e\u0301lite litte\u0301raire congolaise, particulie\u0300rement de l\u2019Alliance Kongo qui s\u2019est re\u0301unie et a pense\u0301 que \u00ab\u00a0Mwana Okwe\u0300met, le fe\u0301tiche et le destin\u00a0\u00bb, me\u0301ritait de remporter ce prix. C\u2019est donc pour moi un honneur, car jamais un sans deux, et nous pensons que c\u0327a sera deux sans trois \u00bb, a-t-il souhaite\u0301.<\/p>\n<p>Apre\u0300s son sacre, Winner Dimixson Perfection a remercie\u0301 Dieu ainsi que les e\u0301ditions Alliance Kongo pour ce grand Prix culturel Alliance Kongo le trophe\u0301e des lumie\u0300res. Seul un ge\u0301nie peut reconnai\u0302tre et admettre un ge\u0301nie, a-t-elle dit, et seule une vraie lumie\u0300re peut honorer une lumie\u0300re. \u00ab Ramse\u0300s Bongolo est un ge\u0301nie, Ramse\u0300s Bongolo est un e\u0302tre e\u0301pris de justice, d\u2019e\u0301quite\u0301. Malheureusement l\u2019Afrique ne connai\u0302t pas ses valeurs, l\u2019Afrique devait parler en termes d\u2019expe\u0301rience, de prospe\u0301rite\u0301, de jeunesse e\u0301ternelle, malheureusement l\u2019Afrique est daltonienne, l\u2019Afrique souffre de myopie, double\u0301e de l\u2019hyperme\u0301tropie, et me\u0301connai\u0302t les valeurs, me\u0301prise les ge\u0301nies, tente a\u0300 adulte\u0301rer les lumie\u0300res \u00bb, a-t-elle martele\u0301.<\/p>\n<p>Pour le directeur des e\u0301ditions Alliance Kongo, \u00ab l\u2019enfant quand il atteint un certain a\u0302ge, il de\u0301veloppe d\u2019autres caracte\u0300res, une nouvelle nature. Nous sommes a\u0300 notre premie\u0300re e\u0301dition de remise des prix. Cependant, la maison d\u2019e\u0301dition est a\u0300 sa septie\u0300me anne\u0301e. Nous irons d\u2019e\u0301dition en e\u0301dition pour primer les meilleurs. C\u2019est le prix e\u0301litiste, un prix d\u2019honneur, d\u2019excellence que nous donnons a\u0300 toutes ces grandes a\u0302mes qui me\u0301ritent d\u2019e\u0302tre valorise\u0301es \u00bb, a-t-il explique\u0301.<\/p>\n<p>Notons que la ce\u0301re\u0301monie de remise des prix a e\u0301te\u0301 pre\u0301ce\u0301de\u0301e par un colloque sur l\u2019e\u0301crivaine Winner Dimixson Perfection et son \u0153uvre. Pre\u0300s d\u2019une dizaine des participants dont les professeurs d\u2019universite\u0301 Marien Ngouabi ont planche\u0301 sur le sujet. Le directeur de la maison d\u2019e\u0301dition Alliance Kongo, Ramse\u0300s Bongolo, les a remercie\u0301s. \u00ab Nous remercions tous ces professeurs pour avoir fait confiance a\u0300 Alliance Kongo et qui de par leur pre\u0301sence ont prouve\u0301 que la litte\u0301rature ne sera jamais morte au Congo. Et malgre\u0301 les pluies, nous avancerons pour soutenir notre culture, pour soutenir notre litte\u0301rature \u00bb, a-t-il de\u0301clare\u0301.<\/p>\n\r\n                <style type=\"text\/css\">\r\n                    \r\n                    #td_uid_1_69eedfdec4f4e  .td-doubleSlider-2 .td-item1 {\r\n                        background: url(https:\/\/static.africa-press.net\/congo-brazzaville\/sites\/51\/2023\/02\/postMediaimg_65_1-80x60.jpg) 0 0 no-repeat;\r\n                    }\r\n                    #td_uid_1_69eedfdec4f4e  .td-doubleSlider-2 .td-item2 {\r\n                        background: url(https:\/\/static.africa-press.net\/congo-brazzaville\/sites\/51\/2023\/02\/postMediaimg_65_2-80x60.jpg) 0 0 no-repeat;\r\n                    }\r\n                <\/style>\r\n\r\n                <div id=\"td_uid_1_69eedfdec4f4e\" class=\"td-gallery td-slide-on-2-columns\">\r\n                    <div class=\"post_td_gallery\">\r\n                        <div class=\"td-gallery-slide-top\">\r\n                           <div class=\"td-gallery-title\"><\/div>\r\n\r\n                            <div class=\"td-gallery-controls-wrapper\">\r\n                                <div class=\"td-gallery-slide-count\"><span class=\"td-gallery-slide-item-focus\">1<\/span> de 2<\/div>\r\n                                <div class=\"td-gallery-slide-prev-next-but\">\r\n                                    <i class = \"td-icon-left doubleSliderPrevButton\"><\/i>\r\n                                    <i class = \"td-icon-right doubleSliderNextButton\"><\/i>\r\n                                <\/div>\r\n                            <\/div>\r\n                        <\/div>\r\n\r\n                        <div class = \"td-doubleSlider-1 \">\r\n                            <div class = \"td-slider\">\r\n                                \r\n                    <div class = \"td-slide-item td-item1\">\r\n                        <figure class=\"td-slide-galery-figure td-slide-popup-gallery\">\r\n                            <a class=\"slide-gallery-image-link\" href=\"https:\/\/static.africa-press.net\/congo-brazzaville\/sites\/51\/2023\/02\/postMediaimg_65_1.jpg\" title=\"postMediaimg_65_1\"  data-caption=\"\"  data-description=\"\">\r\n                                <img decoding=\"async\" src=\"https:\/\/static.africa-press.net\/congo-brazzaville\/sites\/51\/2023\/02\/postMediaimg_65_1.jpg\" srcset=\"https:\/\/static.africa-press.net\/congo-brazzaville\/sites\/51\/2023\/02\/postMediaimg_65_1.jpg 776w, https:\/\/static.africa-press.net\/congo-brazzaville\/sites\/51\/2023\/02\/postMediaimg_65_1-300x236.jpg 300w, https:\/\/static.africa-press.net\/congo-brazzaville\/sites\/51\/2023\/02\/postMediaimg_65_1-768x604.jpg 768w\" sizes=\"(max-width: 776px) 100vw, 776px\" alt=\"\">\r\n                            <\/a>\r\n                            \r\n                        <\/figure>\r\n                    <\/div>\r\n                    <div class = \"td-slide-item td-item2\">\r\n                        <figure class=\"td-slide-galery-figure td-slide-popup-gallery\">\r\n                            <a class=\"slide-gallery-image-link\" href=\"https:\/\/static.africa-press.net\/congo-brazzaville\/sites\/51\/2023\/02\/postMediaimg_65_2.jpg\" title=\"postMediaimg_65_2\"  data-caption=\"\"  data-description=\"\">\r\n                                <img decoding=\"async\" src=\"https:\/\/static.africa-press.net\/congo-brazzaville\/sites\/51\/2023\/02\/postMediaimg_65_2.jpg\" srcset=\"https:\/\/static.africa-press.net\/congo-brazzaville\/sites\/51\/2023\/02\/postMediaimg_65_2.jpg 461w, https:\/\/static.africa-press.net\/congo-brazzaville\/sites\/51\/2023\/02\/postMediaimg_65_2-300x278.jpg 300w\" sizes=\"(max-width: 461px) 100vw, 461px\" alt=\"\">\r\n                            <\/a>\r\n                            \r\n                        <\/figure>\r\n                    <\/div>\r\n                            <\/div>\r\n                        <\/div>\r\n\r\n                        <div class = \"td-doubleSlider-2\">\r\n                            <div class = \"td-slider\">\r\n                                \r\n                    <div class = \"td-button td-item1\">\r\n                        <div class = \"td-border\"><\/div>\r\n                    <\/div>\r\n                    <div class = \"td-button td-item2\">\r\n                        <div class = \"td-border\"><\/div>\r\n                    <\/div>\r\n                            <\/div>\r\n                        <\/div>\r\n\r\n                    <\/div>\r\n\r\n                <\/div>\r\n                \n<p><strong>Pour plus d&rsquo;informations et d&rsquo;analyses sur la <a href=\"https:\/\/www.africa-press.net\/congo-brazzaville\">Congo Brazzaville<\/a>, suivez <a href=\"https:\/\/www.africa-press.net\/\">Africa-Press<\/a><\/strong><\/p>\n","protected":false},"excerpt":{"rendered":"<p>Africa-Press &#8211; Congo Brazzaville. A l\u2019occasion de la ce\u0301le\u0301bration des sept ans des e\u0301ditions \u201cAlliance Kongo\u201d, la direction ge\u0301ne\u0301rale de cette maison d\u2019e\u0301dition conduite par Ramse\u0300s Bongolo a juge\u0301 bon de primer des auteurs qui font la promotion de la litte\u0301rature congolaise. La premie\u0300re e\u0301dition du grand Prix culturel Alliance Kongo, organise\u0301e par la maison [&hellip;]<\/p>\n","protected":false},"author":82,"featured_media":13999,"comment_status":"open","ping_status":"closed","sticky":false,"template":"","format":"standard","meta":{"footnotes":""},"categories":[5,8,10],"tags":[36,47,46],"class_list":["post-14000","post","type-post","status-publish","format-standard","has-post-thumbnail","hentry","category-culture-et-art","category-photo","category-toutes-les-actualites","tag-africa-press","tag-africa-press-congo-brazzaville","tag-congo-brazzaville"],"yoast_head":"<!-- This site is optimized with the Yoast SEO Premium plugin v26.1 (Yoast SEO v27.0) - https:\/\/yoast.com\/product\/yoast-seo-premium-wordpress\/ -->\n<title>Distinction : trois \u00e9crivains prim\u00e9s par les \u00e9ditions Alliance Kongo - Congo Brazzaville<\/title>\n<meta name=\"description\" content=\"A l\u2019occasion de la ce\u0301le\u0301bration des sept ans des e\u0301ditions \u201cAlliance Kongo\u201d, la direction ge\u0301ne\u0301rale de cette maison ...\" \/>\n<meta name=\"robots\" content=\"index, follow, max-snippet:-1, max-image-preview:large, max-video-preview:-1\" \/>\n<link rel=\"canonical\" href=\"https:\/\/www.africa-press.net\/congo-brazzaville\/culture-et-art\/distinction-trois-ecrivains-primes-par-les-editions-alliance-kongo\" \/>\n<meta property=\"og:locale\" content=\"fr_FR\" \/>\n<meta property=\"og:type\" content=\"article\" \/>\n<meta property=\"og:title\" content=\"Distinction : trois \u00e9crivains prim\u00e9s par les \u00e9ditions Alliance Kongo\" \/>\n<meta property=\"og:description\" content=\"A l\u2019occasion de la ce\u0301le\u0301bration des sept ans des e\u0301ditions \u201cAlliance Kongo\u201d, la direction ge\u0301ne\u0301rale de cette maison ...\" \/>\n<meta property=\"og:url\" content=\"https:\/\/www.africa-press.net\/congo-brazzaville\/culture-et-art\/distinction-trois-ecrivains-primes-par-les-editions-alliance-kongo\" \/>\n<meta property=\"og:site_name\" content=\"Congo Brazzaville\" \/>\n<meta property=\"article:published_time\" content=\"2023-02-01T18:02:12+00:00\" \/>\n<meta property=\"article:modified_time\" content=\"2023-02-01T20:20:31+00:00\" \/>\n<meta property=\"og:image\" content=\"https:\/\/static.africa-press.net\/congo-brazzaville\/sites\/51\/2023\/02\/postQueueImg_1675261980.11.jpg\" \/>\n\t<meta property=\"og:image:width\" content=\"1280\" \/>\n\t<meta property=\"og:image:height\" content=\"720\" \/>\n\t<meta property=\"og:image:type\" content=\"image\/jpeg\" \/>\n<meta name=\"author\" content=\"cfeditorfr\" \/>\n<meta name=\"twitter:card\" content=\"summary_large_image\" \/>\n<meta name=\"twitter:label1\" content=\"\u00c9crit par\" \/>\n\t<meta name=\"twitter:data1\" content=\"cfeditorfr\" \/>\n\t<meta name=\"twitter:label2\" content=\"Dur\u00e9e de lecture estim\u00e9e\" \/>\n\t<meta name=\"twitter:data2\" content=\"3 minutes\" \/>\n<script type=\"application\/ld+json\" class=\"yoast-schema-graph\">{\"@context\":\"https:\/\/schema.org\",\"@graph\":[{\"@type\":\"Article\",\"@id\":\"https:\/\/www.africa-press.net\/congo-brazzaville\/culture-et-art\/distinction-trois-ecrivains-primes-par-les-editions-alliance-kongo#article\",\"isPartOf\":{\"@id\":\"https:\/\/www.africa-press.net\/congo-brazzaville\/culture-et-art\/distinction-trois-ecrivains-primes-par-les-editions-alliance-kongo\"},\"author\":{\"name\":\"cfeditorfr\",\"@id\":\"https:\/\/www.africa-press.net\/congo-brazzaville\/#\/schema\/person\/2b1cf3cd81a31e3cd26889ca66d677f1\"},\"headline\":\"Distinction : trois \u00e9crivains prim\u00e9s par les \u00e9ditions Alliance Kongo\",\"datePublished\":\"2023-02-01T18:02:12+00:00\",\"dateModified\":\"2023-02-01T20:20:31+00:00\",\"mainEntityOfPage\":{\"@id\":\"https:\/\/www.africa-press.net\/congo-brazzaville\/culture-et-art\/distinction-trois-ecrivains-primes-par-les-editions-alliance-kongo\"},\"wordCount\":684,\"commentCount\":0,\"image\":{\"@id\":\"https:\/\/www.africa-press.net\/congo-brazzaville\/culture-et-art\/distinction-trois-ecrivains-primes-par-les-editions-alliance-kongo#primaryimage\"},\"thumbnailUrl\":\"https:\/\/static.africa-press.net\/congo-brazzaville\/sites\/51\/2023\/02\/postQueueImg_1675261980.11.jpg\",\"keywords\":[\"Africa Press\",\"Africa Press-Congo Brazzaville\",\"Congo Brazzaville\"],\"articleSection\":[\"Culture et Art\",\"Photo\",\"Toutes les actualit\u00e9s\"],\"inLanguage\":\"fr-FR\",\"potentialAction\":[{\"@type\":\"CommentAction\",\"name\":\"Comment\",\"target\":[\"https:\/\/www.africa-press.net\/congo-brazzaville\/culture-et-art\/distinction-trois-ecrivains-primes-par-les-editions-alliance-kongo#respond\"]}]},{\"@type\":\"WebPage\",\"@id\":\"https:\/\/www.africa-press.net\/congo-brazzaville\/culture-et-art\/distinction-trois-ecrivains-primes-par-les-editions-alliance-kongo\",\"url\":\"https:\/\/www.africa-press.net\/congo-brazzaville\/culture-et-art\/distinction-trois-ecrivains-primes-par-les-editions-alliance-kongo\",\"name\":\"Distinction : trois \u00e9crivains prim\u00e9s par les \u00e9ditions Alliance Kongo - Congo Brazzaville\",\"isPartOf\":{\"@id\":\"https:\/\/www.africa-press.net\/congo-brazzaville\/#website\"},\"primaryImageOfPage\":{\"@id\":\"https:\/\/www.africa-press.net\/congo-brazzaville\/culture-et-art\/distinction-trois-ecrivains-primes-par-les-editions-alliance-kongo#primaryimage\"},\"image\":{\"@id\":\"https:\/\/www.africa-press.net\/congo-brazzaville\/culture-et-art\/distinction-trois-ecrivains-primes-par-les-editions-alliance-kongo#primaryimage\"},\"thumbnailUrl\":\"https:\/\/static.africa-press.net\/congo-brazzaville\/sites\/51\/2023\/02\/postQueueImg_1675261980.11.jpg\",\"datePublished\":\"2023-02-01T18:02:12+00:00\",\"dateModified\":\"2023-02-01T20:20:31+00:00\",\"author\":{\"@id\":\"https:\/\/www.africa-press.net\/congo-brazzaville\/#\/schema\/person\/2b1cf3cd81a31e3cd26889ca66d677f1\"},\"description\":\"A l\u2019occasion de la ce\u0301le\u0301bration des sept ans des e\u0301ditions \u201cAlliance Kongo\u201d, la direction ge\u0301ne\u0301rale de cette maison ...\",\"breadcrumb\":{\"@id\":\"https:\/\/www.africa-press.net\/congo-brazzaville\/culture-et-art\/distinction-trois-ecrivains-primes-par-les-editions-alliance-kongo#breadcrumb\"},\"inLanguage\":\"fr-FR\",\"potentialAction\":[{\"@type\":\"ReadAction\",\"target\":[\"https:\/\/www.africa-press.net\/congo-brazzaville\/culture-et-art\/distinction-trois-ecrivains-primes-par-les-editions-alliance-kongo\"]}]},{\"@type\":\"ImageObject\",\"inLanguage\":\"fr-FR\",\"@id\":\"https:\/\/www.africa-press.net\/congo-brazzaville\/culture-et-art\/distinction-trois-ecrivains-primes-par-les-editions-alliance-kongo#primaryimage\",\"url\":\"https:\/\/static.africa-press.net\/congo-brazzaville\/sites\/51\/2023\/02\/postQueueImg_1675261980.11.jpg\",\"contentUrl\":\"https:\/\/static.africa-press.net\/congo-brazzaville\/sites\/51\/2023\/02\/postQueueImg_1675261980.11.jpg\",\"width\":1280,\"height\":720,\"caption\":\"Distinction : trois \u00e9crivains prim\u00e9s par les \u00e9ditions Alliance Kongo\"},{\"@type\":\"BreadcrumbList\",\"@id\":\"https:\/\/www.africa-press.net\/congo-brazzaville\/culture-et-art\/distinction-trois-ecrivains-primes-par-les-editions-alliance-kongo#breadcrumb\",\"itemListElement\":[{\"@type\":\"ListItem\",\"position\":1,\"name\":\"Accueil\",\"item\":\"https:\/\/www.africa-press.net\/congo-brazzaville\/\"},{\"@type\":\"ListItem\",\"position\":2,\"name\":\"Distinction : trois \u00e9crivains prim\u00e9s par les \u00e9ditions Alliance Kongo\"}]},{\"@type\":\"WebSite\",\"@id\":\"https:\/\/www.africa-press.net\/congo-brazzaville\/#website\",\"url\":\"https:\/\/www.africa-press.net\/congo-brazzaville\/\",\"name\":\"Congo Brazzaville\",\"description\":\"Just another Africa News Agency Sites site\",\"potentialAction\":[{\"@type\":\"SearchAction\",\"target\":{\"@type\":\"EntryPoint\",\"urlTemplate\":\"https:\/\/www.africa-press.net\/congo-brazzaville\/?s={search_term_string}\"},\"query-input\":{\"@type\":\"PropertyValueSpecification\",\"valueRequired\":true,\"valueName\":\"search_term_string\"}}],\"inLanguage\":\"fr-FR\"},{\"@type\":\"Person\",\"@id\":\"https:\/\/www.africa-press.net\/congo-brazzaville\/#\/schema\/person\/2b1cf3cd81a31e3cd26889ca66d677f1\",\"name\":\"cfeditorfr\"}]}<\/script>\n<!-- \/ Yoast SEO Premium plugin. -->","yoast_head_json":{"title":"Distinction : trois \u00e9crivains prim\u00e9s par les \u00e9ditions Alliance Kongo - Congo Brazzaville","description":"A l\u2019occasion de la ce\u0301le\u0301bration des sept ans des e\u0301ditions \u201cAlliance Kongo\u201d, la direction ge\u0301ne\u0301rale de cette maison ...","robots":{"index":"index","follow":"follow","max-snippet":"max-snippet:-1","max-image-preview":"max-image-preview:large","max-video-preview":"max-video-preview:-1"},"canonical":"https:\/\/www.africa-press.net\/congo-brazzaville\/culture-et-art\/distinction-trois-ecrivains-primes-par-les-editions-alliance-kongo","og_locale":"fr_FR","og_type":"article","og_title":"Distinction : trois \u00e9crivains prim\u00e9s par les \u00e9ditions Alliance Kongo","og_description":"A l\u2019occasion de la ce\u0301le\u0301bration des sept ans des e\u0301ditions \u201cAlliance Kongo\u201d, la direction ge\u0301ne\u0301rale de cette maison ...","og_url":"https:\/\/www.africa-press.net\/congo-brazzaville\/culture-et-art\/distinction-trois-ecrivains-primes-par-les-editions-alliance-kongo","og_site_name":"Congo Brazzaville","article_published_time":"2023-02-01T18:02:12+00:00","article_modified_time":"2023-02-01T20:20:31+00:00","og_image":[{"width":1280,"height":720,"url":"https:\/\/static.africa-press.net\/congo-brazzaville\/sites\/51\/2023\/02\/postQueueImg_1675261980.11.jpg","type":"image\/jpeg"}],"author":"cfeditorfr","twitter_card":"summary_large_image","twitter_misc":{"\u00c9crit par":"cfeditorfr","Dur\u00e9e de lecture estim\u00e9e":"3 minutes"},"schema":{"@context":"https:\/\/schema.org","@graph":[{"@type":"Article","@id":"https:\/\/www.africa-press.net\/congo-brazzaville\/culture-et-art\/distinction-trois-ecrivains-primes-par-les-editions-alliance-kongo#article","isPartOf":{"@id":"https:\/\/www.africa-press.net\/congo-brazzaville\/culture-et-art\/distinction-trois-ecrivains-primes-par-les-editions-alliance-kongo"},"author":{"name":"cfeditorfr","@id":"https:\/\/www.africa-press.net\/congo-brazzaville\/#\/schema\/person\/2b1cf3cd81a31e3cd26889ca66d677f1"},"headline":"Distinction : trois \u00e9crivains prim\u00e9s par les \u00e9ditions Alliance Kongo","datePublished":"2023-02-01T18:02:12+00:00","dateModified":"2023-02-01T20:20:31+00:00","mainEntityOfPage":{"@id":"https:\/\/www.africa-press.net\/congo-brazzaville\/culture-et-art\/distinction-trois-ecrivains-primes-par-les-editions-alliance-kongo"},"wordCount":684,"commentCount":0,"image":{"@id":"https:\/\/www.africa-press.net\/congo-brazzaville\/culture-et-art\/distinction-trois-ecrivains-primes-par-les-editions-alliance-kongo#primaryimage"},"thumbnailUrl":"https:\/\/static.africa-press.net\/congo-brazzaville\/sites\/51\/2023\/02\/postQueueImg_1675261980.11.jpg","keywords":["Africa Press","Africa Press-Congo Brazzaville","Congo Brazzaville"],"articleSection":["Culture et Art","Photo","Toutes les actualit\u00e9s"],"inLanguage":"fr-FR","potentialAction":[{"@type":"CommentAction","name":"Comment","target":["https:\/\/www.africa-press.net\/congo-brazzaville\/culture-et-art\/distinction-trois-ecrivains-primes-par-les-editions-alliance-kongo#respond"]}]},{"@type":"WebPage","@id":"https:\/\/www.africa-press.net\/congo-brazzaville\/culture-et-art\/distinction-trois-ecrivains-primes-par-les-editions-alliance-kongo","url":"https:\/\/www.africa-press.net\/congo-brazzaville\/culture-et-art\/distinction-trois-ecrivains-primes-par-les-editions-alliance-kongo","name":"Distinction : trois \u00e9crivains prim\u00e9s par les \u00e9ditions Alliance Kongo - Congo Brazzaville","isPartOf":{"@id":"https:\/\/www.africa-press.net\/congo-brazzaville\/#website"},"primaryImageOfPage":{"@id":"https:\/\/www.africa-press.net\/congo-brazzaville\/culture-et-art\/distinction-trois-ecrivains-primes-par-les-editions-alliance-kongo#primaryimage"},"image":{"@id":"https:\/\/www.africa-press.net\/congo-brazzaville\/culture-et-art\/distinction-trois-ecrivains-primes-par-les-editions-alliance-kongo#primaryimage"},"thumbnailUrl":"https:\/\/static.africa-press.net\/congo-brazzaville\/sites\/51\/2023\/02\/postQueueImg_1675261980.11.jpg","datePublished":"2023-02-01T18:02:12+00:00","dateModified":"2023-02-01T20:20:31+00:00","author":{"@id":"https:\/\/www.africa-press.net\/congo-brazzaville\/#\/schema\/person\/2b1cf3cd81a31e3cd26889ca66d677f1"},"description":"A l\u2019occasion de la ce\u0301le\u0301bration des sept ans des e\u0301ditions \u201cAlliance Kongo\u201d, la direction ge\u0301ne\u0301rale de cette maison ...","breadcrumb":{"@id":"https:\/\/www.africa-press.net\/congo-brazzaville\/culture-et-art\/distinction-trois-ecrivains-primes-par-les-editions-alliance-kongo#breadcrumb"},"inLanguage":"fr-FR","potentialAction":[{"@type":"ReadAction","target":["https:\/\/www.africa-press.net\/congo-brazzaville\/culture-et-art\/distinction-trois-ecrivains-primes-par-les-editions-alliance-kongo"]}]},{"@type":"ImageObject","inLanguage":"fr-FR","@id":"https:\/\/www.africa-press.net\/congo-brazzaville\/culture-et-art\/distinction-trois-ecrivains-primes-par-les-editions-alliance-kongo#primaryimage","url":"https:\/\/static.africa-press.net\/congo-brazzaville\/sites\/51\/2023\/02\/postQueueImg_1675261980.11.jpg","contentUrl":"https:\/\/static.africa-press.net\/congo-brazzaville\/sites\/51\/2023\/02\/postQueueImg_1675261980.11.jpg","width":1280,"height":720,"caption":"Distinction : trois \u00e9crivains prim\u00e9s par les \u00e9ditions Alliance Kongo"},{"@type":"BreadcrumbList","@id":"https:\/\/www.africa-press.net\/congo-brazzaville\/culture-et-art\/distinction-trois-ecrivains-primes-par-les-editions-alliance-kongo#breadcrumb","itemListElement":[{"@type":"ListItem","position":1,"name":"Accueil","item":"https:\/\/www.africa-press.net\/congo-brazzaville\/"},{"@type":"ListItem","position":2,"name":"Distinction : trois \u00e9crivains prim\u00e9s par les \u00e9ditions Alliance Kongo"}]},{"@type":"WebSite","@id":"https:\/\/www.africa-press.net\/congo-brazzaville\/#website","url":"https:\/\/www.africa-press.net\/congo-brazzaville\/","name":"Congo Brazzaville","description":"Just another Africa News Agency Sites site","potentialAction":[{"@type":"SearchAction","target":{"@type":"EntryPoint","urlTemplate":"https:\/\/www.africa-press.net\/congo-brazzaville\/?s={search_term_string}"},"query-input":{"@type":"PropertyValueSpecification","valueRequired":true,"valueName":"search_term_string"}}],"inLanguage":"fr-FR"},{"@type":"Person","@id":"https:\/\/www.africa-press.net\/congo-brazzaville\/#\/schema\/person\/2b1cf3cd81a31e3cd26889ca66d677f1","name":"cfeditorfr"}]}},"_links":{"self":[{"href":"https:\/\/www.africa-press.net\/congo-brazzaville\/wp-json\/wp\/v2\/posts\/14000","targetHints":{"allow":["GET"]}}],"collection":[{"href":"https:\/\/www.africa-press.net\/congo-brazzaville\/wp-json\/wp\/v2\/posts"}],"about":[{"href":"https:\/\/www.africa-press.net\/congo-brazzaville\/wp-json\/wp\/v2\/types\/post"}],"author":[{"embeddable":true,"href":"https:\/\/www.africa-press.net\/congo-brazzaville\/wp-json\/wp\/v2\/users\/82"}],"replies":[{"embeddable":true,"href":"https:\/\/www.africa-press.net\/congo-brazzaville\/wp-json\/wp\/v2\/comments?post=14000"}],"version-history":[{"count":0,"href":"https:\/\/www.africa-press.net\/congo-brazzaville\/wp-json\/wp\/v2\/posts\/14000\/revisions"}],"wp:featuredmedia":[{"embeddable":true,"href":"https:\/\/www.africa-press.net\/congo-brazzaville\/wp-json\/wp\/v2\/media\/13999"}],"wp:attachment":[{"href":"https:\/\/www.africa-press.net\/congo-brazzaville\/wp-json\/wp\/v2\/media?parent=14000"}],"wp:term":[{"taxonomy":"category","embeddable":true,"href":"https:\/\/www.africa-press.net\/congo-brazzaville\/wp-json\/wp\/v2\/categories?post=14000"},{"taxonomy":"post_tag","embeddable":true,"href":"https:\/\/www.africa-press.net\/congo-brazzaville\/wp-json\/wp\/v2\/tags?post=14000"}],"curies":[{"name":"wp","href":"https:\/\/api.w.org\/{rel}","templated":true}]}}