{"id":14006,"date":"2023-02-02T12:36:04","date_gmt":"2023-02-02T12:36:04","guid":{"rendered":"https:\/\/www.africa-press.net\/congo-brazzaville\/politique\/le-conseil-des-ministres-enterine-les-mesures-daccompagnement-de-la-hausse-du-carburant"},"modified":"2023-02-02T12:36:04","modified_gmt":"2023-02-02T12:36:04","slug":"le-conseil-des-ministres-enterine-les-mesures-daccompagnement-de-la-hausse-du-carburant","status":"publish","type":"post","link":"https:\/\/www.africa-press.net\/congo-brazzaville\/politique\/le-conseil-des-ministres-enterine-les-mesures-daccompagnement-de-la-hausse-du-carburant","title":{"rendered":"le conseil des ministres ent\u00e9rine les mesures d\u2019accompagnement de la hausse du carburant"},"content":{"rendered":"<p><span style=\"color: #ff6600\"><strong>Africa-Press &#8211; Congo Brazzaville. <\/strong><\/span><b>Le conseil des ministres sous l\u2019e\u0301gide du Chef de l\u2019Etat, Denis Sassou N\u2019Guesso a ente\u0301rine\u0301 le 1er fe\u0301vrier a\u0300 Brazzaville, les mesures d\u2019accompagnement affe\u0301rentes a\u0300 l\u2019augmentation de 5% des prix de l\u2019essence et du gazole.<\/b><\/p>\n<p>Ces mesures, concerte\u0301es avec les partenaires sociaux, ont pour objectif de cre\u0301er un climat favorable a\u0300 l\u2019effet de freiner toute augmentation du cou\u0302t des transports urbains et interurbains, a souligne\u0301 le ministre de la Communication et des me\u0301dias, Thierry Moungalla dans le compte-rendu du conseil des ministres.<\/p>\n<p>Parmi les dispositions qui ont e\u0301te\u0301 ente\u0301rine\u0301es par le gouvernement lors de cette re\u0301union, il y a, la prise en charge par l\u2019Etat de la taxe de roulage ; la prise en charge par l\u2019Etat de l\u2019autorisation de transport public ; la prise en charge partielle par l\u2019Etat de la contribution des patentes, a\u0300 hauteur de 50% de leur montant ; la re\u0301duction des frais de passage aux pe\u0301ages des ve\u0301hicules de transport de marchandises, selon des modalite\u0301s qui seront de\u0301termine\u0301es par le gouvernement et la socie\u0301te\u0301 concessionnaire et rendues public dans les jours qui viennent.<\/p>\n<p>Le Conseil des ministres a invite\u0301 le gouvernement a\u0300 e\u0301tudier les modalite\u0301s d\u2019extension, dans les meilleurs de\u0301lais, de ces mesures au transport fluvial, qui connai\u0302t globalement des proble\u0301matiques comparables. A cet effet, il a instruit les ministe\u0300res compe\u0301tents, sous l\u2019autorite\u0301 du Premier ministre, a\u0300 proce\u0301der aux discussions et concertations ne\u0301cessaires avec les syndicats de transporteurs fluviaux et les armateurs concerne\u0301s, afin de mettre en place de mesures spe\u0301cifiques d\u2019accompagnement et de soutien pour ce secteur important<\/p>\n<p>Ces mesures salvatrices, destine\u0301es a\u0300 soutenir les transporteurs et a\u0300 pre\u0301server le pouvoir d\u2019achat des usagers, s\u2019accompagnent bien entendu, et l\u2019arre\u0302te\u0301 pre\u0301cite\u0301 le rappelle solennellement en son article 3, du fait que les tarifs en vigueur du transport public de marchandises et des personnes demeurent inchange\u0301s.<\/p>\n<p>Les mesures ont ainsi fait l\u2019objet de la publication de l\u2019arre\u0302te\u0301 n\u00b0385\/MCAC\/MEF\/MH\/MTACMM\/MBCPPP fixant les mesures d\u2019accompagnement de la hausse des prix du supercarburant et du gazole national.<\/p>\n<p><strong>Pour plus d&rsquo;informations et d&rsquo;analyses sur la <a href=\"https:\/\/www.africa-press.net\/congo-brazzaville\">Congo Brazzaville<\/a>, suivez <a href=\"https:\/\/www.africa-press.net\/\">Africa-Press<\/a><\/strong><\/p>\n","protected":false},"excerpt":{"rendered":"<p>Africa-Press &#8211; Congo Brazzaville. Le conseil des ministres sous l\u2019e\u0301gide du Chef de l\u2019Etat, Denis Sassou N\u2019Guesso a ente\u0301rine\u0301 le 1er fe\u0301vrier a\u0300 Brazzaville, les mesures d\u2019accompagnement affe\u0301rentes a\u0300 l\u2019augmentation de 5% des prix de l\u2019essence et du gazole. Ces mesures, concerte\u0301es avec les partenaires sociaux, ont pour objectif de cre\u0301er un climat favorable a\u0300 [&hellip;]<\/p>\n","protected":false},"author":82,"featured_media":14005,"comment_status":"open","ping_status":"closed","sticky":false,"template":"","format":"standard","meta":{"footnotes":""},"categories":[2,10],"tags":[36,47,46],"class_list":["post-14006","post","type-post","status-publish","format-standard","has-post-thumbnail","hentry","category-politique","category-toutes-les-actualites","tag-africa-press","tag-africa-press-congo-brazzaville","tag-congo-brazzaville"],"yoast_head":"<!-- This site is optimized with the Yoast SEO Premium plugin v26.1 (Yoast SEO v27.0) - https:\/\/yoast.com\/product\/yoast-seo-premium-wordpress\/ -->\n<title>le conseil des ministres ent\u00e9rine les mesures d\u2019accompagnement de la hausse du carburant - Congo Brazzaville<\/title>\n<meta name=\"robots\" content=\"index, follow, max-snippet:-1, max-image-preview:large, max-video-preview:-1\" \/>\n<link rel=\"canonical\" href=\"https:\/\/www.africa-press.net\/congo-brazzaville\/politique\/le-conseil-des-ministres-enterine-les-mesures-daccompagnement-de-la-hausse-du-carburant\" \/>\n<meta property=\"og:locale\" content=\"fr_FR\" \/>\n<meta property=\"og:type\" content=\"article\" \/>\n<meta property=\"og:title\" content=\"le conseil des ministres ent\u00e9rine les mesures d\u2019accompagnement de la hausse du carburant\" \/>\n<meta property=\"og:description\" content=\"Africa-Press &#8211; Congo Brazzaville. Le conseil des ministres sous l\u2019e\u0301gide du Chef de l\u2019Etat, Denis Sassou N\u2019Guesso a ente\u0301rine\u0301 le 1er fe\u0301vrier a\u0300 Brazzaville, les mesures d\u2019accompagnement affe\u0301rentes a\u0300 l\u2019augmentation de 5% des prix de l\u2019essence et du gazole. Ces mesures, concerte\u0301es avec les partenaires sociaux, ont pour objectif de cre\u0301er un climat favorable a\u0300 [&hellip;]\" \/>\n<meta property=\"og:url\" content=\"https:\/\/www.africa-press.net\/congo-brazzaville\/politique\/le-conseil-des-ministres-enterine-les-mesures-daccompagnement-de-la-hausse-du-carburant\" \/>\n<meta property=\"og:site_name\" content=\"Congo Brazzaville\" \/>\n<meta property=\"article:published_time\" content=\"2023-02-02T12:36:04+00:00\" \/>\n<meta name=\"author\" content=\"cfeditorfr\" \/>\n<meta name=\"twitter:card\" content=\"summary_large_image\" \/>\n<meta name=\"twitter:label1\" content=\"\u00c9crit par\" \/>\n\t<meta name=\"twitter:data1\" content=\"cfeditorfr\" \/>\n\t<meta name=\"twitter:label2\" content=\"Dur\u00e9e de lecture estim\u00e9e\" \/>\n\t<meta name=\"twitter:data2\" content=\"2 minutes\" \/>\n<script type=\"application\/ld+json\" class=\"yoast-schema-graph\">{\"@context\":\"https:\/\/schema.org\",\"@graph\":[{\"@type\":\"Article\",\"@id\":\"https:\/\/www.africa-press.net\/congo-brazzaville\/politique\/le-conseil-des-ministres-enterine-les-mesures-daccompagnement-de-la-hausse-du-carburant#article\",\"isPartOf\":{\"@id\":\"https:\/\/www.africa-press.net\/congo-brazzaville\/politique\/le-conseil-des-ministres-enterine-les-mesures-daccompagnement-de-la-hausse-du-carburant\"},\"author\":{\"name\":\"cfeditorfr\",\"@id\":\"https:\/\/www.africa-press.net\/congo-brazzaville\/#\/schema\/person\/2b1cf3cd81a31e3cd26889ca66d677f1\"},\"headline\":\"le conseil des ministres ent\u00e9rine les mesures d\u2019accompagnement de la hausse du carburant\",\"datePublished\":\"2023-02-02T12:36:04+00:00\",\"mainEntityOfPage\":{\"@id\":\"https:\/\/www.africa-press.net\/congo-brazzaville\/politique\/le-conseil-des-ministres-enterine-les-mesures-daccompagnement-de-la-hausse-du-carburant\"},\"wordCount\":414,\"commentCount\":0,\"image\":{\"@id\":\"https:\/\/www.africa-press.net\/congo-brazzaville\/politique\/le-conseil-des-ministres-enterine-les-mesures-daccompagnement-de-la-hausse-du-carburant#primaryimage\"},\"thumbnailUrl\":\"https:\/\/static.africa-press.net\/congo-brazzaville\/sites\/51\/2023\/02\/postQueueImg_1675328782.90.jpg\",\"keywords\":[\"Africa Press\",\"Africa Press-Congo Brazzaville\",\"Congo Brazzaville\"],\"articleSection\":[\"Politique\",\"Toutes les actualit\u00e9s\"],\"inLanguage\":\"fr-FR\",\"potentialAction\":[{\"@type\":\"CommentAction\",\"name\":\"Comment\",\"target\":[\"https:\/\/www.africa-press.net\/congo-brazzaville\/politique\/le-conseil-des-ministres-enterine-les-mesures-daccompagnement-de-la-hausse-du-carburant#respond\"]}]},{\"@type\":\"WebPage\",\"@id\":\"https:\/\/www.africa-press.net\/congo-brazzaville\/politique\/le-conseil-des-ministres-enterine-les-mesures-daccompagnement-de-la-hausse-du-carburant\",\"url\":\"https:\/\/www.africa-press.net\/congo-brazzaville\/politique\/le-conseil-des-ministres-enterine-les-mesures-daccompagnement-de-la-hausse-du-carburant\",\"name\":\"le conseil des ministres ent\u00e9rine les mesures d\u2019accompagnement de la hausse du carburant - Congo Brazzaville\",\"isPartOf\":{\"@id\":\"https:\/\/www.africa-press.net\/congo-brazzaville\/#website\"},\"primaryImageOfPage\":{\"@id\":\"https:\/\/www.africa-press.net\/congo-brazzaville\/politique\/le-conseil-des-ministres-enterine-les-mesures-daccompagnement-de-la-hausse-du-carburant#primaryimage\"},\"image\":{\"@id\":\"https:\/\/www.africa-press.net\/congo-brazzaville\/politique\/le-conseil-des-ministres-enterine-les-mesures-daccompagnement-de-la-hausse-du-carburant#primaryimage\"},\"thumbnailUrl\":\"https:\/\/static.africa-press.net\/congo-brazzaville\/sites\/51\/2023\/02\/postQueueImg_1675328782.90.jpg\",\"datePublished\":\"2023-02-02T12:36:04+00:00\",\"author\":{\"@id\":\"https:\/\/www.africa-press.net\/congo-brazzaville\/#\/schema\/person\/2b1cf3cd81a31e3cd26889ca66d677f1\"},\"breadcrumb\":{\"@id\":\"https:\/\/www.africa-press.net\/congo-brazzaville\/politique\/le-conseil-des-ministres-enterine-les-mesures-daccompagnement-de-la-hausse-du-carburant#breadcrumb\"},\"inLanguage\":\"fr-FR\",\"potentialAction\":[{\"@type\":\"ReadAction\",\"target\":[\"https:\/\/www.africa-press.net\/congo-brazzaville\/politique\/le-conseil-des-ministres-enterine-les-mesures-daccompagnement-de-la-hausse-du-carburant\"]}]},{\"@type\":\"ImageObject\",\"inLanguage\":\"fr-FR\",\"@id\":\"https:\/\/www.africa-press.net\/congo-brazzaville\/politique\/le-conseil-des-ministres-enterine-les-mesures-daccompagnement-de-la-hausse-du-carburant#primaryimage\",\"url\":\"https:\/\/static.africa-press.net\/congo-brazzaville\/sites\/51\/2023\/02\/postQueueImg_1675328782.90.jpg\",\"contentUrl\":\"https:\/\/static.africa-press.net\/congo-brazzaville\/sites\/51\/2023\/02\/postQueueImg_1675328782.90.jpg\",\"width\":719,\"height\":443,\"caption\":\"le conseil des ministres ent\u00e9rine les mesures d\u2019accompagnement de la hausse du carburant\"},{\"@type\":\"BreadcrumbList\",\"@id\":\"https:\/\/www.africa-press.net\/congo-brazzaville\/politique\/le-conseil-des-ministres-enterine-les-mesures-daccompagnement-de-la-hausse-du-carburant#breadcrumb\",\"itemListElement\":[{\"@type\":\"ListItem\",\"position\":1,\"name\":\"Accueil\",\"item\":\"https:\/\/www.africa-press.net\/congo-brazzaville\/\"},{\"@type\":\"ListItem\",\"position\":2,\"name\":\"le conseil des ministres ent\u00e9rine les mesures d\u2019accompagnement de la hausse du carburant\"}]},{\"@type\":\"WebSite\",\"@id\":\"https:\/\/www.africa-press.net\/congo-brazzaville\/#website\",\"url\":\"https:\/\/www.africa-press.net\/congo-brazzaville\/\",\"name\":\"Congo Brazzaville\",\"description\":\"Just another Africa News Agency Sites site\",\"potentialAction\":[{\"@type\":\"SearchAction\",\"target\":{\"@type\":\"EntryPoint\",\"urlTemplate\":\"https:\/\/www.africa-press.net\/congo-brazzaville\/?s={search_term_string}\"},\"query-input\":{\"@type\":\"PropertyValueSpecification\",\"valueRequired\":true,\"valueName\":\"search_term_string\"}}],\"inLanguage\":\"fr-FR\"},{\"@type\":\"Person\",\"@id\":\"https:\/\/www.africa-press.net\/congo-brazzaville\/#\/schema\/person\/2b1cf3cd81a31e3cd26889ca66d677f1\",\"name\":\"cfeditorfr\"}]}<\/script>\n<!-- \/ Yoast SEO Premium plugin. -->","yoast_head_json":{"title":"le conseil des ministres ent\u00e9rine les mesures d\u2019accompagnement de la hausse du carburant - Congo Brazzaville","robots":{"index":"index","follow":"follow","max-snippet":"max-snippet:-1","max-image-preview":"max-image-preview:large","max-video-preview":"max-video-preview:-1"},"canonical":"https:\/\/www.africa-press.net\/congo-brazzaville\/politique\/le-conseil-des-ministres-enterine-les-mesures-daccompagnement-de-la-hausse-du-carburant","og_locale":"fr_FR","og_type":"article","og_title":"le conseil des ministres ent\u00e9rine les mesures d\u2019accompagnement de la hausse du carburant","og_description":"Africa-Press &#8211; Congo Brazzaville. Le conseil des ministres sous l\u2019e\u0301gide du Chef de l\u2019Etat, Denis Sassou N\u2019Guesso a ente\u0301rine\u0301 le 1er fe\u0301vrier a\u0300 Brazzaville, les mesures d\u2019accompagnement affe\u0301rentes a\u0300 l\u2019augmentation de 5% des prix de l\u2019essence et du gazole. Ces mesures, concerte\u0301es avec les partenaires sociaux, ont pour objectif de cre\u0301er un climat favorable a\u0300 [&hellip;]","og_url":"https:\/\/www.africa-press.net\/congo-brazzaville\/politique\/le-conseil-des-ministres-enterine-les-mesures-daccompagnement-de-la-hausse-du-carburant","og_site_name":"Congo Brazzaville","article_published_time":"2023-02-02T12:36:04+00:00","author":"cfeditorfr","twitter_card":"summary_large_image","twitter_misc":{"\u00c9crit par":"cfeditorfr","Dur\u00e9e de lecture estim\u00e9e":"2 minutes"},"schema":{"@context":"https:\/\/schema.org","@graph":[{"@type":"Article","@id":"https:\/\/www.africa-press.net\/congo-brazzaville\/politique\/le-conseil-des-ministres-enterine-les-mesures-daccompagnement-de-la-hausse-du-carburant#article","isPartOf":{"@id":"https:\/\/www.africa-press.net\/congo-brazzaville\/politique\/le-conseil-des-ministres-enterine-les-mesures-daccompagnement-de-la-hausse-du-carburant"},"author":{"name":"cfeditorfr","@id":"https:\/\/www.africa-press.net\/congo-brazzaville\/#\/schema\/person\/2b1cf3cd81a31e3cd26889ca66d677f1"},"headline":"le conseil des ministres ent\u00e9rine les mesures d\u2019accompagnement de la hausse du carburant","datePublished":"2023-02-02T12:36:04+00:00","mainEntityOfPage":{"@id":"https:\/\/www.africa-press.net\/congo-brazzaville\/politique\/le-conseil-des-ministres-enterine-les-mesures-daccompagnement-de-la-hausse-du-carburant"},"wordCount":414,"commentCount":0,"image":{"@id":"https:\/\/www.africa-press.net\/congo-brazzaville\/politique\/le-conseil-des-ministres-enterine-les-mesures-daccompagnement-de-la-hausse-du-carburant#primaryimage"},"thumbnailUrl":"https:\/\/static.africa-press.net\/congo-brazzaville\/sites\/51\/2023\/02\/postQueueImg_1675328782.90.jpg","keywords":["Africa Press","Africa Press-Congo Brazzaville","Congo Brazzaville"],"articleSection":["Politique","Toutes les actualit\u00e9s"],"inLanguage":"fr-FR","potentialAction":[{"@type":"CommentAction","name":"Comment","target":["https:\/\/www.africa-press.net\/congo-brazzaville\/politique\/le-conseil-des-ministres-enterine-les-mesures-daccompagnement-de-la-hausse-du-carburant#respond"]}]},{"@type":"WebPage","@id":"https:\/\/www.africa-press.net\/congo-brazzaville\/politique\/le-conseil-des-ministres-enterine-les-mesures-daccompagnement-de-la-hausse-du-carburant","url":"https:\/\/www.africa-press.net\/congo-brazzaville\/politique\/le-conseil-des-ministres-enterine-les-mesures-daccompagnement-de-la-hausse-du-carburant","name":"le conseil des ministres ent\u00e9rine les mesures d\u2019accompagnement de la hausse du carburant - Congo Brazzaville","isPartOf":{"@id":"https:\/\/www.africa-press.net\/congo-brazzaville\/#website"},"primaryImageOfPage":{"@id":"https:\/\/www.africa-press.net\/congo-brazzaville\/politique\/le-conseil-des-ministres-enterine-les-mesures-daccompagnement-de-la-hausse-du-carburant#primaryimage"},"image":{"@id":"https:\/\/www.africa-press.net\/congo-brazzaville\/politique\/le-conseil-des-ministres-enterine-les-mesures-daccompagnement-de-la-hausse-du-carburant#primaryimage"},"thumbnailUrl":"https:\/\/static.africa-press.net\/congo-brazzaville\/sites\/51\/2023\/02\/postQueueImg_1675328782.90.jpg","datePublished":"2023-02-02T12:36:04+00:00","author":{"@id":"https:\/\/www.africa-press.net\/congo-brazzaville\/#\/schema\/person\/2b1cf3cd81a31e3cd26889ca66d677f1"},"breadcrumb":{"@id":"https:\/\/www.africa-press.net\/congo-brazzaville\/politique\/le-conseil-des-ministres-enterine-les-mesures-daccompagnement-de-la-hausse-du-carburant#breadcrumb"},"inLanguage":"fr-FR","potentialAction":[{"@type":"ReadAction","target":["https:\/\/www.africa-press.net\/congo-brazzaville\/politique\/le-conseil-des-ministres-enterine-les-mesures-daccompagnement-de-la-hausse-du-carburant"]}]},{"@type":"ImageObject","inLanguage":"fr-FR","@id":"https:\/\/www.africa-press.net\/congo-brazzaville\/politique\/le-conseil-des-ministres-enterine-les-mesures-daccompagnement-de-la-hausse-du-carburant#primaryimage","url":"https:\/\/static.africa-press.net\/congo-brazzaville\/sites\/51\/2023\/02\/postQueueImg_1675328782.90.jpg","contentUrl":"https:\/\/static.africa-press.net\/congo-brazzaville\/sites\/51\/2023\/02\/postQueueImg_1675328782.90.jpg","width":719,"height":443,"caption":"le conseil des ministres ent\u00e9rine les mesures d\u2019accompagnement de la hausse du carburant"},{"@type":"BreadcrumbList","@id":"https:\/\/www.africa-press.net\/congo-brazzaville\/politique\/le-conseil-des-ministres-enterine-les-mesures-daccompagnement-de-la-hausse-du-carburant#breadcrumb","itemListElement":[{"@type":"ListItem","position":1,"name":"Accueil","item":"https:\/\/www.africa-press.net\/congo-brazzaville\/"},{"@type":"ListItem","position":2,"name":"le conseil des ministres ent\u00e9rine les mesures d\u2019accompagnement de la hausse du carburant"}]},{"@type":"WebSite","@id":"https:\/\/www.africa-press.net\/congo-brazzaville\/#website","url":"https:\/\/www.africa-press.net\/congo-brazzaville\/","name":"Congo Brazzaville","description":"Just another Africa News Agency Sites site","potentialAction":[{"@type":"SearchAction","target":{"@type":"EntryPoint","urlTemplate":"https:\/\/www.africa-press.net\/congo-brazzaville\/?s={search_term_string}"},"query-input":{"@type":"PropertyValueSpecification","valueRequired":true,"valueName":"search_term_string"}}],"inLanguage":"fr-FR"},{"@type":"Person","@id":"https:\/\/www.africa-press.net\/congo-brazzaville\/#\/schema\/person\/2b1cf3cd81a31e3cd26889ca66d677f1","name":"cfeditorfr"}]}},"_links":{"self":[{"href":"https:\/\/www.africa-press.net\/congo-brazzaville\/wp-json\/wp\/v2\/posts\/14006","targetHints":{"allow":["GET"]}}],"collection":[{"href":"https:\/\/www.africa-press.net\/congo-brazzaville\/wp-json\/wp\/v2\/posts"}],"about":[{"href":"https:\/\/www.africa-press.net\/congo-brazzaville\/wp-json\/wp\/v2\/types\/post"}],"author":[{"embeddable":true,"href":"https:\/\/www.africa-press.net\/congo-brazzaville\/wp-json\/wp\/v2\/users\/82"}],"replies":[{"embeddable":true,"href":"https:\/\/www.africa-press.net\/congo-brazzaville\/wp-json\/wp\/v2\/comments?post=14006"}],"version-history":[{"count":0,"href":"https:\/\/www.africa-press.net\/congo-brazzaville\/wp-json\/wp\/v2\/posts\/14006\/revisions"}],"wp:featuredmedia":[{"embeddable":true,"href":"https:\/\/www.africa-press.net\/congo-brazzaville\/wp-json\/wp\/v2\/media\/14005"}],"wp:attachment":[{"href":"https:\/\/www.africa-press.net\/congo-brazzaville\/wp-json\/wp\/v2\/media?parent=14006"}],"wp:term":[{"taxonomy":"category","embeddable":true,"href":"https:\/\/www.africa-press.net\/congo-brazzaville\/wp-json\/wp\/v2\/categories?post=14006"},{"taxonomy":"post_tag","embeddable":true,"href":"https:\/\/www.africa-press.net\/congo-brazzaville\/wp-json\/wp\/v2\/tags?post=14006"}],"curies":[{"name":"wp","href":"https:\/\/api.w.org\/{rel}","templated":true}]}}