{"id":14025,"date":"2023-02-02T19:58:47","date_gmt":"2023-02-02T19:58:47","guid":{"rendered":"https:\/\/www.africa-press.net\/congo-brazzaville\/politique\/candidatures-can-2025-rabat-met-la-presse-africaine-a-contribution"},"modified":"2023-02-02T22:20:10","modified_gmt":"2023-02-02T22:20:10","slug":"candidatures-can-2025-rabat-met-la-presse-africaine-a-contribution","status":"publish","type":"post","link":"https:\/\/www.africa-press.net\/congo-brazzaville\/sports\/candidatures-can-2025-rabat-met-la-presse-africaine-a-contribution","title":{"rendered":"Candidatures CAN 2025: Rabat met la presse africaine \u00e0 contribution"},"content":{"rendered":"<p><span style=\"color: #ff6600\"><strong>Africa-Press &#8211; Congo Brazzaville. <\/strong><\/span><b>A moins de dix jours du de\u0301voilement par la Confe\u0301de\u0301ration africaine de football (CAF) du nom du pays retenu pour abriter la Coupe d\u2019Afrique des nations (CAN) 2025, le Maroc associe la presse du continent a\u0300 son espoir de gagner la partie.<\/b><\/p>\n<p>A travers une visite guide\u0301e de ses principales infrastructures sportives, ho\u0302telie\u0300res et touristiques organise\u0301e dans plusieurs villes a\u0300 l\u2019intention de responsables et journalistes des me\u0301dias d\u2019une quarantaine de pays du continent, le royaume du Maroc tient a\u0300 montrer que sa candidature repose sur une base solide.<\/p>\n<p>Dans cette course d\u2019obstacles ou\u0300 l\u2019instance panafricaine de football assure s\u2019en tenir a\u0300 la seule cre\u0301dibilite\u0301 des dossiers pour motiver son choix, le Maroc a devant lui quatre concurrents. Comme signale\u0301 dans notre pre\u0301ce\u0301dente e\u0301dition, l\u2019Afrique du Sud, l\u2019Alge\u0301rie, la Zambie et le couple Nigeria-Be\u0301nin ont aussi des arguments a\u0300 faire valoir.<\/p>\n<p>Il est un atout que le royaume che\u0301rifien a re\u0301ussi a\u0300 partager, au-dela\u0300 de ses frontie\u0300res, l\u2019emble\u0301matique Complexe Mohammed VI de Rabat (1) de\u0301die\u0301 a\u0300 la de\u0301tection, la formation et la pre\u0301paration des jeunes a\u0300 affronter les de\u0301fis du football professionnel. La prestation salue\u0301e de la se\u0301lection nationale, les Lions de l\u2019Atlas a\u0300 la Coupe du monde du Qatar l\u2019anne\u0301e dernie\u0300re, est attribue\u0301e au succe\u0300s de cette initiative, indiquent les responsables sportifs marocains.<\/p>\n<p>Cent cinquante au total, les journalistes invite\u0301s au me\u0301dia tour marocain ont eu l\u2019occasion, le 1er fe\u0301vrier, d\u2019arpenter les compartiments de l\u2019immense complexe fleuri et de mesurer combien pour valoriser le sport en ge\u0301ne\u0301ral et le football en particulier, des moyens colossaux doivent e\u0302tre mis a\u0300 disposition. Ba\u0302ti sur 29,3 ha, ce site est aux normes de la Fe\u0301de\u0301ration internationale de football association (Fifa) et de la CAF.<\/p>\n<p>Des informations recueillies sur place, le complexe est ouvert aux clubs e\u0301trangers dont ceux d\u2019Europe de\u0301sireux de former de jeunes athle\u0300tes. Par la qualite\u0301 de ses e\u0301quipements, il constitue pour le football marocain en versions masculine et fe\u0301minine l\u2019accomplissement d\u2019un re\u0302ve au profit de la jeunesse. En plus de cette expe\u0301rience re\u0301ussie, des stades modernes implante\u0301s dans une demi-douzaine de villes accueillantes font de ce pays une re\u0301fe\u0301rence dans le de\u0301veloppement du football en Afrique.<\/p>\n<p>Au moment ou\u0300 se de\u0301roule en terre marocaine la Coupe du monde des clubs de la Fifa dont le coup d\u2019envoi a eu lieu le 1er fe\u0301vrier a\u0300 Tanger, le verdict de la CAF attendu le 10 fe\u0301vrier a\u0300 une journe\u0301e de la clo\u0302ture de cette compe\u0301tition sera suivi avec attention par la fe\u0301de\u0301ration royale de football et par toute la nation.<\/p>\n<p>(1). Le complexe Mohammed VI a e\u0301te\u0301 inaugure\u0301 en 2019 par le roi. Il dispose de piscines, de sept terrains de football dont quatre en gazon naturel et trois en gazon synthe\u0301tique ainsi que de quatre re\u0301sidences pour l\u2019e\u0301quipe nationale A , les U-23 et les U-17 et les dirigeants. Son centre me\u0301dical est dote\u0301 de personnels qualifie\u0301s et d\u2019e\u0301quipements approprie\u0301s.<\/p>\n<p><strong>Pour plus d&rsquo;informations et d&rsquo;analyses sur la <a href=\"https:\/\/www.africa-press.net\/congo-brazzaville\">Congo Brazzaville<\/a>, suivez <a href=\"https:\/\/www.africa-press.net\/\">Africa-Press<\/a><\/strong><\/p>\n","protected":false},"excerpt":{"rendered":"<p>Africa-Press &#8211; Congo Brazzaville. A moins de dix jours du de\u0301voilement par la Confe\u0301de\u0301ration africaine de football (CAF) du nom du pays retenu pour abriter la Coupe d\u2019Afrique des nations (CAN) 2025, le Maroc associe la presse du continent a\u0300 son espoir de gagner la partie. A travers une visite guide\u0301e de ses principales infrastructures [&hellip;]<\/p>\n","protected":false},"author":82,"featured_media":14024,"comment_status":"open","ping_status":"closed","sticky":false,"template":"","format":"standard","meta":{"footnotes":""},"categories":[6,10],"tags":[36,47,46],"class_list":["post-14025","post","type-post","status-publish","format-standard","has-post-thumbnail","hentry","category-sports","category-toutes-les-actualites","tag-africa-press","tag-africa-press-congo-brazzaville","tag-congo-brazzaville"],"yoast_head":"<!-- This site is optimized with the Yoast SEO Premium plugin v26.1 (Yoast SEO v27.0) - https:\/\/yoast.com\/product\/yoast-seo-premium-wordpress\/ -->\n<title>Candidatures CAN 2025: Rabat met la presse africaine \u00e0 contribution - Congo Brazzaville<\/title>\n<meta name=\"description\" content=\"A moins de dix jours du de\u0301voilement par la Confe\u0301de\u0301ration africaine de football (CAF) du nom du pays retenu pour ab ...\" \/>\n<meta name=\"robots\" content=\"index, follow, max-snippet:-1, max-image-preview:large, max-video-preview:-1\" \/>\n<link rel=\"canonical\" href=\"https:\/\/www.africa-press.net\/congo-brazzaville\/sports\/candidatures-can-2025-rabat-met-la-presse-africaine-a-contribution\" \/>\n<meta property=\"og:locale\" content=\"fr_FR\" \/>\n<meta property=\"og:type\" content=\"article\" \/>\n<meta property=\"og:title\" content=\"Candidatures CAN 2025: Rabat met la presse africaine \u00e0 contribution\" \/>\n<meta property=\"og:description\" content=\"A moins de dix jours du de\u0301voilement par la Confe\u0301de\u0301ration africaine de football (CAF) du nom du pays retenu pour ab ...\" \/>\n<meta property=\"og:url\" content=\"https:\/\/www.africa-press.net\/congo-brazzaville\/sports\/candidatures-can-2025-rabat-met-la-presse-africaine-a-contribution\" \/>\n<meta property=\"og:site_name\" content=\"Congo Brazzaville\" \/>\n<meta property=\"article:published_time\" content=\"2023-02-02T19:58:47+00:00\" \/>\n<meta property=\"article:modified_time\" content=\"2023-02-02T22:20:10+00:00\" \/>\n<meta property=\"og:image\" content=\"https:\/\/static.africa-press.net\/congo-brazzaville\/sites\/51\/2023\/02\/postQueueImg_1675355331.09.jpg\" \/>\n\t<meta property=\"og:image:width\" content=\"720\" \/>\n\t<meta property=\"og:image:height\" content=\"540\" \/>\n\t<meta property=\"og:image:type\" content=\"image\/jpeg\" \/>\n<meta name=\"author\" content=\"cfeditorfr\" \/>\n<meta name=\"twitter:card\" content=\"summary_large_image\" \/>\n<meta name=\"twitter:label1\" content=\"\u00c9crit par\" \/>\n\t<meta name=\"twitter:data1\" content=\"cfeditorfr\" \/>\n\t<meta name=\"twitter:label2\" content=\"Dur\u00e9e de lecture estim\u00e9e\" \/>\n\t<meta name=\"twitter:data2\" content=\"3 minutes\" \/>\n<script type=\"application\/ld+json\" class=\"yoast-schema-graph\">{\"@context\":\"https:\/\/schema.org\",\"@graph\":[{\"@type\":\"Article\",\"@id\":\"https:\/\/www.africa-press.net\/congo-brazzaville\/sports\/candidatures-can-2025-rabat-met-la-presse-africaine-a-contribution#article\",\"isPartOf\":{\"@id\":\"https:\/\/www.africa-press.net\/congo-brazzaville\/sports\/candidatures-can-2025-rabat-met-la-presse-africaine-a-contribution\"},\"author\":{\"name\":\"cfeditorfr\",\"@id\":\"https:\/\/www.africa-press.net\/congo-brazzaville\/#\/schema\/person\/2b1cf3cd81a31e3cd26889ca66d677f1\"},\"headline\":\"Candidatures CAN 2025: Rabat met la presse africaine \u00e0 contribution\",\"datePublished\":\"2023-02-02T19:58:47+00:00\",\"dateModified\":\"2023-02-02T22:20:10+00:00\",\"mainEntityOfPage\":{\"@id\":\"https:\/\/www.africa-press.net\/congo-brazzaville\/sports\/candidatures-can-2025-rabat-met-la-presse-africaine-a-contribution\"},\"wordCount\":582,\"commentCount\":0,\"image\":{\"@id\":\"https:\/\/www.africa-press.net\/congo-brazzaville\/sports\/candidatures-can-2025-rabat-met-la-presse-africaine-a-contribution#primaryimage\"},\"thumbnailUrl\":\"https:\/\/static.africa-press.net\/congo-brazzaville\/sites\/51\/2023\/02\/postQueueImg_1675355331.09.jpg\",\"keywords\":[\"Africa Press\",\"Africa Press-Congo Brazzaville\",\"Congo Brazzaville\"],\"articleSection\":[\"Sports\",\"Toutes les actualit\u00e9s\"],\"inLanguage\":\"fr-FR\",\"potentialAction\":[{\"@type\":\"CommentAction\",\"name\":\"Comment\",\"target\":[\"https:\/\/www.africa-press.net\/congo-brazzaville\/sports\/candidatures-can-2025-rabat-met-la-presse-africaine-a-contribution#respond\"]}]},{\"@type\":\"WebPage\",\"@id\":\"https:\/\/www.africa-press.net\/congo-brazzaville\/sports\/candidatures-can-2025-rabat-met-la-presse-africaine-a-contribution\",\"url\":\"https:\/\/www.africa-press.net\/congo-brazzaville\/sports\/candidatures-can-2025-rabat-met-la-presse-africaine-a-contribution\",\"name\":\"Candidatures CAN 2025: Rabat met la presse africaine \u00e0 contribution - Congo Brazzaville\",\"isPartOf\":{\"@id\":\"https:\/\/www.africa-press.net\/congo-brazzaville\/#website\"},\"primaryImageOfPage\":{\"@id\":\"https:\/\/www.africa-press.net\/congo-brazzaville\/sports\/candidatures-can-2025-rabat-met-la-presse-africaine-a-contribution#primaryimage\"},\"image\":{\"@id\":\"https:\/\/www.africa-press.net\/congo-brazzaville\/sports\/candidatures-can-2025-rabat-met-la-presse-africaine-a-contribution#primaryimage\"},\"thumbnailUrl\":\"https:\/\/static.africa-press.net\/congo-brazzaville\/sites\/51\/2023\/02\/postQueueImg_1675355331.09.jpg\",\"datePublished\":\"2023-02-02T19:58:47+00:00\",\"dateModified\":\"2023-02-02T22:20:10+00:00\",\"author\":{\"@id\":\"https:\/\/www.africa-press.net\/congo-brazzaville\/#\/schema\/person\/2b1cf3cd81a31e3cd26889ca66d677f1\"},\"description\":\"A moins de dix jours du de\u0301voilement par la Confe\u0301de\u0301ration africaine de football (CAF) du nom du pays retenu pour ab ...\",\"breadcrumb\":{\"@id\":\"https:\/\/www.africa-press.net\/congo-brazzaville\/sports\/candidatures-can-2025-rabat-met-la-presse-africaine-a-contribution#breadcrumb\"},\"inLanguage\":\"fr-FR\",\"potentialAction\":[{\"@type\":\"ReadAction\",\"target\":[\"https:\/\/www.africa-press.net\/congo-brazzaville\/sports\/candidatures-can-2025-rabat-met-la-presse-africaine-a-contribution\"]}]},{\"@type\":\"ImageObject\",\"inLanguage\":\"fr-FR\",\"@id\":\"https:\/\/www.africa-press.net\/congo-brazzaville\/sports\/candidatures-can-2025-rabat-met-la-presse-africaine-a-contribution#primaryimage\",\"url\":\"https:\/\/static.africa-press.net\/congo-brazzaville\/sites\/51\/2023\/02\/postQueueImg_1675355331.09.jpg\",\"contentUrl\":\"https:\/\/static.africa-press.net\/congo-brazzaville\/sites\/51\/2023\/02\/postQueueImg_1675355331.09.jpg\",\"width\":720,\"height\":540,\"caption\":\"Candidatures CAN 2025: Rabat met la presse africaine \u00e0 contribution\"},{\"@type\":\"BreadcrumbList\",\"@id\":\"https:\/\/www.africa-press.net\/congo-brazzaville\/sports\/candidatures-can-2025-rabat-met-la-presse-africaine-a-contribution#breadcrumb\",\"itemListElement\":[{\"@type\":\"ListItem\",\"position\":1,\"name\":\"Accueil\",\"item\":\"https:\/\/www.africa-press.net\/congo-brazzaville\/\"},{\"@type\":\"ListItem\",\"position\":2,\"name\":\"Candidatures CAN 2025: Rabat met la presse africaine \u00e0 contribution\"}]},{\"@type\":\"WebSite\",\"@id\":\"https:\/\/www.africa-press.net\/congo-brazzaville\/#website\",\"url\":\"https:\/\/www.africa-press.net\/congo-brazzaville\/\",\"name\":\"Congo Brazzaville\",\"description\":\"Just another Africa News Agency Sites site\",\"potentialAction\":[{\"@type\":\"SearchAction\",\"target\":{\"@type\":\"EntryPoint\",\"urlTemplate\":\"https:\/\/www.africa-press.net\/congo-brazzaville\/?s={search_term_string}\"},\"query-input\":{\"@type\":\"PropertyValueSpecification\",\"valueRequired\":true,\"valueName\":\"search_term_string\"}}],\"inLanguage\":\"fr-FR\"},{\"@type\":\"Person\",\"@id\":\"https:\/\/www.africa-press.net\/congo-brazzaville\/#\/schema\/person\/2b1cf3cd81a31e3cd26889ca66d677f1\",\"name\":\"cfeditorfr\"}]}<\/script>\n<!-- \/ Yoast SEO Premium plugin. -->","yoast_head_json":{"title":"Candidatures CAN 2025: Rabat met la presse africaine \u00e0 contribution - Congo Brazzaville","description":"A moins de dix jours du de\u0301voilement par la Confe\u0301de\u0301ration africaine de football (CAF) du nom du pays retenu pour ab ...","robots":{"index":"index","follow":"follow","max-snippet":"max-snippet:-1","max-image-preview":"max-image-preview:large","max-video-preview":"max-video-preview:-1"},"canonical":"https:\/\/www.africa-press.net\/congo-brazzaville\/sports\/candidatures-can-2025-rabat-met-la-presse-africaine-a-contribution","og_locale":"fr_FR","og_type":"article","og_title":"Candidatures CAN 2025: Rabat met la presse africaine \u00e0 contribution","og_description":"A moins de dix jours du de\u0301voilement par la Confe\u0301de\u0301ration africaine de football (CAF) du nom du pays retenu pour ab ...","og_url":"https:\/\/www.africa-press.net\/congo-brazzaville\/sports\/candidatures-can-2025-rabat-met-la-presse-africaine-a-contribution","og_site_name":"Congo Brazzaville","article_published_time":"2023-02-02T19:58:47+00:00","article_modified_time":"2023-02-02T22:20:10+00:00","og_image":[{"width":720,"height":540,"url":"https:\/\/static.africa-press.net\/congo-brazzaville\/sites\/51\/2023\/02\/postQueueImg_1675355331.09.jpg","type":"image\/jpeg"}],"author":"cfeditorfr","twitter_card":"summary_large_image","twitter_misc":{"\u00c9crit par":"cfeditorfr","Dur\u00e9e de lecture estim\u00e9e":"3 minutes"},"schema":{"@context":"https:\/\/schema.org","@graph":[{"@type":"Article","@id":"https:\/\/www.africa-press.net\/congo-brazzaville\/sports\/candidatures-can-2025-rabat-met-la-presse-africaine-a-contribution#article","isPartOf":{"@id":"https:\/\/www.africa-press.net\/congo-brazzaville\/sports\/candidatures-can-2025-rabat-met-la-presse-africaine-a-contribution"},"author":{"name":"cfeditorfr","@id":"https:\/\/www.africa-press.net\/congo-brazzaville\/#\/schema\/person\/2b1cf3cd81a31e3cd26889ca66d677f1"},"headline":"Candidatures CAN 2025: Rabat met la presse africaine \u00e0 contribution","datePublished":"2023-02-02T19:58:47+00:00","dateModified":"2023-02-02T22:20:10+00:00","mainEntityOfPage":{"@id":"https:\/\/www.africa-press.net\/congo-brazzaville\/sports\/candidatures-can-2025-rabat-met-la-presse-africaine-a-contribution"},"wordCount":582,"commentCount":0,"image":{"@id":"https:\/\/www.africa-press.net\/congo-brazzaville\/sports\/candidatures-can-2025-rabat-met-la-presse-africaine-a-contribution#primaryimage"},"thumbnailUrl":"https:\/\/static.africa-press.net\/congo-brazzaville\/sites\/51\/2023\/02\/postQueueImg_1675355331.09.jpg","keywords":["Africa Press","Africa Press-Congo Brazzaville","Congo Brazzaville"],"articleSection":["Sports","Toutes les actualit\u00e9s"],"inLanguage":"fr-FR","potentialAction":[{"@type":"CommentAction","name":"Comment","target":["https:\/\/www.africa-press.net\/congo-brazzaville\/sports\/candidatures-can-2025-rabat-met-la-presse-africaine-a-contribution#respond"]}]},{"@type":"WebPage","@id":"https:\/\/www.africa-press.net\/congo-brazzaville\/sports\/candidatures-can-2025-rabat-met-la-presse-africaine-a-contribution","url":"https:\/\/www.africa-press.net\/congo-brazzaville\/sports\/candidatures-can-2025-rabat-met-la-presse-africaine-a-contribution","name":"Candidatures CAN 2025: Rabat met la presse africaine \u00e0 contribution - Congo Brazzaville","isPartOf":{"@id":"https:\/\/www.africa-press.net\/congo-brazzaville\/#website"},"primaryImageOfPage":{"@id":"https:\/\/www.africa-press.net\/congo-brazzaville\/sports\/candidatures-can-2025-rabat-met-la-presse-africaine-a-contribution#primaryimage"},"image":{"@id":"https:\/\/www.africa-press.net\/congo-brazzaville\/sports\/candidatures-can-2025-rabat-met-la-presse-africaine-a-contribution#primaryimage"},"thumbnailUrl":"https:\/\/static.africa-press.net\/congo-brazzaville\/sites\/51\/2023\/02\/postQueueImg_1675355331.09.jpg","datePublished":"2023-02-02T19:58:47+00:00","dateModified":"2023-02-02T22:20:10+00:00","author":{"@id":"https:\/\/www.africa-press.net\/congo-brazzaville\/#\/schema\/person\/2b1cf3cd81a31e3cd26889ca66d677f1"},"description":"A moins de dix jours du de\u0301voilement par la Confe\u0301de\u0301ration africaine de football (CAF) du nom du pays retenu pour ab ...","breadcrumb":{"@id":"https:\/\/www.africa-press.net\/congo-brazzaville\/sports\/candidatures-can-2025-rabat-met-la-presse-africaine-a-contribution#breadcrumb"},"inLanguage":"fr-FR","potentialAction":[{"@type":"ReadAction","target":["https:\/\/www.africa-press.net\/congo-brazzaville\/sports\/candidatures-can-2025-rabat-met-la-presse-africaine-a-contribution"]}]},{"@type":"ImageObject","inLanguage":"fr-FR","@id":"https:\/\/www.africa-press.net\/congo-brazzaville\/sports\/candidatures-can-2025-rabat-met-la-presse-africaine-a-contribution#primaryimage","url":"https:\/\/static.africa-press.net\/congo-brazzaville\/sites\/51\/2023\/02\/postQueueImg_1675355331.09.jpg","contentUrl":"https:\/\/static.africa-press.net\/congo-brazzaville\/sites\/51\/2023\/02\/postQueueImg_1675355331.09.jpg","width":720,"height":540,"caption":"Candidatures CAN 2025: Rabat met la presse africaine \u00e0 contribution"},{"@type":"BreadcrumbList","@id":"https:\/\/www.africa-press.net\/congo-brazzaville\/sports\/candidatures-can-2025-rabat-met-la-presse-africaine-a-contribution#breadcrumb","itemListElement":[{"@type":"ListItem","position":1,"name":"Accueil","item":"https:\/\/www.africa-press.net\/congo-brazzaville\/"},{"@type":"ListItem","position":2,"name":"Candidatures CAN 2025: Rabat met la presse africaine \u00e0 contribution"}]},{"@type":"WebSite","@id":"https:\/\/www.africa-press.net\/congo-brazzaville\/#website","url":"https:\/\/www.africa-press.net\/congo-brazzaville\/","name":"Congo Brazzaville","description":"Just another Africa News Agency Sites site","potentialAction":[{"@type":"SearchAction","target":{"@type":"EntryPoint","urlTemplate":"https:\/\/www.africa-press.net\/congo-brazzaville\/?s={search_term_string}"},"query-input":{"@type":"PropertyValueSpecification","valueRequired":true,"valueName":"search_term_string"}}],"inLanguage":"fr-FR"},{"@type":"Person","@id":"https:\/\/www.africa-press.net\/congo-brazzaville\/#\/schema\/person\/2b1cf3cd81a31e3cd26889ca66d677f1","name":"cfeditorfr"}]}},"_links":{"self":[{"href":"https:\/\/www.africa-press.net\/congo-brazzaville\/wp-json\/wp\/v2\/posts\/14025","targetHints":{"allow":["GET"]}}],"collection":[{"href":"https:\/\/www.africa-press.net\/congo-brazzaville\/wp-json\/wp\/v2\/posts"}],"about":[{"href":"https:\/\/www.africa-press.net\/congo-brazzaville\/wp-json\/wp\/v2\/types\/post"}],"author":[{"embeddable":true,"href":"https:\/\/www.africa-press.net\/congo-brazzaville\/wp-json\/wp\/v2\/users\/82"}],"replies":[{"embeddable":true,"href":"https:\/\/www.africa-press.net\/congo-brazzaville\/wp-json\/wp\/v2\/comments?post=14025"}],"version-history":[{"count":0,"href":"https:\/\/www.africa-press.net\/congo-brazzaville\/wp-json\/wp\/v2\/posts\/14025\/revisions"}],"wp:featuredmedia":[{"embeddable":true,"href":"https:\/\/www.africa-press.net\/congo-brazzaville\/wp-json\/wp\/v2\/media\/14024"}],"wp:attachment":[{"href":"https:\/\/www.africa-press.net\/congo-brazzaville\/wp-json\/wp\/v2\/media?parent=14025"}],"wp:term":[{"taxonomy":"category","embeddable":true,"href":"https:\/\/www.africa-press.net\/congo-brazzaville\/wp-json\/wp\/v2\/categories?post=14025"},{"taxonomy":"post_tag","embeddable":true,"href":"https:\/\/www.africa-press.net\/congo-brazzaville\/wp-json\/wp\/v2\/tags?post=14025"}],"curies":[{"name":"wp","href":"https:\/\/api.w.org\/{rel}","templated":true}]}}