{"id":1403,"date":"2021-08-28T21:00:54","date_gmt":"2021-08-28T21:00:54","guid":{"rendered":"https:\/\/www.africa-press.net\/congo-brazzaville\/?p=1403"},"modified":"2021-08-28T20:45:01","modified_gmt":"2021-08-28T20:45:01","slug":"hommage-antoinette-sassou-nguesso-prend-part-a-une-messe-daction-de-grace-a-paris","status":"publish","type":"post","link":"https:\/\/www.africa-press.net\/congo-brazzaville\/photo\/hommage-antoinette-sassou-nguesso-prend-part-a-une-messe-daction-de-grace-a-paris","title":{"rendered":"Hommage: Antoinette Sassou N\u2019Guesso prend part \u00e0 une messe d\u2019action de gr\u00e2ce \u00e0 Paris"},"content":{"rendered":"<p><span style=\"color: #ff6600\"><strong><a href=\"https:\/\/www.africa-press.net\/\">Africa-Press<\/a> &#8211; <a href=\"https:\/\/www.africa-press.net\/congo-brazzaville\">Congo Brazzaville<\/a>. <\/strong><\/span><b>Vendredi 27 ao\u00fbt, Antoinette Sassou N\u2019Guesso s\u2019est rendue \u00e0 la c\u00e9r\u00e9monie priv\u00e9e en hommage <\/b>\u00e0 Serge Loemba, d\u00e9c\u00e9d\u00e9 le 7 juillet \u00e0 Pointe-Noire, et au colonel Georges Bambi, d\u00e9c\u00e9d\u00e9 le 10 juillet \u00e0 Brazzaville.<\/p>\n<p>En respect des us et coutumes, la famille de la premi\u00e8re dame du Congo a rendu hommage \u00e0 deux de ses membres disparus, il y a pr\u00e8s de quarante jours, par une messe conjointement c\u00e9l\u00e9br\u00e9e par les abb\u00e9s Jean-Claude et Samanou.<\/p>\n<p>Dans son hom\u00e9lie, l\u2019abb\u00e9 Samanou, officiant cette messe, a rappel\u00e9 la quantit\u00e9 de richesses et de forces re\u00e7ues et partag\u00e9es de toutes sortes de fa\u00e7ons du temps de la vie sur terre avec les deux disparus.<\/p>\n<p>Il a aussi fortement invit\u00e9 les membres de la famille \u00e0 raviver en leur c\u0153ur la m\u00e9moire de tous leurs autres d\u00e9funts proches, tels que Bambi, Loemba, Ballou, Tchicaya, Germaine Ndjembo et Poto, pour ne citer que ces piliers parmi tant d\u2019autres.<\/p>\n\r\n                <style type=\"text\/css\">\r\n                    \r\n                    #td_uid_1_69f4473dc6cd3  .td-doubleSlider-2 .td-item1 {\r\n                        background: url(https:\/\/static.africa-press.net\/centrafricaine\/sites\/51\/2021\/08\/img-612a9fc33d625-80x60.jpg) 0 0 no-repeat;\r\n                    }\r\n                <\/style>\r\n\r\n                <div id=\"td_uid_1_69f4473dc6cd3\" class=\"td-gallery td-slide-on-2-columns\">\r\n                    <div class=\"post_td_gallery\">\r\n                        <div class=\"td-gallery-slide-top\">\r\n                           <div class=\"td-gallery-title\"><\/div>\r\n\r\n                            <div class=\"td-gallery-controls-wrapper\">\r\n                                <div class=\"td-gallery-slide-count\"><span class=\"td-gallery-slide-item-focus\">1<\/span> de 2<\/div>\r\n                                <div class=\"td-gallery-slide-prev-next-but\">\r\n                                    <i class = \"td-icon-left doubleSliderPrevButton\"><\/i>\r\n                                    <i class = \"td-icon-right doubleSliderNextButton\"><\/i>\r\n                                <\/div>\r\n                            <\/div>\r\n                        <\/div>\r\n\r\n                        <div class = \"td-doubleSlider-1 \">\r\n                            <div class = \"td-slider\">\r\n                                \r\n                    <div class = \"td-slide-item td-item1\">\r\n                        <figure class=\"td-slide-galery-figure td-slide-popup-gallery\">\r\n                            <a class=\"slide-gallery-image-link\" href=\"https:\/\/static.africa-press.net\/centrafricaine\/sites\/51\/2021\/08\/img-612a9fc33d625.jpg\" title=\"img-612a9fc33d625\"  data-caption=\"\"  data-description=\"\">\r\n                                <img decoding=\"async\" src=\"https:\/\/static.africa-press.net\/centrafricaine\/sites\/51\/2021\/08\/img-612a9fc33d625.jpg\" srcset=\"https:\/\/static.africa-press.net\/congo-brazzaville\/sites\/51\/2021\/08\/img-612a9fc33d625.jpg 720w, https:\/\/static.africa-press.net\/congo-brazzaville\/sites\/51\/2021\/08\/img-612a9fc33d625-176x300.jpg 176w, https:\/\/static.africa-press.net\/congo-brazzaville\/sites\/51\/2021\/08\/img-612a9fc33d625-601x1024.jpg 601w\" sizes=\"(max-width: 720px) 100vw, 720px\" alt=\"\">\r\n                            <\/a>\r\n                            \r\n                        <\/figure>\r\n                    <\/div>\r\n                            <\/div>\r\n                        <\/div>\r\n\r\n                        <div class = \"td-doubleSlider-2\">\r\n                            <div class = \"td-slider\">\r\n                                \r\n                    <div class = \"td-button td-item1\">\r\n                        <div class = \"td-border\"><\/div>\r\n                    <\/div>\r\n                            <\/div>\r\n                        <\/div>\r\n\r\n                    <\/div>\r\n\r\n                <\/div>\r\n                \n","protected":false},"excerpt":{"rendered":"<p>Africa-Press &#8211; Congo Brazzaville. Vendredi 27 ao\u00fbt, Antoinette Sassou N\u2019Guesso s\u2019est rendue \u00e0 la c\u00e9r\u00e9monie priv\u00e9e en hommage \u00e0 Serge Loemba, d\u00e9c\u00e9d\u00e9 le 7 juillet \u00e0 Pointe-Noire, et au colonel Georges Bambi, d\u00e9c\u00e9d\u00e9 le 10 juillet \u00e0 Brazzaville. En respect des us et coutumes, la famille de la premi\u00e8re dame du Congo a rendu hommage [&hellip;]<\/p>\n","protected":false},"author":82,"featured_media":1402,"comment_status":"open","ping_status":"closed","sticky":false,"template":"","format":"standard","meta":{"footnotes":""},"categories":[21,11,8,10],"tags":[36,47,46],"class_list":["post-1403","post","type-post","status-publish","format-standard","has-post-thumbnail","hentry","category-communaute","category-homepage-french","category-photo","category-toutes-les-actualites","tag-africa-press","tag-africa-press-congo-brazzaville","tag-congo-brazzaville"],"yoast_head":"<!-- This site is optimized with the Yoast SEO Premium plugin v26.1 (Yoast SEO v27.0) - https:\/\/yoast.com\/product\/yoast-seo-premium-wordpress\/ -->\n<title>Hommage: Antoinette Sassou N\u2019Guesso prend part \u00e0 une messe d\u2019action de gr\u00e2ce \u00e0 Paris - Congo Brazzaville<\/title>\n<meta name=\"description\" content=\"Vendredi 27 ao\u00fbt, Antoinette Sassou N\u2019Guesso s\u2019est rendue \u00e0 la c\u00e9r\u00e9monie priv\u00e9e en hommage \u00e0 Serge Loemba, d\u00e9c\u00e9d ...\" \/>\n<meta name=\"robots\" content=\"index, follow, max-snippet:-1, max-image-preview:large, max-video-preview:-1\" \/>\n<link rel=\"canonical\" href=\"https:\/\/www.africa-press.net\/congo-brazzaville\/photo\/hommage-antoinette-sassou-nguesso-prend-part-a-une-messe-daction-de-grace-a-paris\" \/>\n<meta property=\"og:locale\" content=\"fr_FR\" \/>\n<meta property=\"og:type\" content=\"article\" \/>\n<meta property=\"og:title\" content=\"Hommage: Antoinette Sassou N\u2019Guesso prend part \u00e0 une messe d\u2019action de gr\u00e2ce \u00e0 Paris\" \/>\n<meta property=\"og:description\" content=\"Vendredi 27 ao\u00fbt, Antoinette Sassou N\u2019Guesso s\u2019est rendue \u00e0 la c\u00e9r\u00e9monie priv\u00e9e en hommage \u00e0 Serge Loemba, d\u00e9c\u00e9d ...\" \/>\n<meta property=\"og:url\" content=\"https:\/\/www.africa-press.net\/congo-brazzaville\/photo\/hommage-antoinette-sassou-nguesso-prend-part-a-une-messe-daction-de-grace-a-paris\" \/>\n<meta property=\"og:site_name\" content=\"Congo Brazzaville\" \/>\n<meta property=\"article:published_time\" content=\"2021-08-28T21:00:54+00:00\" \/>\n<meta property=\"og:image\" content=\"https:\/\/static.africa-press.net\/centrafricaine\/sites\/51\/2021\/08\/img-612a9fcbaeefd.jpg\" \/>\n\t<meta property=\"og:image:width\" content=\"720\" \/>\n\t<meta property=\"og:image:height\" content=\"1227\" \/>\n\t<meta property=\"og:image:type\" content=\"image\/jpeg\" \/>\n<meta name=\"author\" content=\"cfeditorfr\" \/>\n<meta name=\"twitter:card\" content=\"summary_large_image\" \/>\n<meta name=\"twitter:label1\" content=\"\u00c9crit par\" \/>\n\t<meta name=\"twitter:data1\" content=\"cfeditorfr\" \/>\n\t<meta name=\"twitter:label2\" content=\"Dur\u00e9e de lecture estim\u00e9e\" \/>\n\t<meta name=\"twitter:data2\" content=\"1 minute\" \/>\n<script type=\"application\/ld+json\" class=\"yoast-schema-graph\">{\"@context\":\"https:\/\/schema.org\",\"@graph\":[{\"@type\":\"Article\",\"@id\":\"https:\/\/www.africa-press.net\/congo-brazzaville\/photo\/hommage-antoinette-sassou-nguesso-prend-part-a-une-messe-daction-de-grace-a-paris#article\",\"isPartOf\":{\"@id\":\"https:\/\/www.africa-press.net\/congo-brazzaville\/photo\/hommage-antoinette-sassou-nguesso-prend-part-a-une-messe-daction-de-grace-a-paris\"},\"author\":{\"name\":\"cfeditorfr\",\"@id\":\"https:\/\/www.africa-press.net\/congo-brazzaville\/#\/schema\/person\/2b1cf3cd81a31e3cd26889ca66d677f1\"},\"headline\":\"Hommage: Antoinette Sassou N\u2019Guesso prend part \u00e0 une messe d\u2019action de gr\u00e2ce \u00e0 Paris\",\"datePublished\":\"2021-08-28T21:00:54+00:00\",\"mainEntityOfPage\":{\"@id\":\"https:\/\/www.africa-press.net\/congo-brazzaville\/photo\/hommage-antoinette-sassou-nguesso-prend-part-a-une-messe-daction-de-grace-a-paris\"},\"wordCount\":198,\"commentCount\":0,\"image\":{\"@id\":\"https:\/\/www.africa-press.net\/congo-brazzaville\/photo\/hommage-antoinette-sassou-nguesso-prend-part-a-une-messe-daction-de-grace-a-paris#primaryimage\"},\"thumbnailUrl\":\"https:\/\/static.africa-press.net\/centrafricaine\/sites\/51\/2021\/08\/img-612a9fcbaeefd.jpg\",\"keywords\":[\"Africa Press\",\"Africa Press-Congo Brazzaville\",\"Congo Brazzaville\"],\"articleSection\":[\"Communaut\u00e9\",\"homepage-french\",\"Photo\",\"Toutes les actualit\u00e9s\"],\"inLanguage\":\"fr-FR\",\"potentialAction\":[{\"@type\":\"CommentAction\",\"name\":\"Comment\",\"target\":[\"https:\/\/www.africa-press.net\/congo-brazzaville\/photo\/hommage-antoinette-sassou-nguesso-prend-part-a-une-messe-daction-de-grace-a-paris#respond\"]}]},{\"@type\":\"WebPage\",\"@id\":\"https:\/\/www.africa-press.net\/congo-brazzaville\/photo\/hommage-antoinette-sassou-nguesso-prend-part-a-une-messe-daction-de-grace-a-paris\",\"url\":\"https:\/\/www.africa-press.net\/congo-brazzaville\/photo\/hommage-antoinette-sassou-nguesso-prend-part-a-une-messe-daction-de-grace-a-paris\",\"name\":\"Hommage: Antoinette Sassou N\u2019Guesso prend part \u00e0 une messe d\u2019action de gr\u00e2ce \u00e0 Paris - Congo Brazzaville\",\"isPartOf\":{\"@id\":\"https:\/\/www.africa-press.net\/congo-brazzaville\/#website\"},\"primaryImageOfPage\":{\"@id\":\"https:\/\/www.africa-press.net\/congo-brazzaville\/photo\/hommage-antoinette-sassou-nguesso-prend-part-a-une-messe-daction-de-grace-a-paris#primaryimage\"},\"image\":{\"@id\":\"https:\/\/www.africa-press.net\/congo-brazzaville\/photo\/hommage-antoinette-sassou-nguesso-prend-part-a-une-messe-daction-de-grace-a-paris#primaryimage\"},\"thumbnailUrl\":\"https:\/\/static.africa-press.net\/centrafricaine\/sites\/51\/2021\/08\/img-612a9fcbaeefd.jpg\",\"datePublished\":\"2021-08-28T21:00:54+00:00\",\"author\":{\"@id\":\"https:\/\/www.africa-press.net\/congo-brazzaville\/#\/schema\/person\/2b1cf3cd81a31e3cd26889ca66d677f1\"},\"description\":\"Vendredi 27 ao\u00fbt, Antoinette Sassou N\u2019Guesso s\u2019est rendue \u00e0 la c\u00e9r\u00e9monie priv\u00e9e en hommage \u00e0 Serge Loemba, d\u00e9c\u00e9d ...\",\"breadcrumb\":{\"@id\":\"https:\/\/www.africa-press.net\/congo-brazzaville\/photo\/hommage-antoinette-sassou-nguesso-prend-part-a-une-messe-daction-de-grace-a-paris#breadcrumb\"},\"inLanguage\":\"fr-FR\",\"potentialAction\":[{\"@type\":\"ReadAction\",\"target\":[\"https:\/\/www.africa-press.net\/congo-brazzaville\/photo\/hommage-antoinette-sassou-nguesso-prend-part-a-une-messe-daction-de-grace-a-paris\"]}]},{\"@type\":\"ImageObject\",\"inLanguage\":\"fr-FR\",\"@id\":\"https:\/\/www.africa-press.net\/congo-brazzaville\/photo\/hommage-antoinette-sassou-nguesso-prend-part-a-une-messe-daction-de-grace-a-paris#primaryimage\",\"url\":\"https:\/\/static.africa-press.net\/centrafricaine\/sites\/51\/2021\/08\/img-612a9fcbaeefd.jpg\",\"contentUrl\":\"https:\/\/static.africa-press.net\/centrafricaine\/sites\/51\/2021\/08\/img-612a9fcbaeefd.jpg\",\"width\":720,\"height\":1227,\"caption\":\"Hommage: Antoinette Sassou N\u2019Guesso prend part \u00e0 une messe d\u2019action de gr\u00e2ce \u00e0 Paris\"},{\"@type\":\"BreadcrumbList\",\"@id\":\"https:\/\/www.africa-press.net\/congo-brazzaville\/photo\/hommage-antoinette-sassou-nguesso-prend-part-a-une-messe-daction-de-grace-a-paris#breadcrumb\",\"itemListElement\":[{\"@type\":\"ListItem\",\"position\":1,\"name\":\"Accueil\",\"item\":\"https:\/\/www.africa-press.net\/congo-brazzaville\/\"},{\"@type\":\"ListItem\",\"position\":2,\"name\":\"Hommage: Antoinette Sassou N\u2019Guesso prend part \u00e0 une messe d\u2019action de gr\u00e2ce \u00e0 Paris\"}]},{\"@type\":\"WebSite\",\"@id\":\"https:\/\/www.africa-press.net\/congo-brazzaville\/#website\",\"url\":\"https:\/\/www.africa-press.net\/congo-brazzaville\/\",\"name\":\"Congo Brazzaville\",\"description\":\"Just another Africa News Agency Sites site\",\"potentialAction\":[{\"@type\":\"SearchAction\",\"target\":{\"@type\":\"EntryPoint\",\"urlTemplate\":\"https:\/\/www.africa-press.net\/congo-brazzaville\/?s={search_term_string}\"},\"query-input\":{\"@type\":\"PropertyValueSpecification\",\"valueRequired\":true,\"valueName\":\"search_term_string\"}}],\"inLanguage\":\"fr-FR\"},{\"@type\":\"Person\",\"@id\":\"https:\/\/www.africa-press.net\/congo-brazzaville\/#\/schema\/person\/2b1cf3cd81a31e3cd26889ca66d677f1\",\"name\":\"cfeditorfr\"}]}<\/script>\n<!-- \/ Yoast SEO Premium plugin. -->","yoast_head_json":{"title":"Hommage: Antoinette Sassou N\u2019Guesso prend part \u00e0 une messe d\u2019action de gr\u00e2ce \u00e0 Paris - Congo Brazzaville","description":"Vendredi 27 ao\u00fbt, Antoinette Sassou N\u2019Guesso s\u2019est rendue \u00e0 la c\u00e9r\u00e9monie priv\u00e9e en hommage \u00e0 Serge Loemba, d\u00e9c\u00e9d ...","robots":{"index":"index","follow":"follow","max-snippet":"max-snippet:-1","max-image-preview":"max-image-preview:large","max-video-preview":"max-video-preview:-1"},"canonical":"https:\/\/www.africa-press.net\/congo-brazzaville\/photo\/hommage-antoinette-sassou-nguesso-prend-part-a-une-messe-daction-de-grace-a-paris","og_locale":"fr_FR","og_type":"article","og_title":"Hommage: Antoinette Sassou N\u2019Guesso prend part \u00e0 une messe d\u2019action de gr\u00e2ce \u00e0 Paris","og_description":"Vendredi 27 ao\u00fbt, Antoinette Sassou N\u2019Guesso s\u2019est rendue \u00e0 la c\u00e9r\u00e9monie priv\u00e9e en hommage \u00e0 Serge Loemba, d\u00e9c\u00e9d ...","og_url":"https:\/\/www.africa-press.net\/congo-brazzaville\/photo\/hommage-antoinette-sassou-nguesso-prend-part-a-une-messe-daction-de-grace-a-paris","og_site_name":"Congo Brazzaville","article_published_time":"2021-08-28T21:00:54+00:00","og_image":[{"width":720,"height":1227,"url":"https:\/\/static.africa-press.net\/centrafricaine\/sites\/51\/2021\/08\/img-612a9fcbaeefd.jpg","type":"image\/jpeg"}],"author":"cfeditorfr","twitter_card":"summary_large_image","twitter_misc":{"\u00c9crit par":"cfeditorfr","Dur\u00e9e de lecture estim\u00e9e":"1 minute"},"schema":{"@context":"https:\/\/schema.org","@graph":[{"@type":"Article","@id":"https:\/\/www.africa-press.net\/congo-brazzaville\/photo\/hommage-antoinette-sassou-nguesso-prend-part-a-une-messe-daction-de-grace-a-paris#article","isPartOf":{"@id":"https:\/\/www.africa-press.net\/congo-brazzaville\/photo\/hommage-antoinette-sassou-nguesso-prend-part-a-une-messe-daction-de-grace-a-paris"},"author":{"name":"cfeditorfr","@id":"https:\/\/www.africa-press.net\/congo-brazzaville\/#\/schema\/person\/2b1cf3cd81a31e3cd26889ca66d677f1"},"headline":"Hommage: Antoinette Sassou N\u2019Guesso prend part \u00e0 une messe d\u2019action de gr\u00e2ce \u00e0 Paris","datePublished":"2021-08-28T21:00:54+00:00","mainEntityOfPage":{"@id":"https:\/\/www.africa-press.net\/congo-brazzaville\/photo\/hommage-antoinette-sassou-nguesso-prend-part-a-une-messe-daction-de-grace-a-paris"},"wordCount":198,"commentCount":0,"image":{"@id":"https:\/\/www.africa-press.net\/congo-brazzaville\/photo\/hommage-antoinette-sassou-nguesso-prend-part-a-une-messe-daction-de-grace-a-paris#primaryimage"},"thumbnailUrl":"https:\/\/static.africa-press.net\/centrafricaine\/sites\/51\/2021\/08\/img-612a9fcbaeefd.jpg","keywords":["Africa Press","Africa Press-Congo Brazzaville","Congo Brazzaville"],"articleSection":["Communaut\u00e9","homepage-french","Photo","Toutes les actualit\u00e9s"],"inLanguage":"fr-FR","potentialAction":[{"@type":"CommentAction","name":"Comment","target":["https:\/\/www.africa-press.net\/congo-brazzaville\/photo\/hommage-antoinette-sassou-nguesso-prend-part-a-une-messe-daction-de-grace-a-paris#respond"]}]},{"@type":"WebPage","@id":"https:\/\/www.africa-press.net\/congo-brazzaville\/photo\/hommage-antoinette-sassou-nguesso-prend-part-a-une-messe-daction-de-grace-a-paris","url":"https:\/\/www.africa-press.net\/congo-brazzaville\/photo\/hommage-antoinette-sassou-nguesso-prend-part-a-une-messe-daction-de-grace-a-paris","name":"Hommage: Antoinette Sassou N\u2019Guesso prend part \u00e0 une messe d\u2019action de gr\u00e2ce \u00e0 Paris - Congo Brazzaville","isPartOf":{"@id":"https:\/\/www.africa-press.net\/congo-brazzaville\/#website"},"primaryImageOfPage":{"@id":"https:\/\/www.africa-press.net\/congo-brazzaville\/photo\/hommage-antoinette-sassou-nguesso-prend-part-a-une-messe-daction-de-grace-a-paris#primaryimage"},"image":{"@id":"https:\/\/www.africa-press.net\/congo-brazzaville\/photo\/hommage-antoinette-sassou-nguesso-prend-part-a-une-messe-daction-de-grace-a-paris#primaryimage"},"thumbnailUrl":"https:\/\/static.africa-press.net\/centrafricaine\/sites\/51\/2021\/08\/img-612a9fcbaeefd.jpg","datePublished":"2021-08-28T21:00:54+00:00","author":{"@id":"https:\/\/www.africa-press.net\/congo-brazzaville\/#\/schema\/person\/2b1cf3cd81a31e3cd26889ca66d677f1"},"description":"Vendredi 27 ao\u00fbt, Antoinette Sassou N\u2019Guesso s\u2019est rendue \u00e0 la c\u00e9r\u00e9monie priv\u00e9e en hommage \u00e0 Serge Loemba, d\u00e9c\u00e9d ...","breadcrumb":{"@id":"https:\/\/www.africa-press.net\/congo-brazzaville\/photo\/hommage-antoinette-sassou-nguesso-prend-part-a-une-messe-daction-de-grace-a-paris#breadcrumb"},"inLanguage":"fr-FR","potentialAction":[{"@type":"ReadAction","target":["https:\/\/www.africa-press.net\/congo-brazzaville\/photo\/hommage-antoinette-sassou-nguesso-prend-part-a-une-messe-daction-de-grace-a-paris"]}]},{"@type":"ImageObject","inLanguage":"fr-FR","@id":"https:\/\/www.africa-press.net\/congo-brazzaville\/photo\/hommage-antoinette-sassou-nguesso-prend-part-a-une-messe-daction-de-grace-a-paris#primaryimage","url":"https:\/\/static.africa-press.net\/centrafricaine\/sites\/51\/2021\/08\/img-612a9fcbaeefd.jpg","contentUrl":"https:\/\/static.africa-press.net\/centrafricaine\/sites\/51\/2021\/08\/img-612a9fcbaeefd.jpg","width":720,"height":1227,"caption":"Hommage: Antoinette Sassou N\u2019Guesso prend part \u00e0 une messe d\u2019action de gr\u00e2ce \u00e0 Paris"},{"@type":"BreadcrumbList","@id":"https:\/\/www.africa-press.net\/congo-brazzaville\/photo\/hommage-antoinette-sassou-nguesso-prend-part-a-une-messe-daction-de-grace-a-paris#breadcrumb","itemListElement":[{"@type":"ListItem","position":1,"name":"Accueil","item":"https:\/\/www.africa-press.net\/congo-brazzaville\/"},{"@type":"ListItem","position":2,"name":"Hommage: Antoinette Sassou N\u2019Guesso prend part \u00e0 une messe d\u2019action de gr\u00e2ce \u00e0 Paris"}]},{"@type":"WebSite","@id":"https:\/\/www.africa-press.net\/congo-brazzaville\/#website","url":"https:\/\/www.africa-press.net\/congo-brazzaville\/","name":"Congo Brazzaville","description":"Just another Africa News Agency Sites site","potentialAction":[{"@type":"SearchAction","target":{"@type":"EntryPoint","urlTemplate":"https:\/\/www.africa-press.net\/congo-brazzaville\/?s={search_term_string}"},"query-input":{"@type":"PropertyValueSpecification","valueRequired":true,"valueName":"search_term_string"}}],"inLanguage":"fr-FR"},{"@type":"Person","@id":"https:\/\/www.africa-press.net\/congo-brazzaville\/#\/schema\/person\/2b1cf3cd81a31e3cd26889ca66d677f1","name":"cfeditorfr"}]}},"_links":{"self":[{"href":"https:\/\/www.africa-press.net\/congo-brazzaville\/wp-json\/wp\/v2\/posts\/1403","targetHints":{"allow":["GET"]}}],"collection":[{"href":"https:\/\/www.africa-press.net\/congo-brazzaville\/wp-json\/wp\/v2\/posts"}],"about":[{"href":"https:\/\/www.africa-press.net\/congo-brazzaville\/wp-json\/wp\/v2\/types\/post"}],"author":[{"embeddable":true,"href":"https:\/\/www.africa-press.net\/congo-brazzaville\/wp-json\/wp\/v2\/users\/82"}],"replies":[{"embeddable":true,"href":"https:\/\/www.africa-press.net\/congo-brazzaville\/wp-json\/wp\/v2\/comments?post=1403"}],"version-history":[{"count":0,"href":"https:\/\/www.africa-press.net\/congo-brazzaville\/wp-json\/wp\/v2\/posts\/1403\/revisions"}],"wp:featuredmedia":[{"embeddable":true,"href":"https:\/\/www.africa-press.net\/congo-brazzaville\/wp-json\/wp\/v2\/media\/1402"}],"wp:attachment":[{"href":"https:\/\/www.africa-press.net\/congo-brazzaville\/wp-json\/wp\/v2\/media?parent=1403"}],"wp:term":[{"taxonomy":"category","embeddable":true,"href":"https:\/\/www.africa-press.net\/congo-brazzaville\/wp-json\/wp\/v2\/categories?post=1403"},{"taxonomy":"post_tag","embeddable":true,"href":"https:\/\/www.africa-press.net\/congo-brazzaville\/wp-json\/wp\/v2\/tags?post=1403"}],"curies":[{"name":"wp","href":"https:\/\/api.w.org\/{rel}","templated":true}]}}