{"id":14037,"date":"2023-02-03T18:35:52","date_gmt":"2023-02-03T18:35:52","guid":{"rendered":"https:\/\/www.africa-press.net\/congo-brazzaville\/politique\/non-assistance-a-personne-en-danger-repartir-pour-lecole-du-bon-samaritain"},"modified":"2023-02-03T21:52:06","modified_gmt":"2023-02-03T21:52:06","slug":"non-assistance-a-personne-en-danger-repartir-pour-lecole-du-bon-samaritain","status":"publish","type":"post","link":"https:\/\/www.africa-press.net\/congo-brazzaville\/toutes-les-actualites\/non-assistance-a-personne-en-danger-repartir-pour-lecole-du-bon-samaritain","title":{"rendered":"Non assistance \u00e0 personne en danger : repartir pour l\u2019\u00e9cole du bon samaritain"},"content":{"rendered":"<p><span style=\"color: #ff6600\"><strong>Africa-Press &#8211; Congo Brazzaville. <\/strong><\/span><b>La semaine dernie\u0300re, dans un des quartiers de Brazzaville, un riverain, contre toute attente, a e\u0301te\u0301 retrouve\u0301, au petit matin, affale\u0301 a\u0300 me\u0302me le sol, au grand de\u0301sarroi des passants.<\/b><\/p>\n<p>La majorite\u0301 des gens a e\u0301te\u0301 choque\u0301e de voir la sce\u0300ne, mais personne n&rsquo;avait malheureusement eu le courage de venir en aide a\u0300 l&rsquo;infortune\u0301, de chercher a\u0300 savoir le pourquoi du comment. Toutes les personnes ou presque avaient le courage de s\u2019arre\u0302ter, de poser quelques questions par curiosite\u0301. Ce qui n\u2019e\u0301tait pas mal du tout car la curiosite\u0301 est une vertu, dit-on souvent.<\/p>\n<p>Seulement, l\u2019insensibilite\u0301 envers l\u2019homme affale\u0301 a\u0300 me\u0302me le sol a heurte\u0301 la conscience et re\u0301volte\u0301 quelques rares passants. \u00ab Pourquoi les gens sont-ils devenus si insensibles et e\u0301goi\u0308stes ? Je ne comprends pas pourquoi les Congolais sont devenus si me\u0301chants. C\u2019est a\u0300 peine croyable ! Je me rappelle qu\u2019a\u0300 notre e\u0301poque, les choses e\u0301taient diffe\u0301rentes. Tout le monde prenait soin de tout le monde. Je me demande ou\u0300 va le Congo \u00bb, s\u2019est exclame\u0301 un cinquantenaire qui e\u0301tait de passage.<\/p>\n<p>Dans la foule\u0301e, un autre passant, un taximan, a lance\u0301, furieux: \u00ab La plupart des gens qui assistent a\u0300 cette sce\u0300ne sont croyants. Ces personnes connaissent bien la parabole du \u00ab\u00a0bon samaritain\u00a0\u00bb. Pourquoi ils n\u2019appliquent pas la lec\u0327on de cette histoire-parabole ? Toutes ces personnes sont de gros hypocrites \u00bb.<\/p>\n<p>Ce malheureux n\u2019a e\u0301te\u0301 assiste\u0301 que par des e\u0301le\u0301ments de la force de l\u2019ordre qui ont pris le soin de lui conduire dans un centre hospitalier public le plus proche. Qu\u2019est-ce qui s\u2019est passe\u0301 apre\u0300s sa de\u0301portation a\u0300 l\u2019ho\u0302pital ? A-t-il rec\u0327u les soins approprie\u0301s ? S\u2019en est-il sorti ? Tout va-t-il bien maintenant pour lui ? Pourquoi e\u0301tait-il allonge\u0301 a\u0300 me\u0302me le sol ? Seuls ces e\u0301le\u0301ments des forces de l\u2019ordre qui ont pris soin de ce riverain sauront re\u0301pondre a\u0300 ces interrogations.<\/p>\n<p>Toutes ces personnes devraient repartir a\u0300 l\u2019e\u0301cole du bon samaritain qui sait investir de sa personne, de son temps et de sa fortune pour venir en aide aux inconnus, aux e\u0301trangers voire me\u0302me aux ennemis. Tout le monde ferait bien de s\u2019affranchir de l\u2019insensibilite\u0301 tant maladive qui semble gangre\u0301ner les socie\u0301te\u0301s africaines, en ge\u0301ne\u0301ral, et congolaise, en particulier.<\/p>\n<p>Rappelons que selon le code pe\u0301nal, article 223-6 aline\u0301a 2, la non assistance a\u0300 personne en danger est une infraction pe\u0301nale qui condamne l\u2019omission de pre\u0302ter secours a\u0300 une personne courant un danger. Contrairement a\u0300 la plupart des normes pe\u0301nales, c&rsquo;est une infraction d&rsquo;omission et non de commission, c&rsquo;est-a\u0300-dire que l&rsquo;auteur n&rsquo;agit pas alors qu&rsquo;il aurait du\u0302 le faire.<\/p>\n<p><strong>Pour plus d&rsquo;informations et d&rsquo;analyses sur la <a href=\"https:\/\/www.africa-press.net\/congo-brazzaville\">Congo Brazzaville<\/a>, suivez <a href=\"https:\/\/www.africa-press.net\/\">Africa-Press<\/a><\/strong><\/p>\n","protected":false},"excerpt":{"rendered":"<p>Africa-Press &#8211; Congo Brazzaville. La semaine dernie\u0300re, dans un des quartiers de Brazzaville, un riverain, contre toute attente, a e\u0301te\u0301 retrouve\u0301, au petit matin, affale\u0301 a\u0300 me\u0302me le sol, au grand de\u0301sarroi des passants. La majorite\u0301 des gens a e\u0301te\u0301 choque\u0301e de voir la sce\u0300ne, mais personne n&rsquo;avait malheureusement eu le courage de venir en [&hellip;]<\/p>\n","protected":false},"author":82,"featured_media":14036,"comment_status":"open","ping_status":"closed","sticky":false,"template":"","format":"standard","meta":{"footnotes":""},"categories":[21,10],"tags":[36,47,46],"class_list":["post-14037","post","type-post","status-publish","format-standard","has-post-thumbnail","hentry","category-communaute","category-toutes-les-actualites","tag-africa-press","tag-africa-press-congo-brazzaville","tag-congo-brazzaville"],"yoast_head":"<!-- This site is optimized with the Yoast SEO Premium plugin v26.1 (Yoast SEO v27.0) - https:\/\/yoast.com\/product\/yoast-seo-premium-wordpress\/ -->\n<title>Non assistance \u00e0 personne en danger : repartir pour l\u2019\u00e9cole du bon samaritain - Congo Brazzaville<\/title>\n<meta name=\"description\" content=\"La semaine dernie\u0300re, dans un des quartiers de Brazzaville, un riverain, contre toute attente, a e\u0301te\u0301 retrouve\u0301, au ...\" \/>\n<meta name=\"robots\" content=\"index, follow, max-snippet:-1, max-image-preview:large, max-video-preview:-1\" \/>\n<link rel=\"canonical\" href=\"https:\/\/www.africa-press.net\/congo-brazzaville\/toutes-les-actualites\/non-assistance-a-personne-en-danger-repartir-pour-lecole-du-bon-samaritain\" \/>\n<meta property=\"og:locale\" content=\"fr_FR\" \/>\n<meta property=\"og:type\" content=\"article\" \/>\n<meta property=\"og:title\" content=\"Non assistance \u00e0 personne en danger : repartir pour l\u2019\u00e9cole du bon samaritain\" \/>\n<meta property=\"og:description\" content=\"La semaine dernie\u0300re, dans un des quartiers de Brazzaville, un riverain, contre toute attente, a e\u0301te\u0301 retrouve\u0301, au ...\" \/>\n<meta property=\"og:url\" content=\"https:\/\/www.africa-press.net\/congo-brazzaville\/toutes-les-actualites\/non-assistance-a-personne-en-danger-repartir-pour-lecole-du-bon-samaritain\" \/>\n<meta property=\"og:site_name\" content=\"Congo Brazzaville\" \/>\n<meta property=\"article:published_time\" content=\"2023-02-03T18:35:52+00:00\" \/>\n<meta property=\"article:modified_time\" content=\"2023-02-03T21:52:06+00:00\" \/>\n<meta property=\"og:image\" content=\"https:\/\/static.africa-press.net\/congo-brazzaville\/sites\/51\/2023\/02\/postQueueImg_1675436756.55.jpg\" \/>\n\t<meta property=\"og:image:width\" content=\"1080\" \/>\n\t<meta property=\"og:image:height\" content=\"608\" \/>\n\t<meta property=\"og:image:type\" content=\"image\/jpeg\" \/>\n<meta name=\"author\" content=\"cfeditorfr\" \/>\n<meta name=\"twitter:card\" content=\"summary_large_image\" \/>\n<meta name=\"twitter:label1\" content=\"\u00c9crit par\" \/>\n\t<meta name=\"twitter:data1\" content=\"cfeditorfr\" \/>\n\t<meta name=\"twitter:label2\" content=\"Dur\u00e9e de lecture estim\u00e9e\" \/>\n\t<meta name=\"twitter:data2\" content=\"2 minutes\" \/>\n<script type=\"application\/ld+json\" class=\"yoast-schema-graph\">{\"@context\":\"https:\/\/schema.org\",\"@graph\":[{\"@type\":\"Article\",\"@id\":\"https:\/\/www.africa-press.net\/congo-brazzaville\/toutes-les-actualites\/non-assistance-a-personne-en-danger-repartir-pour-lecole-du-bon-samaritain#article\",\"isPartOf\":{\"@id\":\"https:\/\/www.africa-press.net\/congo-brazzaville\/toutes-les-actualites\/non-assistance-a-personne-en-danger-repartir-pour-lecole-du-bon-samaritain\"},\"author\":{\"name\":\"cfeditorfr\",\"@id\":\"https:\/\/www.africa-press.net\/congo-brazzaville\/#\/schema\/person\/2b1cf3cd81a31e3cd26889ca66d677f1\"},\"headline\":\"Non assistance \u00e0 personne en danger : repartir pour l\u2019\u00e9cole du bon samaritain\",\"datePublished\":\"2023-02-03T18:35:52+00:00\",\"dateModified\":\"2023-02-03T21:52:06+00:00\",\"mainEntityOfPage\":{\"@id\":\"https:\/\/www.africa-press.net\/congo-brazzaville\/toutes-les-actualites\/non-assistance-a-personne-en-danger-repartir-pour-lecole-du-bon-samaritain\"},\"wordCount\":515,\"commentCount\":0,\"image\":{\"@id\":\"https:\/\/www.africa-press.net\/congo-brazzaville\/toutes-les-actualites\/non-assistance-a-personne-en-danger-repartir-pour-lecole-du-bon-samaritain#primaryimage\"},\"thumbnailUrl\":\"https:\/\/static.africa-press.net\/congo-brazzaville\/sites\/51\/2023\/02\/postQueueImg_1675436756.55.jpg\",\"keywords\":[\"Africa Press\",\"Africa Press-Congo Brazzaville\",\"Congo Brazzaville\"],\"articleSection\":[\"Communaut\u00e9\",\"Toutes les actualit\u00e9s\"],\"inLanguage\":\"fr-FR\",\"potentialAction\":[{\"@type\":\"CommentAction\",\"name\":\"Comment\",\"target\":[\"https:\/\/www.africa-press.net\/congo-brazzaville\/toutes-les-actualites\/non-assistance-a-personne-en-danger-repartir-pour-lecole-du-bon-samaritain#respond\"]}]},{\"@type\":\"WebPage\",\"@id\":\"https:\/\/www.africa-press.net\/congo-brazzaville\/toutes-les-actualites\/non-assistance-a-personne-en-danger-repartir-pour-lecole-du-bon-samaritain\",\"url\":\"https:\/\/www.africa-press.net\/congo-brazzaville\/toutes-les-actualites\/non-assistance-a-personne-en-danger-repartir-pour-lecole-du-bon-samaritain\",\"name\":\"Non assistance \u00e0 personne en danger : repartir pour l\u2019\u00e9cole du bon samaritain - Congo Brazzaville\",\"isPartOf\":{\"@id\":\"https:\/\/www.africa-press.net\/congo-brazzaville\/#website\"},\"primaryImageOfPage\":{\"@id\":\"https:\/\/www.africa-press.net\/congo-brazzaville\/toutes-les-actualites\/non-assistance-a-personne-en-danger-repartir-pour-lecole-du-bon-samaritain#primaryimage\"},\"image\":{\"@id\":\"https:\/\/www.africa-press.net\/congo-brazzaville\/toutes-les-actualites\/non-assistance-a-personne-en-danger-repartir-pour-lecole-du-bon-samaritain#primaryimage\"},\"thumbnailUrl\":\"https:\/\/static.africa-press.net\/congo-brazzaville\/sites\/51\/2023\/02\/postQueueImg_1675436756.55.jpg\",\"datePublished\":\"2023-02-03T18:35:52+00:00\",\"dateModified\":\"2023-02-03T21:52:06+00:00\",\"author\":{\"@id\":\"https:\/\/www.africa-press.net\/congo-brazzaville\/#\/schema\/person\/2b1cf3cd81a31e3cd26889ca66d677f1\"},\"description\":\"La semaine dernie\u0300re, dans un des quartiers de Brazzaville, un riverain, contre toute attente, a e\u0301te\u0301 retrouve\u0301, au ...\",\"breadcrumb\":{\"@id\":\"https:\/\/www.africa-press.net\/congo-brazzaville\/toutes-les-actualites\/non-assistance-a-personne-en-danger-repartir-pour-lecole-du-bon-samaritain#breadcrumb\"},\"inLanguage\":\"fr-FR\",\"potentialAction\":[{\"@type\":\"ReadAction\",\"target\":[\"https:\/\/www.africa-press.net\/congo-brazzaville\/toutes-les-actualites\/non-assistance-a-personne-en-danger-repartir-pour-lecole-du-bon-samaritain\"]}]},{\"@type\":\"ImageObject\",\"inLanguage\":\"fr-FR\",\"@id\":\"https:\/\/www.africa-press.net\/congo-brazzaville\/toutes-les-actualites\/non-assistance-a-personne-en-danger-repartir-pour-lecole-du-bon-samaritain#primaryimage\",\"url\":\"https:\/\/static.africa-press.net\/congo-brazzaville\/sites\/51\/2023\/02\/postQueueImg_1675436756.55.jpg\",\"contentUrl\":\"https:\/\/static.africa-press.net\/congo-brazzaville\/sites\/51\/2023\/02\/postQueueImg_1675436756.55.jpg\",\"width\":1080,\"height\":608,\"caption\":\"Non assistance \u00e0 personne en danger : repartir pour l\u2019\u00e9cole du bon samaritain\"},{\"@type\":\"BreadcrumbList\",\"@id\":\"https:\/\/www.africa-press.net\/congo-brazzaville\/toutes-les-actualites\/non-assistance-a-personne-en-danger-repartir-pour-lecole-du-bon-samaritain#breadcrumb\",\"itemListElement\":[{\"@type\":\"ListItem\",\"position\":1,\"name\":\"Accueil\",\"item\":\"https:\/\/www.africa-press.net\/congo-brazzaville\/\"},{\"@type\":\"ListItem\",\"position\":2,\"name\":\"Non assistance \u00e0 personne en danger : repartir pour l\u2019\u00e9cole du bon samaritain\"}]},{\"@type\":\"WebSite\",\"@id\":\"https:\/\/www.africa-press.net\/congo-brazzaville\/#website\",\"url\":\"https:\/\/www.africa-press.net\/congo-brazzaville\/\",\"name\":\"Congo Brazzaville\",\"description\":\"Just another Africa News Agency Sites site\",\"potentialAction\":[{\"@type\":\"SearchAction\",\"target\":{\"@type\":\"EntryPoint\",\"urlTemplate\":\"https:\/\/www.africa-press.net\/congo-brazzaville\/?s={search_term_string}\"},\"query-input\":{\"@type\":\"PropertyValueSpecification\",\"valueRequired\":true,\"valueName\":\"search_term_string\"}}],\"inLanguage\":\"fr-FR\"},{\"@type\":\"Person\",\"@id\":\"https:\/\/www.africa-press.net\/congo-brazzaville\/#\/schema\/person\/2b1cf3cd81a31e3cd26889ca66d677f1\",\"name\":\"cfeditorfr\"}]}<\/script>\n<!-- \/ Yoast SEO Premium plugin. -->","yoast_head_json":{"title":"Non assistance \u00e0 personne en danger : repartir pour l\u2019\u00e9cole du bon samaritain - Congo Brazzaville","description":"La semaine dernie\u0300re, dans un des quartiers de Brazzaville, un riverain, contre toute attente, a e\u0301te\u0301 retrouve\u0301, au ...","robots":{"index":"index","follow":"follow","max-snippet":"max-snippet:-1","max-image-preview":"max-image-preview:large","max-video-preview":"max-video-preview:-1"},"canonical":"https:\/\/www.africa-press.net\/congo-brazzaville\/toutes-les-actualites\/non-assistance-a-personne-en-danger-repartir-pour-lecole-du-bon-samaritain","og_locale":"fr_FR","og_type":"article","og_title":"Non assistance \u00e0 personne en danger : repartir pour l\u2019\u00e9cole du bon samaritain","og_description":"La semaine dernie\u0300re, dans un des quartiers de Brazzaville, un riverain, contre toute attente, a e\u0301te\u0301 retrouve\u0301, au ...","og_url":"https:\/\/www.africa-press.net\/congo-brazzaville\/toutes-les-actualites\/non-assistance-a-personne-en-danger-repartir-pour-lecole-du-bon-samaritain","og_site_name":"Congo Brazzaville","article_published_time":"2023-02-03T18:35:52+00:00","article_modified_time":"2023-02-03T21:52:06+00:00","og_image":[{"width":1080,"height":608,"url":"https:\/\/static.africa-press.net\/congo-brazzaville\/sites\/51\/2023\/02\/postQueueImg_1675436756.55.jpg","type":"image\/jpeg"}],"author":"cfeditorfr","twitter_card":"summary_large_image","twitter_misc":{"\u00c9crit par":"cfeditorfr","Dur\u00e9e de lecture estim\u00e9e":"2 minutes"},"schema":{"@context":"https:\/\/schema.org","@graph":[{"@type":"Article","@id":"https:\/\/www.africa-press.net\/congo-brazzaville\/toutes-les-actualites\/non-assistance-a-personne-en-danger-repartir-pour-lecole-du-bon-samaritain#article","isPartOf":{"@id":"https:\/\/www.africa-press.net\/congo-brazzaville\/toutes-les-actualites\/non-assistance-a-personne-en-danger-repartir-pour-lecole-du-bon-samaritain"},"author":{"name":"cfeditorfr","@id":"https:\/\/www.africa-press.net\/congo-brazzaville\/#\/schema\/person\/2b1cf3cd81a31e3cd26889ca66d677f1"},"headline":"Non assistance \u00e0 personne en danger : repartir pour l\u2019\u00e9cole du bon samaritain","datePublished":"2023-02-03T18:35:52+00:00","dateModified":"2023-02-03T21:52:06+00:00","mainEntityOfPage":{"@id":"https:\/\/www.africa-press.net\/congo-brazzaville\/toutes-les-actualites\/non-assistance-a-personne-en-danger-repartir-pour-lecole-du-bon-samaritain"},"wordCount":515,"commentCount":0,"image":{"@id":"https:\/\/www.africa-press.net\/congo-brazzaville\/toutes-les-actualites\/non-assistance-a-personne-en-danger-repartir-pour-lecole-du-bon-samaritain#primaryimage"},"thumbnailUrl":"https:\/\/static.africa-press.net\/congo-brazzaville\/sites\/51\/2023\/02\/postQueueImg_1675436756.55.jpg","keywords":["Africa Press","Africa Press-Congo Brazzaville","Congo Brazzaville"],"articleSection":["Communaut\u00e9","Toutes les actualit\u00e9s"],"inLanguage":"fr-FR","potentialAction":[{"@type":"CommentAction","name":"Comment","target":["https:\/\/www.africa-press.net\/congo-brazzaville\/toutes-les-actualites\/non-assistance-a-personne-en-danger-repartir-pour-lecole-du-bon-samaritain#respond"]}]},{"@type":"WebPage","@id":"https:\/\/www.africa-press.net\/congo-brazzaville\/toutes-les-actualites\/non-assistance-a-personne-en-danger-repartir-pour-lecole-du-bon-samaritain","url":"https:\/\/www.africa-press.net\/congo-brazzaville\/toutes-les-actualites\/non-assistance-a-personne-en-danger-repartir-pour-lecole-du-bon-samaritain","name":"Non assistance \u00e0 personne en danger : repartir pour l\u2019\u00e9cole du bon samaritain - Congo Brazzaville","isPartOf":{"@id":"https:\/\/www.africa-press.net\/congo-brazzaville\/#website"},"primaryImageOfPage":{"@id":"https:\/\/www.africa-press.net\/congo-brazzaville\/toutes-les-actualites\/non-assistance-a-personne-en-danger-repartir-pour-lecole-du-bon-samaritain#primaryimage"},"image":{"@id":"https:\/\/www.africa-press.net\/congo-brazzaville\/toutes-les-actualites\/non-assistance-a-personne-en-danger-repartir-pour-lecole-du-bon-samaritain#primaryimage"},"thumbnailUrl":"https:\/\/static.africa-press.net\/congo-brazzaville\/sites\/51\/2023\/02\/postQueueImg_1675436756.55.jpg","datePublished":"2023-02-03T18:35:52+00:00","dateModified":"2023-02-03T21:52:06+00:00","author":{"@id":"https:\/\/www.africa-press.net\/congo-brazzaville\/#\/schema\/person\/2b1cf3cd81a31e3cd26889ca66d677f1"},"description":"La semaine dernie\u0300re, dans un des quartiers de Brazzaville, un riverain, contre toute attente, a e\u0301te\u0301 retrouve\u0301, au ...","breadcrumb":{"@id":"https:\/\/www.africa-press.net\/congo-brazzaville\/toutes-les-actualites\/non-assistance-a-personne-en-danger-repartir-pour-lecole-du-bon-samaritain#breadcrumb"},"inLanguage":"fr-FR","potentialAction":[{"@type":"ReadAction","target":["https:\/\/www.africa-press.net\/congo-brazzaville\/toutes-les-actualites\/non-assistance-a-personne-en-danger-repartir-pour-lecole-du-bon-samaritain"]}]},{"@type":"ImageObject","inLanguage":"fr-FR","@id":"https:\/\/www.africa-press.net\/congo-brazzaville\/toutes-les-actualites\/non-assistance-a-personne-en-danger-repartir-pour-lecole-du-bon-samaritain#primaryimage","url":"https:\/\/static.africa-press.net\/congo-brazzaville\/sites\/51\/2023\/02\/postQueueImg_1675436756.55.jpg","contentUrl":"https:\/\/static.africa-press.net\/congo-brazzaville\/sites\/51\/2023\/02\/postQueueImg_1675436756.55.jpg","width":1080,"height":608,"caption":"Non assistance \u00e0 personne en danger : repartir pour l\u2019\u00e9cole du bon samaritain"},{"@type":"BreadcrumbList","@id":"https:\/\/www.africa-press.net\/congo-brazzaville\/toutes-les-actualites\/non-assistance-a-personne-en-danger-repartir-pour-lecole-du-bon-samaritain#breadcrumb","itemListElement":[{"@type":"ListItem","position":1,"name":"Accueil","item":"https:\/\/www.africa-press.net\/congo-brazzaville\/"},{"@type":"ListItem","position":2,"name":"Non assistance \u00e0 personne en danger : repartir pour l\u2019\u00e9cole du bon samaritain"}]},{"@type":"WebSite","@id":"https:\/\/www.africa-press.net\/congo-brazzaville\/#website","url":"https:\/\/www.africa-press.net\/congo-brazzaville\/","name":"Congo Brazzaville","description":"Just another Africa News Agency Sites site","potentialAction":[{"@type":"SearchAction","target":{"@type":"EntryPoint","urlTemplate":"https:\/\/www.africa-press.net\/congo-brazzaville\/?s={search_term_string}"},"query-input":{"@type":"PropertyValueSpecification","valueRequired":true,"valueName":"search_term_string"}}],"inLanguage":"fr-FR"},{"@type":"Person","@id":"https:\/\/www.africa-press.net\/congo-brazzaville\/#\/schema\/person\/2b1cf3cd81a31e3cd26889ca66d677f1","name":"cfeditorfr"}]}},"_links":{"self":[{"href":"https:\/\/www.africa-press.net\/congo-brazzaville\/wp-json\/wp\/v2\/posts\/14037","targetHints":{"allow":["GET"]}}],"collection":[{"href":"https:\/\/www.africa-press.net\/congo-brazzaville\/wp-json\/wp\/v2\/posts"}],"about":[{"href":"https:\/\/www.africa-press.net\/congo-brazzaville\/wp-json\/wp\/v2\/types\/post"}],"author":[{"embeddable":true,"href":"https:\/\/www.africa-press.net\/congo-brazzaville\/wp-json\/wp\/v2\/users\/82"}],"replies":[{"embeddable":true,"href":"https:\/\/www.africa-press.net\/congo-brazzaville\/wp-json\/wp\/v2\/comments?post=14037"}],"version-history":[{"count":0,"href":"https:\/\/www.africa-press.net\/congo-brazzaville\/wp-json\/wp\/v2\/posts\/14037\/revisions"}],"wp:featuredmedia":[{"embeddable":true,"href":"https:\/\/www.africa-press.net\/congo-brazzaville\/wp-json\/wp\/v2\/media\/14036"}],"wp:attachment":[{"href":"https:\/\/www.africa-press.net\/congo-brazzaville\/wp-json\/wp\/v2\/media?parent=14037"}],"wp:term":[{"taxonomy":"category","embeddable":true,"href":"https:\/\/www.africa-press.net\/congo-brazzaville\/wp-json\/wp\/v2\/categories?post=14037"},{"taxonomy":"post_tag","embeddable":true,"href":"https:\/\/www.africa-press.net\/congo-brazzaville\/wp-json\/wp\/v2\/tags?post=14037"}],"curies":[{"name":"wp","href":"https:\/\/api.w.org\/{rel}","templated":true}]}}