{"id":14058,"date":"2023-02-04T12:39:34","date_gmt":"2023-02-04T12:39:34","guid":{"rendered":"https:\/\/www.africa-press.net\/congo-brazzaville\/politique\/fabrizio-cesana-reste-positif-apres-le-tirage-au-sort-de-la-can-u17"},"modified":"2023-02-04T12:39:34","modified_gmt":"2023-02-04T12:39:34","slug":"fabrizio-cesana-reste-positif-apres-le-tirage-au-sort-de-la-can-u17","status":"publish","type":"post","link":"https:\/\/www.africa-press.net\/congo-brazzaville\/sports\/fabrizio-cesana-reste-positif-apres-le-tirage-au-sort-de-la-can-u17","title":{"rendered":"fabrizio cesana\u00a0reste positif apr\u00e8s le tirage au sort de la can u17"},"content":{"rendered":"<p><span style=\"color: #ff6600\"><strong>Africa-Press &#8211; Congo Brazzaville. <\/strong><\/span><b>Le se\u0301lectionneur national des Diables Rouges de moins de 17 ans de football, Fabrizio, Cesana a exprime\u0301 le 3 fe\u0301vrier a\u0300 Brazzaville son optimisme apre\u0300s le tirage au sort des groupes de la phase finale de la CAN de cette cate\u0301gorie pre\u0301vue du 29 avril au 19 mai en Alge\u0301rie.<\/b><\/p>\n<p>Le Congo qui e\u0301voluera dans le groupe A en compagnie du pays ho\u0302te, l\u2019Alge\u0301rie, le Se\u0301ne\u0301gal et la Somalie, aura, selon son se\u0301lectionneur national, sa carte a\u0300 jouer. \u00ab Quand on arrive en phase finale de la CAN, on est parmi les douze meilleures e\u0301quipes du continent, les e\u0301quipes se valent, plus ou moins. L\u2019Alge\u0301rie jouera avec plus de confiance devant son public. Mais je veux une e\u0301quipe capable de jouer sans s\u2019occuper de cette pression, qui se battra pour passer le premier tour, acce\u0301der aux quarts de finale et aller chercher la qualification a\u0300 la coupe du monde \u00bb, a pre\u0301cise\u0301 Fabrizio Cesana.<\/p>\n<p>Le Congo qui a occupe\u0301 le deuxie\u0300me rang lors du tournoi qualificatif de l\u2019UNIFFAC au Cameroun doit se servir de cette expe\u0301rience ou\u0300 il a manque\u0301 de concentration contre le Cameroun. \u00ab Je suis re\u0301aliste car je sais que cette e\u0301quipe est capable de faire une bonne CAN. Nous devons corriger les proble\u0300mes de concentration que nous avons eus au Cameroun pendant le tournoi de l\u2019UNIFFAC, renforcer l\u2019e\u0301quipe par des jeunes e\u0301voluant au pays et en France et obtenir les deux matchs tests internationaux avant la phase finale de la compe\u0301tition. \u00bb, a explique\u0301 le se\u0301lectionneur national des Diables Rouges U17 de football.<\/p>\n<p>Apre\u0300s un repos de quinze jours suite a\u0300 la qualification a\u0300 la CAN, les Diables Rouges reprendront la pre\u0301paration locale au centre national de formation de football le 6 fe\u0301vrier. Apre\u0300s le reconditionnement, le staff technique proce\u0301dera aux tests pour de\u0301tecter des nouveaux joueurs au pays et si possible en France. S\u2019en suivra une pre\u0301paration a\u0300 l\u2019exte\u0301rieur envisage\u0301e par le staff technique, avant la phase finale, a laisse\u0301 entendre Fabrizion Cesana.<\/p>\n<p><strong>Pour plus d&rsquo;informations et d&rsquo;analyses sur la <a href=\"https:\/\/www.africa-press.net\/congo-brazzaville\">Congo Brazzaville<\/a>, suivez <a href=\"https:\/\/www.africa-press.net\/\">Africa-Press<\/a><\/strong><\/p>\n","protected":false},"excerpt":{"rendered":"<p>Africa-Press &#8211; Congo Brazzaville. Le se\u0301lectionneur national des Diables Rouges de moins de 17 ans de football, Fabrizio, Cesana a exprime\u0301 le 3 fe\u0301vrier a\u0300 Brazzaville son optimisme apre\u0300s le tirage au sort des groupes de la phase finale de la CAN de cette cate\u0301gorie pre\u0301vue du 29 avril au 19 mai en Alge\u0301rie. Le [&hellip;]<\/p>\n","protected":false},"author":82,"featured_media":14057,"comment_status":"open","ping_status":"closed","sticky":false,"template":"","format":"standard","meta":{"footnotes":""},"categories":[6,10],"tags":[36,47,46],"class_list":["post-14058","post","type-post","status-publish","format-standard","has-post-thumbnail","hentry","category-sports","category-toutes-les-actualites","tag-africa-press","tag-africa-press-congo-brazzaville","tag-congo-brazzaville"],"yoast_head":"<!-- This site is optimized with the Yoast SEO Premium plugin v26.1 (Yoast SEO v27.0) - https:\/\/yoast.com\/product\/yoast-seo-premium-wordpress\/ -->\n<title>fabrizio cesana\u00a0reste positif apr\u00e8s le tirage au sort de la can u17 - Congo Brazzaville<\/title>\n<meta name=\"robots\" content=\"index, follow, max-snippet:-1, max-image-preview:large, max-video-preview:-1\" \/>\n<link rel=\"canonical\" href=\"https:\/\/www.africa-press.net\/congo-brazzaville\/politique\/fabrizio-cesana-reste-positif-apres-le-tirage-au-sort-de-la-can-u17\" \/>\n<meta property=\"og:locale\" content=\"fr_FR\" \/>\n<meta property=\"og:type\" content=\"article\" \/>\n<meta property=\"og:title\" content=\"fabrizio cesana\u00a0reste positif apr\u00e8s le tirage au sort de la can u17\" \/>\n<meta property=\"og:description\" content=\"Africa-Press &#8211; Congo Brazzaville. Le se\u0301lectionneur national des Diables Rouges de moins de 17 ans de football, Fabrizio, Cesana a exprime\u0301 le 3 fe\u0301vrier a\u0300 Brazzaville son optimisme apre\u0300s le tirage au sort des groupes de la phase finale de la CAN de cette cate\u0301gorie pre\u0301vue du 29 avril au 19 mai en Alge\u0301rie. Le [&hellip;]\" \/>\n<meta property=\"og:url\" content=\"https:\/\/www.africa-press.net\/congo-brazzaville\/politique\/fabrizio-cesana-reste-positif-apres-le-tirage-au-sort-de-la-can-u17\" \/>\n<meta property=\"og:site_name\" content=\"Congo Brazzaville\" \/>\n<meta property=\"article:published_time\" content=\"2023-02-04T12:39:34+00:00\" \/>\n<meta name=\"author\" content=\"cfeditorfr\" \/>\n<meta name=\"twitter:card\" content=\"summary_large_image\" \/>\n<meta name=\"twitter:label1\" content=\"\u00c9crit par\" \/>\n\t<meta name=\"twitter:data1\" content=\"cfeditorfr\" \/>\n\t<meta name=\"twitter:label2\" content=\"Dur\u00e9e de lecture estim\u00e9e\" \/>\n\t<meta name=\"twitter:data2\" content=\"2 minutes\" \/>\n<script type=\"application\/ld+json\" class=\"yoast-schema-graph\">{\"@context\":\"https:\/\/schema.org\",\"@graph\":[{\"@type\":\"Article\",\"@id\":\"https:\/\/www.africa-press.net\/congo-brazzaville\/politique\/fabrizio-cesana-reste-positif-apres-le-tirage-au-sort-de-la-can-u17#article\",\"isPartOf\":{\"@id\":\"https:\/\/www.africa-press.net\/congo-brazzaville\/politique\/fabrizio-cesana-reste-positif-apres-le-tirage-au-sort-de-la-can-u17\"},\"author\":{\"name\":\"cfeditorfr\",\"@id\":\"https:\/\/www.africa-press.net\/congo-brazzaville\/#\/schema\/person\/2b1cf3cd81a31e3cd26889ca66d677f1\"},\"headline\":\"fabrizio cesana\u00a0reste positif apr\u00e8s le tirage au sort de la can u17\",\"datePublished\":\"2023-02-04T12:39:34+00:00\",\"mainEntityOfPage\":{\"@id\":\"https:\/\/www.africa-press.net\/congo-brazzaville\/politique\/fabrizio-cesana-reste-positif-apres-le-tirage-au-sort-de-la-can-u17\"},\"wordCount\":394,\"commentCount\":0,\"image\":{\"@id\":\"https:\/\/www.africa-press.net\/congo-brazzaville\/politique\/fabrizio-cesana-reste-positif-apres-le-tirage-au-sort-de-la-can-u17#primaryimage\"},\"thumbnailUrl\":\"https:\/\/static.africa-press.net\/congo-brazzaville\/sites\/51\/2023\/02\/postQueueImg_1675501780.78.jpg\",\"keywords\":[\"Africa Press\",\"Africa Press-Congo Brazzaville\",\"Congo Brazzaville\"],\"articleSection\":[\"Sports\",\"Toutes les actualit\u00e9s\"],\"inLanguage\":\"fr-FR\",\"potentialAction\":[{\"@type\":\"CommentAction\",\"name\":\"Comment\",\"target\":[\"https:\/\/www.africa-press.net\/congo-brazzaville\/politique\/fabrizio-cesana-reste-positif-apres-le-tirage-au-sort-de-la-can-u17#respond\"]}]},{\"@type\":\"WebPage\",\"@id\":\"https:\/\/www.africa-press.net\/congo-brazzaville\/politique\/fabrizio-cesana-reste-positif-apres-le-tirage-au-sort-de-la-can-u17\",\"url\":\"https:\/\/www.africa-press.net\/congo-brazzaville\/politique\/fabrizio-cesana-reste-positif-apres-le-tirage-au-sort-de-la-can-u17\",\"name\":\"fabrizio cesana\u00a0reste positif apr\u00e8s le tirage au sort de la can u17 - Congo Brazzaville\",\"isPartOf\":{\"@id\":\"https:\/\/www.africa-press.net\/congo-brazzaville\/#website\"},\"primaryImageOfPage\":{\"@id\":\"https:\/\/www.africa-press.net\/congo-brazzaville\/politique\/fabrizio-cesana-reste-positif-apres-le-tirage-au-sort-de-la-can-u17#primaryimage\"},\"image\":{\"@id\":\"https:\/\/www.africa-press.net\/congo-brazzaville\/politique\/fabrizio-cesana-reste-positif-apres-le-tirage-au-sort-de-la-can-u17#primaryimage\"},\"thumbnailUrl\":\"https:\/\/static.africa-press.net\/congo-brazzaville\/sites\/51\/2023\/02\/postQueueImg_1675501780.78.jpg\",\"datePublished\":\"2023-02-04T12:39:34+00:00\",\"author\":{\"@id\":\"https:\/\/www.africa-press.net\/congo-brazzaville\/#\/schema\/person\/2b1cf3cd81a31e3cd26889ca66d677f1\"},\"breadcrumb\":{\"@id\":\"https:\/\/www.africa-press.net\/congo-brazzaville\/politique\/fabrizio-cesana-reste-positif-apres-le-tirage-au-sort-de-la-can-u17#breadcrumb\"},\"inLanguage\":\"fr-FR\",\"potentialAction\":[{\"@type\":\"ReadAction\",\"target\":[\"https:\/\/www.africa-press.net\/congo-brazzaville\/politique\/fabrizio-cesana-reste-positif-apres-le-tirage-au-sort-de-la-can-u17\"]}]},{\"@type\":\"ImageObject\",\"inLanguage\":\"fr-FR\",\"@id\":\"https:\/\/www.africa-press.net\/congo-brazzaville\/politique\/fabrizio-cesana-reste-positif-apres-le-tirage-au-sort-de-la-can-u17#primaryimage\",\"url\":\"https:\/\/static.africa-press.net\/congo-brazzaville\/sites\/51\/2023\/02\/postQueueImg_1675501780.78.jpg\",\"contentUrl\":\"https:\/\/static.africa-press.net\/congo-brazzaville\/sites\/51\/2023\/02\/postQueueImg_1675501780.78.jpg\",\"width\":933,\"height\":445,\"caption\":\"fabrizio cesana\u00a0reste positif apr\u00e8s le tirage au sort de la can u17\"},{\"@type\":\"BreadcrumbList\",\"@id\":\"https:\/\/www.africa-press.net\/congo-brazzaville\/politique\/fabrizio-cesana-reste-positif-apres-le-tirage-au-sort-de-la-can-u17#breadcrumb\",\"itemListElement\":[{\"@type\":\"ListItem\",\"position\":1,\"name\":\"Accueil\",\"item\":\"https:\/\/www.africa-press.net\/congo-brazzaville\/\"},{\"@type\":\"ListItem\",\"position\":2,\"name\":\"fabrizio cesana\u00a0reste positif apr\u00e8s le tirage au sort de la can u17\"}]},{\"@type\":\"WebSite\",\"@id\":\"https:\/\/www.africa-press.net\/congo-brazzaville\/#website\",\"url\":\"https:\/\/www.africa-press.net\/congo-brazzaville\/\",\"name\":\"Congo Brazzaville\",\"description\":\"Just another Africa News Agency Sites site\",\"potentialAction\":[{\"@type\":\"SearchAction\",\"target\":{\"@type\":\"EntryPoint\",\"urlTemplate\":\"https:\/\/www.africa-press.net\/congo-brazzaville\/?s={search_term_string}\"},\"query-input\":{\"@type\":\"PropertyValueSpecification\",\"valueRequired\":true,\"valueName\":\"search_term_string\"}}],\"inLanguage\":\"fr-FR\"},{\"@type\":\"Person\",\"@id\":\"https:\/\/www.africa-press.net\/congo-brazzaville\/#\/schema\/person\/2b1cf3cd81a31e3cd26889ca66d677f1\",\"name\":\"cfeditorfr\"}]}<\/script>\n<!-- \/ Yoast SEO Premium plugin. -->","yoast_head_json":{"title":"fabrizio cesana\u00a0reste positif apr\u00e8s le tirage au sort de la can u17 - Congo Brazzaville","robots":{"index":"index","follow":"follow","max-snippet":"max-snippet:-1","max-image-preview":"max-image-preview:large","max-video-preview":"max-video-preview:-1"},"canonical":"https:\/\/www.africa-press.net\/congo-brazzaville\/politique\/fabrizio-cesana-reste-positif-apres-le-tirage-au-sort-de-la-can-u17","og_locale":"fr_FR","og_type":"article","og_title":"fabrizio cesana\u00a0reste positif apr\u00e8s le tirage au sort de la can u17","og_description":"Africa-Press &#8211; Congo Brazzaville. Le se\u0301lectionneur national des Diables Rouges de moins de 17 ans de football, Fabrizio, Cesana a exprime\u0301 le 3 fe\u0301vrier a\u0300 Brazzaville son optimisme apre\u0300s le tirage au sort des groupes de la phase finale de la CAN de cette cate\u0301gorie pre\u0301vue du 29 avril au 19 mai en Alge\u0301rie. Le [&hellip;]","og_url":"https:\/\/www.africa-press.net\/congo-brazzaville\/politique\/fabrizio-cesana-reste-positif-apres-le-tirage-au-sort-de-la-can-u17","og_site_name":"Congo Brazzaville","article_published_time":"2023-02-04T12:39:34+00:00","author":"cfeditorfr","twitter_card":"summary_large_image","twitter_misc":{"\u00c9crit par":"cfeditorfr","Dur\u00e9e de lecture estim\u00e9e":"2 minutes"},"schema":{"@context":"https:\/\/schema.org","@graph":[{"@type":"Article","@id":"https:\/\/www.africa-press.net\/congo-brazzaville\/politique\/fabrizio-cesana-reste-positif-apres-le-tirage-au-sort-de-la-can-u17#article","isPartOf":{"@id":"https:\/\/www.africa-press.net\/congo-brazzaville\/politique\/fabrizio-cesana-reste-positif-apres-le-tirage-au-sort-de-la-can-u17"},"author":{"name":"cfeditorfr","@id":"https:\/\/www.africa-press.net\/congo-brazzaville\/#\/schema\/person\/2b1cf3cd81a31e3cd26889ca66d677f1"},"headline":"fabrizio cesana\u00a0reste positif apr\u00e8s le tirage au sort de la can u17","datePublished":"2023-02-04T12:39:34+00:00","mainEntityOfPage":{"@id":"https:\/\/www.africa-press.net\/congo-brazzaville\/politique\/fabrizio-cesana-reste-positif-apres-le-tirage-au-sort-de-la-can-u17"},"wordCount":394,"commentCount":0,"image":{"@id":"https:\/\/www.africa-press.net\/congo-brazzaville\/politique\/fabrizio-cesana-reste-positif-apres-le-tirage-au-sort-de-la-can-u17#primaryimage"},"thumbnailUrl":"https:\/\/static.africa-press.net\/congo-brazzaville\/sites\/51\/2023\/02\/postQueueImg_1675501780.78.jpg","keywords":["Africa Press","Africa Press-Congo Brazzaville","Congo Brazzaville"],"articleSection":["Sports","Toutes les actualit\u00e9s"],"inLanguage":"fr-FR","potentialAction":[{"@type":"CommentAction","name":"Comment","target":["https:\/\/www.africa-press.net\/congo-brazzaville\/politique\/fabrizio-cesana-reste-positif-apres-le-tirage-au-sort-de-la-can-u17#respond"]}]},{"@type":"WebPage","@id":"https:\/\/www.africa-press.net\/congo-brazzaville\/politique\/fabrizio-cesana-reste-positif-apres-le-tirage-au-sort-de-la-can-u17","url":"https:\/\/www.africa-press.net\/congo-brazzaville\/politique\/fabrizio-cesana-reste-positif-apres-le-tirage-au-sort-de-la-can-u17","name":"fabrizio cesana\u00a0reste positif apr\u00e8s le tirage au sort de la can u17 - Congo Brazzaville","isPartOf":{"@id":"https:\/\/www.africa-press.net\/congo-brazzaville\/#website"},"primaryImageOfPage":{"@id":"https:\/\/www.africa-press.net\/congo-brazzaville\/politique\/fabrizio-cesana-reste-positif-apres-le-tirage-au-sort-de-la-can-u17#primaryimage"},"image":{"@id":"https:\/\/www.africa-press.net\/congo-brazzaville\/politique\/fabrizio-cesana-reste-positif-apres-le-tirage-au-sort-de-la-can-u17#primaryimage"},"thumbnailUrl":"https:\/\/static.africa-press.net\/congo-brazzaville\/sites\/51\/2023\/02\/postQueueImg_1675501780.78.jpg","datePublished":"2023-02-04T12:39:34+00:00","author":{"@id":"https:\/\/www.africa-press.net\/congo-brazzaville\/#\/schema\/person\/2b1cf3cd81a31e3cd26889ca66d677f1"},"breadcrumb":{"@id":"https:\/\/www.africa-press.net\/congo-brazzaville\/politique\/fabrizio-cesana-reste-positif-apres-le-tirage-au-sort-de-la-can-u17#breadcrumb"},"inLanguage":"fr-FR","potentialAction":[{"@type":"ReadAction","target":["https:\/\/www.africa-press.net\/congo-brazzaville\/politique\/fabrizio-cesana-reste-positif-apres-le-tirage-au-sort-de-la-can-u17"]}]},{"@type":"ImageObject","inLanguage":"fr-FR","@id":"https:\/\/www.africa-press.net\/congo-brazzaville\/politique\/fabrizio-cesana-reste-positif-apres-le-tirage-au-sort-de-la-can-u17#primaryimage","url":"https:\/\/static.africa-press.net\/congo-brazzaville\/sites\/51\/2023\/02\/postQueueImg_1675501780.78.jpg","contentUrl":"https:\/\/static.africa-press.net\/congo-brazzaville\/sites\/51\/2023\/02\/postQueueImg_1675501780.78.jpg","width":933,"height":445,"caption":"fabrizio cesana\u00a0reste positif apr\u00e8s le tirage au sort de la can u17"},{"@type":"BreadcrumbList","@id":"https:\/\/www.africa-press.net\/congo-brazzaville\/politique\/fabrizio-cesana-reste-positif-apres-le-tirage-au-sort-de-la-can-u17#breadcrumb","itemListElement":[{"@type":"ListItem","position":1,"name":"Accueil","item":"https:\/\/www.africa-press.net\/congo-brazzaville\/"},{"@type":"ListItem","position":2,"name":"fabrizio cesana\u00a0reste positif apr\u00e8s le tirage au sort de la can u17"}]},{"@type":"WebSite","@id":"https:\/\/www.africa-press.net\/congo-brazzaville\/#website","url":"https:\/\/www.africa-press.net\/congo-brazzaville\/","name":"Congo Brazzaville","description":"Just another Africa News Agency Sites site","potentialAction":[{"@type":"SearchAction","target":{"@type":"EntryPoint","urlTemplate":"https:\/\/www.africa-press.net\/congo-brazzaville\/?s={search_term_string}"},"query-input":{"@type":"PropertyValueSpecification","valueRequired":true,"valueName":"search_term_string"}}],"inLanguage":"fr-FR"},{"@type":"Person","@id":"https:\/\/www.africa-press.net\/congo-brazzaville\/#\/schema\/person\/2b1cf3cd81a31e3cd26889ca66d677f1","name":"cfeditorfr"}]}},"_links":{"self":[{"href":"https:\/\/www.africa-press.net\/congo-brazzaville\/wp-json\/wp\/v2\/posts\/14058","targetHints":{"allow":["GET"]}}],"collection":[{"href":"https:\/\/www.africa-press.net\/congo-brazzaville\/wp-json\/wp\/v2\/posts"}],"about":[{"href":"https:\/\/www.africa-press.net\/congo-brazzaville\/wp-json\/wp\/v2\/types\/post"}],"author":[{"embeddable":true,"href":"https:\/\/www.africa-press.net\/congo-brazzaville\/wp-json\/wp\/v2\/users\/82"}],"replies":[{"embeddable":true,"href":"https:\/\/www.africa-press.net\/congo-brazzaville\/wp-json\/wp\/v2\/comments?post=14058"}],"version-history":[{"count":0,"href":"https:\/\/www.africa-press.net\/congo-brazzaville\/wp-json\/wp\/v2\/posts\/14058\/revisions"}],"wp:featuredmedia":[{"embeddable":true,"href":"https:\/\/www.africa-press.net\/congo-brazzaville\/wp-json\/wp\/v2\/media\/14057"}],"wp:attachment":[{"href":"https:\/\/www.africa-press.net\/congo-brazzaville\/wp-json\/wp\/v2\/media?parent=14058"}],"wp:term":[{"taxonomy":"category","embeddable":true,"href":"https:\/\/www.africa-press.net\/congo-brazzaville\/wp-json\/wp\/v2\/categories?post=14058"},{"taxonomy":"post_tag","embeddable":true,"href":"https:\/\/www.africa-press.net\/congo-brazzaville\/wp-json\/wp\/v2\/tags?post=14058"}],"curies":[{"name":"wp","href":"https:\/\/api.w.org\/{rel}","templated":true}]}}