{"id":14060,"date":"2023-02-04T12:40:01","date_gmt":"2023-02-04T12:40:01","guid":{"rendered":"https:\/\/www.africa-press.net\/congo-brazzaville\/politique\/congo-terminal-receptionne-deux-portiques-de-quai-sts-a-pointe-noire"},"modified":"2023-02-04T12:40:01","modified_gmt":"2023-02-04T12:40:01","slug":"congo-terminal-receptionne-deux-portiques-de-quai-sts-a-pointe-noire","status":"publish","type":"post","link":"https:\/\/www.africa-press.net\/congo-brazzaville\/economie\/congo-terminal-receptionne-deux-portiques-de-quai-sts-a-pointe-noire","title":{"rendered":"congo terminal r\u00e9ceptionne deux portiques de quai sts \u00e0 pointe-noire"},"content":{"rendered":"<p><span style=\"color: #ff6600\"><strong>Africa-Press &#8211; Congo Brazzaville. <\/strong><\/span><b>Le directeur ge\u0301ne\u0301ral du port autonome de Pointe-Noire, Se\u0301raphin Bhalat a indique\u0301 le 30 janvier a\u0300 Pointe-Noire que cet investissement te\u0301moigne la volonte\u0301 de soutenir le de\u0301veloppement des infrastructures locales en accompagnant les performances du port autonome de Pointe-Noire.<\/b><\/p>\n<p>\u00ab L\u2019arrive\u0301e de ces nouveaux portiques de quai vient comple\u0301ter notre offre avec des technologies de pointe, en cohe\u0301rence avec la vision des autorite\u0301s de l\u2019Etat pour faire de ce Port la principale porte d\u2019entre\u0301e du Bassin Congo et la premie\u0300re plateforme de transbordement d\u2019Afrique centrale \u00bb, a de\u0301clare\u0301 Se\u0301raphin Bhalat HALAT, Directeur ge\u0301ne\u0301ral du Port Autonome de Pointe-Noire.<\/p>\n<p>En effet, ces deux portiques, viennent renforcer les six portiques de\u0301ja\u0300 ope\u0301rationnels et vont ame\u0301liorer significativement les performances du Port Autonome de Pointe-Noire et contribuer a\u0300 re\u0301pondre aux besoins des armateurs internationaux et partenaires commerciaux.<\/p>\n<p>Fabrique\u0301s par ZPMC, ces deux portiques e\u0301lectriques ont chacun une capacite\u0301 de levage d\u2019au moins 100 tonnes. Ils peuvent manutentionner les navires les plus modernes, en transportant jusqu\u2019a\u0300 16 000 conteneurs EVP.<\/p>\n<p>Finance\u0301s par Congo Terminal a\u0300 hauteur de 11,3 milliards de francs CFA (17 millions d\u2019euros), ces deux portiques commande\u0301s en 2021 permettent a\u0300 Congo Terminal d\u2019e\u0301tendre son parc mate\u0301riel. L\u2019entreprise compte de\u0301sormais 8 portiques de quai STS, 20 portiques de parcs RTG, 4 grues mobiles Gottwald, 58 tracteurs portuaires et 9 reach stackers.<\/p>\n<p>\u00ab Gra\u0302ce a\u0300 ces nouveaux e\u0301quipements, Congo Terminal va augmenter sa productivite\u0301 et sa capacite\u0301 a\u0300 accueillir des navires de grandes tailles. Ces portiques STS e\u0301tant e\u0301lectriques, elles vont aussi nous permettre de re\u0301duire notre empreinte environnementale et ainsi venir renforcer notre de\u0301marche Green Terminal en cours \u00bb, a soutenu la directrice d\u2019exploitation de Congo Terminal Sandrine Wamy.<\/p>\n<p>En 2022 l\u2019entreprise a manutentionne\u0301 pour la deuxie\u0300me anne\u0301e conse\u0301cutive plus de 1 000 000 EVP contre 190 000 au de\u0301but de la concession en 2009. Congo Terminal attend la livraison de six nouveaux portiques de parc RTG courant 2023. Elle emploie plus de 900 collaborateurs en CDI et me\u0300ne une politique RSE\/me\u0301ce\u0301nat audacieuse au profit de la jeunesse, la protection de l\u2019environnement et l\u2019e\u0301ducation.<\/p>\n<p><strong>Pour plus d&rsquo;informations et d&rsquo;analyses sur la <a href=\"https:\/\/www.africa-press.net\/congo-brazzaville\">Congo Brazzaville<\/a>, suivez <a href=\"https:\/\/www.africa-press.net\/\">Africa-Press<\/a><\/strong><\/p>\n","protected":false},"excerpt":{"rendered":"<p>Africa-Press &#8211; Congo Brazzaville. Le directeur ge\u0301ne\u0301ral du port autonome de Pointe-Noire, Se\u0301raphin Bhalat a indique\u0301 le 30 janvier a\u0300 Pointe-Noire que cet investissement te\u0301moigne la volonte\u0301 de soutenir le de\u0301veloppement des infrastructures locales en accompagnant les performances du port autonome de Pointe-Noire. \u00ab L\u2019arrive\u0301e de ces nouveaux portiques de quai vient comple\u0301ter notre offre [&hellip;]<\/p>\n","protected":false},"author":82,"featured_media":14059,"comment_status":"open","ping_status":"closed","sticky":false,"template":"","format":"standard","meta":{"footnotes":""},"categories":[3,10],"tags":[36,47,46],"class_list":["post-14060","post","type-post","status-publish","format-standard","has-post-thumbnail","hentry","category-economie","category-toutes-les-actualites","tag-africa-press","tag-africa-press-congo-brazzaville","tag-congo-brazzaville"],"yoast_head":"<!-- This site is optimized with the Yoast SEO Premium plugin v26.1 (Yoast SEO v27.0) - https:\/\/yoast.com\/product\/yoast-seo-premium-wordpress\/ -->\n<title>congo terminal r\u00e9ceptionne deux portiques de quai sts \u00e0 pointe-noire - Congo Brazzaville<\/title>\n<meta name=\"robots\" content=\"index, follow, max-snippet:-1, max-image-preview:large, max-video-preview:-1\" \/>\n<link rel=\"canonical\" href=\"https:\/\/www.africa-press.net\/congo-brazzaville\/politique\/congo-terminal-receptionne-deux-portiques-de-quai-sts-a-pointe-noire\" \/>\n<meta property=\"og:locale\" content=\"fr_FR\" \/>\n<meta property=\"og:type\" content=\"article\" \/>\n<meta property=\"og:title\" content=\"congo terminal r\u00e9ceptionne deux portiques de quai sts \u00e0 pointe-noire\" \/>\n<meta property=\"og:description\" content=\"Africa-Press &#8211; Congo Brazzaville. Le directeur ge\u0301ne\u0301ral du port autonome de Pointe-Noire, Se\u0301raphin Bhalat a indique\u0301 le 30 janvier a\u0300 Pointe-Noire que cet investissement te\u0301moigne la volonte\u0301 de soutenir le de\u0301veloppement des infrastructures locales en accompagnant les performances du port autonome de Pointe-Noire. \u00ab L\u2019arrive\u0301e de ces nouveaux portiques de quai vient comple\u0301ter notre offre [&hellip;]\" \/>\n<meta property=\"og:url\" content=\"https:\/\/www.africa-press.net\/congo-brazzaville\/politique\/congo-terminal-receptionne-deux-portiques-de-quai-sts-a-pointe-noire\" \/>\n<meta property=\"og:site_name\" content=\"Congo Brazzaville\" \/>\n<meta property=\"article:published_time\" content=\"2023-02-04T12:40:01+00:00\" \/>\n<meta name=\"author\" content=\"cfeditorfr\" \/>\n<meta name=\"twitter:card\" content=\"summary_large_image\" \/>\n<meta name=\"twitter:label1\" content=\"\u00c9crit par\" \/>\n\t<meta name=\"twitter:data1\" content=\"cfeditorfr\" \/>\n\t<meta name=\"twitter:label2\" content=\"Dur\u00e9e de lecture estim\u00e9e\" \/>\n\t<meta name=\"twitter:data2\" content=\"2 minutes\" \/>\n<script type=\"application\/ld+json\" class=\"yoast-schema-graph\">{\"@context\":\"https:\/\/schema.org\",\"@graph\":[{\"@type\":\"Article\",\"@id\":\"https:\/\/www.africa-press.net\/congo-brazzaville\/politique\/congo-terminal-receptionne-deux-portiques-de-quai-sts-a-pointe-noire#article\",\"isPartOf\":{\"@id\":\"https:\/\/www.africa-press.net\/congo-brazzaville\/politique\/congo-terminal-receptionne-deux-portiques-de-quai-sts-a-pointe-noire\"},\"author\":{\"name\":\"cfeditorfr\",\"@id\":\"https:\/\/www.africa-press.net\/congo-brazzaville\/#\/schema\/person\/2b1cf3cd81a31e3cd26889ca66d677f1\"},\"headline\":\"congo terminal r\u00e9ceptionne deux portiques de quai sts \u00e0 pointe-noire\",\"datePublished\":\"2023-02-04T12:40:01+00:00\",\"mainEntityOfPage\":{\"@id\":\"https:\/\/www.africa-press.net\/congo-brazzaville\/politique\/congo-terminal-receptionne-deux-portiques-de-quai-sts-a-pointe-noire\"},\"wordCount\":397,\"commentCount\":0,\"image\":{\"@id\":\"https:\/\/www.africa-press.net\/congo-brazzaville\/politique\/congo-terminal-receptionne-deux-portiques-de-quai-sts-a-pointe-noire#primaryimage\"},\"thumbnailUrl\":\"https:\/\/static.africa-press.net\/congo-brazzaville\/sites\/51\/2023\/02\/postQueueImg_1675501954.59.jpg\",\"keywords\":[\"Africa Press\",\"Africa Press-Congo Brazzaville\",\"Congo Brazzaville\"],\"articleSection\":[\"\u00c9conomie\",\"Toutes les actualit\u00e9s\"],\"inLanguage\":\"fr-FR\",\"potentialAction\":[{\"@type\":\"CommentAction\",\"name\":\"Comment\",\"target\":[\"https:\/\/www.africa-press.net\/congo-brazzaville\/politique\/congo-terminal-receptionne-deux-portiques-de-quai-sts-a-pointe-noire#respond\"]}]},{\"@type\":\"WebPage\",\"@id\":\"https:\/\/www.africa-press.net\/congo-brazzaville\/politique\/congo-terminal-receptionne-deux-portiques-de-quai-sts-a-pointe-noire\",\"url\":\"https:\/\/www.africa-press.net\/congo-brazzaville\/politique\/congo-terminal-receptionne-deux-portiques-de-quai-sts-a-pointe-noire\",\"name\":\"congo terminal r\u00e9ceptionne deux portiques de quai sts \u00e0 pointe-noire - Congo Brazzaville\",\"isPartOf\":{\"@id\":\"https:\/\/www.africa-press.net\/congo-brazzaville\/#website\"},\"primaryImageOfPage\":{\"@id\":\"https:\/\/www.africa-press.net\/congo-brazzaville\/politique\/congo-terminal-receptionne-deux-portiques-de-quai-sts-a-pointe-noire#primaryimage\"},\"image\":{\"@id\":\"https:\/\/www.africa-press.net\/congo-brazzaville\/politique\/congo-terminal-receptionne-deux-portiques-de-quai-sts-a-pointe-noire#primaryimage\"},\"thumbnailUrl\":\"https:\/\/static.africa-press.net\/congo-brazzaville\/sites\/51\/2023\/02\/postQueueImg_1675501954.59.jpg\",\"datePublished\":\"2023-02-04T12:40:01+00:00\",\"author\":{\"@id\":\"https:\/\/www.africa-press.net\/congo-brazzaville\/#\/schema\/person\/2b1cf3cd81a31e3cd26889ca66d677f1\"},\"breadcrumb\":{\"@id\":\"https:\/\/www.africa-press.net\/congo-brazzaville\/politique\/congo-terminal-receptionne-deux-portiques-de-quai-sts-a-pointe-noire#breadcrumb\"},\"inLanguage\":\"fr-FR\",\"potentialAction\":[{\"@type\":\"ReadAction\",\"target\":[\"https:\/\/www.africa-press.net\/congo-brazzaville\/politique\/congo-terminal-receptionne-deux-portiques-de-quai-sts-a-pointe-noire\"]}]},{\"@type\":\"ImageObject\",\"inLanguage\":\"fr-FR\",\"@id\":\"https:\/\/www.africa-press.net\/congo-brazzaville\/politique\/congo-terminal-receptionne-deux-portiques-de-quai-sts-a-pointe-noire#primaryimage\",\"url\":\"https:\/\/static.africa-press.net\/congo-brazzaville\/sites\/51\/2023\/02\/postQueueImg_1675501954.59.jpg\",\"contentUrl\":\"https:\/\/static.africa-press.net\/congo-brazzaville\/sites\/51\/2023\/02\/postQueueImg_1675501954.59.jpg\",\"width\":811,\"height\":439,\"caption\":\"congo terminal r\u00e9ceptionne deux portiques de quai sts \u00e0 pointe-noire\"},{\"@type\":\"BreadcrumbList\",\"@id\":\"https:\/\/www.africa-press.net\/congo-brazzaville\/politique\/congo-terminal-receptionne-deux-portiques-de-quai-sts-a-pointe-noire#breadcrumb\",\"itemListElement\":[{\"@type\":\"ListItem\",\"position\":1,\"name\":\"Accueil\",\"item\":\"https:\/\/www.africa-press.net\/congo-brazzaville\/\"},{\"@type\":\"ListItem\",\"position\":2,\"name\":\"congo terminal r\u00e9ceptionne deux portiques de quai sts \u00e0 pointe-noire\"}]},{\"@type\":\"WebSite\",\"@id\":\"https:\/\/www.africa-press.net\/congo-brazzaville\/#website\",\"url\":\"https:\/\/www.africa-press.net\/congo-brazzaville\/\",\"name\":\"Congo Brazzaville\",\"description\":\"Just another Africa News Agency Sites site\",\"potentialAction\":[{\"@type\":\"SearchAction\",\"target\":{\"@type\":\"EntryPoint\",\"urlTemplate\":\"https:\/\/www.africa-press.net\/congo-brazzaville\/?s={search_term_string}\"},\"query-input\":{\"@type\":\"PropertyValueSpecification\",\"valueRequired\":true,\"valueName\":\"search_term_string\"}}],\"inLanguage\":\"fr-FR\"},{\"@type\":\"Person\",\"@id\":\"https:\/\/www.africa-press.net\/congo-brazzaville\/#\/schema\/person\/2b1cf3cd81a31e3cd26889ca66d677f1\",\"name\":\"cfeditorfr\"}]}<\/script>\n<!-- \/ Yoast SEO Premium plugin. -->","yoast_head_json":{"title":"congo terminal r\u00e9ceptionne deux portiques de quai sts \u00e0 pointe-noire - Congo Brazzaville","robots":{"index":"index","follow":"follow","max-snippet":"max-snippet:-1","max-image-preview":"max-image-preview:large","max-video-preview":"max-video-preview:-1"},"canonical":"https:\/\/www.africa-press.net\/congo-brazzaville\/politique\/congo-terminal-receptionne-deux-portiques-de-quai-sts-a-pointe-noire","og_locale":"fr_FR","og_type":"article","og_title":"congo terminal r\u00e9ceptionne deux portiques de quai sts \u00e0 pointe-noire","og_description":"Africa-Press &#8211; Congo Brazzaville. Le directeur ge\u0301ne\u0301ral du port autonome de Pointe-Noire, Se\u0301raphin Bhalat a indique\u0301 le 30 janvier a\u0300 Pointe-Noire que cet investissement te\u0301moigne la volonte\u0301 de soutenir le de\u0301veloppement des infrastructures locales en accompagnant les performances du port autonome de Pointe-Noire. \u00ab L\u2019arrive\u0301e de ces nouveaux portiques de quai vient comple\u0301ter notre offre [&hellip;]","og_url":"https:\/\/www.africa-press.net\/congo-brazzaville\/politique\/congo-terminal-receptionne-deux-portiques-de-quai-sts-a-pointe-noire","og_site_name":"Congo Brazzaville","article_published_time":"2023-02-04T12:40:01+00:00","author":"cfeditorfr","twitter_card":"summary_large_image","twitter_misc":{"\u00c9crit par":"cfeditorfr","Dur\u00e9e de lecture estim\u00e9e":"2 minutes"},"schema":{"@context":"https:\/\/schema.org","@graph":[{"@type":"Article","@id":"https:\/\/www.africa-press.net\/congo-brazzaville\/politique\/congo-terminal-receptionne-deux-portiques-de-quai-sts-a-pointe-noire#article","isPartOf":{"@id":"https:\/\/www.africa-press.net\/congo-brazzaville\/politique\/congo-terminal-receptionne-deux-portiques-de-quai-sts-a-pointe-noire"},"author":{"name":"cfeditorfr","@id":"https:\/\/www.africa-press.net\/congo-brazzaville\/#\/schema\/person\/2b1cf3cd81a31e3cd26889ca66d677f1"},"headline":"congo terminal r\u00e9ceptionne deux portiques de quai sts \u00e0 pointe-noire","datePublished":"2023-02-04T12:40:01+00:00","mainEntityOfPage":{"@id":"https:\/\/www.africa-press.net\/congo-brazzaville\/politique\/congo-terminal-receptionne-deux-portiques-de-quai-sts-a-pointe-noire"},"wordCount":397,"commentCount":0,"image":{"@id":"https:\/\/www.africa-press.net\/congo-brazzaville\/politique\/congo-terminal-receptionne-deux-portiques-de-quai-sts-a-pointe-noire#primaryimage"},"thumbnailUrl":"https:\/\/static.africa-press.net\/congo-brazzaville\/sites\/51\/2023\/02\/postQueueImg_1675501954.59.jpg","keywords":["Africa Press","Africa Press-Congo Brazzaville","Congo Brazzaville"],"articleSection":["\u00c9conomie","Toutes les actualit\u00e9s"],"inLanguage":"fr-FR","potentialAction":[{"@type":"CommentAction","name":"Comment","target":["https:\/\/www.africa-press.net\/congo-brazzaville\/politique\/congo-terminal-receptionne-deux-portiques-de-quai-sts-a-pointe-noire#respond"]}]},{"@type":"WebPage","@id":"https:\/\/www.africa-press.net\/congo-brazzaville\/politique\/congo-terminal-receptionne-deux-portiques-de-quai-sts-a-pointe-noire","url":"https:\/\/www.africa-press.net\/congo-brazzaville\/politique\/congo-terminal-receptionne-deux-portiques-de-quai-sts-a-pointe-noire","name":"congo terminal r\u00e9ceptionne deux portiques de quai sts \u00e0 pointe-noire - Congo Brazzaville","isPartOf":{"@id":"https:\/\/www.africa-press.net\/congo-brazzaville\/#website"},"primaryImageOfPage":{"@id":"https:\/\/www.africa-press.net\/congo-brazzaville\/politique\/congo-terminal-receptionne-deux-portiques-de-quai-sts-a-pointe-noire#primaryimage"},"image":{"@id":"https:\/\/www.africa-press.net\/congo-brazzaville\/politique\/congo-terminal-receptionne-deux-portiques-de-quai-sts-a-pointe-noire#primaryimage"},"thumbnailUrl":"https:\/\/static.africa-press.net\/congo-brazzaville\/sites\/51\/2023\/02\/postQueueImg_1675501954.59.jpg","datePublished":"2023-02-04T12:40:01+00:00","author":{"@id":"https:\/\/www.africa-press.net\/congo-brazzaville\/#\/schema\/person\/2b1cf3cd81a31e3cd26889ca66d677f1"},"breadcrumb":{"@id":"https:\/\/www.africa-press.net\/congo-brazzaville\/politique\/congo-terminal-receptionne-deux-portiques-de-quai-sts-a-pointe-noire#breadcrumb"},"inLanguage":"fr-FR","potentialAction":[{"@type":"ReadAction","target":["https:\/\/www.africa-press.net\/congo-brazzaville\/politique\/congo-terminal-receptionne-deux-portiques-de-quai-sts-a-pointe-noire"]}]},{"@type":"ImageObject","inLanguage":"fr-FR","@id":"https:\/\/www.africa-press.net\/congo-brazzaville\/politique\/congo-terminal-receptionne-deux-portiques-de-quai-sts-a-pointe-noire#primaryimage","url":"https:\/\/static.africa-press.net\/congo-brazzaville\/sites\/51\/2023\/02\/postQueueImg_1675501954.59.jpg","contentUrl":"https:\/\/static.africa-press.net\/congo-brazzaville\/sites\/51\/2023\/02\/postQueueImg_1675501954.59.jpg","width":811,"height":439,"caption":"congo terminal r\u00e9ceptionne deux portiques de quai sts \u00e0 pointe-noire"},{"@type":"BreadcrumbList","@id":"https:\/\/www.africa-press.net\/congo-brazzaville\/politique\/congo-terminal-receptionne-deux-portiques-de-quai-sts-a-pointe-noire#breadcrumb","itemListElement":[{"@type":"ListItem","position":1,"name":"Accueil","item":"https:\/\/www.africa-press.net\/congo-brazzaville\/"},{"@type":"ListItem","position":2,"name":"congo terminal r\u00e9ceptionne deux portiques de quai sts \u00e0 pointe-noire"}]},{"@type":"WebSite","@id":"https:\/\/www.africa-press.net\/congo-brazzaville\/#website","url":"https:\/\/www.africa-press.net\/congo-brazzaville\/","name":"Congo Brazzaville","description":"Just another Africa News Agency Sites site","potentialAction":[{"@type":"SearchAction","target":{"@type":"EntryPoint","urlTemplate":"https:\/\/www.africa-press.net\/congo-brazzaville\/?s={search_term_string}"},"query-input":{"@type":"PropertyValueSpecification","valueRequired":true,"valueName":"search_term_string"}}],"inLanguage":"fr-FR"},{"@type":"Person","@id":"https:\/\/www.africa-press.net\/congo-brazzaville\/#\/schema\/person\/2b1cf3cd81a31e3cd26889ca66d677f1","name":"cfeditorfr"}]}},"_links":{"self":[{"href":"https:\/\/www.africa-press.net\/congo-brazzaville\/wp-json\/wp\/v2\/posts\/14060","targetHints":{"allow":["GET"]}}],"collection":[{"href":"https:\/\/www.africa-press.net\/congo-brazzaville\/wp-json\/wp\/v2\/posts"}],"about":[{"href":"https:\/\/www.africa-press.net\/congo-brazzaville\/wp-json\/wp\/v2\/types\/post"}],"author":[{"embeddable":true,"href":"https:\/\/www.africa-press.net\/congo-brazzaville\/wp-json\/wp\/v2\/users\/82"}],"replies":[{"embeddable":true,"href":"https:\/\/www.africa-press.net\/congo-brazzaville\/wp-json\/wp\/v2\/comments?post=14060"}],"version-history":[{"count":0,"href":"https:\/\/www.africa-press.net\/congo-brazzaville\/wp-json\/wp\/v2\/posts\/14060\/revisions"}],"wp:featuredmedia":[{"embeddable":true,"href":"https:\/\/www.africa-press.net\/congo-brazzaville\/wp-json\/wp\/v2\/media\/14059"}],"wp:attachment":[{"href":"https:\/\/www.africa-press.net\/congo-brazzaville\/wp-json\/wp\/v2\/media?parent=14060"}],"wp:term":[{"taxonomy":"category","embeddable":true,"href":"https:\/\/www.africa-press.net\/congo-brazzaville\/wp-json\/wp\/v2\/categories?post=14060"},{"taxonomy":"post_tag","embeddable":true,"href":"https:\/\/www.africa-press.net\/congo-brazzaville\/wp-json\/wp\/v2\/tags?post=14060"}],"curies":[{"name":"wp","href":"https:\/\/api.w.org\/{rel}","templated":true}]}}