{"id":14062,"date":"2023-02-04T18:44:22","date_gmt":"2023-02-04T18:44:22","guid":{"rendered":"https:\/\/www.africa-press.net\/congo-brazzaville\/politique\/ski-alpin-clement-noel-en-tete-apres-la-premiere-manche-du-slalom-de-chamonix"},"modified":"2023-02-04T19:07:18","modified_gmt":"2023-02-04T19:07:18","slug":"ski-alpin-clement-noel-en-tete-apres-la-premiere-manche-du-slalom-de-chamonix","status":"publish","type":"post","link":"https:\/\/www.africa-press.net\/congo-brazzaville\/sports\/ski-alpin-clement-noel-en-tete-apres-la-premiere-manche-du-slalom-de-chamonix","title":{"rendered":"Ski alpin: Cl\u00e9ment No\u00ebl en t\u00eate apr\u00e8s la premi\u00e8re manche du slalom de Chamonix"},"content":{"rendered":"<p><span style=\"color: #ff6600\"><strong>Africa-Press &#8211; Congo Brazzaville. <\/strong><\/span><b>Le champion olympique Cle\u0301ment Noe\u0308l a domine\u0301 la premie\u0300re manche du slalom de Coupe du monde de ski alpin de Chamonix ce samedi 4 fe\u0301vrier 2023, dernie\u0300re course avant les Mondiaux de Courchevel\/Me\u0301ribel.<\/b><\/p>\n<p>Le Franc\u0327ais a re\u0301ussi le meilleur temps juste devant les deux Suisses, Ramon Zenha\u0308usern (a\u0300 15\/100) et Daniel Yule (a\u0300 17\/100).<\/p>\n<p>Le Franc\u0327ais Cle\u0301ment Noe\u0308l lors de la premie\u0300re manche du slalom de Chamonix, e\u0301preuve de la coupe du monde de ski alpin, le 4 fe\u0301vrier 2023 \u00a9 Jeff PACHOUD \/ AFP<\/p>\n<p>\u00ab\u00a0C&rsquo;est une super premie\u0300re manche, qui aurait pu e\u0302tre encore mieux. La neige e\u0301tait vraiment facile, elle permettait d&rsquo;envoyer tre\u0300s fort. D&rsquo;avoir pu m&rsquo;entrai\u0302ner sur cette piste la semaine dernie\u0300re m&rsquo;a aide\u0301. C&rsquo;est de bon augure pour la seconde manche, c&rsquo;est la\u0300 que les e\u0301carts se feront, pour l&rsquo;instant c&rsquo;est tre\u0300s serre\u0301. Ca fait du beau spectacle\u00a0\u00bb, a lance\u0301 le champion olympique de Pe\u0301kin en 2022.<\/p>\n<p>Noe\u0308l, qui s&rsquo;est de\u0301ja\u0300 impose\u0301 deux fois sur la \u00ab\u00a0Verte des Houches\u00a0\u00bb en 2020 et 2021, reste sur une victoire lors du dernier slalom a\u0300 Schladming (Autriche), la semaine dernie\u0300re.<\/p>\n<p>Son coe\u0301quipier Alexis Pinturault a lui de\u0301clare\u0301 forfait pour Chamonix, pre\u0301fe\u0301rant se pre\u0301server pour les Mondiaux qui de\u0301butent lundi a\u0300 Me\u0301ribel avec le combine\u0301 fe\u0301minin.<\/p>\n<p>La seconde manche du slalom est programme\u0301e a\u0300 12h30.<\/p>\n<p><strong>Pour plus d&rsquo;informations et d&rsquo;analyses sur la <a href=\"https:\/\/www.africa-press.net\/congo-brazzaville\">Congo Brazzaville<\/a>, suivez <a href=\"https:\/\/www.africa-press.net\/\">Africa-Press<\/a><\/strong><\/p>\n","protected":false},"excerpt":{"rendered":"<p>Africa-Press &#8211; Congo Brazzaville. Le champion olympique Cle\u0301ment Noe\u0308l a domine\u0301 la premie\u0300re manche du slalom de Coupe du monde de ski alpin de Chamonix ce samedi 4 fe\u0301vrier 2023, dernie\u0300re course avant les Mondiaux de Courchevel\/Me\u0301ribel. Le Franc\u0327ais a re\u0301ussi le meilleur temps juste devant les deux Suisses, Ramon Zenha\u0308usern (a\u0300 15\/100) et Daniel [&hellip;]<\/p>\n","protected":false},"author":82,"featured_media":14061,"comment_status":"open","ping_status":"closed","sticky":false,"template":"","format":"standard","meta":{"footnotes":""},"categories":[6,10],"tags":[36,47,46],"class_list":["post-14062","post","type-post","status-publish","format-standard","has-post-thumbnail","hentry","category-sports","category-toutes-les-actualites","tag-africa-press","tag-africa-press-congo-brazzaville","tag-congo-brazzaville"],"yoast_head":"<!-- This site is optimized with the Yoast SEO Premium plugin v26.1 (Yoast SEO v27.0) - https:\/\/yoast.com\/product\/yoast-seo-premium-wordpress\/ -->\n<title>Ski alpin: Cl\u00e9ment No\u00ebl en t\u00eate apr\u00e8s la premi\u00e8re manche du slalom de Chamonix - Congo Brazzaville<\/title>\n<meta name=\"description\" content=\"Le champion olympique Cle\u0301ment Noe\u0308l a domine\u0301 la premie\u0300re manche du slalom de Coupe du monde de ski alpin de Chamon ...\" \/>\n<meta name=\"robots\" content=\"index, follow, max-snippet:-1, max-image-preview:large, max-video-preview:-1\" \/>\n<link rel=\"canonical\" href=\"https:\/\/www.africa-press.net\/congo-brazzaville\/sports\/ski-alpin-clement-noel-en-tete-apres-la-premiere-manche-du-slalom-de-chamonix\" \/>\n<meta property=\"og:locale\" content=\"fr_FR\" \/>\n<meta property=\"og:type\" content=\"article\" \/>\n<meta property=\"og:title\" content=\"Ski alpin: Cl\u00e9ment No\u00ebl en t\u00eate apr\u00e8s la premi\u00e8re manche du slalom de Chamonix\" \/>\n<meta property=\"og:description\" content=\"Le champion olympique Cle\u0301ment Noe\u0308l a domine\u0301 la premie\u0300re manche du slalom de Coupe du monde de ski alpin de Chamon ...\" \/>\n<meta property=\"og:url\" content=\"https:\/\/www.africa-press.net\/congo-brazzaville\/sports\/ski-alpin-clement-noel-en-tete-apres-la-premiere-manche-du-slalom-de-chamonix\" \/>\n<meta property=\"og:site_name\" content=\"Congo Brazzaville\" \/>\n<meta property=\"article:published_time\" content=\"2023-02-04T18:44:22+00:00\" \/>\n<meta property=\"article:modified_time\" content=\"2023-02-04T19:07:18+00:00\" \/>\n<meta property=\"og:image\" content=\"https:\/\/static.africa-press.net\/congo-brazzaville\/sites\/51\/2023\/02\/postQueueImg_1675523669.41.jpg\" \/>\n\t<meta property=\"og:image:width\" content=\"1280\" \/>\n\t<meta property=\"og:image:height\" content=\"640\" \/>\n\t<meta property=\"og:image:type\" content=\"image\/jpeg\" \/>\n<meta name=\"author\" content=\"cfeditorfr\" \/>\n<meta name=\"twitter:card\" content=\"summary_large_image\" \/>\n<meta name=\"twitter:label1\" content=\"\u00c9crit par\" \/>\n\t<meta name=\"twitter:data1\" content=\"cfeditorfr\" \/>\n\t<meta name=\"twitter:label2\" content=\"Dur\u00e9e de lecture estim\u00e9e\" \/>\n\t<meta name=\"twitter:data2\" content=\"1 minute\" \/>\n<script type=\"application\/ld+json\" class=\"yoast-schema-graph\">{\"@context\":\"https:\/\/schema.org\",\"@graph\":[{\"@type\":\"Article\",\"@id\":\"https:\/\/www.africa-press.net\/congo-brazzaville\/sports\/ski-alpin-clement-noel-en-tete-apres-la-premiere-manche-du-slalom-de-chamonix#article\",\"isPartOf\":{\"@id\":\"https:\/\/www.africa-press.net\/congo-brazzaville\/sports\/ski-alpin-clement-noel-en-tete-apres-la-premiere-manche-du-slalom-de-chamonix\"},\"author\":{\"name\":\"cfeditorfr\",\"@id\":\"https:\/\/www.africa-press.net\/congo-brazzaville\/#\/schema\/person\/2b1cf3cd81a31e3cd26889ca66d677f1\"},\"headline\":\"Ski alpin: Cl\u00e9ment No\u00ebl en t\u00eate apr\u00e8s la premi\u00e8re manche du slalom de Chamonix\",\"datePublished\":\"2023-02-04T18:44:22+00:00\",\"dateModified\":\"2023-02-04T19:07:18+00:00\",\"mainEntityOfPage\":{\"@id\":\"https:\/\/www.africa-press.net\/congo-brazzaville\/sports\/ski-alpin-clement-noel-en-tete-apres-la-premiere-manche-du-slalom-de-chamonix\"},\"wordCount\":287,\"commentCount\":0,\"image\":{\"@id\":\"https:\/\/www.africa-press.net\/congo-brazzaville\/sports\/ski-alpin-clement-noel-en-tete-apres-la-premiere-manche-du-slalom-de-chamonix#primaryimage\"},\"thumbnailUrl\":\"https:\/\/static.africa-press.net\/congo-brazzaville\/sites\/51\/2023\/02\/postQueueImg_1675523669.41.jpg\",\"keywords\":[\"Africa Press\",\"Africa Press-Congo Brazzaville\",\"Congo Brazzaville\"],\"articleSection\":[\"Sports\",\"Toutes les actualit\u00e9s\"],\"inLanguage\":\"fr-FR\",\"potentialAction\":[{\"@type\":\"CommentAction\",\"name\":\"Comment\",\"target\":[\"https:\/\/www.africa-press.net\/congo-brazzaville\/sports\/ski-alpin-clement-noel-en-tete-apres-la-premiere-manche-du-slalom-de-chamonix#respond\"]}]},{\"@type\":\"WebPage\",\"@id\":\"https:\/\/www.africa-press.net\/congo-brazzaville\/sports\/ski-alpin-clement-noel-en-tete-apres-la-premiere-manche-du-slalom-de-chamonix\",\"url\":\"https:\/\/www.africa-press.net\/congo-brazzaville\/sports\/ski-alpin-clement-noel-en-tete-apres-la-premiere-manche-du-slalom-de-chamonix\",\"name\":\"Ski alpin: Cl\u00e9ment No\u00ebl en t\u00eate apr\u00e8s la premi\u00e8re manche du slalom de Chamonix - Congo Brazzaville\",\"isPartOf\":{\"@id\":\"https:\/\/www.africa-press.net\/congo-brazzaville\/#website\"},\"primaryImageOfPage\":{\"@id\":\"https:\/\/www.africa-press.net\/congo-brazzaville\/sports\/ski-alpin-clement-noel-en-tete-apres-la-premiere-manche-du-slalom-de-chamonix#primaryimage\"},\"image\":{\"@id\":\"https:\/\/www.africa-press.net\/congo-brazzaville\/sports\/ski-alpin-clement-noel-en-tete-apres-la-premiere-manche-du-slalom-de-chamonix#primaryimage\"},\"thumbnailUrl\":\"https:\/\/static.africa-press.net\/congo-brazzaville\/sites\/51\/2023\/02\/postQueueImg_1675523669.41.jpg\",\"datePublished\":\"2023-02-04T18:44:22+00:00\",\"dateModified\":\"2023-02-04T19:07:18+00:00\",\"author\":{\"@id\":\"https:\/\/www.africa-press.net\/congo-brazzaville\/#\/schema\/person\/2b1cf3cd81a31e3cd26889ca66d677f1\"},\"description\":\"Le champion olympique Cle\u0301ment Noe\u0308l a domine\u0301 la premie\u0300re manche du slalom de Coupe du monde de ski alpin de Chamon ...\",\"breadcrumb\":{\"@id\":\"https:\/\/www.africa-press.net\/congo-brazzaville\/sports\/ski-alpin-clement-noel-en-tete-apres-la-premiere-manche-du-slalom-de-chamonix#breadcrumb\"},\"inLanguage\":\"fr-FR\",\"potentialAction\":[{\"@type\":\"ReadAction\",\"target\":[\"https:\/\/www.africa-press.net\/congo-brazzaville\/sports\/ski-alpin-clement-noel-en-tete-apres-la-premiere-manche-du-slalom-de-chamonix\"]}]},{\"@type\":\"ImageObject\",\"inLanguage\":\"fr-FR\",\"@id\":\"https:\/\/www.africa-press.net\/congo-brazzaville\/sports\/ski-alpin-clement-noel-en-tete-apres-la-premiere-manche-du-slalom-de-chamonix#primaryimage\",\"url\":\"https:\/\/static.africa-press.net\/congo-brazzaville\/sites\/51\/2023\/02\/postQueueImg_1675523669.41.jpg\",\"contentUrl\":\"https:\/\/static.africa-press.net\/congo-brazzaville\/sites\/51\/2023\/02\/postQueueImg_1675523669.41.jpg\",\"width\":1280,\"height\":640,\"caption\":\"Ski alpin: Cl\u00e9ment No\u00ebl en t\u00eate apr\u00e8s la premi\u00e8re manche du slalom de Chamonix\"},{\"@type\":\"BreadcrumbList\",\"@id\":\"https:\/\/www.africa-press.net\/congo-brazzaville\/sports\/ski-alpin-clement-noel-en-tete-apres-la-premiere-manche-du-slalom-de-chamonix#breadcrumb\",\"itemListElement\":[{\"@type\":\"ListItem\",\"position\":1,\"name\":\"Accueil\",\"item\":\"https:\/\/www.africa-press.net\/congo-brazzaville\/\"},{\"@type\":\"ListItem\",\"position\":2,\"name\":\"Ski alpin: Cl\u00e9ment No\u00ebl en t\u00eate apr\u00e8s la premi\u00e8re manche du slalom de Chamonix\"}]},{\"@type\":\"WebSite\",\"@id\":\"https:\/\/www.africa-press.net\/congo-brazzaville\/#website\",\"url\":\"https:\/\/www.africa-press.net\/congo-brazzaville\/\",\"name\":\"Congo Brazzaville\",\"description\":\"Just another Africa News Agency Sites site\",\"potentialAction\":[{\"@type\":\"SearchAction\",\"target\":{\"@type\":\"EntryPoint\",\"urlTemplate\":\"https:\/\/www.africa-press.net\/congo-brazzaville\/?s={search_term_string}\"},\"query-input\":{\"@type\":\"PropertyValueSpecification\",\"valueRequired\":true,\"valueName\":\"search_term_string\"}}],\"inLanguage\":\"fr-FR\"},{\"@type\":\"Person\",\"@id\":\"https:\/\/www.africa-press.net\/congo-brazzaville\/#\/schema\/person\/2b1cf3cd81a31e3cd26889ca66d677f1\",\"name\":\"cfeditorfr\"}]}<\/script>\n<!-- \/ Yoast SEO Premium plugin. -->","yoast_head_json":{"title":"Ski alpin: Cl\u00e9ment No\u00ebl en t\u00eate apr\u00e8s la premi\u00e8re manche du slalom de Chamonix - Congo Brazzaville","description":"Le champion olympique Cle\u0301ment Noe\u0308l a domine\u0301 la premie\u0300re manche du slalom de Coupe du monde de ski alpin de Chamon ...","robots":{"index":"index","follow":"follow","max-snippet":"max-snippet:-1","max-image-preview":"max-image-preview:large","max-video-preview":"max-video-preview:-1"},"canonical":"https:\/\/www.africa-press.net\/congo-brazzaville\/sports\/ski-alpin-clement-noel-en-tete-apres-la-premiere-manche-du-slalom-de-chamonix","og_locale":"fr_FR","og_type":"article","og_title":"Ski alpin: Cl\u00e9ment No\u00ebl en t\u00eate apr\u00e8s la premi\u00e8re manche du slalom de Chamonix","og_description":"Le champion olympique Cle\u0301ment Noe\u0308l a domine\u0301 la premie\u0300re manche du slalom de Coupe du monde de ski alpin de Chamon ...","og_url":"https:\/\/www.africa-press.net\/congo-brazzaville\/sports\/ski-alpin-clement-noel-en-tete-apres-la-premiere-manche-du-slalom-de-chamonix","og_site_name":"Congo Brazzaville","article_published_time":"2023-02-04T18:44:22+00:00","article_modified_time":"2023-02-04T19:07:18+00:00","og_image":[{"width":1280,"height":640,"url":"https:\/\/static.africa-press.net\/congo-brazzaville\/sites\/51\/2023\/02\/postQueueImg_1675523669.41.jpg","type":"image\/jpeg"}],"author":"cfeditorfr","twitter_card":"summary_large_image","twitter_misc":{"\u00c9crit par":"cfeditorfr","Dur\u00e9e de lecture estim\u00e9e":"1 minute"},"schema":{"@context":"https:\/\/schema.org","@graph":[{"@type":"Article","@id":"https:\/\/www.africa-press.net\/congo-brazzaville\/sports\/ski-alpin-clement-noel-en-tete-apres-la-premiere-manche-du-slalom-de-chamonix#article","isPartOf":{"@id":"https:\/\/www.africa-press.net\/congo-brazzaville\/sports\/ski-alpin-clement-noel-en-tete-apres-la-premiere-manche-du-slalom-de-chamonix"},"author":{"name":"cfeditorfr","@id":"https:\/\/www.africa-press.net\/congo-brazzaville\/#\/schema\/person\/2b1cf3cd81a31e3cd26889ca66d677f1"},"headline":"Ski alpin: Cl\u00e9ment No\u00ebl en t\u00eate apr\u00e8s la premi\u00e8re manche du slalom de Chamonix","datePublished":"2023-02-04T18:44:22+00:00","dateModified":"2023-02-04T19:07:18+00:00","mainEntityOfPage":{"@id":"https:\/\/www.africa-press.net\/congo-brazzaville\/sports\/ski-alpin-clement-noel-en-tete-apres-la-premiere-manche-du-slalom-de-chamonix"},"wordCount":287,"commentCount":0,"image":{"@id":"https:\/\/www.africa-press.net\/congo-brazzaville\/sports\/ski-alpin-clement-noel-en-tete-apres-la-premiere-manche-du-slalom-de-chamonix#primaryimage"},"thumbnailUrl":"https:\/\/static.africa-press.net\/congo-brazzaville\/sites\/51\/2023\/02\/postQueueImg_1675523669.41.jpg","keywords":["Africa Press","Africa Press-Congo Brazzaville","Congo Brazzaville"],"articleSection":["Sports","Toutes les actualit\u00e9s"],"inLanguage":"fr-FR","potentialAction":[{"@type":"CommentAction","name":"Comment","target":["https:\/\/www.africa-press.net\/congo-brazzaville\/sports\/ski-alpin-clement-noel-en-tete-apres-la-premiere-manche-du-slalom-de-chamonix#respond"]}]},{"@type":"WebPage","@id":"https:\/\/www.africa-press.net\/congo-brazzaville\/sports\/ski-alpin-clement-noel-en-tete-apres-la-premiere-manche-du-slalom-de-chamonix","url":"https:\/\/www.africa-press.net\/congo-brazzaville\/sports\/ski-alpin-clement-noel-en-tete-apres-la-premiere-manche-du-slalom-de-chamonix","name":"Ski alpin: Cl\u00e9ment No\u00ebl en t\u00eate apr\u00e8s la premi\u00e8re manche du slalom de Chamonix - Congo Brazzaville","isPartOf":{"@id":"https:\/\/www.africa-press.net\/congo-brazzaville\/#website"},"primaryImageOfPage":{"@id":"https:\/\/www.africa-press.net\/congo-brazzaville\/sports\/ski-alpin-clement-noel-en-tete-apres-la-premiere-manche-du-slalom-de-chamonix#primaryimage"},"image":{"@id":"https:\/\/www.africa-press.net\/congo-brazzaville\/sports\/ski-alpin-clement-noel-en-tete-apres-la-premiere-manche-du-slalom-de-chamonix#primaryimage"},"thumbnailUrl":"https:\/\/static.africa-press.net\/congo-brazzaville\/sites\/51\/2023\/02\/postQueueImg_1675523669.41.jpg","datePublished":"2023-02-04T18:44:22+00:00","dateModified":"2023-02-04T19:07:18+00:00","author":{"@id":"https:\/\/www.africa-press.net\/congo-brazzaville\/#\/schema\/person\/2b1cf3cd81a31e3cd26889ca66d677f1"},"description":"Le champion olympique Cle\u0301ment Noe\u0308l a domine\u0301 la premie\u0300re manche du slalom de Coupe du monde de ski alpin de Chamon ...","breadcrumb":{"@id":"https:\/\/www.africa-press.net\/congo-brazzaville\/sports\/ski-alpin-clement-noel-en-tete-apres-la-premiere-manche-du-slalom-de-chamonix#breadcrumb"},"inLanguage":"fr-FR","potentialAction":[{"@type":"ReadAction","target":["https:\/\/www.africa-press.net\/congo-brazzaville\/sports\/ski-alpin-clement-noel-en-tete-apres-la-premiere-manche-du-slalom-de-chamonix"]}]},{"@type":"ImageObject","inLanguage":"fr-FR","@id":"https:\/\/www.africa-press.net\/congo-brazzaville\/sports\/ski-alpin-clement-noel-en-tete-apres-la-premiere-manche-du-slalom-de-chamonix#primaryimage","url":"https:\/\/static.africa-press.net\/congo-brazzaville\/sites\/51\/2023\/02\/postQueueImg_1675523669.41.jpg","contentUrl":"https:\/\/static.africa-press.net\/congo-brazzaville\/sites\/51\/2023\/02\/postQueueImg_1675523669.41.jpg","width":1280,"height":640,"caption":"Ski alpin: Cl\u00e9ment No\u00ebl en t\u00eate apr\u00e8s la premi\u00e8re manche du slalom de Chamonix"},{"@type":"BreadcrumbList","@id":"https:\/\/www.africa-press.net\/congo-brazzaville\/sports\/ski-alpin-clement-noel-en-tete-apres-la-premiere-manche-du-slalom-de-chamonix#breadcrumb","itemListElement":[{"@type":"ListItem","position":1,"name":"Accueil","item":"https:\/\/www.africa-press.net\/congo-brazzaville\/"},{"@type":"ListItem","position":2,"name":"Ski alpin: Cl\u00e9ment No\u00ebl en t\u00eate apr\u00e8s la premi\u00e8re manche du slalom de Chamonix"}]},{"@type":"WebSite","@id":"https:\/\/www.africa-press.net\/congo-brazzaville\/#website","url":"https:\/\/www.africa-press.net\/congo-brazzaville\/","name":"Congo Brazzaville","description":"Just another Africa News Agency Sites site","potentialAction":[{"@type":"SearchAction","target":{"@type":"EntryPoint","urlTemplate":"https:\/\/www.africa-press.net\/congo-brazzaville\/?s={search_term_string}"},"query-input":{"@type":"PropertyValueSpecification","valueRequired":true,"valueName":"search_term_string"}}],"inLanguage":"fr-FR"},{"@type":"Person","@id":"https:\/\/www.africa-press.net\/congo-brazzaville\/#\/schema\/person\/2b1cf3cd81a31e3cd26889ca66d677f1","name":"cfeditorfr"}]}},"_links":{"self":[{"href":"https:\/\/www.africa-press.net\/congo-brazzaville\/wp-json\/wp\/v2\/posts\/14062","targetHints":{"allow":["GET"]}}],"collection":[{"href":"https:\/\/www.africa-press.net\/congo-brazzaville\/wp-json\/wp\/v2\/posts"}],"about":[{"href":"https:\/\/www.africa-press.net\/congo-brazzaville\/wp-json\/wp\/v2\/types\/post"}],"author":[{"embeddable":true,"href":"https:\/\/www.africa-press.net\/congo-brazzaville\/wp-json\/wp\/v2\/users\/82"}],"replies":[{"embeddable":true,"href":"https:\/\/www.africa-press.net\/congo-brazzaville\/wp-json\/wp\/v2\/comments?post=14062"}],"version-history":[{"count":0,"href":"https:\/\/www.africa-press.net\/congo-brazzaville\/wp-json\/wp\/v2\/posts\/14062\/revisions"}],"wp:featuredmedia":[{"embeddable":true,"href":"https:\/\/www.africa-press.net\/congo-brazzaville\/wp-json\/wp\/v2\/media\/14061"}],"wp:attachment":[{"href":"https:\/\/www.africa-press.net\/congo-brazzaville\/wp-json\/wp\/v2\/media?parent=14062"}],"wp:term":[{"taxonomy":"category","embeddable":true,"href":"https:\/\/www.africa-press.net\/congo-brazzaville\/wp-json\/wp\/v2\/categories?post=14062"},{"taxonomy":"post_tag","embeddable":true,"href":"https:\/\/www.africa-press.net\/congo-brazzaville\/wp-json\/wp\/v2\/tags?post=14062"}],"curies":[{"name":"wp","href":"https:\/\/api.w.org\/{rel}","templated":true}]}}