{"id":14071,"date":"2023-02-04T18:54:05","date_gmt":"2023-02-04T18:54:05","guid":{"rendered":"https:\/\/www.africa-press.net\/congo-brazzaville\/politique\/enseignement-general-le-delai-des-inscriptions-aux-examens-proroge-jusquau-15-fevrier"},"modified":"2023-02-04T19:36:54","modified_gmt":"2023-02-04T19:36:54","slug":"enseignement-general-le-delai-des-inscriptions-aux-examens-proroge-jusquau-15-fevrier","status":"publish","type":"post","link":"https:\/\/www.africa-press.net\/congo-brazzaville\/toutes-les-actualites\/enseignement-general-le-delai-des-inscriptions-aux-examens-proroge-jusquau-15-fevrier","title":{"rendered":"Enseignement g\u00e9n\u00e9ral : le d\u00e9lai des inscriptions aux examens prorog\u00e9 jusqu\u2019au 15 f\u00e9vrier"},"content":{"rendered":"<p><span style=\"color: #ff6600\"><strong>Africa-Press &#8211; Congo Brazzaville. <\/strong><\/span>Le ministre de l\u2019Enseignement pre\u0301scolaire, primaire, secondaire et de l\u2019Alphabe\u0301tisation, Jean Luc Mouthou, a instruit les directeurs de\u0301partementaux de prolonger la date de clo\u0302ture des inscriptions au 15 fe\u0301vrier, alors qu\u2019elle e\u0301tait initialement pre\u0301vue le 31 janvier.<\/p>\n<p>Une prorogation qui permet, d\u2019une part, de redresser le tir quant aux chefs d\u2019e\u0301tablissement qui exage\u0300rent dans les frais d\u2019inscription et, d\u2019autre part, d&rsquo;aider les directeurs de\u0301partementaux qui rencontrent des difficulte\u0301s pour parfaire les inscriptions. \u00ab La modification n\u2019a aucune incidence sur les dates des examens d\u2019Etat qui auront lieu de juin a\u0300 juillet 2023 \u00bb, a pre\u0301cise\u0301 le ministre. Les retardataires devraient donc saisir l\u2019occasion avant qu\u2019il soit trop tard.<\/p>\n<p>A propos des frais d\u2019inscription, il convient de rappeler qu\u2019en de\u0301cembre dernier, le directeur des examens et concours de l\u2019Enseignement ge\u0301ne\u0301ral, Damien Madiki, attirait l\u2019attention de tous les acteurs implique\u0301s dans le processus, en rappelant les montants fixe\u0301s par les textes en vigueur qui doivent e\u0302tre respecte\u0301s. Au baccalaure\u0301at, candidat officiel congolais 5 000 FCFA, candidat libre 15 000FCFA. Candidat officiel e\u0301tranger 15 000 FCFA, candidat libre 20 000 FCFA. BEPC : candidat officiel congolais 4 000 FCFA, candidat libre 10 000 FCFA. Candidat officiel e\u0301tranger 10 000 FCFA, candidat libre e\u0301tranger 15 000 FCFA. CEPE : candidat officiel congolais 2000 FCFA, candidat libre 3 000 FCFA, candidat officiel e\u0301tranger 3 000 FCFA, candidat libre e\u0301tranger 3000 FCFA.<\/p>\n<p>Le ministe\u0300re l\u2019Enseignement pre\u0301scolaire, primaire, secondaire et de l\u2019Alphabe\u0301tisation pense de\u0301ja\u0300 a\u0300 la de\u0301mate\u0301rialisation des paiements. Le proce\u0301de\u0301 permettra de payer en ligne. Pour l\u2019heure, le ministre Jean Luc Mouthou a appele\u0301 a\u0300 l\u2019objectivite\u0301 et a\u0300 la coope\u0301ration entre les diffe\u0301rents directeurs de\u0301partementaux.<\/p>\n<p><strong>Pour plus d&rsquo;informations et d&rsquo;analyses sur la <a href=\"https:\/\/www.africa-press.net\/congo-brazzaville\">Congo Brazzaville<\/a>, suivez <a href=\"https:\/\/www.africa-press.net\/\">Africa-Press<\/a><\/strong><\/p>\n","protected":false},"excerpt":{"rendered":"<p>Africa-Press &#8211; Congo Brazzaville. Le ministre de l\u2019Enseignement pre\u0301scolaire, primaire, secondaire et de l\u2019Alphabe\u0301tisation, Jean Luc Mouthou, a instruit les directeurs de\u0301partementaux de prolonger la date de clo\u0302ture des inscriptions au 15 fe\u0301vrier, alors qu\u2019elle e\u0301tait initialement pre\u0301vue le 31 janvier. Une prorogation qui permet, d\u2019une part, de redresser le tir quant aux chefs d\u2019e\u0301tablissement [&hellip;]<\/p>\n","protected":false},"author":82,"featured_media":14070,"comment_status":"open","ping_status":"closed","sticky":false,"template":"","format":"standard","meta":{"footnotes":""},"categories":[21,10],"tags":[36,47,46],"class_list":["post-14071","post","type-post","status-publish","format-standard","has-post-thumbnail","hentry","category-communaute","category-toutes-les-actualites","tag-africa-press","tag-africa-press-congo-brazzaville","tag-congo-brazzaville"],"yoast_head":"<!-- This site is optimized with the Yoast SEO Premium plugin v26.1 (Yoast SEO v27.0) - https:\/\/yoast.com\/product\/yoast-seo-premium-wordpress\/ -->\n<title>Enseignement g\u00e9n\u00e9ral : le d\u00e9lai des inscriptions aux examens prorog\u00e9 jusqu\u2019au 15 f\u00e9vrier - Congo Brazzaville<\/title>\n<meta name=\"description\" content=\"Le ministre de l\u2019Enseignement pre\u0301scolaire, primaire, secondaire et de l\u2019Alphabe\u0301tisation, Jean Luc Mouthou, a instruit ...\" \/>\n<meta name=\"robots\" content=\"index, follow, max-snippet:-1, max-image-preview:large, max-video-preview:-1\" \/>\n<link rel=\"canonical\" href=\"https:\/\/www.africa-press.net\/congo-brazzaville\/toutes-les-actualites\/enseignement-general-le-delai-des-inscriptions-aux-examens-proroge-jusquau-15-fevrier\" \/>\n<meta property=\"og:locale\" content=\"fr_FR\" \/>\n<meta property=\"og:type\" content=\"article\" \/>\n<meta property=\"og:title\" content=\"Enseignement g\u00e9n\u00e9ral : le d\u00e9lai des inscriptions aux examens prorog\u00e9 jusqu\u2019au 15 f\u00e9vrier\" \/>\n<meta property=\"og:description\" content=\"Le ministre de l\u2019Enseignement pre\u0301scolaire, primaire, secondaire et de l\u2019Alphabe\u0301tisation, Jean Luc Mouthou, a instruit ...\" \/>\n<meta property=\"og:url\" content=\"https:\/\/www.africa-press.net\/congo-brazzaville\/toutes-les-actualites\/enseignement-general-le-delai-des-inscriptions-aux-examens-proroge-jusquau-15-fevrier\" \/>\n<meta property=\"og:site_name\" content=\"Congo Brazzaville\" \/>\n<meta property=\"article:published_time\" content=\"2023-02-04T18:54:05+00:00\" \/>\n<meta property=\"article:modified_time\" content=\"2023-02-04T19:36:54+00:00\" \/>\n<meta property=\"og:image\" content=\"https:\/\/static.africa-press.net\/congo-brazzaville\/sites\/51\/2023\/02\/postQueueImg_1675524253.32.jpg\" \/>\n\t<meta property=\"og:image:width\" content=\"1155\" \/>\n\t<meta property=\"og:image:height\" content=\"768\" \/>\n\t<meta property=\"og:image:type\" content=\"image\/jpeg\" \/>\n<meta name=\"author\" content=\"cfeditorfr\" \/>\n<meta name=\"twitter:card\" content=\"summary_large_image\" \/>\n<meta name=\"twitter:label1\" content=\"\u00c9crit par\" \/>\n\t<meta name=\"twitter:data1\" content=\"cfeditorfr\" \/>\n\t<meta name=\"twitter:label2\" content=\"Dur\u00e9e de lecture estim\u00e9e\" \/>\n\t<meta name=\"twitter:data2\" content=\"2 minutes\" \/>\n<script type=\"application\/ld+json\" class=\"yoast-schema-graph\">{\"@context\":\"https:\/\/schema.org\",\"@graph\":[{\"@type\":\"Article\",\"@id\":\"https:\/\/www.africa-press.net\/congo-brazzaville\/toutes-les-actualites\/enseignement-general-le-delai-des-inscriptions-aux-examens-proroge-jusquau-15-fevrier#article\",\"isPartOf\":{\"@id\":\"https:\/\/www.africa-press.net\/congo-brazzaville\/toutes-les-actualites\/enseignement-general-le-delai-des-inscriptions-aux-examens-proroge-jusquau-15-fevrier\"},\"author\":{\"name\":\"cfeditorfr\",\"@id\":\"https:\/\/www.africa-press.net\/congo-brazzaville\/#\/schema\/person\/2b1cf3cd81a31e3cd26889ca66d677f1\"},\"headline\":\"Enseignement g\u00e9n\u00e9ral : le d\u00e9lai des inscriptions aux examens prorog\u00e9 jusqu\u2019au 15 f\u00e9vrier\",\"datePublished\":\"2023-02-04T18:54:05+00:00\",\"dateModified\":\"2023-02-04T19:36:54+00:00\",\"mainEntityOfPage\":{\"@id\":\"https:\/\/www.africa-press.net\/congo-brazzaville\/toutes-les-actualites\/enseignement-general-le-delai-des-inscriptions-aux-examens-proroge-jusquau-15-fevrier\"},\"wordCount\":329,\"commentCount\":0,\"image\":{\"@id\":\"https:\/\/www.africa-press.net\/congo-brazzaville\/toutes-les-actualites\/enseignement-general-le-delai-des-inscriptions-aux-examens-proroge-jusquau-15-fevrier#primaryimage\"},\"thumbnailUrl\":\"https:\/\/static.africa-press.net\/congo-brazzaville\/sites\/51\/2023\/02\/postQueueImg_1675524253.32.jpg\",\"keywords\":[\"Africa Press\",\"Africa Press-Congo Brazzaville\",\"Congo Brazzaville\"],\"articleSection\":[\"Communaut\u00e9\",\"Toutes les actualit\u00e9s\"],\"inLanguage\":\"fr-FR\",\"potentialAction\":[{\"@type\":\"CommentAction\",\"name\":\"Comment\",\"target\":[\"https:\/\/www.africa-press.net\/congo-brazzaville\/toutes-les-actualites\/enseignement-general-le-delai-des-inscriptions-aux-examens-proroge-jusquau-15-fevrier#respond\"]}]},{\"@type\":\"WebPage\",\"@id\":\"https:\/\/www.africa-press.net\/congo-brazzaville\/toutes-les-actualites\/enseignement-general-le-delai-des-inscriptions-aux-examens-proroge-jusquau-15-fevrier\",\"url\":\"https:\/\/www.africa-press.net\/congo-brazzaville\/toutes-les-actualites\/enseignement-general-le-delai-des-inscriptions-aux-examens-proroge-jusquau-15-fevrier\",\"name\":\"Enseignement g\u00e9n\u00e9ral : le d\u00e9lai des inscriptions aux examens prorog\u00e9 jusqu\u2019au 15 f\u00e9vrier - Congo Brazzaville\",\"isPartOf\":{\"@id\":\"https:\/\/www.africa-press.net\/congo-brazzaville\/#website\"},\"primaryImageOfPage\":{\"@id\":\"https:\/\/www.africa-press.net\/congo-brazzaville\/toutes-les-actualites\/enseignement-general-le-delai-des-inscriptions-aux-examens-proroge-jusquau-15-fevrier#primaryimage\"},\"image\":{\"@id\":\"https:\/\/www.africa-press.net\/congo-brazzaville\/toutes-les-actualites\/enseignement-general-le-delai-des-inscriptions-aux-examens-proroge-jusquau-15-fevrier#primaryimage\"},\"thumbnailUrl\":\"https:\/\/static.africa-press.net\/congo-brazzaville\/sites\/51\/2023\/02\/postQueueImg_1675524253.32.jpg\",\"datePublished\":\"2023-02-04T18:54:05+00:00\",\"dateModified\":\"2023-02-04T19:36:54+00:00\",\"author\":{\"@id\":\"https:\/\/www.africa-press.net\/congo-brazzaville\/#\/schema\/person\/2b1cf3cd81a31e3cd26889ca66d677f1\"},\"description\":\"Le ministre de l\u2019Enseignement pre\u0301scolaire, primaire, secondaire et de l\u2019Alphabe\u0301tisation, Jean Luc Mouthou, a instruit ...\",\"breadcrumb\":{\"@id\":\"https:\/\/www.africa-press.net\/congo-brazzaville\/toutes-les-actualites\/enseignement-general-le-delai-des-inscriptions-aux-examens-proroge-jusquau-15-fevrier#breadcrumb\"},\"inLanguage\":\"fr-FR\",\"potentialAction\":[{\"@type\":\"ReadAction\",\"target\":[\"https:\/\/www.africa-press.net\/congo-brazzaville\/toutes-les-actualites\/enseignement-general-le-delai-des-inscriptions-aux-examens-proroge-jusquau-15-fevrier\"]}]},{\"@type\":\"ImageObject\",\"inLanguage\":\"fr-FR\",\"@id\":\"https:\/\/www.africa-press.net\/congo-brazzaville\/toutes-les-actualites\/enseignement-general-le-delai-des-inscriptions-aux-examens-proroge-jusquau-15-fevrier#primaryimage\",\"url\":\"https:\/\/static.africa-press.net\/congo-brazzaville\/sites\/51\/2023\/02\/postQueueImg_1675524253.32.jpg\",\"contentUrl\":\"https:\/\/static.africa-press.net\/congo-brazzaville\/sites\/51\/2023\/02\/postQueueImg_1675524253.32.jpg\",\"width\":1155,\"height\":768,\"caption\":\"Enseignement g\u00e9n\u00e9ral : le d\u00e9lai des inscriptions aux examens prorog\u00e9 jusqu\u2019au 15 f\u00e9vrier\"},{\"@type\":\"BreadcrumbList\",\"@id\":\"https:\/\/www.africa-press.net\/congo-brazzaville\/toutes-les-actualites\/enseignement-general-le-delai-des-inscriptions-aux-examens-proroge-jusquau-15-fevrier#breadcrumb\",\"itemListElement\":[{\"@type\":\"ListItem\",\"position\":1,\"name\":\"Accueil\",\"item\":\"https:\/\/www.africa-press.net\/congo-brazzaville\/\"},{\"@type\":\"ListItem\",\"position\":2,\"name\":\"Enseignement g\u00e9n\u00e9ral : le d\u00e9lai des inscriptions aux examens prorog\u00e9 jusqu\u2019au 15 f\u00e9vrier\"}]},{\"@type\":\"WebSite\",\"@id\":\"https:\/\/www.africa-press.net\/congo-brazzaville\/#website\",\"url\":\"https:\/\/www.africa-press.net\/congo-brazzaville\/\",\"name\":\"Congo Brazzaville\",\"description\":\"Just another Africa News Agency Sites site\",\"potentialAction\":[{\"@type\":\"SearchAction\",\"target\":{\"@type\":\"EntryPoint\",\"urlTemplate\":\"https:\/\/www.africa-press.net\/congo-brazzaville\/?s={search_term_string}\"},\"query-input\":{\"@type\":\"PropertyValueSpecification\",\"valueRequired\":true,\"valueName\":\"search_term_string\"}}],\"inLanguage\":\"fr-FR\"},{\"@type\":\"Person\",\"@id\":\"https:\/\/www.africa-press.net\/congo-brazzaville\/#\/schema\/person\/2b1cf3cd81a31e3cd26889ca66d677f1\",\"name\":\"cfeditorfr\"}]}<\/script>\n<!-- \/ Yoast SEO Premium plugin. -->","yoast_head_json":{"title":"Enseignement g\u00e9n\u00e9ral : le d\u00e9lai des inscriptions aux examens prorog\u00e9 jusqu\u2019au 15 f\u00e9vrier - Congo Brazzaville","description":"Le ministre de l\u2019Enseignement pre\u0301scolaire, primaire, secondaire et de l\u2019Alphabe\u0301tisation, Jean Luc Mouthou, a instruit ...","robots":{"index":"index","follow":"follow","max-snippet":"max-snippet:-1","max-image-preview":"max-image-preview:large","max-video-preview":"max-video-preview:-1"},"canonical":"https:\/\/www.africa-press.net\/congo-brazzaville\/toutes-les-actualites\/enseignement-general-le-delai-des-inscriptions-aux-examens-proroge-jusquau-15-fevrier","og_locale":"fr_FR","og_type":"article","og_title":"Enseignement g\u00e9n\u00e9ral : le d\u00e9lai des inscriptions aux examens prorog\u00e9 jusqu\u2019au 15 f\u00e9vrier","og_description":"Le ministre de l\u2019Enseignement pre\u0301scolaire, primaire, secondaire et de l\u2019Alphabe\u0301tisation, Jean Luc Mouthou, a instruit ...","og_url":"https:\/\/www.africa-press.net\/congo-brazzaville\/toutes-les-actualites\/enseignement-general-le-delai-des-inscriptions-aux-examens-proroge-jusquau-15-fevrier","og_site_name":"Congo Brazzaville","article_published_time":"2023-02-04T18:54:05+00:00","article_modified_time":"2023-02-04T19:36:54+00:00","og_image":[{"width":1155,"height":768,"url":"https:\/\/static.africa-press.net\/congo-brazzaville\/sites\/51\/2023\/02\/postQueueImg_1675524253.32.jpg","type":"image\/jpeg"}],"author":"cfeditorfr","twitter_card":"summary_large_image","twitter_misc":{"\u00c9crit par":"cfeditorfr","Dur\u00e9e de lecture estim\u00e9e":"2 minutes"},"schema":{"@context":"https:\/\/schema.org","@graph":[{"@type":"Article","@id":"https:\/\/www.africa-press.net\/congo-brazzaville\/toutes-les-actualites\/enseignement-general-le-delai-des-inscriptions-aux-examens-proroge-jusquau-15-fevrier#article","isPartOf":{"@id":"https:\/\/www.africa-press.net\/congo-brazzaville\/toutes-les-actualites\/enseignement-general-le-delai-des-inscriptions-aux-examens-proroge-jusquau-15-fevrier"},"author":{"name":"cfeditorfr","@id":"https:\/\/www.africa-press.net\/congo-brazzaville\/#\/schema\/person\/2b1cf3cd81a31e3cd26889ca66d677f1"},"headline":"Enseignement g\u00e9n\u00e9ral : le d\u00e9lai des inscriptions aux examens prorog\u00e9 jusqu\u2019au 15 f\u00e9vrier","datePublished":"2023-02-04T18:54:05+00:00","dateModified":"2023-02-04T19:36:54+00:00","mainEntityOfPage":{"@id":"https:\/\/www.africa-press.net\/congo-brazzaville\/toutes-les-actualites\/enseignement-general-le-delai-des-inscriptions-aux-examens-proroge-jusquau-15-fevrier"},"wordCount":329,"commentCount":0,"image":{"@id":"https:\/\/www.africa-press.net\/congo-brazzaville\/toutes-les-actualites\/enseignement-general-le-delai-des-inscriptions-aux-examens-proroge-jusquau-15-fevrier#primaryimage"},"thumbnailUrl":"https:\/\/static.africa-press.net\/congo-brazzaville\/sites\/51\/2023\/02\/postQueueImg_1675524253.32.jpg","keywords":["Africa Press","Africa Press-Congo Brazzaville","Congo Brazzaville"],"articleSection":["Communaut\u00e9","Toutes les actualit\u00e9s"],"inLanguage":"fr-FR","potentialAction":[{"@type":"CommentAction","name":"Comment","target":["https:\/\/www.africa-press.net\/congo-brazzaville\/toutes-les-actualites\/enseignement-general-le-delai-des-inscriptions-aux-examens-proroge-jusquau-15-fevrier#respond"]}]},{"@type":"WebPage","@id":"https:\/\/www.africa-press.net\/congo-brazzaville\/toutes-les-actualites\/enseignement-general-le-delai-des-inscriptions-aux-examens-proroge-jusquau-15-fevrier","url":"https:\/\/www.africa-press.net\/congo-brazzaville\/toutes-les-actualites\/enseignement-general-le-delai-des-inscriptions-aux-examens-proroge-jusquau-15-fevrier","name":"Enseignement g\u00e9n\u00e9ral : le d\u00e9lai des inscriptions aux examens prorog\u00e9 jusqu\u2019au 15 f\u00e9vrier - Congo Brazzaville","isPartOf":{"@id":"https:\/\/www.africa-press.net\/congo-brazzaville\/#website"},"primaryImageOfPage":{"@id":"https:\/\/www.africa-press.net\/congo-brazzaville\/toutes-les-actualites\/enseignement-general-le-delai-des-inscriptions-aux-examens-proroge-jusquau-15-fevrier#primaryimage"},"image":{"@id":"https:\/\/www.africa-press.net\/congo-brazzaville\/toutes-les-actualites\/enseignement-general-le-delai-des-inscriptions-aux-examens-proroge-jusquau-15-fevrier#primaryimage"},"thumbnailUrl":"https:\/\/static.africa-press.net\/congo-brazzaville\/sites\/51\/2023\/02\/postQueueImg_1675524253.32.jpg","datePublished":"2023-02-04T18:54:05+00:00","dateModified":"2023-02-04T19:36:54+00:00","author":{"@id":"https:\/\/www.africa-press.net\/congo-brazzaville\/#\/schema\/person\/2b1cf3cd81a31e3cd26889ca66d677f1"},"description":"Le ministre de l\u2019Enseignement pre\u0301scolaire, primaire, secondaire et de l\u2019Alphabe\u0301tisation, Jean Luc Mouthou, a instruit ...","breadcrumb":{"@id":"https:\/\/www.africa-press.net\/congo-brazzaville\/toutes-les-actualites\/enseignement-general-le-delai-des-inscriptions-aux-examens-proroge-jusquau-15-fevrier#breadcrumb"},"inLanguage":"fr-FR","potentialAction":[{"@type":"ReadAction","target":["https:\/\/www.africa-press.net\/congo-brazzaville\/toutes-les-actualites\/enseignement-general-le-delai-des-inscriptions-aux-examens-proroge-jusquau-15-fevrier"]}]},{"@type":"ImageObject","inLanguage":"fr-FR","@id":"https:\/\/www.africa-press.net\/congo-brazzaville\/toutes-les-actualites\/enseignement-general-le-delai-des-inscriptions-aux-examens-proroge-jusquau-15-fevrier#primaryimage","url":"https:\/\/static.africa-press.net\/congo-brazzaville\/sites\/51\/2023\/02\/postQueueImg_1675524253.32.jpg","contentUrl":"https:\/\/static.africa-press.net\/congo-brazzaville\/sites\/51\/2023\/02\/postQueueImg_1675524253.32.jpg","width":1155,"height":768,"caption":"Enseignement g\u00e9n\u00e9ral : le d\u00e9lai des inscriptions aux examens prorog\u00e9 jusqu\u2019au 15 f\u00e9vrier"},{"@type":"BreadcrumbList","@id":"https:\/\/www.africa-press.net\/congo-brazzaville\/toutes-les-actualites\/enseignement-general-le-delai-des-inscriptions-aux-examens-proroge-jusquau-15-fevrier#breadcrumb","itemListElement":[{"@type":"ListItem","position":1,"name":"Accueil","item":"https:\/\/www.africa-press.net\/congo-brazzaville\/"},{"@type":"ListItem","position":2,"name":"Enseignement g\u00e9n\u00e9ral : le d\u00e9lai des inscriptions aux examens prorog\u00e9 jusqu\u2019au 15 f\u00e9vrier"}]},{"@type":"WebSite","@id":"https:\/\/www.africa-press.net\/congo-brazzaville\/#website","url":"https:\/\/www.africa-press.net\/congo-brazzaville\/","name":"Congo Brazzaville","description":"Just another Africa News Agency Sites site","potentialAction":[{"@type":"SearchAction","target":{"@type":"EntryPoint","urlTemplate":"https:\/\/www.africa-press.net\/congo-brazzaville\/?s={search_term_string}"},"query-input":{"@type":"PropertyValueSpecification","valueRequired":true,"valueName":"search_term_string"}}],"inLanguage":"fr-FR"},{"@type":"Person","@id":"https:\/\/www.africa-press.net\/congo-brazzaville\/#\/schema\/person\/2b1cf3cd81a31e3cd26889ca66d677f1","name":"cfeditorfr"}]}},"_links":{"self":[{"href":"https:\/\/www.africa-press.net\/congo-brazzaville\/wp-json\/wp\/v2\/posts\/14071","targetHints":{"allow":["GET"]}}],"collection":[{"href":"https:\/\/www.africa-press.net\/congo-brazzaville\/wp-json\/wp\/v2\/posts"}],"about":[{"href":"https:\/\/www.africa-press.net\/congo-brazzaville\/wp-json\/wp\/v2\/types\/post"}],"author":[{"embeddable":true,"href":"https:\/\/www.africa-press.net\/congo-brazzaville\/wp-json\/wp\/v2\/users\/82"}],"replies":[{"embeddable":true,"href":"https:\/\/www.africa-press.net\/congo-brazzaville\/wp-json\/wp\/v2\/comments?post=14071"}],"version-history":[{"count":0,"href":"https:\/\/www.africa-press.net\/congo-brazzaville\/wp-json\/wp\/v2\/posts\/14071\/revisions"}],"wp:featuredmedia":[{"embeddable":true,"href":"https:\/\/www.africa-press.net\/congo-brazzaville\/wp-json\/wp\/v2\/media\/14070"}],"wp:attachment":[{"href":"https:\/\/www.africa-press.net\/congo-brazzaville\/wp-json\/wp\/v2\/media?parent=14071"}],"wp:term":[{"taxonomy":"category","embeddable":true,"href":"https:\/\/www.africa-press.net\/congo-brazzaville\/wp-json\/wp\/v2\/categories?post=14071"},{"taxonomy":"post_tag","embeddable":true,"href":"https:\/\/www.africa-press.net\/congo-brazzaville\/wp-json\/wp\/v2\/tags?post=14071"}],"curies":[{"name":"wp","href":"https:\/\/api.w.org\/{rel}","templated":true}]}}