{"id":14080,"date":"2023-02-04T18:56:12","date_gmt":"2023-02-04T18:56:12","guid":{"rendered":"https:\/\/www.africa-press.net\/congo-brazzaville\/politique\/des-ong-de-la-societe-civile-proposent-leur-expertise-en-faveur-de-lafforestation"},"modified":"2023-02-04T19:39:57","modified_gmt":"2023-02-04T19:39:57","slug":"des-ong-de-la-societe-civile-proposent-leur-expertise-en-faveur-de-lafforestation","status":"publish","type":"post","link":"https:\/\/www.africa-press.net\/congo-brazzaville\/toutes-les-actualites\/des-ong-de-la-societe-civile-proposent-leur-expertise-en-faveur-de-lafforestation","title":{"rendered":"des ong de la soci\u00e9t\u00e9 civile proposent leur expertise en faveur de l\u2019afforestation"},"content":{"rendered":"<p><span style=\"color: #ff6600\"><strong>Africa-Press &#8211; Congo Brazzaville. <\/strong><\/span><b>La plateforme des organisations de la socie\u0301te\u0301 civile pour la de\u0301cennie mondiale de l\u2019afforestation, conduite par Ugain Kaya Mikala, ont remis le 3 fe\u0301vrier a\u0300 Brazzaville une note de position au secre\u0301taire permanent du conseil consultatif de la socie\u0301te\u0301 civile et des organisations non gouvernementales, Ce\u0301phas Germain Ewangui, a\u0300 l\u2019intention des plus hautes autorite\u0301s du pays ; cela, en re\u0301ponse au plaidoyer du Chef de l\u2019Etat Denis Sassou N\u2019Guesso en faveur de la de\u0301cennie de l\u2019afforestation lors de la Cop 27 a\u0300 Charm el-Cheikh, en E\u0301gypte.<\/b><\/p>\n<p>\u00ab Nous avons mis en place cette plateforme des organisations de la socie\u0301te\u0301 civile pour la de\u0301cennie mondiale de l\u2019afforestation. Aujourd\u2019hui nous avons pense\u0301 que dans notre calendrier d\u2019audience qu\u2019il e\u0301tait impe\u0301rieux face a\u0300 la hie\u0301rarchie des initiatives d\u2019e\u0302tre rec\u0327u par le secre\u0301taire permanent du conseil consultatif de la socie\u0301te\u0301 civile et des organisations non gouvernementales, monsieur Ce\u0301phas Germain Ewangui qui a rec\u0327u de fac\u0327on officielle notre de position \u00bb, a explique\u0301 Ugain Kaya Mikala.<\/p>\n<p>Lors de cette remise de leur note de position, le pre\u0301sentant de la plateforme des organisations de la socie\u0301te\u0301 civile pour la de\u0301cennie mondiale de l\u2019afforestation a de\u0301cline\u0301 leur contribution en trois points.<\/p>\n<p>\u00ab Notre note de position pre\u0301sente en trois axes la vision de la socie\u0301te\u0301 civile ; en premier, l\u2019expe\u0301rience de la Re\u0301publique du Congo en matie\u0300re de reboisement et de l\u2019afforestation ; en deuxie\u0300me point, les programmes similaires qui ont e\u0301te\u0301 initie\u0301s il y a 10 ans ; enfin en troisie\u0300me point, nos recommandations ou\u0300 nous appelons le gouvernement et les institutions a\u0300 travailler avec la socie\u0301te\u0301 civile pour l\u2019e\u0301laboration d\u2019un document qui serait un document d\u2019orientation pour qu\u2019il soit soumis lors du sommet des trois bassins qui va se tenir ici a\u0300 Brazzaville et lors de la Cop 28 qui se tiendra a\u0300 Dubai\u0308 aux Emirats Arabes Unis \u00bb, a explicite\u0301, le pre\u0301sident d\u2019Eveil d\u2019Afrique.<\/p>\n<p>Ugain Kaya Mikala a appele\u0301 les autres acteurs e\u0301voluant dans le domaine de la promotion environnementale de s\u2019associer a\u0300 l\u2019initiative de la plateforme qu\u2019il repre\u0301sente : \u00ab J\u2019envoie ici un vibrant message a\u0300 tous les pre\u0301sidents repre\u0301sentants les organisations de la socie\u0301te\u0301 civile qui oeuvrent dans le domaine de l\u2019environnement et de la transition e\u0301nerge\u0301tique, de nous rejoindre afin que nous travaillons ensemble pour que nous de\u0301veloppons un plaidoyer commun pour la Cop 28, pour faire passer la de\u0301cision mais surtout pour sensibiliser sur les efforts que me\u0300nent la socie\u0301te\u0301 civile congolaise dans le cadre de la lutte contre les changements climatiques\u00bb, a-t-il insiste\u0301.<\/p>\n<p>Recevant la note de position de la plateforme des organisations de la socie\u0301te\u0301 civile pour la de\u0301cennie mondiale de l\u2019afforestation, le secre\u0301taire permanent du conseil consultatif de la socie\u0301te\u0301 civile et des organisations non gouvernementales Ce\u0301phas Germain Ewangui, a promis accompagner ces organisations de la socie\u0301te\u0301 civile aupre\u0300s des pre\u0301sidents des deux chambres du parlement, des ministe\u0300res concerne\u0301s par la promotion de l\u2019environnement et aupre\u0300s du premier ministre, dans les prochains jours.<\/p>\n<p><strong>Pour plus d&rsquo;informations et d&rsquo;analyses sur la <a href=\"https:\/\/www.africa-press.net\/congo-brazzaville\">Congo Brazzaville<\/a>, suivez <a href=\"https:\/\/www.africa-press.net\/\">Africa-Press<\/a><\/strong><\/p>\n","protected":false},"excerpt":{"rendered":"<p>Africa-Press &#8211; Congo Brazzaville. La plateforme des organisations de la socie\u0301te\u0301 civile pour la de\u0301cennie mondiale de l\u2019afforestation, conduite par Ugain Kaya Mikala, ont remis le 3 fe\u0301vrier a\u0300 Brazzaville une note de position au secre\u0301taire permanent du conseil consultatif de la socie\u0301te\u0301 civile et des organisations non gouvernementales, Ce\u0301phas Germain Ewangui, a\u0300 l\u2019intention des [&hellip;]<\/p>\n","protected":false},"author":82,"featured_media":14079,"comment_status":"open","ping_status":"closed","sticky":false,"template":"","format":"standard","meta":{"footnotes":""},"categories":[21,10],"tags":[36,47,46],"class_list":["post-14080","post","type-post","status-publish","format-standard","has-post-thumbnail","hentry","category-communaute","category-toutes-les-actualites","tag-africa-press","tag-africa-press-congo-brazzaville","tag-congo-brazzaville"],"yoast_head":"<!-- This site is optimized with the Yoast SEO Premium plugin v26.1 (Yoast SEO v27.0) - https:\/\/yoast.com\/product\/yoast-seo-premium-wordpress\/ -->\n<title>des ong de la soci\u00e9t\u00e9 civile proposent leur expertise en faveur de l\u2019afforestation - Congo Brazzaville<\/title>\n<meta name=\"description\" content=\"La plateforme des organisations de la socie\u0301te\u0301 civile pour la de\u0301cennie mondiale de l\u2019afforestation, conduite par Ug ...\" \/>\n<meta name=\"robots\" content=\"index, follow, max-snippet:-1, max-image-preview:large, max-video-preview:-1\" \/>\n<link rel=\"canonical\" href=\"https:\/\/www.africa-press.net\/congo-brazzaville\/toutes-les-actualites\/des-ong-de-la-societe-civile-proposent-leur-expertise-en-faveur-de-lafforestation\" \/>\n<meta property=\"og:locale\" content=\"fr_FR\" \/>\n<meta property=\"og:type\" content=\"article\" \/>\n<meta property=\"og:title\" content=\"des ong de la soci\u00e9t\u00e9 civile proposent leur expertise en faveur de l\u2019afforestation\" \/>\n<meta property=\"og:description\" content=\"La plateforme des organisations de la socie\u0301te\u0301 civile pour la de\u0301cennie mondiale de l\u2019afforestation, conduite par Ug ...\" \/>\n<meta property=\"og:url\" content=\"https:\/\/www.africa-press.net\/congo-brazzaville\/toutes-les-actualites\/des-ong-de-la-societe-civile-proposent-leur-expertise-en-faveur-de-lafforestation\" \/>\n<meta property=\"og:site_name\" content=\"Congo Brazzaville\" \/>\n<meta property=\"article:published_time\" content=\"2023-02-04T18:56:12+00:00\" \/>\n<meta property=\"article:modified_time\" content=\"2023-02-04T19:39:57+00:00\" \/>\n<meta property=\"og:image\" content=\"https:\/\/static.africa-press.net\/congo-brazzaville\/sites\/51\/2023\/02\/postQueueImg_1675524384.49.jpg\" \/>\n\t<meta property=\"og:image:width\" content=\"707\" \/>\n\t<meta property=\"og:image:height\" content=\"444\" \/>\n\t<meta property=\"og:image:type\" content=\"image\/jpeg\" \/>\n<meta name=\"author\" content=\"cfeditorfr\" \/>\n<meta name=\"twitter:card\" content=\"summary_large_image\" \/>\n<meta name=\"twitter:label1\" content=\"\u00c9crit par\" \/>\n\t<meta name=\"twitter:data1\" content=\"cfeditorfr\" \/>\n\t<meta name=\"twitter:label2\" content=\"Dur\u00e9e de lecture estim\u00e9e\" \/>\n\t<meta name=\"twitter:data2\" content=\"3 minutes\" \/>\n<script type=\"application\/ld+json\" class=\"yoast-schema-graph\">{\"@context\":\"https:\/\/schema.org\",\"@graph\":[{\"@type\":\"Article\",\"@id\":\"https:\/\/www.africa-press.net\/congo-brazzaville\/toutes-les-actualites\/des-ong-de-la-societe-civile-proposent-leur-expertise-en-faveur-de-lafforestation#article\",\"isPartOf\":{\"@id\":\"https:\/\/www.africa-press.net\/congo-brazzaville\/toutes-les-actualites\/des-ong-de-la-societe-civile-proposent-leur-expertise-en-faveur-de-lafforestation\"},\"author\":{\"name\":\"cfeditorfr\",\"@id\":\"https:\/\/www.africa-press.net\/congo-brazzaville\/#\/schema\/person\/2b1cf3cd81a31e3cd26889ca66d677f1\"},\"headline\":\"des ong de la soci\u00e9t\u00e9 civile proposent leur expertise en faveur de l\u2019afforestation\",\"datePublished\":\"2023-02-04T18:56:12+00:00\",\"dateModified\":\"2023-02-04T19:39:57+00:00\",\"mainEntityOfPage\":{\"@id\":\"https:\/\/www.africa-press.net\/congo-brazzaville\/toutes-les-actualites\/des-ong-de-la-societe-civile-proposent-leur-expertise-en-faveur-de-lafforestation\"},\"wordCount\":589,\"commentCount\":0,\"image\":{\"@id\":\"https:\/\/www.africa-press.net\/congo-brazzaville\/toutes-les-actualites\/des-ong-de-la-societe-civile-proposent-leur-expertise-en-faveur-de-lafforestation#primaryimage\"},\"thumbnailUrl\":\"https:\/\/static.africa-press.net\/congo-brazzaville\/sites\/51\/2023\/02\/postQueueImg_1675524384.49.jpg\",\"keywords\":[\"Africa Press\",\"Africa Press-Congo Brazzaville\",\"Congo Brazzaville\"],\"articleSection\":[\"Communaut\u00e9\",\"Toutes les actualit\u00e9s\"],\"inLanguage\":\"fr-FR\",\"potentialAction\":[{\"@type\":\"CommentAction\",\"name\":\"Comment\",\"target\":[\"https:\/\/www.africa-press.net\/congo-brazzaville\/toutes-les-actualites\/des-ong-de-la-societe-civile-proposent-leur-expertise-en-faveur-de-lafforestation#respond\"]}]},{\"@type\":\"WebPage\",\"@id\":\"https:\/\/www.africa-press.net\/congo-brazzaville\/toutes-les-actualites\/des-ong-de-la-societe-civile-proposent-leur-expertise-en-faveur-de-lafforestation\",\"url\":\"https:\/\/www.africa-press.net\/congo-brazzaville\/toutes-les-actualites\/des-ong-de-la-societe-civile-proposent-leur-expertise-en-faveur-de-lafforestation\",\"name\":\"des ong de la soci\u00e9t\u00e9 civile proposent leur expertise en faveur de l\u2019afforestation - Congo Brazzaville\",\"isPartOf\":{\"@id\":\"https:\/\/www.africa-press.net\/congo-brazzaville\/#website\"},\"primaryImageOfPage\":{\"@id\":\"https:\/\/www.africa-press.net\/congo-brazzaville\/toutes-les-actualites\/des-ong-de-la-societe-civile-proposent-leur-expertise-en-faveur-de-lafforestation#primaryimage\"},\"image\":{\"@id\":\"https:\/\/www.africa-press.net\/congo-brazzaville\/toutes-les-actualites\/des-ong-de-la-societe-civile-proposent-leur-expertise-en-faveur-de-lafforestation#primaryimage\"},\"thumbnailUrl\":\"https:\/\/static.africa-press.net\/congo-brazzaville\/sites\/51\/2023\/02\/postQueueImg_1675524384.49.jpg\",\"datePublished\":\"2023-02-04T18:56:12+00:00\",\"dateModified\":\"2023-02-04T19:39:57+00:00\",\"author\":{\"@id\":\"https:\/\/www.africa-press.net\/congo-brazzaville\/#\/schema\/person\/2b1cf3cd81a31e3cd26889ca66d677f1\"},\"description\":\"La plateforme des organisations de la socie\u0301te\u0301 civile pour la de\u0301cennie mondiale de l\u2019afforestation, conduite par Ug ...\",\"breadcrumb\":{\"@id\":\"https:\/\/www.africa-press.net\/congo-brazzaville\/toutes-les-actualites\/des-ong-de-la-societe-civile-proposent-leur-expertise-en-faveur-de-lafforestation#breadcrumb\"},\"inLanguage\":\"fr-FR\",\"potentialAction\":[{\"@type\":\"ReadAction\",\"target\":[\"https:\/\/www.africa-press.net\/congo-brazzaville\/toutes-les-actualites\/des-ong-de-la-societe-civile-proposent-leur-expertise-en-faveur-de-lafforestation\"]}]},{\"@type\":\"ImageObject\",\"inLanguage\":\"fr-FR\",\"@id\":\"https:\/\/www.africa-press.net\/congo-brazzaville\/toutes-les-actualites\/des-ong-de-la-societe-civile-proposent-leur-expertise-en-faveur-de-lafforestation#primaryimage\",\"url\":\"https:\/\/static.africa-press.net\/congo-brazzaville\/sites\/51\/2023\/02\/postQueueImg_1675524384.49.jpg\",\"contentUrl\":\"https:\/\/static.africa-press.net\/congo-brazzaville\/sites\/51\/2023\/02\/postQueueImg_1675524384.49.jpg\",\"width\":707,\"height\":444,\"caption\":\"des ong de la soci\u00e9t\u00e9 civile proposent leur expertise en faveur de l\u2019afforestation\"},{\"@type\":\"BreadcrumbList\",\"@id\":\"https:\/\/www.africa-press.net\/congo-brazzaville\/toutes-les-actualites\/des-ong-de-la-societe-civile-proposent-leur-expertise-en-faveur-de-lafforestation#breadcrumb\",\"itemListElement\":[{\"@type\":\"ListItem\",\"position\":1,\"name\":\"Accueil\",\"item\":\"https:\/\/www.africa-press.net\/congo-brazzaville\/\"},{\"@type\":\"ListItem\",\"position\":2,\"name\":\"des ong de la soci\u00e9t\u00e9 civile proposent leur expertise en faveur de l\u2019afforestation\"}]},{\"@type\":\"WebSite\",\"@id\":\"https:\/\/www.africa-press.net\/congo-brazzaville\/#website\",\"url\":\"https:\/\/www.africa-press.net\/congo-brazzaville\/\",\"name\":\"Congo Brazzaville\",\"description\":\"Just another Africa News Agency Sites site\",\"potentialAction\":[{\"@type\":\"SearchAction\",\"target\":{\"@type\":\"EntryPoint\",\"urlTemplate\":\"https:\/\/www.africa-press.net\/congo-brazzaville\/?s={search_term_string}\"},\"query-input\":{\"@type\":\"PropertyValueSpecification\",\"valueRequired\":true,\"valueName\":\"search_term_string\"}}],\"inLanguage\":\"fr-FR\"},{\"@type\":\"Person\",\"@id\":\"https:\/\/www.africa-press.net\/congo-brazzaville\/#\/schema\/person\/2b1cf3cd81a31e3cd26889ca66d677f1\",\"name\":\"cfeditorfr\"}]}<\/script>\n<!-- \/ Yoast SEO Premium plugin. -->","yoast_head_json":{"title":"des ong de la soci\u00e9t\u00e9 civile proposent leur expertise en faveur de l\u2019afforestation - Congo Brazzaville","description":"La plateforme des organisations de la socie\u0301te\u0301 civile pour la de\u0301cennie mondiale de l\u2019afforestation, conduite par Ug ...","robots":{"index":"index","follow":"follow","max-snippet":"max-snippet:-1","max-image-preview":"max-image-preview:large","max-video-preview":"max-video-preview:-1"},"canonical":"https:\/\/www.africa-press.net\/congo-brazzaville\/toutes-les-actualites\/des-ong-de-la-societe-civile-proposent-leur-expertise-en-faveur-de-lafforestation","og_locale":"fr_FR","og_type":"article","og_title":"des ong de la soci\u00e9t\u00e9 civile proposent leur expertise en faveur de l\u2019afforestation","og_description":"La plateforme des organisations de la socie\u0301te\u0301 civile pour la de\u0301cennie mondiale de l\u2019afforestation, conduite par Ug ...","og_url":"https:\/\/www.africa-press.net\/congo-brazzaville\/toutes-les-actualites\/des-ong-de-la-societe-civile-proposent-leur-expertise-en-faveur-de-lafforestation","og_site_name":"Congo Brazzaville","article_published_time":"2023-02-04T18:56:12+00:00","article_modified_time":"2023-02-04T19:39:57+00:00","og_image":[{"width":707,"height":444,"url":"https:\/\/static.africa-press.net\/congo-brazzaville\/sites\/51\/2023\/02\/postQueueImg_1675524384.49.jpg","type":"image\/jpeg"}],"author":"cfeditorfr","twitter_card":"summary_large_image","twitter_misc":{"\u00c9crit par":"cfeditorfr","Dur\u00e9e de lecture estim\u00e9e":"3 minutes"},"schema":{"@context":"https:\/\/schema.org","@graph":[{"@type":"Article","@id":"https:\/\/www.africa-press.net\/congo-brazzaville\/toutes-les-actualites\/des-ong-de-la-societe-civile-proposent-leur-expertise-en-faveur-de-lafforestation#article","isPartOf":{"@id":"https:\/\/www.africa-press.net\/congo-brazzaville\/toutes-les-actualites\/des-ong-de-la-societe-civile-proposent-leur-expertise-en-faveur-de-lafforestation"},"author":{"name":"cfeditorfr","@id":"https:\/\/www.africa-press.net\/congo-brazzaville\/#\/schema\/person\/2b1cf3cd81a31e3cd26889ca66d677f1"},"headline":"des ong de la soci\u00e9t\u00e9 civile proposent leur expertise en faveur de l\u2019afforestation","datePublished":"2023-02-04T18:56:12+00:00","dateModified":"2023-02-04T19:39:57+00:00","mainEntityOfPage":{"@id":"https:\/\/www.africa-press.net\/congo-brazzaville\/toutes-les-actualites\/des-ong-de-la-societe-civile-proposent-leur-expertise-en-faveur-de-lafforestation"},"wordCount":589,"commentCount":0,"image":{"@id":"https:\/\/www.africa-press.net\/congo-brazzaville\/toutes-les-actualites\/des-ong-de-la-societe-civile-proposent-leur-expertise-en-faveur-de-lafforestation#primaryimage"},"thumbnailUrl":"https:\/\/static.africa-press.net\/congo-brazzaville\/sites\/51\/2023\/02\/postQueueImg_1675524384.49.jpg","keywords":["Africa Press","Africa Press-Congo Brazzaville","Congo Brazzaville"],"articleSection":["Communaut\u00e9","Toutes les actualit\u00e9s"],"inLanguage":"fr-FR","potentialAction":[{"@type":"CommentAction","name":"Comment","target":["https:\/\/www.africa-press.net\/congo-brazzaville\/toutes-les-actualites\/des-ong-de-la-societe-civile-proposent-leur-expertise-en-faveur-de-lafforestation#respond"]}]},{"@type":"WebPage","@id":"https:\/\/www.africa-press.net\/congo-brazzaville\/toutes-les-actualites\/des-ong-de-la-societe-civile-proposent-leur-expertise-en-faveur-de-lafforestation","url":"https:\/\/www.africa-press.net\/congo-brazzaville\/toutes-les-actualites\/des-ong-de-la-societe-civile-proposent-leur-expertise-en-faveur-de-lafforestation","name":"des ong de la soci\u00e9t\u00e9 civile proposent leur expertise en faveur de l\u2019afforestation - Congo Brazzaville","isPartOf":{"@id":"https:\/\/www.africa-press.net\/congo-brazzaville\/#website"},"primaryImageOfPage":{"@id":"https:\/\/www.africa-press.net\/congo-brazzaville\/toutes-les-actualites\/des-ong-de-la-societe-civile-proposent-leur-expertise-en-faveur-de-lafforestation#primaryimage"},"image":{"@id":"https:\/\/www.africa-press.net\/congo-brazzaville\/toutes-les-actualites\/des-ong-de-la-societe-civile-proposent-leur-expertise-en-faveur-de-lafforestation#primaryimage"},"thumbnailUrl":"https:\/\/static.africa-press.net\/congo-brazzaville\/sites\/51\/2023\/02\/postQueueImg_1675524384.49.jpg","datePublished":"2023-02-04T18:56:12+00:00","dateModified":"2023-02-04T19:39:57+00:00","author":{"@id":"https:\/\/www.africa-press.net\/congo-brazzaville\/#\/schema\/person\/2b1cf3cd81a31e3cd26889ca66d677f1"},"description":"La plateforme des organisations de la socie\u0301te\u0301 civile pour la de\u0301cennie mondiale de l\u2019afforestation, conduite par Ug ...","breadcrumb":{"@id":"https:\/\/www.africa-press.net\/congo-brazzaville\/toutes-les-actualites\/des-ong-de-la-societe-civile-proposent-leur-expertise-en-faveur-de-lafforestation#breadcrumb"},"inLanguage":"fr-FR","potentialAction":[{"@type":"ReadAction","target":["https:\/\/www.africa-press.net\/congo-brazzaville\/toutes-les-actualites\/des-ong-de-la-societe-civile-proposent-leur-expertise-en-faveur-de-lafforestation"]}]},{"@type":"ImageObject","inLanguage":"fr-FR","@id":"https:\/\/www.africa-press.net\/congo-brazzaville\/toutes-les-actualites\/des-ong-de-la-societe-civile-proposent-leur-expertise-en-faveur-de-lafforestation#primaryimage","url":"https:\/\/static.africa-press.net\/congo-brazzaville\/sites\/51\/2023\/02\/postQueueImg_1675524384.49.jpg","contentUrl":"https:\/\/static.africa-press.net\/congo-brazzaville\/sites\/51\/2023\/02\/postQueueImg_1675524384.49.jpg","width":707,"height":444,"caption":"des ong de la soci\u00e9t\u00e9 civile proposent leur expertise en faveur de l\u2019afforestation"},{"@type":"BreadcrumbList","@id":"https:\/\/www.africa-press.net\/congo-brazzaville\/toutes-les-actualites\/des-ong-de-la-societe-civile-proposent-leur-expertise-en-faveur-de-lafforestation#breadcrumb","itemListElement":[{"@type":"ListItem","position":1,"name":"Accueil","item":"https:\/\/www.africa-press.net\/congo-brazzaville\/"},{"@type":"ListItem","position":2,"name":"des ong de la soci\u00e9t\u00e9 civile proposent leur expertise en faveur de l\u2019afforestation"}]},{"@type":"WebSite","@id":"https:\/\/www.africa-press.net\/congo-brazzaville\/#website","url":"https:\/\/www.africa-press.net\/congo-brazzaville\/","name":"Congo Brazzaville","description":"Just another Africa News Agency Sites site","potentialAction":[{"@type":"SearchAction","target":{"@type":"EntryPoint","urlTemplate":"https:\/\/www.africa-press.net\/congo-brazzaville\/?s={search_term_string}"},"query-input":{"@type":"PropertyValueSpecification","valueRequired":true,"valueName":"search_term_string"}}],"inLanguage":"fr-FR"},{"@type":"Person","@id":"https:\/\/www.africa-press.net\/congo-brazzaville\/#\/schema\/person\/2b1cf3cd81a31e3cd26889ca66d677f1","name":"cfeditorfr"}]}},"_links":{"self":[{"href":"https:\/\/www.africa-press.net\/congo-brazzaville\/wp-json\/wp\/v2\/posts\/14080","targetHints":{"allow":["GET"]}}],"collection":[{"href":"https:\/\/www.africa-press.net\/congo-brazzaville\/wp-json\/wp\/v2\/posts"}],"about":[{"href":"https:\/\/www.africa-press.net\/congo-brazzaville\/wp-json\/wp\/v2\/types\/post"}],"author":[{"embeddable":true,"href":"https:\/\/www.africa-press.net\/congo-brazzaville\/wp-json\/wp\/v2\/users\/82"}],"replies":[{"embeddable":true,"href":"https:\/\/www.africa-press.net\/congo-brazzaville\/wp-json\/wp\/v2\/comments?post=14080"}],"version-history":[{"count":0,"href":"https:\/\/www.africa-press.net\/congo-brazzaville\/wp-json\/wp\/v2\/posts\/14080\/revisions"}],"wp:featuredmedia":[{"embeddable":true,"href":"https:\/\/www.africa-press.net\/congo-brazzaville\/wp-json\/wp\/v2\/media\/14079"}],"wp:attachment":[{"href":"https:\/\/www.africa-press.net\/congo-brazzaville\/wp-json\/wp\/v2\/media?parent=14080"}],"wp:term":[{"taxonomy":"category","embeddable":true,"href":"https:\/\/www.africa-press.net\/congo-brazzaville\/wp-json\/wp\/v2\/categories?post=14080"},{"taxonomy":"post_tag","embeddable":true,"href":"https:\/\/www.africa-press.net\/congo-brazzaville\/wp-json\/wp\/v2\/tags?post=14080"}],"curies":[{"name":"wp","href":"https:\/\/api.w.org\/{rel}","templated":true}]}}