{"id":14083,"date":"2023-02-04T18:56:31","date_gmt":"2023-02-04T18:56:31","guid":{"rendered":"https:\/\/www.africa-press.net\/congo-brazzaville\/politique\/les-militaires-admis-a-la-retraite-ont-ete-remercies-lors-des-adieux-aux-armes"},"modified":"2023-02-04T19:40:32","modified_gmt":"2023-02-04T19:40:32","slug":"les-militaires-admis-a-la-retraite-ont-ete-remercies-lors-des-adieux-aux-armes","status":"publish","type":"post","link":"https:\/\/www.africa-press.net\/congo-brazzaville\/toutes-les-actualites\/les-militaires-admis-a-la-retraite-ont-ete-remercies-lors-des-adieux-aux-armes","title":{"rendered":"les militaires admis \u00e0 la retraite ont \u00e9t\u00e9 remerci\u00e9s lors des adieux aux armes"},"content":{"rendered":"<p><span style=\"color: #ff6600\"><strong>Africa-Press &#8211; Congo Brazzaville. <\/strong><\/span><b>Le Chef d\u2019Etat Major Ge\u0301ne\u0301ral, Guy Blanchard Okoi\u0308 a rendu hommage, le 4 fe\u0301vrier a\u0300 Brazzaville, aux militaires ayant fait pre\u0301valoir leur droit a\u0300 la retraite depuis le 31 de\u0301cembre 2022. Au cours de cette ce\u0301re\u0301monie solennelle, les militaires admis a\u0300 la retraite ont remis les insignes des forces arme\u0301es congolaises.<\/b><\/p>\n<p>Apre\u0300s la remise des insignes militaires des forces arme\u0301es congolaise au chef d\u2019Etat major, un des officiers supe\u0301rieurs admis a\u0300 la retraite a exprime\u0301 les sentiments de reconnaissance et la nostalgie de laisser derrie\u0300re eux toute une vie de militaire accomplis : \u00ab Ce jour choisi pour ce\u0301le\u0301brer notre adieu aux armes est tout particulier en ce qu\u2019il ravive en nous bien des souvenirs, avec a\u0300 la cle\u0301 le sentiment d\u2019avoir accompli de bons et loyaux services a\u0300 la Nations et aux forces arme\u0301es congolaises. C\u2019est aussi un jour de regrets que de rompre de\u0301finitivement avec l\u2019e\u0301tat militaire et l\u2019identite\u0301 de soldat qui nous a si profonde\u0301ment marque\u0301 durant des de\u0301cennies de carrie\u0300re passe\u0301es ensemble et que nous devront apprendre absolument a\u0300 nous de\u0301pouiller \u00bb, a indique\u0301 le colonel a\u0300 la retraite Martin Akambo.<\/p>\n<p>Pour le Haut commandement des forces arme\u0301es congolaises, ces de\u0301parts sont une preuve de reconnaissance : \u00ab En ce jour particulier, je voudrais exprimer au nom des forces arme\u0301es et en mon nom, notre admiration, face aux hommes qui ont consacre\u0301 les plus belles anne\u0301es de leur vie au service d\u2019une des plus noble cause qui soit : la de\u0301fense de la patrie \u00bb, a pre\u0301cise\u0301 le Chef d\u2019Etat Major, le Ge\u0301ne\u0301ral de Brigade Guy Blanchard Okoi\u0308.<\/p>\n<p>Ces militaires appele\u0301s a\u0300 une vie active normale, devront rester a\u0300 la disposition du Haut commandement pour d\u2019e\u0301ventuels apports en faveur des militaires encore actifs : \u00ab Dore\u0301navant, vous e\u0302tes re\u0301serve\u0301s dans la re\u0301serve, vous reve\u0302tez gra\u0302ce a\u0300 votre expe\u0301rience incontestable et ave\u0301re\u0301e le statut d\u2019experts auxquels nous ferons souvent appel en cas de besoin afin d\u2019e\u0301clairer la lanterne des jeunes que vous laissez sous le drapeau \u00bb, a conclu Brigade Guy Blanchard Okoi\u0308.<\/p>\n<p><strong>Pour plus d&rsquo;informations et d&rsquo;analyses sur la <a href=\"https:\/\/www.africa-press.net\/congo-brazzaville\">Congo Brazzaville<\/a>, suivez <a href=\"https:\/\/www.africa-press.net\/\">Africa-Press<\/a><\/strong><\/p>\n","protected":false},"excerpt":{"rendered":"<p>Africa-Press &#8211; Congo Brazzaville. Le Chef d\u2019Etat Major Ge\u0301ne\u0301ral, Guy Blanchard Okoi\u0308 a rendu hommage, le 4 fe\u0301vrier a\u0300 Brazzaville, aux militaires ayant fait pre\u0301valoir leur droit a\u0300 la retraite depuis le 31 de\u0301cembre 2022. Au cours de cette ce\u0301re\u0301monie solennelle, les militaires admis a\u0300 la retraite ont remis les insignes des forces arme\u0301es congolaises. [&hellip;]<\/p>\n","protected":false},"author":82,"featured_media":14082,"comment_status":"open","ping_status":"closed","sticky":false,"template":"","format":"standard","meta":{"footnotes":""},"categories":[21,10],"tags":[36,47,46],"class_list":["post-14083","post","type-post","status-publish","format-standard","has-post-thumbnail","hentry","category-communaute","category-toutes-les-actualites","tag-africa-press","tag-africa-press-congo-brazzaville","tag-congo-brazzaville"],"yoast_head":"<!-- This site is optimized with the Yoast SEO Premium plugin v26.1 (Yoast SEO v27.0) - https:\/\/yoast.com\/product\/yoast-seo-premium-wordpress\/ -->\n<title>les militaires admis \u00e0 la retraite ont \u00e9t\u00e9 remerci\u00e9s lors des adieux aux armes - Congo Brazzaville<\/title>\n<meta name=\"description\" content=\"Le Chef d\u2019Etat Major Ge\u0301ne\u0301ral, Guy Blanchard Okoi\u0308 a rendu hommage, le 4 fe\u0301vrier a\u0300 Brazzaville, aux militaires aya ...\" \/>\n<meta name=\"robots\" content=\"index, follow, max-snippet:-1, max-image-preview:large, max-video-preview:-1\" \/>\n<link rel=\"canonical\" href=\"https:\/\/www.africa-press.net\/congo-brazzaville\/toutes-les-actualites\/les-militaires-admis-a-la-retraite-ont-ete-remercies-lors-des-adieux-aux-armes\" \/>\n<meta property=\"og:locale\" content=\"fr_FR\" \/>\n<meta property=\"og:type\" content=\"article\" \/>\n<meta property=\"og:title\" content=\"les militaires admis \u00e0 la retraite ont \u00e9t\u00e9 remerci\u00e9s lors des adieux aux armes\" \/>\n<meta property=\"og:description\" content=\"Le Chef d\u2019Etat Major Ge\u0301ne\u0301ral, Guy Blanchard Okoi\u0308 a rendu hommage, le 4 fe\u0301vrier a\u0300 Brazzaville, aux militaires aya ...\" \/>\n<meta property=\"og:url\" content=\"https:\/\/www.africa-press.net\/congo-brazzaville\/toutes-les-actualites\/les-militaires-admis-a-la-retraite-ont-ete-remercies-lors-des-adieux-aux-armes\" \/>\n<meta property=\"og:site_name\" content=\"Congo Brazzaville\" \/>\n<meta property=\"article:published_time\" content=\"2023-02-04T18:56:31+00:00\" \/>\n<meta property=\"article:modified_time\" content=\"2023-02-04T19:40:32+00:00\" \/>\n<meta property=\"og:image\" content=\"https:\/\/static.africa-press.net\/congo-brazzaville\/sites\/51\/2023\/02\/postQueueImg_1675524399.89.jpg\" \/>\n\t<meta property=\"og:image:width\" content=\"801\" \/>\n\t<meta property=\"og:image:height\" content=\"442\" \/>\n\t<meta property=\"og:image:type\" content=\"image\/jpeg\" \/>\n<meta name=\"author\" content=\"cfeditorfr\" \/>\n<meta name=\"twitter:card\" content=\"summary_large_image\" \/>\n<meta name=\"twitter:label1\" content=\"\u00c9crit par\" \/>\n\t<meta name=\"twitter:data1\" content=\"cfeditorfr\" \/>\n\t<meta name=\"twitter:label2\" content=\"Dur\u00e9e de lecture estim\u00e9e\" \/>\n\t<meta name=\"twitter:data2\" content=\"2 minutes\" \/>\n<script type=\"application\/ld+json\" class=\"yoast-schema-graph\">{\"@context\":\"https:\/\/schema.org\",\"@graph\":[{\"@type\":\"Article\",\"@id\":\"https:\/\/www.africa-press.net\/congo-brazzaville\/toutes-les-actualites\/les-militaires-admis-a-la-retraite-ont-ete-remercies-lors-des-adieux-aux-armes#article\",\"isPartOf\":{\"@id\":\"https:\/\/www.africa-press.net\/congo-brazzaville\/toutes-les-actualites\/les-militaires-admis-a-la-retraite-ont-ete-remercies-lors-des-adieux-aux-armes\"},\"author\":{\"name\":\"cfeditorfr\",\"@id\":\"https:\/\/www.africa-press.net\/congo-brazzaville\/#\/schema\/person\/2b1cf3cd81a31e3cd26889ca66d677f1\"},\"headline\":\"les militaires admis \u00e0 la retraite ont \u00e9t\u00e9 remerci\u00e9s lors des adieux aux armes\",\"datePublished\":\"2023-02-04T18:56:31+00:00\",\"dateModified\":\"2023-02-04T19:40:32+00:00\",\"mainEntityOfPage\":{\"@id\":\"https:\/\/www.africa-press.net\/congo-brazzaville\/toutes-les-actualites\/les-militaires-admis-a-la-retraite-ont-ete-remercies-lors-des-adieux-aux-armes\"},\"wordCount\":409,\"commentCount\":0,\"image\":{\"@id\":\"https:\/\/www.africa-press.net\/congo-brazzaville\/toutes-les-actualites\/les-militaires-admis-a-la-retraite-ont-ete-remercies-lors-des-adieux-aux-armes#primaryimage\"},\"thumbnailUrl\":\"https:\/\/static.africa-press.net\/congo-brazzaville\/sites\/51\/2023\/02\/postQueueImg_1675524399.89.jpg\",\"keywords\":[\"Africa Press\",\"Africa Press-Congo Brazzaville\",\"Congo Brazzaville\"],\"articleSection\":[\"Communaut\u00e9\",\"Toutes les actualit\u00e9s\"],\"inLanguage\":\"fr-FR\",\"potentialAction\":[{\"@type\":\"CommentAction\",\"name\":\"Comment\",\"target\":[\"https:\/\/www.africa-press.net\/congo-brazzaville\/toutes-les-actualites\/les-militaires-admis-a-la-retraite-ont-ete-remercies-lors-des-adieux-aux-armes#respond\"]}]},{\"@type\":\"WebPage\",\"@id\":\"https:\/\/www.africa-press.net\/congo-brazzaville\/toutes-les-actualites\/les-militaires-admis-a-la-retraite-ont-ete-remercies-lors-des-adieux-aux-armes\",\"url\":\"https:\/\/www.africa-press.net\/congo-brazzaville\/toutes-les-actualites\/les-militaires-admis-a-la-retraite-ont-ete-remercies-lors-des-adieux-aux-armes\",\"name\":\"les militaires admis \u00e0 la retraite ont \u00e9t\u00e9 remerci\u00e9s lors des adieux aux armes - Congo Brazzaville\",\"isPartOf\":{\"@id\":\"https:\/\/www.africa-press.net\/congo-brazzaville\/#website\"},\"primaryImageOfPage\":{\"@id\":\"https:\/\/www.africa-press.net\/congo-brazzaville\/toutes-les-actualites\/les-militaires-admis-a-la-retraite-ont-ete-remercies-lors-des-adieux-aux-armes#primaryimage\"},\"image\":{\"@id\":\"https:\/\/www.africa-press.net\/congo-brazzaville\/toutes-les-actualites\/les-militaires-admis-a-la-retraite-ont-ete-remercies-lors-des-adieux-aux-armes#primaryimage\"},\"thumbnailUrl\":\"https:\/\/static.africa-press.net\/congo-brazzaville\/sites\/51\/2023\/02\/postQueueImg_1675524399.89.jpg\",\"datePublished\":\"2023-02-04T18:56:31+00:00\",\"dateModified\":\"2023-02-04T19:40:32+00:00\",\"author\":{\"@id\":\"https:\/\/www.africa-press.net\/congo-brazzaville\/#\/schema\/person\/2b1cf3cd81a31e3cd26889ca66d677f1\"},\"description\":\"Le Chef d\u2019Etat Major Ge\u0301ne\u0301ral, Guy Blanchard Okoi\u0308 a rendu hommage, le 4 fe\u0301vrier a\u0300 Brazzaville, aux militaires aya ...\",\"breadcrumb\":{\"@id\":\"https:\/\/www.africa-press.net\/congo-brazzaville\/toutes-les-actualites\/les-militaires-admis-a-la-retraite-ont-ete-remercies-lors-des-adieux-aux-armes#breadcrumb\"},\"inLanguage\":\"fr-FR\",\"potentialAction\":[{\"@type\":\"ReadAction\",\"target\":[\"https:\/\/www.africa-press.net\/congo-brazzaville\/toutes-les-actualites\/les-militaires-admis-a-la-retraite-ont-ete-remercies-lors-des-adieux-aux-armes\"]}]},{\"@type\":\"ImageObject\",\"inLanguage\":\"fr-FR\",\"@id\":\"https:\/\/www.africa-press.net\/congo-brazzaville\/toutes-les-actualites\/les-militaires-admis-a-la-retraite-ont-ete-remercies-lors-des-adieux-aux-armes#primaryimage\",\"url\":\"https:\/\/static.africa-press.net\/congo-brazzaville\/sites\/51\/2023\/02\/postQueueImg_1675524399.89.jpg\",\"contentUrl\":\"https:\/\/static.africa-press.net\/congo-brazzaville\/sites\/51\/2023\/02\/postQueueImg_1675524399.89.jpg\",\"width\":801,\"height\":442,\"caption\":\"les militaires admis \u00e0 la retraite ont \u00e9t\u00e9 remerci\u00e9s lors des adieux aux armes\"},{\"@type\":\"BreadcrumbList\",\"@id\":\"https:\/\/www.africa-press.net\/congo-brazzaville\/toutes-les-actualites\/les-militaires-admis-a-la-retraite-ont-ete-remercies-lors-des-adieux-aux-armes#breadcrumb\",\"itemListElement\":[{\"@type\":\"ListItem\",\"position\":1,\"name\":\"Accueil\",\"item\":\"https:\/\/www.africa-press.net\/congo-brazzaville\/\"},{\"@type\":\"ListItem\",\"position\":2,\"name\":\"les militaires admis \u00e0 la retraite ont \u00e9t\u00e9 remerci\u00e9s lors des adieux aux armes\"}]},{\"@type\":\"WebSite\",\"@id\":\"https:\/\/www.africa-press.net\/congo-brazzaville\/#website\",\"url\":\"https:\/\/www.africa-press.net\/congo-brazzaville\/\",\"name\":\"Congo Brazzaville\",\"description\":\"Just another Africa News Agency Sites site\",\"potentialAction\":[{\"@type\":\"SearchAction\",\"target\":{\"@type\":\"EntryPoint\",\"urlTemplate\":\"https:\/\/www.africa-press.net\/congo-brazzaville\/?s={search_term_string}\"},\"query-input\":{\"@type\":\"PropertyValueSpecification\",\"valueRequired\":true,\"valueName\":\"search_term_string\"}}],\"inLanguage\":\"fr-FR\"},{\"@type\":\"Person\",\"@id\":\"https:\/\/www.africa-press.net\/congo-brazzaville\/#\/schema\/person\/2b1cf3cd81a31e3cd26889ca66d677f1\",\"name\":\"cfeditorfr\"}]}<\/script>\n<!-- \/ Yoast SEO Premium plugin. -->","yoast_head_json":{"title":"les militaires admis \u00e0 la retraite ont \u00e9t\u00e9 remerci\u00e9s lors des adieux aux armes - Congo Brazzaville","description":"Le Chef d\u2019Etat Major Ge\u0301ne\u0301ral, Guy Blanchard Okoi\u0308 a rendu hommage, le 4 fe\u0301vrier a\u0300 Brazzaville, aux militaires aya ...","robots":{"index":"index","follow":"follow","max-snippet":"max-snippet:-1","max-image-preview":"max-image-preview:large","max-video-preview":"max-video-preview:-1"},"canonical":"https:\/\/www.africa-press.net\/congo-brazzaville\/toutes-les-actualites\/les-militaires-admis-a-la-retraite-ont-ete-remercies-lors-des-adieux-aux-armes","og_locale":"fr_FR","og_type":"article","og_title":"les militaires admis \u00e0 la retraite ont \u00e9t\u00e9 remerci\u00e9s lors des adieux aux armes","og_description":"Le Chef d\u2019Etat Major Ge\u0301ne\u0301ral, Guy Blanchard Okoi\u0308 a rendu hommage, le 4 fe\u0301vrier a\u0300 Brazzaville, aux militaires aya ...","og_url":"https:\/\/www.africa-press.net\/congo-brazzaville\/toutes-les-actualites\/les-militaires-admis-a-la-retraite-ont-ete-remercies-lors-des-adieux-aux-armes","og_site_name":"Congo Brazzaville","article_published_time":"2023-02-04T18:56:31+00:00","article_modified_time":"2023-02-04T19:40:32+00:00","og_image":[{"width":801,"height":442,"url":"https:\/\/static.africa-press.net\/congo-brazzaville\/sites\/51\/2023\/02\/postQueueImg_1675524399.89.jpg","type":"image\/jpeg"}],"author":"cfeditorfr","twitter_card":"summary_large_image","twitter_misc":{"\u00c9crit par":"cfeditorfr","Dur\u00e9e de lecture estim\u00e9e":"2 minutes"},"schema":{"@context":"https:\/\/schema.org","@graph":[{"@type":"Article","@id":"https:\/\/www.africa-press.net\/congo-brazzaville\/toutes-les-actualites\/les-militaires-admis-a-la-retraite-ont-ete-remercies-lors-des-adieux-aux-armes#article","isPartOf":{"@id":"https:\/\/www.africa-press.net\/congo-brazzaville\/toutes-les-actualites\/les-militaires-admis-a-la-retraite-ont-ete-remercies-lors-des-adieux-aux-armes"},"author":{"name":"cfeditorfr","@id":"https:\/\/www.africa-press.net\/congo-brazzaville\/#\/schema\/person\/2b1cf3cd81a31e3cd26889ca66d677f1"},"headline":"les militaires admis \u00e0 la retraite ont \u00e9t\u00e9 remerci\u00e9s lors des adieux aux armes","datePublished":"2023-02-04T18:56:31+00:00","dateModified":"2023-02-04T19:40:32+00:00","mainEntityOfPage":{"@id":"https:\/\/www.africa-press.net\/congo-brazzaville\/toutes-les-actualites\/les-militaires-admis-a-la-retraite-ont-ete-remercies-lors-des-adieux-aux-armes"},"wordCount":409,"commentCount":0,"image":{"@id":"https:\/\/www.africa-press.net\/congo-brazzaville\/toutes-les-actualites\/les-militaires-admis-a-la-retraite-ont-ete-remercies-lors-des-adieux-aux-armes#primaryimage"},"thumbnailUrl":"https:\/\/static.africa-press.net\/congo-brazzaville\/sites\/51\/2023\/02\/postQueueImg_1675524399.89.jpg","keywords":["Africa Press","Africa Press-Congo Brazzaville","Congo Brazzaville"],"articleSection":["Communaut\u00e9","Toutes les actualit\u00e9s"],"inLanguage":"fr-FR","potentialAction":[{"@type":"CommentAction","name":"Comment","target":["https:\/\/www.africa-press.net\/congo-brazzaville\/toutes-les-actualites\/les-militaires-admis-a-la-retraite-ont-ete-remercies-lors-des-adieux-aux-armes#respond"]}]},{"@type":"WebPage","@id":"https:\/\/www.africa-press.net\/congo-brazzaville\/toutes-les-actualites\/les-militaires-admis-a-la-retraite-ont-ete-remercies-lors-des-adieux-aux-armes","url":"https:\/\/www.africa-press.net\/congo-brazzaville\/toutes-les-actualites\/les-militaires-admis-a-la-retraite-ont-ete-remercies-lors-des-adieux-aux-armes","name":"les militaires admis \u00e0 la retraite ont \u00e9t\u00e9 remerci\u00e9s lors des adieux aux armes - Congo Brazzaville","isPartOf":{"@id":"https:\/\/www.africa-press.net\/congo-brazzaville\/#website"},"primaryImageOfPage":{"@id":"https:\/\/www.africa-press.net\/congo-brazzaville\/toutes-les-actualites\/les-militaires-admis-a-la-retraite-ont-ete-remercies-lors-des-adieux-aux-armes#primaryimage"},"image":{"@id":"https:\/\/www.africa-press.net\/congo-brazzaville\/toutes-les-actualites\/les-militaires-admis-a-la-retraite-ont-ete-remercies-lors-des-adieux-aux-armes#primaryimage"},"thumbnailUrl":"https:\/\/static.africa-press.net\/congo-brazzaville\/sites\/51\/2023\/02\/postQueueImg_1675524399.89.jpg","datePublished":"2023-02-04T18:56:31+00:00","dateModified":"2023-02-04T19:40:32+00:00","author":{"@id":"https:\/\/www.africa-press.net\/congo-brazzaville\/#\/schema\/person\/2b1cf3cd81a31e3cd26889ca66d677f1"},"description":"Le Chef d\u2019Etat Major Ge\u0301ne\u0301ral, Guy Blanchard Okoi\u0308 a rendu hommage, le 4 fe\u0301vrier a\u0300 Brazzaville, aux militaires aya ...","breadcrumb":{"@id":"https:\/\/www.africa-press.net\/congo-brazzaville\/toutes-les-actualites\/les-militaires-admis-a-la-retraite-ont-ete-remercies-lors-des-adieux-aux-armes#breadcrumb"},"inLanguage":"fr-FR","potentialAction":[{"@type":"ReadAction","target":["https:\/\/www.africa-press.net\/congo-brazzaville\/toutes-les-actualites\/les-militaires-admis-a-la-retraite-ont-ete-remercies-lors-des-adieux-aux-armes"]}]},{"@type":"ImageObject","inLanguage":"fr-FR","@id":"https:\/\/www.africa-press.net\/congo-brazzaville\/toutes-les-actualites\/les-militaires-admis-a-la-retraite-ont-ete-remercies-lors-des-adieux-aux-armes#primaryimage","url":"https:\/\/static.africa-press.net\/congo-brazzaville\/sites\/51\/2023\/02\/postQueueImg_1675524399.89.jpg","contentUrl":"https:\/\/static.africa-press.net\/congo-brazzaville\/sites\/51\/2023\/02\/postQueueImg_1675524399.89.jpg","width":801,"height":442,"caption":"les militaires admis \u00e0 la retraite ont \u00e9t\u00e9 remerci\u00e9s lors des adieux aux armes"},{"@type":"BreadcrumbList","@id":"https:\/\/www.africa-press.net\/congo-brazzaville\/toutes-les-actualites\/les-militaires-admis-a-la-retraite-ont-ete-remercies-lors-des-adieux-aux-armes#breadcrumb","itemListElement":[{"@type":"ListItem","position":1,"name":"Accueil","item":"https:\/\/www.africa-press.net\/congo-brazzaville\/"},{"@type":"ListItem","position":2,"name":"les militaires admis \u00e0 la retraite ont \u00e9t\u00e9 remerci\u00e9s lors des adieux aux armes"}]},{"@type":"WebSite","@id":"https:\/\/www.africa-press.net\/congo-brazzaville\/#website","url":"https:\/\/www.africa-press.net\/congo-brazzaville\/","name":"Congo Brazzaville","description":"Just another Africa News Agency Sites site","potentialAction":[{"@type":"SearchAction","target":{"@type":"EntryPoint","urlTemplate":"https:\/\/www.africa-press.net\/congo-brazzaville\/?s={search_term_string}"},"query-input":{"@type":"PropertyValueSpecification","valueRequired":true,"valueName":"search_term_string"}}],"inLanguage":"fr-FR"},{"@type":"Person","@id":"https:\/\/www.africa-press.net\/congo-brazzaville\/#\/schema\/person\/2b1cf3cd81a31e3cd26889ca66d677f1","name":"cfeditorfr"}]}},"_links":{"self":[{"href":"https:\/\/www.africa-press.net\/congo-brazzaville\/wp-json\/wp\/v2\/posts\/14083","targetHints":{"allow":["GET"]}}],"collection":[{"href":"https:\/\/www.africa-press.net\/congo-brazzaville\/wp-json\/wp\/v2\/posts"}],"about":[{"href":"https:\/\/www.africa-press.net\/congo-brazzaville\/wp-json\/wp\/v2\/types\/post"}],"author":[{"embeddable":true,"href":"https:\/\/www.africa-press.net\/congo-brazzaville\/wp-json\/wp\/v2\/users\/82"}],"replies":[{"embeddable":true,"href":"https:\/\/www.africa-press.net\/congo-brazzaville\/wp-json\/wp\/v2\/comments?post=14083"}],"version-history":[{"count":0,"href":"https:\/\/www.africa-press.net\/congo-brazzaville\/wp-json\/wp\/v2\/posts\/14083\/revisions"}],"wp:featuredmedia":[{"embeddable":true,"href":"https:\/\/www.africa-press.net\/congo-brazzaville\/wp-json\/wp\/v2\/media\/14082"}],"wp:attachment":[{"href":"https:\/\/www.africa-press.net\/congo-brazzaville\/wp-json\/wp\/v2\/media?parent=14083"}],"wp:term":[{"taxonomy":"category","embeddable":true,"href":"https:\/\/www.africa-press.net\/congo-brazzaville\/wp-json\/wp\/v2\/categories?post=14083"},{"taxonomy":"post_tag","embeddable":true,"href":"https:\/\/www.africa-press.net\/congo-brazzaville\/wp-json\/wp\/v2\/tags?post=14083"}],"curies":[{"name":"wp","href":"https:\/\/api.w.org\/{rel}","templated":true}]}}