{"id":14116,"date":"2023-02-06T21:28:40","date_gmt":"2023-02-06T21:28:40","guid":{"rendered":"https:\/\/www.africa-press.net\/congo-brazzaville\/politique\/genre-des-artistes-se-mobilisent-pour-la-cause-de-la-jeune-fille"},"modified":"2023-02-06T22:52:50","modified_gmt":"2023-02-06T22:52:50","slug":"genre-des-artistes-se-mobilisent-pour-la-cause-de-la-jeune-fille","status":"publish","type":"post","link":"https:\/\/www.africa-press.net\/congo-brazzaville\/toutes-les-actualites\/genre-des-artistes-se-mobilisent-pour-la-cause-de-la-jeune-fille","title":{"rendered":"Genre : des artistes se mobilisent pour la cause de la jeune fille"},"content":{"rendered":"<p><span style=\"color: #ff6600\"><strong>Africa-Press &#8211; Congo Brazzaville. <\/strong><\/span><b>L&rsquo;association SOS femme du Congo, a\u0300 travers son projet \u00ab To lobela ya ngo \u00bb ou \u00ab Parlons-en \u00bb en franc\u0327ais, a organise\u0301, le 4 fe\u0301vrier, une sensibilisation aux droits en sante\u0301 sexuelle et reproductive via un spectacle d\u2019art.<\/b><\/p>\n<p>La prestation sce\u0301nique des artisites visait a\u0300 sensibiliser les adolescents et jeunes aux questions lie\u0301es a\u0300 la sante\u0301 sexuelle (l\u2019hygie\u0300ne menstruelle, la puberte\u0301, les infections sexuellement transmissibles, les me\u0301thodes contraceptives, etc). L&rsquo;association SOS femme du Congo a lance\u0301 ainsi ses activite\u0301s pour le compte de l&rsquo;anne\u0301e 2023 par une rencontre culturelle. Ses membres militent, en effet, pour l&rsquo;inte\u0301re\u0302t et la valorisation de la jeune fille. Ils ont e\u0301change\u0301 avec leur cible lors de ce spectacle par le slam, la musique, la come\u0301die et le the\u0301a\u0302tre. Une manie\u0300re d\u2019e\u0301difier les filles sur leurs droits et devoirs.<\/p>\n<p>L&rsquo;association SOS femme du Congo a profite\u0301 de cette campagne de sensibilisation au profit des jeunes scolarise\u0301s et non scolarise\u0301s pour de\u0301voiler sa feuille de route. La grande salle de l&rsquo;Institut franc\u0327ais du Congo ou\u0300 s\u2019est de\u0301roule\u0301 le spectacle e\u0301tait pleine a\u0300 craquer. Le public, tre\u0300s re\u0301ceptif, a souhaite\u0301 que ce genre d&rsquo;initiative se multiplie.<\/p>\n<p>Tous les artistes qui sont passe\u0301s sur sce\u0300ne ont su capter, selon leurs spe\u0301cificite\u0301s, le public qui a de\u0301couvert, a\u0300 travers les the\u0300mes aborde\u0301s, les raisons qui poussent souvent les jeunes a\u0300 agir contre les normes et principes de la socie\u0301te\u0301. Les comportements des parents, le manque d&rsquo;e\u0301ducation, la curiosite\u0301, la cupidite\u0301, l\u2019abandon parental, la famine sont, entre autres, les raisons qui poussent les jeunes filles dans une sexualite\u0301 non mai\u0302trise\u0301e.<\/p>\n<p><b>Des engagements insuffisants<\/b><\/p>\n<p>Les artistes retenus pour la circonstance dont Fortune\u0301 Bateza, Jojo La le\u0301gende, Nana Cepho, Young Ace Waye et autres ont de\u0301crie\u0301 les habitudes qui de\u0301valorisent la femme. Ils ont e\u0301galement rendu hommage a\u0300 celle qui \u00ab donne la vie et gouverne la socie\u0301te\u0301 \u00bb.<\/p>\n<p>Selon les responsables de SOS Femme du Congo, les engagements en faveur de la sante\u0301 sexuelle restent tre\u0300s insuffisants en Re\u0301publique du Congo. \u00ab Les statistiques montrent que sept femmes sur dix n\u2019ont pas suffisamment d\u2019informations sur les questions lie\u0301es a\u0300 la sante\u0301 sexuelle. Ce qui constitue la cause principale des grossesses non de\u0301sire\u0301es et pre\u0301coces. Ce manque d\u2019informations est principalement cause\u0301 par les normes socioculturelles, l\u2019absence d\u2019e\u0301ducation sexuelle mais e\u0301galement des fausses informations qui circulent au sein de la communaute\u0301 sur la sante\u0301 sexuelle \u00bb, ont-ils indique\u0301 apre\u0300s le spectacle.<\/p>\n<p>En sa qualite\u0301 de premie\u0300re vice-pre\u0301sidente de la jeunesse de la sous-re\u0301gion des Grands Lacs, Rachel Rachete\u0301e Kombela a invite\u0301 les acteurs de la socie\u0301te\u0301 a\u0300 briser le tabou et a\u0300 consolider les e\u0301changes avec les filles afin de leur donner des connaissances sur leurs droits, devoirs et mode de vie. \u00ab Brisons le silence, nous devons parler avec nos jeunes s\u0153urs pour leur donner des informations sur la sexualite\u0301. Il n\u2019est pas inte\u0301ressant de mystifier la sexualite\u0301 mais c\u2019est en parlant qu\u2019elles vont se de\u0301couvrir et mieux s\u2019abstenir \u00bb, a-t-elle explique\u0301.<\/p>\n<p>Notons que le projet \u00abTo lobela ya ngo \u00bb est finance\u0301 par AWDF et SAAF. Il vise l&rsquo;ame\u0301lioration des attitudes des adolescents et jeunes sur la sante\u0301 sexuelle dans le but de re\u0301duire les grossesses non de\u0301sire\u0301es et pre\u0301coces qui conduisent souvent aux avortements clandestins.<\/p>\n<p><strong>Pour plus d&rsquo;informations et d&rsquo;analyses sur la <a href=\"https:\/\/www.africa-press.net\/congo-brazzaville\">Congo Brazzaville<\/a>, suivez <a href=\"https:\/\/www.africa-press.net\/\">Africa-Press<\/a><\/strong><\/p>\n","protected":false},"excerpt":{"rendered":"<p>Africa-Press &#8211; Congo Brazzaville. L&rsquo;association SOS femme du Congo, a\u0300 travers son projet \u00ab To lobela ya ngo \u00bb ou \u00ab Parlons-en \u00bb en franc\u0327ais, a organise\u0301, le 4 fe\u0301vrier, une sensibilisation aux droits en sante\u0301 sexuelle et reproductive via un spectacle d\u2019art. La prestation sce\u0301nique des artisites visait a\u0300 sensibiliser les adolescents et jeunes [&hellip;]<\/p>\n","protected":false},"author":82,"featured_media":14115,"comment_status":"open","ping_status":"closed","sticky":false,"template":"","format":"standard","meta":{"footnotes":""},"categories":[21,10],"tags":[36,47,46],"class_list":["post-14116","post","type-post","status-publish","format-standard","has-post-thumbnail","hentry","category-communaute","category-toutes-les-actualites","tag-africa-press","tag-africa-press-congo-brazzaville","tag-congo-brazzaville"],"yoast_head":"<!-- This site is optimized with the Yoast SEO Premium plugin v26.1 (Yoast SEO v27.0) - https:\/\/yoast.com\/product\/yoast-seo-premium-wordpress\/ -->\n<title>Genre : des artistes se mobilisent pour la cause de la jeune fille - Congo Brazzaville<\/title>\n<meta name=\"description\" content=\"L&#039;association SOS femme du Congo, a\u0300 travers son projet \u00ab To lobela ya ngo \u00bb ou \u00ab Parlons-en \u00bb en franc\u0327ais, a organi ...\" \/>\n<meta name=\"robots\" content=\"index, follow, max-snippet:-1, max-image-preview:large, max-video-preview:-1\" \/>\n<link rel=\"canonical\" href=\"https:\/\/www.africa-press.net\/congo-brazzaville\/toutes-les-actualites\/genre-des-artistes-se-mobilisent-pour-la-cause-de-la-jeune-fille\" \/>\n<meta property=\"og:locale\" content=\"fr_FR\" \/>\n<meta property=\"og:type\" content=\"article\" \/>\n<meta property=\"og:title\" content=\"Genre : des artistes se mobilisent pour la cause de la jeune fille\" \/>\n<meta property=\"og:description\" content=\"L&#039;association SOS femme du Congo, a\u0300 travers son projet \u00ab To lobela ya ngo \u00bb ou \u00ab Parlons-en \u00bb en franc\u0327ais, a organi ...\" \/>\n<meta property=\"og:url\" content=\"https:\/\/www.africa-press.net\/congo-brazzaville\/toutes-les-actualites\/genre-des-artistes-se-mobilisent-pour-la-cause-de-la-jeune-fille\" \/>\n<meta property=\"og:site_name\" content=\"Congo Brazzaville\" \/>\n<meta property=\"article:published_time\" content=\"2023-02-06T21:28:40+00:00\" \/>\n<meta property=\"article:modified_time\" content=\"2023-02-06T22:52:50+00:00\" \/>\n<meta property=\"og:image\" content=\"https:\/\/static.africa-press.net\/congo-brazzaville\/sites\/51\/2023\/02\/postQueueImg_1675706329.66.jpg\" \/>\n\t<meta property=\"og:image:width\" content=\"1280\" \/>\n\t<meta property=\"og:image:height\" content=\"720\" \/>\n\t<meta property=\"og:image:type\" content=\"image\/jpeg\" \/>\n<meta name=\"author\" content=\"cfeditorfr\" \/>\n<meta name=\"twitter:card\" content=\"summary_large_image\" \/>\n<meta name=\"twitter:label1\" content=\"\u00c9crit par\" \/>\n\t<meta name=\"twitter:data1\" content=\"cfeditorfr\" \/>\n\t<meta name=\"twitter:label2\" content=\"Dur\u00e9e de lecture estim\u00e9e\" \/>\n\t<meta name=\"twitter:data2\" content=\"3 minutes\" \/>\n<script type=\"application\/ld+json\" class=\"yoast-schema-graph\">{\"@context\":\"https:\/\/schema.org\",\"@graph\":[{\"@type\":\"Article\",\"@id\":\"https:\/\/www.africa-press.net\/congo-brazzaville\/toutes-les-actualites\/genre-des-artistes-se-mobilisent-pour-la-cause-de-la-jeune-fille#article\",\"isPartOf\":{\"@id\":\"https:\/\/www.africa-press.net\/congo-brazzaville\/toutes-les-actualites\/genre-des-artistes-se-mobilisent-pour-la-cause-de-la-jeune-fille\"},\"author\":{\"name\":\"cfeditorfr\",\"@id\":\"https:\/\/www.africa-press.net\/congo-brazzaville\/#\/schema\/person\/2b1cf3cd81a31e3cd26889ca66d677f1\"},\"headline\":\"Genre : des artistes se mobilisent pour la cause de la jeune fille\",\"datePublished\":\"2023-02-06T21:28:40+00:00\",\"dateModified\":\"2023-02-06T22:52:50+00:00\",\"mainEntityOfPage\":{\"@id\":\"https:\/\/www.africa-press.net\/congo-brazzaville\/toutes-les-actualites\/genre-des-artistes-se-mobilisent-pour-la-cause-de-la-jeune-fille\"},\"wordCount\":637,\"commentCount\":0,\"image\":{\"@id\":\"https:\/\/www.africa-press.net\/congo-brazzaville\/toutes-les-actualites\/genre-des-artistes-se-mobilisent-pour-la-cause-de-la-jeune-fille#primaryimage\"},\"thumbnailUrl\":\"https:\/\/static.africa-press.net\/congo-brazzaville\/sites\/51\/2023\/02\/postQueueImg_1675706329.66.jpg\",\"keywords\":[\"Africa Press\",\"Africa Press-Congo Brazzaville\",\"Congo Brazzaville\"],\"articleSection\":[\"Communaut\u00e9\",\"Toutes les actualit\u00e9s\"],\"inLanguage\":\"fr-FR\",\"potentialAction\":[{\"@type\":\"CommentAction\",\"name\":\"Comment\",\"target\":[\"https:\/\/www.africa-press.net\/congo-brazzaville\/toutes-les-actualites\/genre-des-artistes-se-mobilisent-pour-la-cause-de-la-jeune-fille#respond\"]}]},{\"@type\":\"WebPage\",\"@id\":\"https:\/\/www.africa-press.net\/congo-brazzaville\/toutes-les-actualites\/genre-des-artistes-se-mobilisent-pour-la-cause-de-la-jeune-fille\",\"url\":\"https:\/\/www.africa-press.net\/congo-brazzaville\/toutes-les-actualites\/genre-des-artistes-se-mobilisent-pour-la-cause-de-la-jeune-fille\",\"name\":\"Genre : des artistes se mobilisent pour la cause de la jeune fille - Congo Brazzaville\",\"isPartOf\":{\"@id\":\"https:\/\/www.africa-press.net\/congo-brazzaville\/#website\"},\"primaryImageOfPage\":{\"@id\":\"https:\/\/www.africa-press.net\/congo-brazzaville\/toutes-les-actualites\/genre-des-artistes-se-mobilisent-pour-la-cause-de-la-jeune-fille#primaryimage\"},\"image\":{\"@id\":\"https:\/\/www.africa-press.net\/congo-brazzaville\/toutes-les-actualites\/genre-des-artistes-se-mobilisent-pour-la-cause-de-la-jeune-fille#primaryimage\"},\"thumbnailUrl\":\"https:\/\/static.africa-press.net\/congo-brazzaville\/sites\/51\/2023\/02\/postQueueImg_1675706329.66.jpg\",\"datePublished\":\"2023-02-06T21:28:40+00:00\",\"dateModified\":\"2023-02-06T22:52:50+00:00\",\"author\":{\"@id\":\"https:\/\/www.africa-press.net\/congo-brazzaville\/#\/schema\/person\/2b1cf3cd81a31e3cd26889ca66d677f1\"},\"description\":\"L'association SOS femme du Congo, a\u0300 travers son projet \u00ab To lobela ya ngo \u00bb ou \u00ab Parlons-en \u00bb en franc\u0327ais, a organi ...\",\"breadcrumb\":{\"@id\":\"https:\/\/www.africa-press.net\/congo-brazzaville\/toutes-les-actualites\/genre-des-artistes-se-mobilisent-pour-la-cause-de-la-jeune-fille#breadcrumb\"},\"inLanguage\":\"fr-FR\",\"potentialAction\":[{\"@type\":\"ReadAction\",\"target\":[\"https:\/\/www.africa-press.net\/congo-brazzaville\/toutes-les-actualites\/genre-des-artistes-se-mobilisent-pour-la-cause-de-la-jeune-fille\"]}]},{\"@type\":\"ImageObject\",\"inLanguage\":\"fr-FR\",\"@id\":\"https:\/\/www.africa-press.net\/congo-brazzaville\/toutes-les-actualites\/genre-des-artistes-se-mobilisent-pour-la-cause-de-la-jeune-fille#primaryimage\",\"url\":\"https:\/\/static.africa-press.net\/congo-brazzaville\/sites\/51\/2023\/02\/postQueueImg_1675706329.66.jpg\",\"contentUrl\":\"https:\/\/static.africa-press.net\/congo-brazzaville\/sites\/51\/2023\/02\/postQueueImg_1675706329.66.jpg\",\"width\":1280,\"height\":720,\"caption\":\"Genre : des artistes se mobilisent pour la cause de la jeune fille\"},{\"@type\":\"BreadcrumbList\",\"@id\":\"https:\/\/www.africa-press.net\/congo-brazzaville\/toutes-les-actualites\/genre-des-artistes-se-mobilisent-pour-la-cause-de-la-jeune-fille#breadcrumb\",\"itemListElement\":[{\"@type\":\"ListItem\",\"position\":1,\"name\":\"Accueil\",\"item\":\"https:\/\/www.africa-press.net\/congo-brazzaville\/\"},{\"@type\":\"ListItem\",\"position\":2,\"name\":\"Genre : des artistes se mobilisent pour la cause de la jeune fille\"}]},{\"@type\":\"WebSite\",\"@id\":\"https:\/\/www.africa-press.net\/congo-brazzaville\/#website\",\"url\":\"https:\/\/www.africa-press.net\/congo-brazzaville\/\",\"name\":\"Congo Brazzaville\",\"description\":\"Just another Africa News Agency Sites site\",\"potentialAction\":[{\"@type\":\"SearchAction\",\"target\":{\"@type\":\"EntryPoint\",\"urlTemplate\":\"https:\/\/www.africa-press.net\/congo-brazzaville\/?s={search_term_string}\"},\"query-input\":{\"@type\":\"PropertyValueSpecification\",\"valueRequired\":true,\"valueName\":\"search_term_string\"}}],\"inLanguage\":\"fr-FR\"},{\"@type\":\"Person\",\"@id\":\"https:\/\/www.africa-press.net\/congo-brazzaville\/#\/schema\/person\/2b1cf3cd81a31e3cd26889ca66d677f1\",\"name\":\"cfeditorfr\"}]}<\/script>\n<!-- \/ Yoast SEO Premium plugin. -->","yoast_head_json":{"title":"Genre : des artistes se mobilisent pour la cause de la jeune fille - Congo Brazzaville","description":"L'association SOS femme du Congo, a\u0300 travers son projet \u00ab To lobela ya ngo \u00bb ou \u00ab Parlons-en \u00bb en franc\u0327ais, a organi ...","robots":{"index":"index","follow":"follow","max-snippet":"max-snippet:-1","max-image-preview":"max-image-preview:large","max-video-preview":"max-video-preview:-1"},"canonical":"https:\/\/www.africa-press.net\/congo-brazzaville\/toutes-les-actualites\/genre-des-artistes-se-mobilisent-pour-la-cause-de-la-jeune-fille","og_locale":"fr_FR","og_type":"article","og_title":"Genre : des artistes se mobilisent pour la cause de la jeune fille","og_description":"L'association SOS femme du Congo, a\u0300 travers son projet \u00ab To lobela ya ngo \u00bb ou \u00ab Parlons-en \u00bb en franc\u0327ais, a organi ...","og_url":"https:\/\/www.africa-press.net\/congo-brazzaville\/toutes-les-actualites\/genre-des-artistes-se-mobilisent-pour-la-cause-de-la-jeune-fille","og_site_name":"Congo Brazzaville","article_published_time":"2023-02-06T21:28:40+00:00","article_modified_time":"2023-02-06T22:52:50+00:00","og_image":[{"width":1280,"height":720,"url":"https:\/\/static.africa-press.net\/congo-brazzaville\/sites\/51\/2023\/02\/postQueueImg_1675706329.66.jpg","type":"image\/jpeg"}],"author":"cfeditorfr","twitter_card":"summary_large_image","twitter_misc":{"\u00c9crit par":"cfeditorfr","Dur\u00e9e de lecture estim\u00e9e":"3 minutes"},"schema":{"@context":"https:\/\/schema.org","@graph":[{"@type":"Article","@id":"https:\/\/www.africa-press.net\/congo-brazzaville\/toutes-les-actualites\/genre-des-artistes-se-mobilisent-pour-la-cause-de-la-jeune-fille#article","isPartOf":{"@id":"https:\/\/www.africa-press.net\/congo-brazzaville\/toutes-les-actualites\/genre-des-artistes-se-mobilisent-pour-la-cause-de-la-jeune-fille"},"author":{"name":"cfeditorfr","@id":"https:\/\/www.africa-press.net\/congo-brazzaville\/#\/schema\/person\/2b1cf3cd81a31e3cd26889ca66d677f1"},"headline":"Genre : des artistes se mobilisent pour la cause de la jeune fille","datePublished":"2023-02-06T21:28:40+00:00","dateModified":"2023-02-06T22:52:50+00:00","mainEntityOfPage":{"@id":"https:\/\/www.africa-press.net\/congo-brazzaville\/toutes-les-actualites\/genre-des-artistes-se-mobilisent-pour-la-cause-de-la-jeune-fille"},"wordCount":637,"commentCount":0,"image":{"@id":"https:\/\/www.africa-press.net\/congo-brazzaville\/toutes-les-actualites\/genre-des-artistes-se-mobilisent-pour-la-cause-de-la-jeune-fille#primaryimage"},"thumbnailUrl":"https:\/\/static.africa-press.net\/congo-brazzaville\/sites\/51\/2023\/02\/postQueueImg_1675706329.66.jpg","keywords":["Africa Press","Africa Press-Congo Brazzaville","Congo Brazzaville"],"articleSection":["Communaut\u00e9","Toutes les actualit\u00e9s"],"inLanguage":"fr-FR","potentialAction":[{"@type":"CommentAction","name":"Comment","target":["https:\/\/www.africa-press.net\/congo-brazzaville\/toutes-les-actualites\/genre-des-artistes-se-mobilisent-pour-la-cause-de-la-jeune-fille#respond"]}]},{"@type":"WebPage","@id":"https:\/\/www.africa-press.net\/congo-brazzaville\/toutes-les-actualites\/genre-des-artistes-se-mobilisent-pour-la-cause-de-la-jeune-fille","url":"https:\/\/www.africa-press.net\/congo-brazzaville\/toutes-les-actualites\/genre-des-artistes-se-mobilisent-pour-la-cause-de-la-jeune-fille","name":"Genre : des artistes se mobilisent pour la cause de la jeune fille - Congo Brazzaville","isPartOf":{"@id":"https:\/\/www.africa-press.net\/congo-brazzaville\/#website"},"primaryImageOfPage":{"@id":"https:\/\/www.africa-press.net\/congo-brazzaville\/toutes-les-actualites\/genre-des-artistes-se-mobilisent-pour-la-cause-de-la-jeune-fille#primaryimage"},"image":{"@id":"https:\/\/www.africa-press.net\/congo-brazzaville\/toutes-les-actualites\/genre-des-artistes-se-mobilisent-pour-la-cause-de-la-jeune-fille#primaryimage"},"thumbnailUrl":"https:\/\/static.africa-press.net\/congo-brazzaville\/sites\/51\/2023\/02\/postQueueImg_1675706329.66.jpg","datePublished":"2023-02-06T21:28:40+00:00","dateModified":"2023-02-06T22:52:50+00:00","author":{"@id":"https:\/\/www.africa-press.net\/congo-brazzaville\/#\/schema\/person\/2b1cf3cd81a31e3cd26889ca66d677f1"},"description":"L'association SOS femme du Congo, a\u0300 travers son projet \u00ab To lobela ya ngo \u00bb ou \u00ab Parlons-en \u00bb en franc\u0327ais, a organi ...","breadcrumb":{"@id":"https:\/\/www.africa-press.net\/congo-brazzaville\/toutes-les-actualites\/genre-des-artistes-se-mobilisent-pour-la-cause-de-la-jeune-fille#breadcrumb"},"inLanguage":"fr-FR","potentialAction":[{"@type":"ReadAction","target":["https:\/\/www.africa-press.net\/congo-brazzaville\/toutes-les-actualites\/genre-des-artistes-se-mobilisent-pour-la-cause-de-la-jeune-fille"]}]},{"@type":"ImageObject","inLanguage":"fr-FR","@id":"https:\/\/www.africa-press.net\/congo-brazzaville\/toutes-les-actualites\/genre-des-artistes-se-mobilisent-pour-la-cause-de-la-jeune-fille#primaryimage","url":"https:\/\/static.africa-press.net\/congo-brazzaville\/sites\/51\/2023\/02\/postQueueImg_1675706329.66.jpg","contentUrl":"https:\/\/static.africa-press.net\/congo-brazzaville\/sites\/51\/2023\/02\/postQueueImg_1675706329.66.jpg","width":1280,"height":720,"caption":"Genre : des artistes se mobilisent pour la cause de la jeune fille"},{"@type":"BreadcrumbList","@id":"https:\/\/www.africa-press.net\/congo-brazzaville\/toutes-les-actualites\/genre-des-artistes-se-mobilisent-pour-la-cause-de-la-jeune-fille#breadcrumb","itemListElement":[{"@type":"ListItem","position":1,"name":"Accueil","item":"https:\/\/www.africa-press.net\/congo-brazzaville\/"},{"@type":"ListItem","position":2,"name":"Genre : des artistes se mobilisent pour la cause de la jeune fille"}]},{"@type":"WebSite","@id":"https:\/\/www.africa-press.net\/congo-brazzaville\/#website","url":"https:\/\/www.africa-press.net\/congo-brazzaville\/","name":"Congo Brazzaville","description":"Just another Africa News Agency Sites site","potentialAction":[{"@type":"SearchAction","target":{"@type":"EntryPoint","urlTemplate":"https:\/\/www.africa-press.net\/congo-brazzaville\/?s={search_term_string}"},"query-input":{"@type":"PropertyValueSpecification","valueRequired":true,"valueName":"search_term_string"}}],"inLanguage":"fr-FR"},{"@type":"Person","@id":"https:\/\/www.africa-press.net\/congo-brazzaville\/#\/schema\/person\/2b1cf3cd81a31e3cd26889ca66d677f1","name":"cfeditorfr"}]}},"_links":{"self":[{"href":"https:\/\/www.africa-press.net\/congo-brazzaville\/wp-json\/wp\/v2\/posts\/14116","targetHints":{"allow":["GET"]}}],"collection":[{"href":"https:\/\/www.africa-press.net\/congo-brazzaville\/wp-json\/wp\/v2\/posts"}],"about":[{"href":"https:\/\/www.africa-press.net\/congo-brazzaville\/wp-json\/wp\/v2\/types\/post"}],"author":[{"embeddable":true,"href":"https:\/\/www.africa-press.net\/congo-brazzaville\/wp-json\/wp\/v2\/users\/82"}],"replies":[{"embeddable":true,"href":"https:\/\/www.africa-press.net\/congo-brazzaville\/wp-json\/wp\/v2\/comments?post=14116"}],"version-history":[{"count":0,"href":"https:\/\/www.africa-press.net\/congo-brazzaville\/wp-json\/wp\/v2\/posts\/14116\/revisions"}],"wp:featuredmedia":[{"embeddable":true,"href":"https:\/\/www.africa-press.net\/congo-brazzaville\/wp-json\/wp\/v2\/media\/14115"}],"wp:attachment":[{"href":"https:\/\/www.africa-press.net\/congo-brazzaville\/wp-json\/wp\/v2\/media?parent=14116"}],"wp:term":[{"taxonomy":"category","embeddable":true,"href":"https:\/\/www.africa-press.net\/congo-brazzaville\/wp-json\/wp\/v2\/categories?post=14116"},{"taxonomy":"post_tag","embeddable":true,"href":"https:\/\/www.africa-press.net\/congo-brazzaville\/wp-json\/wp\/v2\/tags?post=14116"}],"curies":[{"name":"wp","href":"https:\/\/api.w.org\/{rel}","templated":true}]}}