{"id":14161,"date":"2023-02-07T19:51:33","date_gmt":"2023-02-07T19:51:33","guid":{"rendered":"https:\/\/www.africa-press.net\/congo-brazzaville\/politique\/rencontre-citoyenne-esther-ahissou-gayama-restitue-les-deux-dernieres-sessions-a-ses-mandants"},"modified":"2023-02-07T22:02:35","modified_gmt":"2023-02-07T22:02:35","slug":"rencontre-citoyenne-esther-ahissou-gayama-restitue-les-deux-dernieres-sessions-a-ses-mandants","status":"publish","type":"post","link":"https:\/\/www.africa-press.net\/congo-brazzaville\/politique\/rencontre-citoyenne-esther-ahissou-gayama-restitue-les-deux-dernieres-sessions-a-ses-mandants","title":{"rendered":"Rencontre citoyenne:  Esther Ahissou Gayama restitue les deux derni\u00e8res sessions \u00e0 ses mandants"},"content":{"rendered":"<p><span style=\"color: #ff6600\"><strong>Africa-Press &#8211; Congo Brazzaville. <\/strong><\/span><b>Profitant de son se\u0301jour de travail a\u0300 l\u2019i\u0302le Mbamou, le 4 fe\u0301vrier, la de\u0301pute\u0301e de cette circonscription e\u0301lectorale, Esther Ahissou Gayama, a fait la restitution des deux dernie\u0300res sessions de l\u2019Assemble\u0301e nationale a\u0300 ses mandants.<\/b><\/p>\n<p>S\u2019exprimant en langue locale, l\u2019e\u0301lue de l\u2019i\u0302le Mbamou a explique\u0301 les diffe\u0301rentes lois vote\u0301es par les de\u0301pute\u0301s a\u0300 l\u2019instar de la loi sur le partenariat public-prive\u0301, le budget de l\u2019Etat exercice 2022, les questions de l\u2019environnement et des be\u0301be\u0301s noirs.<\/p>\n<p>De son co\u0302te\u0301, sans langue de bois, la population a exprime\u0301 ses dole\u0301ances a\u0300 l\u2019e\u0301lue de cette circonscription qui se de\u0301clinent en plusieurs axes, notamment le manque des structures sanitaires ade\u0301quates, d\u2019e\u0301coles, etc.<\/p>\n<p>Elle a, par ailleurs, souhaite\u0301 l\u2019ame\u0301lioration de ses conditions de vie. En sa qualite\u0301 de secre\u0301taire permanente du Parti congolais du travail, Esther Ahissou Gayama ne s\u2019est pas empe\u0302che\u0301e de re\u0301unir les membres de cette formation, le 5 fe\u0301vrier, une date historique pour ce parti. Aussi a-t-elle fait un rappel de cette date me\u0301morable avant de lancer la campagne d\u2019adhe\u0301sion. Le but e\u0301tant de grossir les rangs du parti.<\/p>\n<p>L\u2019e\u0301lue de l\u2019i\u0302le Mbamou a profite\u0301 de l\u2019occasion pour remercier les habitants de cette contre\u0301e pour l\u2019avoir choisie comme leur repre\u0301sentante a\u0300 l\u2019Assemble\u0301e nationale. \u00ab Je suis venue dire merci a\u0300 cette population qui a vote\u0301 a\u0300 80,41% pour la candidate du Parti congolais du travail que je suis. En ma qualite\u0301 d\u2019e\u0301lue, c\u2019est effectivement un engagement qui m\u2019impose de poser des actes qui impactent directement sur leur vie de tous les jours \u00bb, a lance\u0301 Esther Ahissou Gayama.<\/p>\n<p>L\u2019occasion lui a permis de mettre en service un forage manuel au quartier Essoko, avant de proce\u0301der a\u0300 la remise officielle des logements au personnel fe\u0301minin de sante\u0301 et de l\u2019enseignement. Le tout au plaisir des be\u0301ne\u0301ficiaires. \u00ab Ce qu\u2019elle vient de faire, c\u2019est pour un bon de\u0301marrage, mes impressions ne sont que bonnes \u00bb, s\u2019est exprime\u0301e une be\u0301ne\u0301ficiaire.<\/p>\n<p><strong>Pour plus d&rsquo;informations et d&rsquo;analyses sur la <a href=\"https:\/\/www.africa-press.net\/congo-brazzaville\">Congo Brazzaville<\/a>, suivez <a href=\"https:\/\/www.africa-press.net\/\">Africa-Press<\/a><\/strong><\/p>\n","protected":false},"excerpt":{"rendered":"<p>Africa-Press &#8211; Congo Brazzaville. Profitant de son se\u0301jour de travail a\u0300 l\u2019i\u0302le Mbamou, le 4 fe\u0301vrier, la de\u0301pute\u0301e de cette circonscription e\u0301lectorale, Esther Ahissou Gayama, a fait la restitution des deux dernie\u0300res sessions de l\u2019Assemble\u0301e nationale a\u0300 ses mandants. S\u2019exprimant en langue locale, l\u2019e\u0301lue de l\u2019i\u0302le Mbamou a explique\u0301 les diffe\u0301rentes lois vote\u0301es par les [&hellip;]<\/p>\n","protected":false},"author":82,"featured_media":14160,"comment_status":"open","ping_status":"closed","sticky":false,"template":"","format":"standard","meta":{"footnotes":""},"categories":[2,10],"tags":[36,47,46],"class_list":["post-14161","post","type-post","status-publish","format-standard","has-post-thumbnail","hentry","category-politique","category-toutes-les-actualites","tag-africa-press","tag-africa-press-congo-brazzaville","tag-congo-brazzaville"],"yoast_head":"<!-- This site is optimized with the Yoast SEO Premium plugin v26.1 (Yoast SEO v27.0) - https:\/\/yoast.com\/product\/yoast-seo-premium-wordpress\/ -->\n<title>Rencontre citoyenne: Esther Ahissou Gayama restitue les deux derni\u00e8res sessions \u00e0 ses mandants - Congo Brazzaville<\/title>\n<meta name=\"description\" content=\"Profitant de son se\u0301jour de travail a\u0300 l\u2019i\u0302le Mbamou, le 4 fe\u0301vrier, la de\u0301pute\u0301e de cette circonscription e\u0301lectoral ...\" \/>\n<meta name=\"robots\" content=\"index, follow, max-snippet:-1, max-image-preview:large, max-video-preview:-1\" \/>\n<link rel=\"canonical\" href=\"https:\/\/www.africa-press.net\/congo-brazzaville\/politique\/rencontre-citoyenne-esther-ahissou-gayama-restitue-les-deux-dernieres-sessions-a-ses-mandants\" \/>\n<meta property=\"og:locale\" content=\"fr_FR\" \/>\n<meta property=\"og:type\" content=\"article\" \/>\n<meta property=\"og:title\" content=\"Rencontre citoyenne: Esther Ahissou Gayama restitue les deux derni\u00e8res sessions \u00e0 ses mandants\" \/>\n<meta property=\"og:description\" content=\"Profitant de son se\u0301jour de travail a\u0300 l\u2019i\u0302le Mbamou, le 4 fe\u0301vrier, la de\u0301pute\u0301e de cette circonscription e\u0301lectoral ...\" \/>\n<meta property=\"og:url\" content=\"https:\/\/www.africa-press.net\/congo-brazzaville\/politique\/rencontre-citoyenne-esther-ahissou-gayama-restitue-les-deux-dernieres-sessions-a-ses-mandants\" \/>\n<meta property=\"og:site_name\" content=\"Congo Brazzaville\" \/>\n<meta property=\"article:published_time\" content=\"2023-02-07T19:51:33+00:00\" \/>\n<meta property=\"article:modified_time\" content=\"2023-02-07T22:02:35+00:00\" \/>\n<meta property=\"og:image\" content=\"https:\/\/static.africa-press.net\/congo-brazzaville\/sites\/51\/2023\/02\/postQueueImg_1675786899.67.jpg\" \/>\n\t<meta property=\"og:image:width\" content=\"1080\" \/>\n\t<meta property=\"og:image:height\" content=\"802\" \/>\n\t<meta property=\"og:image:type\" content=\"image\/jpeg\" \/>\n<meta name=\"author\" content=\"cfeditorfr\" \/>\n<meta name=\"twitter:card\" content=\"summary_large_image\" \/>\n<meta name=\"twitter:label1\" content=\"\u00c9crit par\" \/>\n\t<meta name=\"twitter:data1\" content=\"cfeditorfr\" \/>\n\t<meta name=\"twitter:label2\" content=\"Dur\u00e9e de lecture estim\u00e9e\" \/>\n\t<meta name=\"twitter:data2\" content=\"2 minutes\" \/>\n<script type=\"application\/ld+json\" class=\"yoast-schema-graph\">{\"@context\":\"https:\/\/schema.org\",\"@graph\":[{\"@type\":\"Article\",\"@id\":\"https:\/\/www.africa-press.net\/congo-brazzaville\/politique\/rencontre-citoyenne-esther-ahissou-gayama-restitue-les-deux-dernieres-sessions-a-ses-mandants#article\",\"isPartOf\":{\"@id\":\"https:\/\/www.africa-press.net\/congo-brazzaville\/politique\/rencontre-citoyenne-esther-ahissou-gayama-restitue-les-deux-dernieres-sessions-a-ses-mandants\"},\"author\":{\"name\":\"cfeditorfr\",\"@id\":\"https:\/\/www.africa-press.net\/congo-brazzaville\/#\/schema\/person\/2b1cf3cd81a31e3cd26889ca66d677f1\"},\"headline\":\"Rencontre citoyenne: Esther Ahissou Gayama restitue les deux derni\u00e8res sessions \u00e0 ses mandants\",\"datePublished\":\"2023-02-07T19:51:33+00:00\",\"dateModified\":\"2023-02-07T22:02:35+00:00\",\"mainEntityOfPage\":{\"@id\":\"https:\/\/www.africa-press.net\/congo-brazzaville\/politique\/rencontre-citoyenne-esther-ahissou-gayama-restitue-les-deux-dernieres-sessions-a-ses-mandants\"},\"wordCount\":408,\"commentCount\":0,\"image\":{\"@id\":\"https:\/\/www.africa-press.net\/congo-brazzaville\/politique\/rencontre-citoyenne-esther-ahissou-gayama-restitue-les-deux-dernieres-sessions-a-ses-mandants#primaryimage\"},\"thumbnailUrl\":\"https:\/\/static.africa-press.net\/congo-brazzaville\/sites\/51\/2023\/02\/postQueueImg_1675786899.67.jpg\",\"keywords\":[\"Africa Press\",\"Africa Press-Congo Brazzaville\",\"Congo Brazzaville\"],\"articleSection\":[\"Politique\",\"Toutes les actualit\u00e9s\"],\"inLanguage\":\"fr-FR\",\"potentialAction\":[{\"@type\":\"CommentAction\",\"name\":\"Comment\",\"target\":[\"https:\/\/www.africa-press.net\/congo-brazzaville\/politique\/rencontre-citoyenne-esther-ahissou-gayama-restitue-les-deux-dernieres-sessions-a-ses-mandants#respond\"]}]},{\"@type\":\"WebPage\",\"@id\":\"https:\/\/www.africa-press.net\/congo-brazzaville\/politique\/rencontre-citoyenne-esther-ahissou-gayama-restitue-les-deux-dernieres-sessions-a-ses-mandants\",\"url\":\"https:\/\/www.africa-press.net\/congo-brazzaville\/politique\/rencontre-citoyenne-esther-ahissou-gayama-restitue-les-deux-dernieres-sessions-a-ses-mandants\",\"name\":\"Rencontre citoyenne: Esther Ahissou Gayama restitue les deux derni\u00e8res sessions \u00e0 ses mandants - Congo Brazzaville\",\"isPartOf\":{\"@id\":\"https:\/\/www.africa-press.net\/congo-brazzaville\/#website\"},\"primaryImageOfPage\":{\"@id\":\"https:\/\/www.africa-press.net\/congo-brazzaville\/politique\/rencontre-citoyenne-esther-ahissou-gayama-restitue-les-deux-dernieres-sessions-a-ses-mandants#primaryimage\"},\"image\":{\"@id\":\"https:\/\/www.africa-press.net\/congo-brazzaville\/politique\/rencontre-citoyenne-esther-ahissou-gayama-restitue-les-deux-dernieres-sessions-a-ses-mandants#primaryimage\"},\"thumbnailUrl\":\"https:\/\/static.africa-press.net\/congo-brazzaville\/sites\/51\/2023\/02\/postQueueImg_1675786899.67.jpg\",\"datePublished\":\"2023-02-07T19:51:33+00:00\",\"dateModified\":\"2023-02-07T22:02:35+00:00\",\"author\":{\"@id\":\"https:\/\/www.africa-press.net\/congo-brazzaville\/#\/schema\/person\/2b1cf3cd81a31e3cd26889ca66d677f1\"},\"description\":\"Profitant de son se\u0301jour de travail a\u0300 l\u2019i\u0302le Mbamou, le 4 fe\u0301vrier, la de\u0301pute\u0301e de cette circonscription e\u0301lectoral ...\",\"breadcrumb\":{\"@id\":\"https:\/\/www.africa-press.net\/congo-brazzaville\/politique\/rencontre-citoyenne-esther-ahissou-gayama-restitue-les-deux-dernieres-sessions-a-ses-mandants#breadcrumb\"},\"inLanguage\":\"fr-FR\",\"potentialAction\":[{\"@type\":\"ReadAction\",\"target\":[\"https:\/\/www.africa-press.net\/congo-brazzaville\/politique\/rencontre-citoyenne-esther-ahissou-gayama-restitue-les-deux-dernieres-sessions-a-ses-mandants\"]}]},{\"@type\":\"ImageObject\",\"inLanguage\":\"fr-FR\",\"@id\":\"https:\/\/www.africa-press.net\/congo-brazzaville\/politique\/rencontre-citoyenne-esther-ahissou-gayama-restitue-les-deux-dernieres-sessions-a-ses-mandants#primaryimage\",\"url\":\"https:\/\/static.africa-press.net\/congo-brazzaville\/sites\/51\/2023\/02\/postQueueImg_1675786899.67.jpg\",\"contentUrl\":\"https:\/\/static.africa-press.net\/congo-brazzaville\/sites\/51\/2023\/02\/postQueueImg_1675786899.67.jpg\",\"width\":1080,\"height\":802,\"caption\":\"Rencontre citoyenne: Esther Ahissou Gayama restitue les deux derni\u00e8res sessions \u00e0 ses mandants\"},{\"@type\":\"BreadcrumbList\",\"@id\":\"https:\/\/www.africa-press.net\/congo-brazzaville\/politique\/rencontre-citoyenne-esther-ahissou-gayama-restitue-les-deux-dernieres-sessions-a-ses-mandants#breadcrumb\",\"itemListElement\":[{\"@type\":\"ListItem\",\"position\":1,\"name\":\"Accueil\",\"item\":\"https:\/\/www.africa-press.net\/congo-brazzaville\/\"},{\"@type\":\"ListItem\",\"position\":2,\"name\":\"Rencontre citoyenne: Esther Ahissou Gayama restitue les deux derni\u00e8res sessions \u00e0 ses mandants\"}]},{\"@type\":\"WebSite\",\"@id\":\"https:\/\/www.africa-press.net\/congo-brazzaville\/#website\",\"url\":\"https:\/\/www.africa-press.net\/congo-brazzaville\/\",\"name\":\"Congo Brazzaville\",\"description\":\"Just another Africa News Agency Sites site\",\"potentialAction\":[{\"@type\":\"SearchAction\",\"target\":{\"@type\":\"EntryPoint\",\"urlTemplate\":\"https:\/\/www.africa-press.net\/congo-brazzaville\/?s={search_term_string}\"},\"query-input\":{\"@type\":\"PropertyValueSpecification\",\"valueRequired\":true,\"valueName\":\"search_term_string\"}}],\"inLanguage\":\"fr-FR\"},{\"@type\":\"Person\",\"@id\":\"https:\/\/www.africa-press.net\/congo-brazzaville\/#\/schema\/person\/2b1cf3cd81a31e3cd26889ca66d677f1\",\"name\":\"cfeditorfr\"}]}<\/script>\n<!-- \/ Yoast SEO Premium plugin. -->","yoast_head_json":{"title":"Rencontre citoyenne: Esther Ahissou Gayama restitue les deux derni\u00e8res sessions \u00e0 ses mandants - Congo Brazzaville","description":"Profitant de son se\u0301jour de travail a\u0300 l\u2019i\u0302le Mbamou, le 4 fe\u0301vrier, la de\u0301pute\u0301e de cette circonscription e\u0301lectoral ...","robots":{"index":"index","follow":"follow","max-snippet":"max-snippet:-1","max-image-preview":"max-image-preview:large","max-video-preview":"max-video-preview:-1"},"canonical":"https:\/\/www.africa-press.net\/congo-brazzaville\/politique\/rencontre-citoyenne-esther-ahissou-gayama-restitue-les-deux-dernieres-sessions-a-ses-mandants","og_locale":"fr_FR","og_type":"article","og_title":"Rencontre citoyenne: Esther Ahissou Gayama restitue les deux derni\u00e8res sessions \u00e0 ses mandants","og_description":"Profitant de son se\u0301jour de travail a\u0300 l\u2019i\u0302le Mbamou, le 4 fe\u0301vrier, la de\u0301pute\u0301e de cette circonscription e\u0301lectoral ...","og_url":"https:\/\/www.africa-press.net\/congo-brazzaville\/politique\/rencontre-citoyenne-esther-ahissou-gayama-restitue-les-deux-dernieres-sessions-a-ses-mandants","og_site_name":"Congo Brazzaville","article_published_time":"2023-02-07T19:51:33+00:00","article_modified_time":"2023-02-07T22:02:35+00:00","og_image":[{"width":1080,"height":802,"url":"https:\/\/static.africa-press.net\/congo-brazzaville\/sites\/51\/2023\/02\/postQueueImg_1675786899.67.jpg","type":"image\/jpeg"}],"author":"cfeditorfr","twitter_card":"summary_large_image","twitter_misc":{"\u00c9crit par":"cfeditorfr","Dur\u00e9e de lecture estim\u00e9e":"2 minutes"},"schema":{"@context":"https:\/\/schema.org","@graph":[{"@type":"Article","@id":"https:\/\/www.africa-press.net\/congo-brazzaville\/politique\/rencontre-citoyenne-esther-ahissou-gayama-restitue-les-deux-dernieres-sessions-a-ses-mandants#article","isPartOf":{"@id":"https:\/\/www.africa-press.net\/congo-brazzaville\/politique\/rencontre-citoyenne-esther-ahissou-gayama-restitue-les-deux-dernieres-sessions-a-ses-mandants"},"author":{"name":"cfeditorfr","@id":"https:\/\/www.africa-press.net\/congo-brazzaville\/#\/schema\/person\/2b1cf3cd81a31e3cd26889ca66d677f1"},"headline":"Rencontre citoyenne: Esther Ahissou Gayama restitue les deux derni\u00e8res sessions \u00e0 ses mandants","datePublished":"2023-02-07T19:51:33+00:00","dateModified":"2023-02-07T22:02:35+00:00","mainEntityOfPage":{"@id":"https:\/\/www.africa-press.net\/congo-brazzaville\/politique\/rencontre-citoyenne-esther-ahissou-gayama-restitue-les-deux-dernieres-sessions-a-ses-mandants"},"wordCount":408,"commentCount":0,"image":{"@id":"https:\/\/www.africa-press.net\/congo-brazzaville\/politique\/rencontre-citoyenne-esther-ahissou-gayama-restitue-les-deux-dernieres-sessions-a-ses-mandants#primaryimage"},"thumbnailUrl":"https:\/\/static.africa-press.net\/congo-brazzaville\/sites\/51\/2023\/02\/postQueueImg_1675786899.67.jpg","keywords":["Africa Press","Africa Press-Congo Brazzaville","Congo Brazzaville"],"articleSection":["Politique","Toutes les actualit\u00e9s"],"inLanguage":"fr-FR","potentialAction":[{"@type":"CommentAction","name":"Comment","target":["https:\/\/www.africa-press.net\/congo-brazzaville\/politique\/rencontre-citoyenne-esther-ahissou-gayama-restitue-les-deux-dernieres-sessions-a-ses-mandants#respond"]}]},{"@type":"WebPage","@id":"https:\/\/www.africa-press.net\/congo-brazzaville\/politique\/rencontre-citoyenne-esther-ahissou-gayama-restitue-les-deux-dernieres-sessions-a-ses-mandants","url":"https:\/\/www.africa-press.net\/congo-brazzaville\/politique\/rencontre-citoyenne-esther-ahissou-gayama-restitue-les-deux-dernieres-sessions-a-ses-mandants","name":"Rencontre citoyenne: Esther Ahissou Gayama restitue les deux derni\u00e8res sessions \u00e0 ses mandants - Congo Brazzaville","isPartOf":{"@id":"https:\/\/www.africa-press.net\/congo-brazzaville\/#website"},"primaryImageOfPage":{"@id":"https:\/\/www.africa-press.net\/congo-brazzaville\/politique\/rencontre-citoyenne-esther-ahissou-gayama-restitue-les-deux-dernieres-sessions-a-ses-mandants#primaryimage"},"image":{"@id":"https:\/\/www.africa-press.net\/congo-brazzaville\/politique\/rencontre-citoyenne-esther-ahissou-gayama-restitue-les-deux-dernieres-sessions-a-ses-mandants#primaryimage"},"thumbnailUrl":"https:\/\/static.africa-press.net\/congo-brazzaville\/sites\/51\/2023\/02\/postQueueImg_1675786899.67.jpg","datePublished":"2023-02-07T19:51:33+00:00","dateModified":"2023-02-07T22:02:35+00:00","author":{"@id":"https:\/\/www.africa-press.net\/congo-brazzaville\/#\/schema\/person\/2b1cf3cd81a31e3cd26889ca66d677f1"},"description":"Profitant de son se\u0301jour de travail a\u0300 l\u2019i\u0302le Mbamou, le 4 fe\u0301vrier, la de\u0301pute\u0301e de cette circonscription e\u0301lectoral ...","breadcrumb":{"@id":"https:\/\/www.africa-press.net\/congo-brazzaville\/politique\/rencontre-citoyenne-esther-ahissou-gayama-restitue-les-deux-dernieres-sessions-a-ses-mandants#breadcrumb"},"inLanguage":"fr-FR","potentialAction":[{"@type":"ReadAction","target":["https:\/\/www.africa-press.net\/congo-brazzaville\/politique\/rencontre-citoyenne-esther-ahissou-gayama-restitue-les-deux-dernieres-sessions-a-ses-mandants"]}]},{"@type":"ImageObject","inLanguage":"fr-FR","@id":"https:\/\/www.africa-press.net\/congo-brazzaville\/politique\/rencontre-citoyenne-esther-ahissou-gayama-restitue-les-deux-dernieres-sessions-a-ses-mandants#primaryimage","url":"https:\/\/static.africa-press.net\/congo-brazzaville\/sites\/51\/2023\/02\/postQueueImg_1675786899.67.jpg","contentUrl":"https:\/\/static.africa-press.net\/congo-brazzaville\/sites\/51\/2023\/02\/postQueueImg_1675786899.67.jpg","width":1080,"height":802,"caption":"Rencontre citoyenne: Esther Ahissou Gayama restitue les deux derni\u00e8res sessions \u00e0 ses mandants"},{"@type":"BreadcrumbList","@id":"https:\/\/www.africa-press.net\/congo-brazzaville\/politique\/rencontre-citoyenne-esther-ahissou-gayama-restitue-les-deux-dernieres-sessions-a-ses-mandants#breadcrumb","itemListElement":[{"@type":"ListItem","position":1,"name":"Accueil","item":"https:\/\/www.africa-press.net\/congo-brazzaville\/"},{"@type":"ListItem","position":2,"name":"Rencontre citoyenne: Esther Ahissou Gayama restitue les deux derni\u00e8res sessions \u00e0 ses mandants"}]},{"@type":"WebSite","@id":"https:\/\/www.africa-press.net\/congo-brazzaville\/#website","url":"https:\/\/www.africa-press.net\/congo-brazzaville\/","name":"Congo Brazzaville","description":"Just another Africa News Agency Sites site","potentialAction":[{"@type":"SearchAction","target":{"@type":"EntryPoint","urlTemplate":"https:\/\/www.africa-press.net\/congo-brazzaville\/?s={search_term_string}"},"query-input":{"@type":"PropertyValueSpecification","valueRequired":true,"valueName":"search_term_string"}}],"inLanguage":"fr-FR"},{"@type":"Person","@id":"https:\/\/www.africa-press.net\/congo-brazzaville\/#\/schema\/person\/2b1cf3cd81a31e3cd26889ca66d677f1","name":"cfeditorfr"}]}},"_links":{"self":[{"href":"https:\/\/www.africa-press.net\/congo-brazzaville\/wp-json\/wp\/v2\/posts\/14161","targetHints":{"allow":["GET"]}}],"collection":[{"href":"https:\/\/www.africa-press.net\/congo-brazzaville\/wp-json\/wp\/v2\/posts"}],"about":[{"href":"https:\/\/www.africa-press.net\/congo-brazzaville\/wp-json\/wp\/v2\/types\/post"}],"author":[{"embeddable":true,"href":"https:\/\/www.africa-press.net\/congo-brazzaville\/wp-json\/wp\/v2\/users\/82"}],"replies":[{"embeddable":true,"href":"https:\/\/www.africa-press.net\/congo-brazzaville\/wp-json\/wp\/v2\/comments?post=14161"}],"version-history":[{"count":0,"href":"https:\/\/www.africa-press.net\/congo-brazzaville\/wp-json\/wp\/v2\/posts\/14161\/revisions"}],"wp:featuredmedia":[{"embeddable":true,"href":"https:\/\/www.africa-press.net\/congo-brazzaville\/wp-json\/wp\/v2\/media\/14160"}],"wp:attachment":[{"href":"https:\/\/www.africa-press.net\/congo-brazzaville\/wp-json\/wp\/v2\/media?parent=14161"}],"wp:term":[{"taxonomy":"category","embeddable":true,"href":"https:\/\/www.africa-press.net\/congo-brazzaville\/wp-json\/wp\/v2\/categories?post=14161"},{"taxonomy":"post_tag","embeddable":true,"href":"https:\/\/www.africa-press.net\/congo-brazzaville\/wp-json\/wp\/v2\/tags?post=14161"}],"curies":[{"name":"wp","href":"https:\/\/api.w.org\/{rel}","templated":true}]}}