{"id":14181,"date":"2023-02-07T19:53:11","date_gmt":"2023-02-07T19:53:11","guid":{"rendered":"https:\/\/www.africa-press.net\/congo-brazzaville\/politique\/imprimerie-nationale-les-membres-du-conseil-dadministration-preparent-la-session-inaugurale"},"modified":"2023-02-07T22:11:49","modified_gmt":"2023-02-07T22:11:49","slug":"imprimerie-nationale-les-membres-du-conseil-dadministration-preparent-la-session-inaugurale","status":"publish","type":"post","link":"https:\/\/www.africa-press.net\/congo-brazzaville\/economie\/imprimerie-nationale-les-membres-du-conseil-dadministration-preparent-la-session-inaugurale","title":{"rendered":"Imprimerie nationale : les membres du Conseil d\u2019administration pr\u00e9parent la session inaugurale"},"content":{"rendered":"<p><span style=\"color: #ff6600\"><strong>Africa-Press &#8211; Congo Brazzaville. <\/strong><\/span><b>Au cours d\u2019une re\u0301union de prise de contact le 7 fe\u0301vrier a\u0300 Brazzaville, le pre\u0301sident du Conseil d\u2019administration de l\u2019imprimerie nationale du Congo, Arce\u0300ne Niamba, a e\u0301change\u0301 avec les autres membres sur les sujets concernant le de\u0301collage et la diversite\u0301 des services de la structure dont ils ont la charge.<\/b><\/p>\n<p>La re\u0301union de prise de contact a permis a\u0300 tous les membres du Conseil d\u2019administration de re\u0301fle\u0301chir sur l\u2019avenir de l\u2019Imprimerie nationale du Congo. Le pre\u0301sident du Conseil et directeur de cette structure au service de l&rsquo;Etat a retrace\u0301 son histoire. Arce\u0300ne Niamba a propose\u0301 les diffe\u0301rents points qui seront aborde\u0301s lors de la session inaugurale du Conseil d\u2019administration, pre\u0301vue pour les prochains jours.<\/p>\n<p>\u00ab Avec la direction ge\u0301ne\u0301rale et l\u2019ensemble du personnel, notre devoir, a\u0300 compter de ce jour, est de re\u0301fle\u0301chir, ensemble, sur les voies et moyens susceptibles de redonner une naissance effective a\u0300 ce prestigieux outil, sous les deux volets de ce que devra e\u0302tre son activite\u0301. Il s\u2019agit de la relance de la production des documents lie\u0301s a\u0300 l\u2019imprimerie classique puis la production des documents se\u0301curise\u0301s, dans le cadre de la mise en place du futur centre nume\u0301rique \u00bb, a-t-il indique\u0301.<\/p>\n<p>De\u0301pourvue du plateau technique depuis plusieurs anne\u0301es, l\u2019Imprimerie nationale a toujours cherche\u0301 a\u0300 se re\u0301inventer; mais en vain jusqu\u2019a\u0300 ce qu\u2019elle soit sous sa forme actuelle, devenue e\u0301tablissement public a\u0300 caracte\u0300re industriel et commercial, dote\u0301 de la personnalite\u0301 morale et de l\u2019autonomie financie\u0300re, a\u0300 la faveur de la loi n\u00b0 27-2021 du 12 mai 2021.<\/p>\n<p><strong>Pour plus d&rsquo;informations et d&rsquo;analyses sur la <a href=\"https:\/\/www.africa-press.net\/congo-brazzaville\">Congo Brazzaville<\/a>, suivez <a href=\"https:\/\/www.africa-press.net\/\">Africa-Press<\/a><\/strong><\/p>\n","protected":false},"excerpt":{"rendered":"<p>Africa-Press &#8211; Congo Brazzaville. Au cours d\u2019une re\u0301union de prise de contact le 7 fe\u0301vrier a\u0300 Brazzaville, le pre\u0301sident du Conseil d\u2019administration de l\u2019imprimerie nationale du Congo, Arce\u0300ne Niamba, a e\u0301change\u0301 avec les autres membres sur les sujets concernant le de\u0301collage et la diversite\u0301 des services de la structure dont ils ont la charge. La [&hellip;]<\/p>\n","protected":false},"author":82,"featured_media":14180,"comment_status":"open","ping_status":"closed","sticky":false,"template":"","format":"standard","meta":{"footnotes":""},"categories":[3,10],"tags":[36,47,46],"class_list":["post-14181","post","type-post","status-publish","format-standard","has-post-thumbnail","hentry","category-economie","category-toutes-les-actualites","tag-africa-press","tag-africa-press-congo-brazzaville","tag-congo-brazzaville"],"yoast_head":"<!-- This site is optimized with the Yoast SEO Premium plugin v26.1 (Yoast SEO v27.0) - https:\/\/yoast.com\/product\/yoast-seo-premium-wordpress\/ -->\n<title>Imprimerie nationale : les membres du Conseil d\u2019administration pr\u00e9parent la session inaugurale - Congo Brazzaville<\/title>\n<meta name=\"description\" content=\"Au cours d\u2019une re\u0301union de prise de contact le 7 fe\u0301vrier a\u0300 Brazzaville, le pre\u0301sident du Conseil d\u2019administration d ...\" \/>\n<meta name=\"robots\" content=\"index, follow, max-snippet:-1, max-image-preview:large, max-video-preview:-1\" \/>\n<link rel=\"canonical\" href=\"https:\/\/www.africa-press.net\/congo-brazzaville\/economie\/imprimerie-nationale-les-membres-du-conseil-dadministration-preparent-la-session-inaugurale\" \/>\n<meta property=\"og:locale\" content=\"fr_FR\" \/>\n<meta property=\"og:type\" content=\"article\" \/>\n<meta property=\"og:title\" content=\"Imprimerie nationale : les membres du Conseil d\u2019administration pr\u00e9parent la session inaugurale\" \/>\n<meta property=\"og:description\" content=\"Au cours d\u2019une re\u0301union de prise de contact le 7 fe\u0301vrier a\u0300 Brazzaville, le pre\u0301sident du Conseil d\u2019administration d ...\" \/>\n<meta property=\"og:url\" content=\"https:\/\/www.africa-press.net\/congo-brazzaville\/economie\/imprimerie-nationale-les-membres-du-conseil-dadministration-preparent-la-session-inaugurale\" \/>\n<meta property=\"og:site_name\" content=\"Congo Brazzaville\" \/>\n<meta property=\"article:published_time\" content=\"2023-02-07T19:53:11+00:00\" \/>\n<meta property=\"article:modified_time\" content=\"2023-02-07T22:11:49+00:00\" \/>\n<meta property=\"og:image\" content=\"https:\/\/static.africa-press.net\/congo-brazzaville\/sites\/51\/2023\/02\/postQueueImg_1675786995.22.jpg\" \/>\n\t<meta property=\"og:image:width\" content=\"1155\" \/>\n\t<meta property=\"og:image:height\" content=\"768\" \/>\n\t<meta property=\"og:image:type\" content=\"image\/jpeg\" \/>\n<meta name=\"author\" content=\"cfeditorfr\" \/>\n<meta name=\"twitter:card\" content=\"summary_large_image\" \/>\n<meta name=\"twitter:label1\" content=\"\u00c9crit par\" \/>\n\t<meta name=\"twitter:data1\" content=\"cfeditorfr\" \/>\n\t<meta name=\"twitter:label2\" content=\"Dur\u00e9e de lecture estim\u00e9e\" \/>\n\t<meta name=\"twitter:data2\" content=\"2 minutes\" \/>\n<script type=\"application\/ld+json\" class=\"yoast-schema-graph\">{\"@context\":\"https:\/\/schema.org\",\"@graph\":[{\"@type\":\"Article\",\"@id\":\"https:\/\/www.africa-press.net\/congo-brazzaville\/economie\/imprimerie-nationale-les-membres-du-conseil-dadministration-preparent-la-session-inaugurale#article\",\"isPartOf\":{\"@id\":\"https:\/\/www.africa-press.net\/congo-brazzaville\/economie\/imprimerie-nationale-les-membres-du-conseil-dadministration-preparent-la-session-inaugurale\"},\"author\":{\"name\":\"cfeditorfr\",\"@id\":\"https:\/\/www.africa-press.net\/congo-brazzaville\/#\/schema\/person\/2b1cf3cd81a31e3cd26889ca66d677f1\"},\"headline\":\"Imprimerie nationale : les membres du Conseil d\u2019administration pr\u00e9parent la session inaugurale\",\"datePublished\":\"2023-02-07T19:53:11+00:00\",\"dateModified\":\"2023-02-07T22:11:49+00:00\",\"mainEntityOfPage\":{\"@id\":\"https:\/\/www.africa-press.net\/congo-brazzaville\/economie\/imprimerie-nationale-les-membres-du-conseil-dadministration-preparent-la-session-inaugurale\"},\"wordCount\":319,\"commentCount\":0,\"image\":{\"@id\":\"https:\/\/www.africa-press.net\/congo-brazzaville\/economie\/imprimerie-nationale-les-membres-du-conseil-dadministration-preparent-la-session-inaugurale#primaryimage\"},\"thumbnailUrl\":\"https:\/\/static.africa-press.net\/congo-brazzaville\/sites\/51\/2023\/02\/postQueueImg_1675786995.22.jpg\",\"keywords\":[\"Africa Press\",\"Africa Press-Congo Brazzaville\",\"Congo Brazzaville\"],\"articleSection\":[\"\u00c9conomie\",\"Toutes les actualit\u00e9s\"],\"inLanguage\":\"fr-FR\",\"potentialAction\":[{\"@type\":\"CommentAction\",\"name\":\"Comment\",\"target\":[\"https:\/\/www.africa-press.net\/congo-brazzaville\/economie\/imprimerie-nationale-les-membres-du-conseil-dadministration-preparent-la-session-inaugurale#respond\"]}]},{\"@type\":\"WebPage\",\"@id\":\"https:\/\/www.africa-press.net\/congo-brazzaville\/economie\/imprimerie-nationale-les-membres-du-conseil-dadministration-preparent-la-session-inaugurale\",\"url\":\"https:\/\/www.africa-press.net\/congo-brazzaville\/economie\/imprimerie-nationale-les-membres-du-conseil-dadministration-preparent-la-session-inaugurale\",\"name\":\"Imprimerie nationale : les membres du Conseil d\u2019administration pr\u00e9parent la session inaugurale - Congo Brazzaville\",\"isPartOf\":{\"@id\":\"https:\/\/www.africa-press.net\/congo-brazzaville\/#website\"},\"primaryImageOfPage\":{\"@id\":\"https:\/\/www.africa-press.net\/congo-brazzaville\/economie\/imprimerie-nationale-les-membres-du-conseil-dadministration-preparent-la-session-inaugurale#primaryimage\"},\"image\":{\"@id\":\"https:\/\/www.africa-press.net\/congo-brazzaville\/economie\/imprimerie-nationale-les-membres-du-conseil-dadministration-preparent-la-session-inaugurale#primaryimage\"},\"thumbnailUrl\":\"https:\/\/static.africa-press.net\/congo-brazzaville\/sites\/51\/2023\/02\/postQueueImg_1675786995.22.jpg\",\"datePublished\":\"2023-02-07T19:53:11+00:00\",\"dateModified\":\"2023-02-07T22:11:49+00:00\",\"author\":{\"@id\":\"https:\/\/www.africa-press.net\/congo-brazzaville\/#\/schema\/person\/2b1cf3cd81a31e3cd26889ca66d677f1\"},\"description\":\"Au cours d\u2019une re\u0301union de prise de contact le 7 fe\u0301vrier a\u0300 Brazzaville, le pre\u0301sident du Conseil d\u2019administration d ...\",\"breadcrumb\":{\"@id\":\"https:\/\/www.africa-press.net\/congo-brazzaville\/economie\/imprimerie-nationale-les-membres-du-conseil-dadministration-preparent-la-session-inaugurale#breadcrumb\"},\"inLanguage\":\"fr-FR\",\"potentialAction\":[{\"@type\":\"ReadAction\",\"target\":[\"https:\/\/www.africa-press.net\/congo-brazzaville\/economie\/imprimerie-nationale-les-membres-du-conseil-dadministration-preparent-la-session-inaugurale\"]}]},{\"@type\":\"ImageObject\",\"inLanguage\":\"fr-FR\",\"@id\":\"https:\/\/www.africa-press.net\/congo-brazzaville\/economie\/imprimerie-nationale-les-membres-du-conseil-dadministration-preparent-la-session-inaugurale#primaryimage\",\"url\":\"https:\/\/static.africa-press.net\/congo-brazzaville\/sites\/51\/2023\/02\/postQueueImg_1675786995.22.jpg\",\"contentUrl\":\"https:\/\/static.africa-press.net\/congo-brazzaville\/sites\/51\/2023\/02\/postQueueImg_1675786995.22.jpg\",\"width\":1155,\"height\":768,\"caption\":\"Imprimerie nationale : les membres du Conseil d\u2019administration pr\u00e9parent la session inaugurale\"},{\"@type\":\"BreadcrumbList\",\"@id\":\"https:\/\/www.africa-press.net\/congo-brazzaville\/economie\/imprimerie-nationale-les-membres-du-conseil-dadministration-preparent-la-session-inaugurale#breadcrumb\",\"itemListElement\":[{\"@type\":\"ListItem\",\"position\":1,\"name\":\"Accueil\",\"item\":\"https:\/\/www.africa-press.net\/congo-brazzaville\/\"},{\"@type\":\"ListItem\",\"position\":2,\"name\":\"Imprimerie nationale : les membres du Conseil d\u2019administration pr\u00e9parent la session inaugurale\"}]},{\"@type\":\"WebSite\",\"@id\":\"https:\/\/www.africa-press.net\/congo-brazzaville\/#website\",\"url\":\"https:\/\/www.africa-press.net\/congo-brazzaville\/\",\"name\":\"Congo Brazzaville\",\"description\":\"Just another Africa News Agency Sites site\",\"potentialAction\":[{\"@type\":\"SearchAction\",\"target\":{\"@type\":\"EntryPoint\",\"urlTemplate\":\"https:\/\/www.africa-press.net\/congo-brazzaville\/?s={search_term_string}\"},\"query-input\":{\"@type\":\"PropertyValueSpecification\",\"valueRequired\":true,\"valueName\":\"search_term_string\"}}],\"inLanguage\":\"fr-FR\"},{\"@type\":\"Person\",\"@id\":\"https:\/\/www.africa-press.net\/congo-brazzaville\/#\/schema\/person\/2b1cf3cd81a31e3cd26889ca66d677f1\",\"name\":\"cfeditorfr\"}]}<\/script>\n<!-- \/ Yoast SEO Premium plugin. -->","yoast_head_json":{"title":"Imprimerie nationale : les membres du Conseil d\u2019administration pr\u00e9parent la session inaugurale - Congo Brazzaville","description":"Au cours d\u2019une re\u0301union de prise de contact le 7 fe\u0301vrier a\u0300 Brazzaville, le pre\u0301sident du Conseil d\u2019administration d ...","robots":{"index":"index","follow":"follow","max-snippet":"max-snippet:-1","max-image-preview":"max-image-preview:large","max-video-preview":"max-video-preview:-1"},"canonical":"https:\/\/www.africa-press.net\/congo-brazzaville\/economie\/imprimerie-nationale-les-membres-du-conseil-dadministration-preparent-la-session-inaugurale","og_locale":"fr_FR","og_type":"article","og_title":"Imprimerie nationale : les membres du Conseil d\u2019administration pr\u00e9parent la session inaugurale","og_description":"Au cours d\u2019une re\u0301union de prise de contact le 7 fe\u0301vrier a\u0300 Brazzaville, le pre\u0301sident du Conseil d\u2019administration d ...","og_url":"https:\/\/www.africa-press.net\/congo-brazzaville\/economie\/imprimerie-nationale-les-membres-du-conseil-dadministration-preparent-la-session-inaugurale","og_site_name":"Congo Brazzaville","article_published_time":"2023-02-07T19:53:11+00:00","article_modified_time":"2023-02-07T22:11:49+00:00","og_image":[{"width":1155,"height":768,"url":"https:\/\/static.africa-press.net\/congo-brazzaville\/sites\/51\/2023\/02\/postQueueImg_1675786995.22.jpg","type":"image\/jpeg"}],"author":"cfeditorfr","twitter_card":"summary_large_image","twitter_misc":{"\u00c9crit par":"cfeditorfr","Dur\u00e9e de lecture estim\u00e9e":"2 minutes"},"schema":{"@context":"https:\/\/schema.org","@graph":[{"@type":"Article","@id":"https:\/\/www.africa-press.net\/congo-brazzaville\/economie\/imprimerie-nationale-les-membres-du-conseil-dadministration-preparent-la-session-inaugurale#article","isPartOf":{"@id":"https:\/\/www.africa-press.net\/congo-brazzaville\/economie\/imprimerie-nationale-les-membres-du-conseil-dadministration-preparent-la-session-inaugurale"},"author":{"name":"cfeditorfr","@id":"https:\/\/www.africa-press.net\/congo-brazzaville\/#\/schema\/person\/2b1cf3cd81a31e3cd26889ca66d677f1"},"headline":"Imprimerie nationale : les membres du Conseil d\u2019administration pr\u00e9parent la session inaugurale","datePublished":"2023-02-07T19:53:11+00:00","dateModified":"2023-02-07T22:11:49+00:00","mainEntityOfPage":{"@id":"https:\/\/www.africa-press.net\/congo-brazzaville\/economie\/imprimerie-nationale-les-membres-du-conseil-dadministration-preparent-la-session-inaugurale"},"wordCount":319,"commentCount":0,"image":{"@id":"https:\/\/www.africa-press.net\/congo-brazzaville\/economie\/imprimerie-nationale-les-membres-du-conseil-dadministration-preparent-la-session-inaugurale#primaryimage"},"thumbnailUrl":"https:\/\/static.africa-press.net\/congo-brazzaville\/sites\/51\/2023\/02\/postQueueImg_1675786995.22.jpg","keywords":["Africa Press","Africa Press-Congo Brazzaville","Congo Brazzaville"],"articleSection":["\u00c9conomie","Toutes les actualit\u00e9s"],"inLanguage":"fr-FR","potentialAction":[{"@type":"CommentAction","name":"Comment","target":["https:\/\/www.africa-press.net\/congo-brazzaville\/economie\/imprimerie-nationale-les-membres-du-conseil-dadministration-preparent-la-session-inaugurale#respond"]}]},{"@type":"WebPage","@id":"https:\/\/www.africa-press.net\/congo-brazzaville\/economie\/imprimerie-nationale-les-membres-du-conseil-dadministration-preparent-la-session-inaugurale","url":"https:\/\/www.africa-press.net\/congo-brazzaville\/economie\/imprimerie-nationale-les-membres-du-conseil-dadministration-preparent-la-session-inaugurale","name":"Imprimerie nationale : les membres du Conseil d\u2019administration pr\u00e9parent la session inaugurale - Congo Brazzaville","isPartOf":{"@id":"https:\/\/www.africa-press.net\/congo-brazzaville\/#website"},"primaryImageOfPage":{"@id":"https:\/\/www.africa-press.net\/congo-brazzaville\/economie\/imprimerie-nationale-les-membres-du-conseil-dadministration-preparent-la-session-inaugurale#primaryimage"},"image":{"@id":"https:\/\/www.africa-press.net\/congo-brazzaville\/economie\/imprimerie-nationale-les-membres-du-conseil-dadministration-preparent-la-session-inaugurale#primaryimage"},"thumbnailUrl":"https:\/\/static.africa-press.net\/congo-brazzaville\/sites\/51\/2023\/02\/postQueueImg_1675786995.22.jpg","datePublished":"2023-02-07T19:53:11+00:00","dateModified":"2023-02-07T22:11:49+00:00","author":{"@id":"https:\/\/www.africa-press.net\/congo-brazzaville\/#\/schema\/person\/2b1cf3cd81a31e3cd26889ca66d677f1"},"description":"Au cours d\u2019une re\u0301union de prise de contact le 7 fe\u0301vrier a\u0300 Brazzaville, le pre\u0301sident du Conseil d\u2019administration d ...","breadcrumb":{"@id":"https:\/\/www.africa-press.net\/congo-brazzaville\/economie\/imprimerie-nationale-les-membres-du-conseil-dadministration-preparent-la-session-inaugurale#breadcrumb"},"inLanguage":"fr-FR","potentialAction":[{"@type":"ReadAction","target":["https:\/\/www.africa-press.net\/congo-brazzaville\/economie\/imprimerie-nationale-les-membres-du-conseil-dadministration-preparent-la-session-inaugurale"]}]},{"@type":"ImageObject","inLanguage":"fr-FR","@id":"https:\/\/www.africa-press.net\/congo-brazzaville\/economie\/imprimerie-nationale-les-membres-du-conseil-dadministration-preparent-la-session-inaugurale#primaryimage","url":"https:\/\/static.africa-press.net\/congo-brazzaville\/sites\/51\/2023\/02\/postQueueImg_1675786995.22.jpg","contentUrl":"https:\/\/static.africa-press.net\/congo-brazzaville\/sites\/51\/2023\/02\/postQueueImg_1675786995.22.jpg","width":1155,"height":768,"caption":"Imprimerie nationale : les membres du Conseil d\u2019administration pr\u00e9parent la session inaugurale"},{"@type":"BreadcrumbList","@id":"https:\/\/www.africa-press.net\/congo-brazzaville\/economie\/imprimerie-nationale-les-membres-du-conseil-dadministration-preparent-la-session-inaugurale#breadcrumb","itemListElement":[{"@type":"ListItem","position":1,"name":"Accueil","item":"https:\/\/www.africa-press.net\/congo-brazzaville\/"},{"@type":"ListItem","position":2,"name":"Imprimerie nationale : les membres du Conseil d\u2019administration pr\u00e9parent la session inaugurale"}]},{"@type":"WebSite","@id":"https:\/\/www.africa-press.net\/congo-brazzaville\/#website","url":"https:\/\/www.africa-press.net\/congo-brazzaville\/","name":"Congo Brazzaville","description":"Just another Africa News Agency Sites site","potentialAction":[{"@type":"SearchAction","target":{"@type":"EntryPoint","urlTemplate":"https:\/\/www.africa-press.net\/congo-brazzaville\/?s={search_term_string}"},"query-input":{"@type":"PropertyValueSpecification","valueRequired":true,"valueName":"search_term_string"}}],"inLanguage":"fr-FR"},{"@type":"Person","@id":"https:\/\/www.africa-press.net\/congo-brazzaville\/#\/schema\/person\/2b1cf3cd81a31e3cd26889ca66d677f1","name":"cfeditorfr"}]}},"_links":{"self":[{"href":"https:\/\/www.africa-press.net\/congo-brazzaville\/wp-json\/wp\/v2\/posts\/14181","targetHints":{"allow":["GET"]}}],"collection":[{"href":"https:\/\/www.africa-press.net\/congo-brazzaville\/wp-json\/wp\/v2\/posts"}],"about":[{"href":"https:\/\/www.africa-press.net\/congo-brazzaville\/wp-json\/wp\/v2\/types\/post"}],"author":[{"embeddable":true,"href":"https:\/\/www.africa-press.net\/congo-brazzaville\/wp-json\/wp\/v2\/users\/82"}],"replies":[{"embeddable":true,"href":"https:\/\/www.africa-press.net\/congo-brazzaville\/wp-json\/wp\/v2\/comments?post=14181"}],"version-history":[{"count":0,"href":"https:\/\/www.africa-press.net\/congo-brazzaville\/wp-json\/wp\/v2\/posts\/14181\/revisions"}],"wp:featuredmedia":[{"embeddable":true,"href":"https:\/\/www.africa-press.net\/congo-brazzaville\/wp-json\/wp\/v2\/media\/14180"}],"wp:attachment":[{"href":"https:\/\/www.africa-press.net\/congo-brazzaville\/wp-json\/wp\/v2\/media?parent=14181"}],"wp:term":[{"taxonomy":"category","embeddable":true,"href":"https:\/\/www.africa-press.net\/congo-brazzaville\/wp-json\/wp\/v2\/categories?post=14181"},{"taxonomy":"post_tag","embeddable":true,"href":"https:\/\/www.africa-press.net\/congo-brazzaville\/wp-json\/wp\/v2\/tags?post=14181"}],"curies":[{"name":"wp","href":"https:\/\/api.w.org\/{rel}","templated":true}]}}