{"id":14184,"date":"2023-02-07T19:53:16","date_gmt":"2023-02-07T19:53:16","guid":{"rendered":"https:\/\/www.africa-press.net\/congo-brazzaville\/politique\/formation-le-programme-education-a-lemploi-lance-dans-la-ville-cotiere"},"modified":"2023-02-07T22:13:03","modified_gmt":"2023-02-07T22:13:03","slug":"formation-le-programme-education-a-lemploi-lance-dans-la-ville-cotiere","status":"publish","type":"post","link":"https:\/\/www.africa-press.net\/congo-brazzaville\/toutes-les-actualites\/formation-le-programme-education-a-lemploi-lance-dans-la-ville-cotiere","title":{"rendered":"Formation : le programme \u00abEducation \u00e0 l\u2019emploi\u00bb lanc\u00e9  dans la ville c\u00f4ti\u00e8re"},"content":{"rendered":"<p><span style=\"color: #ff6600\"><strong>Africa-Press &#8211; Congo Brazzaville. <\/strong><\/span><b>Le lancement officiel du programme a eu lieu le week-end dernier dans la premie\u0300re circonscription e\u0301lectorale du quatrie\u0300me arrondissement de Pointe-Noire, Loandjili 1, en pre\u0301sence de Jean-Aime\u0301 Cosmas Makosso et Dorey Kanda, respectivement premier vice-pre\u0301sident de la grande famille des re\u0301seaux Anatole-Collinet-Makosso, et directeur ge\u0301ne\u0301ral du centre de formation Futher vision academy et service.<\/b><\/p>\n<p>Le programme \u00abEducation a\u0300 l\u2019emploi\u00bb s\u2019inscrit dans le cadre de la mise en \u0153uvre du projet d\u2019acquisition des compe\u0301tences et me\u0301tiers. Il s\u2019e\u0301tend sur quelques modules, a\u0300 savoir la vide\u0301o surveillance, le secre\u0301tariat bureautique, les panneaux solaires, la prise de vue et traitement de l\u2019image, l\u2019e\u0301lectricite\u0301 ba\u0302timent.<\/p>\n<p>Dans son mot de circonstance, Jean-Aime\u0301 Cosmas Makosso a signifie\u0301 que cette ce\u0301re\u0301monie marque le de\u0301but officiel de la premie\u0300re phase d\u2019une se\u0301rie des formations intensives en divers modules qui dureront douze semaines. Il regroupe 150 jeunes a\u0300 l\u2019auto emploi et sera pilote\u0301 par le centre de formation Futher vision academy et service. \u00ab Cet e\u0301ve\u0301nement illustre les nombreuses actions par lesquelles le de\u0301pute\u0301 de Loandjili 1, a\u0300 travers sa feuille de route, ne cesse de venir a\u0300 la rescousse de ses mandants. Ce projet vise l\u2019ame\u0301lioration de l\u2019employabilite\u0301 et l\u2019emploi des jeunes par le de\u0301veloppement des programmes et compe\u0301tences cible\u0301s \u00bb, a-t-il de\u0301clare\u0301.<\/p>\n<p>Dorey Kanda a explique\u0301 que conscient que des jeunes de\u0301scolarise\u0301s issus des milieux de\u0301favorise\u0301s recourent parfois a\u0300 des me\u0301thodes d\u2019apprentissage peu conventionnelles, le de\u0301pute\u0301 de Loandjili 1, Anatole Collinet Makosso, lance ce projet dans l\u2019objectif de renforcer les capacite\u0301s des jeunes de sa circonscription a\u0300 travers l\u2019apprentissage de divers me\u0301tiers afin de faciliter l\u2019insertion professionnelle et promouvoir l\u2019entrepreneuriat.<\/p>\n<p>\u00ab L\u2019histoire des pays de\u0301veloppe\u0301s et me\u0302me des pays dits e\u0301mergents montre que le de\u0301veloppement passe absolument par la formation ou la mise en valeur des produits de l\u2019intelligence humaine qui repre\u0301sentent aujourd\u2019hui 60% de l\u2019e\u0301conomie. Nous ne pouvons parler de la mise en valeur sans acquisition, sans apprentissage. C\u2019est par souci de contribuer a\u0300 l\u2019augmentation de la main-d\u2019\u0153uvre qualifie\u0301e sur le territoire national que Futher vision academy a vu le jour \u00bb, a-t-il fait savoir. Notons que ce programme vise la formation de trois mille jeunes en cinq ans, a\u0300 raison de six cents jeunes par anne\u0301e.<\/p>\n<p><strong>Pour plus d&rsquo;informations et d&rsquo;analyses sur la <a href=\"https:\/\/www.africa-press.net\/congo-brazzaville\">Congo Brazzaville<\/a>, suivez <a href=\"https:\/\/www.africa-press.net\/\">Africa-Press<\/a><\/strong><\/p>\n","protected":false},"excerpt":{"rendered":"<p>Africa-Press &#8211; Congo Brazzaville. Le lancement officiel du programme a eu lieu le week-end dernier dans la premie\u0300re circonscription e\u0301lectorale du quatrie\u0300me arrondissement de Pointe-Noire, Loandjili 1, en pre\u0301sence de Jean-Aime\u0301 Cosmas Makosso et Dorey Kanda, respectivement premier vice-pre\u0301sident de la grande famille des re\u0301seaux Anatole-Collinet-Makosso, et directeur ge\u0301ne\u0301ral du centre de formation Futher vision [&hellip;]<\/p>\n","protected":false},"author":82,"featured_media":14183,"comment_status":"open","ping_status":"closed","sticky":false,"template":"","format":"standard","meta":{"footnotes":""},"categories":[21,10],"tags":[36,47,46],"class_list":["post-14184","post","type-post","status-publish","format-standard","has-post-thumbnail","hentry","category-communaute","category-toutes-les-actualites","tag-africa-press","tag-africa-press-congo-brazzaville","tag-congo-brazzaville"],"yoast_head":"<!-- This site is optimized with the Yoast SEO Premium plugin v26.1 (Yoast SEO v27.0) - https:\/\/yoast.com\/product\/yoast-seo-premium-wordpress\/ -->\n<title>Formation : le programme \u00abEducation \u00e0 l\u2019emploi\u00bb lanc\u00e9 dans la ville c\u00f4ti\u00e8re - Congo Brazzaville<\/title>\n<meta name=\"description\" content=\"Le lancement officiel du programme a eu lieu le week-end dernier dans la premie\u0300re circonscription e\u0301lectorale du qua ...\" \/>\n<meta name=\"robots\" content=\"index, follow, max-snippet:-1, max-image-preview:large, max-video-preview:-1\" \/>\n<link rel=\"canonical\" href=\"https:\/\/www.africa-press.net\/congo-brazzaville\/toutes-les-actualites\/formation-le-programme-education-a-lemploi-lance-dans-la-ville-cotiere\" \/>\n<meta property=\"og:locale\" content=\"fr_FR\" \/>\n<meta property=\"og:type\" content=\"article\" \/>\n<meta property=\"og:title\" content=\"Formation : le programme \u00abEducation \u00e0 l\u2019emploi\u00bb lanc\u00e9 dans la ville c\u00f4ti\u00e8re\" \/>\n<meta property=\"og:description\" content=\"Le lancement officiel du programme a eu lieu le week-end dernier dans la premie\u0300re circonscription e\u0301lectorale du qua ...\" \/>\n<meta property=\"og:url\" content=\"https:\/\/www.africa-press.net\/congo-brazzaville\/toutes-les-actualites\/formation-le-programme-education-a-lemploi-lance-dans-la-ville-cotiere\" \/>\n<meta property=\"og:site_name\" content=\"Congo Brazzaville\" \/>\n<meta property=\"article:published_time\" content=\"2023-02-07T19:53:16+00:00\" \/>\n<meta property=\"article:modified_time\" content=\"2023-02-07T22:13:03+00:00\" \/>\n<meta property=\"og:image\" content=\"https:\/\/static.africa-press.net\/congo-brazzaville\/sites\/51\/2023\/02\/postQueueImg_1675787000.34.jpg\" \/>\n\t<meta property=\"og:image:width\" content=\"1024\" \/>\n\t<meta property=\"og:image:height\" content=\"768\" \/>\n\t<meta property=\"og:image:type\" content=\"image\/jpeg\" \/>\n<meta name=\"author\" content=\"cfeditorfr\" \/>\n<meta name=\"twitter:card\" content=\"summary_large_image\" \/>\n<meta name=\"twitter:label1\" content=\"\u00c9crit par\" \/>\n\t<meta name=\"twitter:data1\" content=\"cfeditorfr\" \/>\n\t<meta name=\"twitter:label2\" content=\"Dur\u00e9e de lecture estim\u00e9e\" \/>\n\t<meta name=\"twitter:data2\" content=\"2 minutes\" \/>\n<script type=\"application\/ld+json\" class=\"yoast-schema-graph\">{\"@context\":\"https:\/\/schema.org\",\"@graph\":[{\"@type\":\"Article\",\"@id\":\"https:\/\/www.africa-press.net\/congo-brazzaville\/toutes-les-actualites\/formation-le-programme-education-a-lemploi-lance-dans-la-ville-cotiere#article\",\"isPartOf\":{\"@id\":\"https:\/\/www.africa-press.net\/congo-brazzaville\/toutes-les-actualites\/formation-le-programme-education-a-lemploi-lance-dans-la-ville-cotiere\"},\"author\":{\"name\":\"cfeditorfr\",\"@id\":\"https:\/\/www.africa-press.net\/congo-brazzaville\/#\/schema\/person\/2b1cf3cd81a31e3cd26889ca66d677f1\"},\"headline\":\"Formation : le programme \u00abEducation \u00e0 l\u2019emploi\u00bb lanc\u00e9 dans la ville c\u00f4ti\u00e8re\",\"datePublished\":\"2023-02-07T19:53:16+00:00\",\"dateModified\":\"2023-02-07T22:13:03+00:00\",\"mainEntityOfPage\":{\"@id\":\"https:\/\/www.africa-press.net\/congo-brazzaville\/toutes-les-actualites\/formation-le-programme-education-a-lemploi-lance-dans-la-ville-cotiere\"},\"wordCount\":450,\"commentCount\":0,\"image\":{\"@id\":\"https:\/\/www.africa-press.net\/congo-brazzaville\/toutes-les-actualites\/formation-le-programme-education-a-lemploi-lance-dans-la-ville-cotiere#primaryimage\"},\"thumbnailUrl\":\"https:\/\/static.africa-press.net\/congo-brazzaville\/sites\/51\/2023\/02\/postQueueImg_1675787000.34.jpg\",\"keywords\":[\"Africa Press\",\"Africa Press-Congo Brazzaville\",\"Congo Brazzaville\"],\"articleSection\":[\"Communaut\u00e9\",\"Toutes les actualit\u00e9s\"],\"inLanguage\":\"fr-FR\",\"potentialAction\":[{\"@type\":\"CommentAction\",\"name\":\"Comment\",\"target\":[\"https:\/\/www.africa-press.net\/congo-brazzaville\/toutes-les-actualites\/formation-le-programme-education-a-lemploi-lance-dans-la-ville-cotiere#respond\"]}]},{\"@type\":\"WebPage\",\"@id\":\"https:\/\/www.africa-press.net\/congo-brazzaville\/toutes-les-actualites\/formation-le-programme-education-a-lemploi-lance-dans-la-ville-cotiere\",\"url\":\"https:\/\/www.africa-press.net\/congo-brazzaville\/toutes-les-actualites\/formation-le-programme-education-a-lemploi-lance-dans-la-ville-cotiere\",\"name\":\"Formation : le programme \u00abEducation \u00e0 l\u2019emploi\u00bb lanc\u00e9 dans la ville c\u00f4ti\u00e8re - Congo Brazzaville\",\"isPartOf\":{\"@id\":\"https:\/\/www.africa-press.net\/congo-brazzaville\/#website\"},\"primaryImageOfPage\":{\"@id\":\"https:\/\/www.africa-press.net\/congo-brazzaville\/toutes-les-actualites\/formation-le-programme-education-a-lemploi-lance-dans-la-ville-cotiere#primaryimage\"},\"image\":{\"@id\":\"https:\/\/www.africa-press.net\/congo-brazzaville\/toutes-les-actualites\/formation-le-programme-education-a-lemploi-lance-dans-la-ville-cotiere#primaryimage\"},\"thumbnailUrl\":\"https:\/\/static.africa-press.net\/congo-brazzaville\/sites\/51\/2023\/02\/postQueueImg_1675787000.34.jpg\",\"datePublished\":\"2023-02-07T19:53:16+00:00\",\"dateModified\":\"2023-02-07T22:13:03+00:00\",\"author\":{\"@id\":\"https:\/\/www.africa-press.net\/congo-brazzaville\/#\/schema\/person\/2b1cf3cd81a31e3cd26889ca66d677f1\"},\"description\":\"Le lancement officiel du programme a eu lieu le week-end dernier dans la premie\u0300re circonscription e\u0301lectorale du qua ...\",\"breadcrumb\":{\"@id\":\"https:\/\/www.africa-press.net\/congo-brazzaville\/toutes-les-actualites\/formation-le-programme-education-a-lemploi-lance-dans-la-ville-cotiere#breadcrumb\"},\"inLanguage\":\"fr-FR\",\"potentialAction\":[{\"@type\":\"ReadAction\",\"target\":[\"https:\/\/www.africa-press.net\/congo-brazzaville\/toutes-les-actualites\/formation-le-programme-education-a-lemploi-lance-dans-la-ville-cotiere\"]}]},{\"@type\":\"ImageObject\",\"inLanguage\":\"fr-FR\",\"@id\":\"https:\/\/www.africa-press.net\/congo-brazzaville\/toutes-les-actualites\/formation-le-programme-education-a-lemploi-lance-dans-la-ville-cotiere#primaryimage\",\"url\":\"https:\/\/static.africa-press.net\/congo-brazzaville\/sites\/51\/2023\/02\/postQueueImg_1675787000.34.jpg\",\"contentUrl\":\"https:\/\/static.africa-press.net\/congo-brazzaville\/sites\/51\/2023\/02\/postQueueImg_1675787000.34.jpg\",\"width\":1024,\"height\":768,\"caption\":\"Formation : le programme \u00abEducation \u00e0 l\u2019emploi\u00bb lanc\u00e9 dans la ville c\u00f4ti\u00e8re\"},{\"@type\":\"BreadcrumbList\",\"@id\":\"https:\/\/www.africa-press.net\/congo-brazzaville\/toutes-les-actualites\/formation-le-programme-education-a-lemploi-lance-dans-la-ville-cotiere#breadcrumb\",\"itemListElement\":[{\"@type\":\"ListItem\",\"position\":1,\"name\":\"Accueil\",\"item\":\"https:\/\/www.africa-press.net\/congo-brazzaville\/\"},{\"@type\":\"ListItem\",\"position\":2,\"name\":\"Formation : le programme \u00abEducation \u00e0 l\u2019emploi\u00bb lanc\u00e9 dans la ville c\u00f4ti\u00e8re\"}]},{\"@type\":\"WebSite\",\"@id\":\"https:\/\/www.africa-press.net\/congo-brazzaville\/#website\",\"url\":\"https:\/\/www.africa-press.net\/congo-brazzaville\/\",\"name\":\"Congo Brazzaville\",\"description\":\"Just another Africa News Agency Sites site\",\"potentialAction\":[{\"@type\":\"SearchAction\",\"target\":{\"@type\":\"EntryPoint\",\"urlTemplate\":\"https:\/\/www.africa-press.net\/congo-brazzaville\/?s={search_term_string}\"},\"query-input\":{\"@type\":\"PropertyValueSpecification\",\"valueRequired\":true,\"valueName\":\"search_term_string\"}}],\"inLanguage\":\"fr-FR\"},{\"@type\":\"Person\",\"@id\":\"https:\/\/www.africa-press.net\/congo-brazzaville\/#\/schema\/person\/2b1cf3cd81a31e3cd26889ca66d677f1\",\"name\":\"cfeditorfr\"}]}<\/script>\n<!-- \/ Yoast SEO Premium plugin. -->","yoast_head_json":{"title":"Formation : le programme \u00abEducation \u00e0 l\u2019emploi\u00bb lanc\u00e9 dans la ville c\u00f4ti\u00e8re - Congo Brazzaville","description":"Le lancement officiel du programme a eu lieu le week-end dernier dans la premie\u0300re circonscription e\u0301lectorale du qua ...","robots":{"index":"index","follow":"follow","max-snippet":"max-snippet:-1","max-image-preview":"max-image-preview:large","max-video-preview":"max-video-preview:-1"},"canonical":"https:\/\/www.africa-press.net\/congo-brazzaville\/toutes-les-actualites\/formation-le-programme-education-a-lemploi-lance-dans-la-ville-cotiere","og_locale":"fr_FR","og_type":"article","og_title":"Formation : le programme \u00abEducation \u00e0 l\u2019emploi\u00bb lanc\u00e9 dans la ville c\u00f4ti\u00e8re","og_description":"Le lancement officiel du programme a eu lieu le week-end dernier dans la premie\u0300re circonscription e\u0301lectorale du qua ...","og_url":"https:\/\/www.africa-press.net\/congo-brazzaville\/toutes-les-actualites\/formation-le-programme-education-a-lemploi-lance-dans-la-ville-cotiere","og_site_name":"Congo Brazzaville","article_published_time":"2023-02-07T19:53:16+00:00","article_modified_time":"2023-02-07T22:13:03+00:00","og_image":[{"width":1024,"height":768,"url":"https:\/\/static.africa-press.net\/congo-brazzaville\/sites\/51\/2023\/02\/postQueueImg_1675787000.34.jpg","type":"image\/jpeg"}],"author":"cfeditorfr","twitter_card":"summary_large_image","twitter_misc":{"\u00c9crit par":"cfeditorfr","Dur\u00e9e de lecture estim\u00e9e":"2 minutes"},"schema":{"@context":"https:\/\/schema.org","@graph":[{"@type":"Article","@id":"https:\/\/www.africa-press.net\/congo-brazzaville\/toutes-les-actualites\/formation-le-programme-education-a-lemploi-lance-dans-la-ville-cotiere#article","isPartOf":{"@id":"https:\/\/www.africa-press.net\/congo-brazzaville\/toutes-les-actualites\/formation-le-programme-education-a-lemploi-lance-dans-la-ville-cotiere"},"author":{"name":"cfeditorfr","@id":"https:\/\/www.africa-press.net\/congo-brazzaville\/#\/schema\/person\/2b1cf3cd81a31e3cd26889ca66d677f1"},"headline":"Formation : le programme \u00abEducation \u00e0 l\u2019emploi\u00bb lanc\u00e9 dans la ville c\u00f4ti\u00e8re","datePublished":"2023-02-07T19:53:16+00:00","dateModified":"2023-02-07T22:13:03+00:00","mainEntityOfPage":{"@id":"https:\/\/www.africa-press.net\/congo-brazzaville\/toutes-les-actualites\/formation-le-programme-education-a-lemploi-lance-dans-la-ville-cotiere"},"wordCount":450,"commentCount":0,"image":{"@id":"https:\/\/www.africa-press.net\/congo-brazzaville\/toutes-les-actualites\/formation-le-programme-education-a-lemploi-lance-dans-la-ville-cotiere#primaryimage"},"thumbnailUrl":"https:\/\/static.africa-press.net\/congo-brazzaville\/sites\/51\/2023\/02\/postQueueImg_1675787000.34.jpg","keywords":["Africa Press","Africa Press-Congo Brazzaville","Congo Brazzaville"],"articleSection":["Communaut\u00e9","Toutes les actualit\u00e9s"],"inLanguage":"fr-FR","potentialAction":[{"@type":"CommentAction","name":"Comment","target":["https:\/\/www.africa-press.net\/congo-brazzaville\/toutes-les-actualites\/formation-le-programme-education-a-lemploi-lance-dans-la-ville-cotiere#respond"]}]},{"@type":"WebPage","@id":"https:\/\/www.africa-press.net\/congo-brazzaville\/toutes-les-actualites\/formation-le-programme-education-a-lemploi-lance-dans-la-ville-cotiere","url":"https:\/\/www.africa-press.net\/congo-brazzaville\/toutes-les-actualites\/formation-le-programme-education-a-lemploi-lance-dans-la-ville-cotiere","name":"Formation : le programme \u00abEducation \u00e0 l\u2019emploi\u00bb lanc\u00e9 dans la ville c\u00f4ti\u00e8re - Congo Brazzaville","isPartOf":{"@id":"https:\/\/www.africa-press.net\/congo-brazzaville\/#website"},"primaryImageOfPage":{"@id":"https:\/\/www.africa-press.net\/congo-brazzaville\/toutes-les-actualites\/formation-le-programme-education-a-lemploi-lance-dans-la-ville-cotiere#primaryimage"},"image":{"@id":"https:\/\/www.africa-press.net\/congo-brazzaville\/toutes-les-actualites\/formation-le-programme-education-a-lemploi-lance-dans-la-ville-cotiere#primaryimage"},"thumbnailUrl":"https:\/\/static.africa-press.net\/congo-brazzaville\/sites\/51\/2023\/02\/postQueueImg_1675787000.34.jpg","datePublished":"2023-02-07T19:53:16+00:00","dateModified":"2023-02-07T22:13:03+00:00","author":{"@id":"https:\/\/www.africa-press.net\/congo-brazzaville\/#\/schema\/person\/2b1cf3cd81a31e3cd26889ca66d677f1"},"description":"Le lancement officiel du programme a eu lieu le week-end dernier dans la premie\u0300re circonscription e\u0301lectorale du qua ...","breadcrumb":{"@id":"https:\/\/www.africa-press.net\/congo-brazzaville\/toutes-les-actualites\/formation-le-programme-education-a-lemploi-lance-dans-la-ville-cotiere#breadcrumb"},"inLanguage":"fr-FR","potentialAction":[{"@type":"ReadAction","target":["https:\/\/www.africa-press.net\/congo-brazzaville\/toutes-les-actualites\/formation-le-programme-education-a-lemploi-lance-dans-la-ville-cotiere"]}]},{"@type":"ImageObject","inLanguage":"fr-FR","@id":"https:\/\/www.africa-press.net\/congo-brazzaville\/toutes-les-actualites\/formation-le-programme-education-a-lemploi-lance-dans-la-ville-cotiere#primaryimage","url":"https:\/\/static.africa-press.net\/congo-brazzaville\/sites\/51\/2023\/02\/postQueueImg_1675787000.34.jpg","contentUrl":"https:\/\/static.africa-press.net\/congo-brazzaville\/sites\/51\/2023\/02\/postQueueImg_1675787000.34.jpg","width":1024,"height":768,"caption":"Formation : le programme \u00abEducation \u00e0 l\u2019emploi\u00bb lanc\u00e9 dans la ville c\u00f4ti\u00e8re"},{"@type":"BreadcrumbList","@id":"https:\/\/www.africa-press.net\/congo-brazzaville\/toutes-les-actualites\/formation-le-programme-education-a-lemploi-lance-dans-la-ville-cotiere#breadcrumb","itemListElement":[{"@type":"ListItem","position":1,"name":"Accueil","item":"https:\/\/www.africa-press.net\/congo-brazzaville\/"},{"@type":"ListItem","position":2,"name":"Formation : le programme \u00abEducation \u00e0 l\u2019emploi\u00bb lanc\u00e9 dans la ville c\u00f4ti\u00e8re"}]},{"@type":"WebSite","@id":"https:\/\/www.africa-press.net\/congo-brazzaville\/#website","url":"https:\/\/www.africa-press.net\/congo-brazzaville\/","name":"Congo Brazzaville","description":"Just another Africa News Agency Sites site","potentialAction":[{"@type":"SearchAction","target":{"@type":"EntryPoint","urlTemplate":"https:\/\/www.africa-press.net\/congo-brazzaville\/?s={search_term_string}"},"query-input":{"@type":"PropertyValueSpecification","valueRequired":true,"valueName":"search_term_string"}}],"inLanguage":"fr-FR"},{"@type":"Person","@id":"https:\/\/www.africa-press.net\/congo-brazzaville\/#\/schema\/person\/2b1cf3cd81a31e3cd26889ca66d677f1","name":"cfeditorfr"}]}},"_links":{"self":[{"href":"https:\/\/www.africa-press.net\/congo-brazzaville\/wp-json\/wp\/v2\/posts\/14184","targetHints":{"allow":["GET"]}}],"collection":[{"href":"https:\/\/www.africa-press.net\/congo-brazzaville\/wp-json\/wp\/v2\/posts"}],"about":[{"href":"https:\/\/www.africa-press.net\/congo-brazzaville\/wp-json\/wp\/v2\/types\/post"}],"author":[{"embeddable":true,"href":"https:\/\/www.africa-press.net\/congo-brazzaville\/wp-json\/wp\/v2\/users\/82"}],"replies":[{"embeddable":true,"href":"https:\/\/www.africa-press.net\/congo-brazzaville\/wp-json\/wp\/v2\/comments?post=14184"}],"version-history":[{"count":0,"href":"https:\/\/www.africa-press.net\/congo-brazzaville\/wp-json\/wp\/v2\/posts\/14184\/revisions"}],"wp:featuredmedia":[{"embeddable":true,"href":"https:\/\/www.africa-press.net\/congo-brazzaville\/wp-json\/wp\/v2\/media\/14183"}],"wp:attachment":[{"href":"https:\/\/www.africa-press.net\/congo-brazzaville\/wp-json\/wp\/v2\/media?parent=14184"}],"wp:term":[{"taxonomy":"category","embeddable":true,"href":"https:\/\/www.africa-press.net\/congo-brazzaville\/wp-json\/wp\/v2\/categories?post=14184"},{"taxonomy":"post_tag","embeddable":true,"href":"https:\/\/www.africa-press.net\/congo-brazzaville\/wp-json\/wp\/v2\/tags?post=14184"}],"curies":[{"name":"wp","href":"https:\/\/api.w.org\/{rel}","templated":true}]}}