{"id":14205,"date":"2023-02-08T22:56:39","date_gmt":"2023-02-08T22:56:39","guid":{"rendered":"https:\/\/www.africa-press.net\/congo-brazzaville\/politique\/cooperation-le-memorial-pierre-savorgnan-de-brazza-et-le-musee-national-de-kinshasa-concluent-un-partenariat"},"modified":"2023-02-08T23:41:43","modified_gmt":"2023-02-08T23:41:43","slug":"cooperation-le-memorial-pierre-savorgnan-de-brazza-et-le-musee-national-de-kinshasa-concluent-un-partenariat","status":"publish","type":"post","link":"https:\/\/www.africa-press.net\/congo-brazzaville\/culture-et-art\/cooperation-le-memorial-pierre-savorgnan-de-brazza-et-le-musee-national-de-kinshasa-concluent-un-partenariat","title":{"rendered":"Coop\u00e9ration : le m\u00e9morial Pierre-Savorgnan-de-Brazza et le Mus\u00e9e national de Kinshasa concluent un partenariat"},"content":{"rendered":"<p><span style=\"color: #ff6600\"><strong>Africa-Press &#8211; Congo Brazzaville. <\/strong><\/span><b>En se\u0301jour a\u0300 Kinshasa, capitale de la Re\u0301publique de\u0301mocratique du Congo (RDC), la directrice ge\u0301ne\u0301rale du me\u0301morial Pierre-Savorgnan-de-Brazza, Be\u0301linda Ayessa, a e\u0301change\u0301 tour a\u0300 tour avec le directeur du Muse\u0301e national de ce pays, les ministres du Tourisme, de la Jeunesse, de la Culture ainsi que celui de la Communication.<\/b> <b>L\u2019objectif ayant e\u0301te\u0301 de nouer des partenariats et de faire connai\u0302tre sa structure en RDC et partout dans le monde. <\/b><\/p>\n<p>A Kinshasa, Be\u0301linda Ayessa a visite\u0301 le muse\u0301e national de la RDC. Rec\u0327ue par son directeur, le Pr Henry Bundjoko Banyata, elle a e\u0301te\u0301 e\u0301difie\u0301e sur l\u2019histoire de ce pays. \u00ab J\u2019ai vu enfin le masque Suku qui a e\u0301te\u0301 restitue\u0301 a\u0300 la RDC par le royaume de Belgique, c\u2019est simplement impressionnant. Souvent, on pense qu\u2019en Afrique nous n\u2019avons pas d\u2019organisation, mais la\u0300, je vous assure que la gestion de ce muse\u0301e est assure\u0301e avec un professionnalisme incroyable. Je suis abasourdie \u00bb, a-t-elle de\u0301clare\u0301 a\u0300 l\u2019issue de la visite guide\u0301e, sanctionne\u0301e par des e\u0301changes partenariaux.<\/p>\n<p>Elle s\u2019est rendue ensuite a\u0300 la Place de l\u2019e\u0301changeur, au mausole\u0301e du he\u0301ros national, ou\u0300 elle s\u2019est incline\u0301e sur la relique de cet he\u0301ros. \u00ab Nous sommes au mausole\u0301e Emery-Patrice-Lumumba. Nous avons eu la possibilite\u0301 de nous recueillir devant sa relique, une fac\u0327on pour nous de rendre hommage a\u0300 ce he\u0301ros national, ce he\u0301ros africain qui a marque\u0301 l\u2019histoire de la RDC, mais aussi celle de toute l\u2019Afrique par sa bravoure, sa grandeur, son immensite\u0301 \u00bb, a-t-elle te\u0301moigne\u0301.<\/p>\n<p>Avec la ministre de la Culture, Art et He\u0301ritage, Catherine Kathungu Furaha, il s\u2019est agi de la ne\u0301cessite\u0301 de valoriser ce mausole\u0301e du he\u0301ros national. A cet effet, la ministre a sollicite\u0301 l\u2019expe\u0301rience du me\u0301morial Pierre-Savorgnan-de-Brazza dans l\u2019organisation de ce lieu. \u00ab Madame la ministre de la Culture, Art et He\u0301ritage a promis de venir a\u0300 Brazzaville visiter le me\u0301morial Pierre-Savorgnan-de-Brazza, pour se faire personnellement une ide\u0301e de ce que c\u2019est que ce me\u0301morial, puis voir comment est-ce qu\u2019elle pourra transposer ce qui s&rsquo;y fait au niveau du mausole\u0301e du he\u0301ros national, Emery-Patrice-Lumumba \u00bb, indique\u0301 Be\u0301linda Ayessa.<\/p>\n<p><b>Faire connai\u0302tre davantage sa structure a\u0300 Kinshasa<\/b><\/p>\n<p>Bien auparavant, elle a e\u0301change\u0301 avec le ministre de la Communication et des Me\u0301dias, Patrick Muyaya, aupre\u0300s duquel elle a sollicite\u0301 que soit retransmises, a\u0300 intervalle re\u0301gulier, les activite\u0301s de ce site culturel sur les chai\u0302nes de la RDC. Le ministre Patrick Muyaya, tre\u0300s heureux de ce moment d&rsquo;e\u0301change, s\u2019est dit dispose\u0301 de voir dans quel contexte assurer le relais des activite\u0301s du me\u0301morial, afin de lui donner plus de visibilite\u0301 et le faire connai\u0302tre davantage en RDC. \u00ab Je suis tre\u0300s heureuse d\u2019avoir e\u0301te\u0301 rec\u0327ue par le ministre Patrick Muyaya. Ensemble, nous avons e\u0301voque\u0301 la possibilite\u0301 de retransmettre des activite\u0301s qui se tiennent au sein du me\u0301morial Pierre-Savorgnan-de-Brazza dont j\u2019ai la charge. Cela nous donnera la possibilite\u0301 de mieux faire connai\u0302tre cette institution au niveau de Kinshasa. Le ministre a promis de trouver des espaces re\u0301gulie\u0300rement. Tant qu\u2019il y a des activite\u0301s, il suffit de les transfe\u0301rer pour qu\u2019on puisse les pre\u0301senter dans les diffe\u0301rentes chai\u0302nes de te\u0301le\u0301vision de la RDC \u00bb, a explique\u0301 Be\u0301linda Ayessa au sortir de l\u2019audience.<\/p>\n<p>Elle a e\u0301change\u0301 aussi avec le ministre du Tourisme, Modero Nsimba Matondo, qui avait a\u0300 ses co\u0302te\u0301s son homologue de la Jeunesse, Yves Bunkulu Zola. Les trois personnalite\u0301s ont aborde\u0301 la ne\u0301cessite\u0301 de mettre en place un partenariat qui permettra aux touristes de la RDC de venir a\u0300 la de\u0301couverte du me\u0301morial Pierre-Savorgnan-de-Brazza et e\u0301galement e\u0301tablir un tourisme scolaire, afin de donner les possibilite\u0301s aux e\u0301coliers de la RDC de connai\u0302tre l\u2019histoire du Congo.<\/p>\n\r\n                <style type=\"text\/css\">\r\n                    \r\n                    #td_uid_1_69ef5655d7e45  .td-doubleSlider-2 .td-item1 {\r\n                        background: url(https:\/\/static.africa-press.net\/congo-brazzaville\/sites\/51\/2023\/02\/postMediaimg_67_1-80x60.jpg) 0 0 no-repeat;\r\n                    }\r\n                    #td_uid_1_69ef5655d7e45  .td-doubleSlider-2 .td-item2 {\r\n                        background: url(https:\/\/static.africa-press.net\/congo-brazzaville\/sites\/51\/2023\/02\/postMediaimg_67_2-80x60.jpg) 0 0 no-repeat;\r\n                    }\r\n                    #td_uid_1_69ef5655d7e45  .td-doubleSlider-2 .td-item3 {\r\n                        background: url(https:\/\/static.africa-press.net\/congo-brazzaville\/sites\/51\/2023\/02\/postMediaimg_67_3-80x60.jpg) 0 0 no-repeat;\r\n                    }\r\n                <\/style>\r\n\r\n                <div id=\"td_uid_1_69ef5655d7e45\" class=\"td-gallery td-slide-on-2-columns\">\r\n                    <div class=\"post_td_gallery\">\r\n                        <div class=\"td-gallery-slide-top\">\r\n                           <div class=\"td-gallery-title\"><\/div>\r\n\r\n                            <div class=\"td-gallery-controls-wrapper\">\r\n                                <div class=\"td-gallery-slide-count\"><span class=\"td-gallery-slide-item-focus\">1<\/span> de 3<\/div>\r\n                                <div class=\"td-gallery-slide-prev-next-but\">\r\n                                    <i class = \"td-icon-left doubleSliderPrevButton\"><\/i>\r\n                                    <i class = \"td-icon-right doubleSliderNextButton\"><\/i>\r\n                                <\/div>\r\n                            <\/div>\r\n                        <\/div>\r\n\r\n                        <div class = \"td-doubleSlider-1 \">\r\n                            <div class = \"td-slider\">\r\n                                \r\n                    <div class = \"td-slide-item td-item1\">\r\n                        <figure class=\"td-slide-galery-figure td-slide-popup-gallery\">\r\n                            <a class=\"slide-gallery-image-link\" href=\"https:\/\/static.africa-press.net\/congo-brazzaville\/sites\/51\/2023\/02\/postMediaimg_67_1.jpg\" title=\"postMediaimg_67_1\"  data-caption=\"\"  data-description=\"\">\r\n                                <img decoding=\"async\" src=\"https:\/\/static.africa-press.net\/congo-brazzaville\/sites\/51\/2023\/02\/postMediaimg_67_1.jpg\" srcset=\"https:\/\/static.africa-press.net\/congo-brazzaville\/sites\/51\/2023\/02\/postMediaimg_67_1.jpg 945w, https:\/\/static.africa-press.net\/congo-brazzaville\/sites\/51\/2023\/02\/postMediaimg_67_1-300x224.jpg 300w, https:\/\/static.africa-press.net\/congo-brazzaville\/sites\/51\/2023\/02\/postMediaimg_67_1-768x575.jpg 768w, https:\/\/static.africa-press.net\/congo-brazzaville\/sites\/51\/2023\/02\/postMediaimg_67_1-80x60.jpg 80w\" sizes=\"(max-width: 945px) 100vw, 945px\" alt=\"\">\r\n                            <\/a>\r\n                            \r\n                        <\/figure>\r\n                    <\/div>\r\n                    <div class = \"td-slide-item td-item2\">\r\n                        <figure class=\"td-slide-galery-figure td-slide-popup-gallery\">\r\n                            <a class=\"slide-gallery-image-link\" href=\"https:\/\/static.africa-press.net\/congo-brazzaville\/sites\/51\/2023\/02\/postMediaimg_67_2.jpg\" title=\"postMediaimg_67_2\"  data-caption=\"\"  data-description=\"\">\r\n                                <img decoding=\"async\" src=\"https:\/\/static.africa-press.net\/congo-brazzaville\/sites\/51\/2023\/02\/postMediaimg_67_2.jpg\" srcset=\"https:\/\/static.africa-press.net\/congo-brazzaville\/sites\/51\/2023\/02\/postMediaimg_67_2.jpg 747w, https:\/\/static.africa-press.net\/congo-brazzaville\/sites\/51\/2023\/02\/postMediaimg_67_2-300x233.jpg 300w\" sizes=\"(max-width: 747px) 100vw, 747px\" alt=\"\">\r\n                            <\/a>\r\n                            \r\n                        <\/figure>\r\n                    <\/div>\r\n                    <div class = \"td-slide-item td-item3\">\r\n                        <figure class=\"td-slide-galery-figure td-slide-popup-gallery\">\r\n                            <a class=\"slide-gallery-image-link\" href=\"https:\/\/static.africa-press.net\/congo-brazzaville\/sites\/51\/2023\/02\/postMediaimg_67_3.jpg\" title=\"postMediaimg_67_3\"  data-caption=\"\"  data-description=\"\">\r\n                                <img decoding=\"async\" src=\"https:\/\/static.africa-press.net\/congo-brazzaville\/sites\/51\/2023\/02\/postMediaimg_67_3.jpg\" srcset=\"https:\/\/static.africa-press.net\/congo-brazzaville\/sites\/51\/2023\/02\/postMediaimg_67_3.jpg 795w, https:\/\/static.africa-press.net\/congo-brazzaville\/sites\/51\/2023\/02\/postMediaimg_67_3-300x221.jpg 300w, https:\/\/static.africa-press.net\/congo-brazzaville\/sites\/51\/2023\/02\/postMediaimg_67_3-768x566.jpg 768w, https:\/\/static.africa-press.net\/congo-brazzaville\/sites\/51\/2023\/02\/postMediaimg_67_3-80x60.jpg 80w\" sizes=\"(max-width: 795px) 100vw, 795px\" alt=\"\">\r\n                            <\/a>\r\n                            \r\n                        <\/figure>\r\n                    <\/div>\r\n                            <\/div>\r\n                        <\/div>\r\n\r\n                        <div class = \"td-doubleSlider-2\">\r\n                            <div class = \"td-slider\">\r\n                                \r\n                    <div class = \"td-button td-item1\">\r\n                        <div class = \"td-border\"><\/div>\r\n                    <\/div>\r\n                    <div class = \"td-button td-item2\">\r\n                        <div class = \"td-border\"><\/div>\r\n                    <\/div>\r\n                    <div class = \"td-button td-item3\">\r\n                        <div class = \"td-border\"><\/div>\r\n                    <\/div>\r\n                            <\/div>\r\n                        <\/div>\r\n\r\n                    <\/div>\r\n\r\n                <\/div>\r\n                \n<p><strong>Pour plus d&rsquo;informations et d&rsquo;analyses sur la <a href=\"https:\/\/www.africa-press.net\/congo-brazzaville\">Congo Brazzaville<\/a>, suivez <a href=\"https:\/\/www.africa-press.net\/\">Africa-Press<\/a><\/strong><\/p>\n","protected":false},"excerpt":{"rendered":"<p>Africa-Press &#8211; Congo Brazzaville. En se\u0301jour a\u0300 Kinshasa, capitale de la Re\u0301publique de\u0301mocratique du Congo (RDC), la directrice ge\u0301ne\u0301rale du me\u0301morial Pierre-Savorgnan-de-Brazza, Be\u0301linda Ayessa, a e\u0301change\u0301 tour a\u0300 tour avec le directeur du Muse\u0301e national de ce pays, les ministres du Tourisme, de la Jeunesse, de la Culture ainsi que celui de la Communication. L\u2019objectif [&hellip;]<\/p>\n","protected":false},"author":82,"featured_media":14204,"comment_status":"open","ping_status":"closed","sticky":false,"template":"","format":"standard","meta":{"footnotes":""},"categories":[5,8,10],"tags":[36,47,46],"class_list":["post-14205","post","type-post","status-publish","format-standard","has-post-thumbnail","hentry","category-culture-et-art","category-photo","category-toutes-les-actualites","tag-africa-press","tag-africa-press-congo-brazzaville","tag-congo-brazzaville"],"yoast_head":"<!-- This site is optimized with the Yoast SEO Premium plugin v26.1 (Yoast SEO v27.0) - https:\/\/yoast.com\/product\/yoast-seo-premium-wordpress\/ -->\n<title>Coop\u00e9ration : le m\u00e9morial Pierre-Savorgnan-de-Brazza et le Mus\u00e9e national de Kinshasa concluent un partenariat - Congo Brazzaville<\/title>\n<meta name=\"description\" content=\"En se\u0301jour a\u0300 Kinshasa, capitale de la Re\u0301publique de\u0301mocratique du Congo (RDC), la directrice ge\u0301ne\u0301rale du me\u0301moria ...\" \/>\n<meta name=\"robots\" content=\"index, follow, max-snippet:-1, max-image-preview:large, max-video-preview:-1\" \/>\n<link rel=\"canonical\" href=\"https:\/\/www.africa-press.net\/congo-brazzaville\/culture-et-art\/cooperation-le-memorial-pierre-savorgnan-de-brazza-et-le-musee-national-de-kinshasa-concluent-un-partenariat\" \/>\n<meta property=\"og:locale\" content=\"fr_FR\" \/>\n<meta property=\"og:type\" content=\"article\" \/>\n<meta property=\"og:title\" content=\"Coop\u00e9ration : le m\u00e9morial Pierre-Savorgnan-de-Brazza et le Mus\u00e9e national de Kinshasa concluent un partenariat\" \/>\n<meta property=\"og:description\" content=\"En se\u0301jour a\u0300 Kinshasa, capitale de la Re\u0301publique de\u0301mocratique du Congo (RDC), la directrice ge\u0301ne\u0301rale du me\u0301moria ...\" \/>\n<meta property=\"og:url\" content=\"https:\/\/www.africa-press.net\/congo-brazzaville\/culture-et-art\/cooperation-le-memorial-pierre-savorgnan-de-brazza-et-le-musee-national-de-kinshasa-concluent-un-partenariat\" \/>\n<meta property=\"og:site_name\" content=\"Congo Brazzaville\" \/>\n<meta property=\"article:published_time\" content=\"2023-02-08T22:56:39+00:00\" \/>\n<meta property=\"article:modified_time\" content=\"2023-02-08T23:41:43+00:00\" \/>\n<meta property=\"og:image\" content=\"https:\/\/static.africa-press.net\/congo-brazzaville\/sites\/51\/2023\/02\/postQueueImg_1675884404.48.jpg\" \/>\n\t<meta property=\"og:image:width\" content=\"945\" \/>\n\t<meta property=\"og:image:height\" content=\"707\" \/>\n\t<meta property=\"og:image:type\" content=\"image\/jpeg\" \/>\n<meta name=\"author\" content=\"cfeditorfr\" \/>\n<meta name=\"twitter:card\" content=\"summary_large_image\" \/>\n<meta name=\"twitter:label1\" content=\"\u00c9crit par\" \/>\n\t<meta name=\"twitter:data1\" content=\"cfeditorfr\" \/>\n\t<meta name=\"twitter:label2\" content=\"Dur\u00e9e de lecture estim\u00e9e\" \/>\n\t<meta name=\"twitter:data2\" content=\"4 minutes\" \/>\n<script type=\"application\/ld+json\" class=\"yoast-schema-graph\">{\"@context\":\"https:\/\/schema.org\",\"@graph\":[{\"@type\":\"Article\",\"@id\":\"https:\/\/www.africa-press.net\/congo-brazzaville\/culture-et-art\/cooperation-le-memorial-pierre-savorgnan-de-brazza-et-le-musee-national-de-kinshasa-concluent-un-partenariat#article\",\"isPartOf\":{\"@id\":\"https:\/\/www.africa-press.net\/congo-brazzaville\/culture-et-art\/cooperation-le-memorial-pierre-savorgnan-de-brazza-et-le-musee-national-de-kinshasa-concluent-un-partenariat\"},\"author\":{\"name\":\"cfeditorfr\",\"@id\":\"https:\/\/www.africa-press.net\/congo-brazzaville\/#\/schema\/person\/2b1cf3cd81a31e3cd26889ca66d677f1\"},\"headline\":\"Coop\u00e9ration : le m\u00e9morial Pierre-Savorgnan-de-Brazza et le Mus\u00e9e national de Kinshasa concluent un partenariat\",\"datePublished\":\"2023-02-08T22:56:39+00:00\",\"dateModified\":\"2023-02-08T23:41:43+00:00\",\"mainEntityOfPage\":{\"@id\":\"https:\/\/www.africa-press.net\/congo-brazzaville\/culture-et-art\/cooperation-le-memorial-pierre-savorgnan-de-brazza-et-le-musee-national-de-kinshasa-concluent-un-partenariat\"},\"wordCount\":742,\"commentCount\":0,\"image\":{\"@id\":\"https:\/\/www.africa-press.net\/congo-brazzaville\/culture-et-art\/cooperation-le-memorial-pierre-savorgnan-de-brazza-et-le-musee-national-de-kinshasa-concluent-un-partenariat#primaryimage\"},\"thumbnailUrl\":\"https:\/\/static.africa-press.net\/congo-brazzaville\/sites\/51\/2023\/02\/postQueueImg_1675884404.48.jpg\",\"keywords\":[\"Africa Press\",\"Africa Press-Congo Brazzaville\",\"Congo Brazzaville\"],\"articleSection\":[\"Culture et Art\",\"Photo\",\"Toutes les actualit\u00e9s\"],\"inLanguage\":\"fr-FR\",\"potentialAction\":[{\"@type\":\"CommentAction\",\"name\":\"Comment\",\"target\":[\"https:\/\/www.africa-press.net\/congo-brazzaville\/culture-et-art\/cooperation-le-memorial-pierre-savorgnan-de-brazza-et-le-musee-national-de-kinshasa-concluent-un-partenariat#respond\"]}]},{\"@type\":\"WebPage\",\"@id\":\"https:\/\/www.africa-press.net\/congo-brazzaville\/culture-et-art\/cooperation-le-memorial-pierre-savorgnan-de-brazza-et-le-musee-national-de-kinshasa-concluent-un-partenariat\",\"url\":\"https:\/\/www.africa-press.net\/congo-brazzaville\/culture-et-art\/cooperation-le-memorial-pierre-savorgnan-de-brazza-et-le-musee-national-de-kinshasa-concluent-un-partenariat\",\"name\":\"Coop\u00e9ration : le m\u00e9morial Pierre-Savorgnan-de-Brazza et le Mus\u00e9e national de Kinshasa concluent un partenariat - Congo Brazzaville\",\"isPartOf\":{\"@id\":\"https:\/\/www.africa-press.net\/congo-brazzaville\/#website\"},\"primaryImageOfPage\":{\"@id\":\"https:\/\/www.africa-press.net\/congo-brazzaville\/culture-et-art\/cooperation-le-memorial-pierre-savorgnan-de-brazza-et-le-musee-national-de-kinshasa-concluent-un-partenariat#primaryimage\"},\"image\":{\"@id\":\"https:\/\/www.africa-press.net\/congo-brazzaville\/culture-et-art\/cooperation-le-memorial-pierre-savorgnan-de-brazza-et-le-musee-national-de-kinshasa-concluent-un-partenariat#primaryimage\"},\"thumbnailUrl\":\"https:\/\/static.africa-press.net\/congo-brazzaville\/sites\/51\/2023\/02\/postQueueImg_1675884404.48.jpg\",\"datePublished\":\"2023-02-08T22:56:39+00:00\",\"dateModified\":\"2023-02-08T23:41:43+00:00\",\"author\":{\"@id\":\"https:\/\/www.africa-press.net\/congo-brazzaville\/#\/schema\/person\/2b1cf3cd81a31e3cd26889ca66d677f1\"},\"description\":\"En se\u0301jour a\u0300 Kinshasa, capitale de la Re\u0301publique de\u0301mocratique du Congo (RDC), la directrice ge\u0301ne\u0301rale du me\u0301moria ...\",\"breadcrumb\":{\"@id\":\"https:\/\/www.africa-press.net\/congo-brazzaville\/culture-et-art\/cooperation-le-memorial-pierre-savorgnan-de-brazza-et-le-musee-national-de-kinshasa-concluent-un-partenariat#breadcrumb\"},\"inLanguage\":\"fr-FR\",\"potentialAction\":[{\"@type\":\"ReadAction\",\"target\":[\"https:\/\/www.africa-press.net\/congo-brazzaville\/culture-et-art\/cooperation-le-memorial-pierre-savorgnan-de-brazza-et-le-musee-national-de-kinshasa-concluent-un-partenariat\"]}]},{\"@type\":\"ImageObject\",\"inLanguage\":\"fr-FR\",\"@id\":\"https:\/\/www.africa-press.net\/congo-brazzaville\/culture-et-art\/cooperation-le-memorial-pierre-savorgnan-de-brazza-et-le-musee-national-de-kinshasa-concluent-un-partenariat#primaryimage\",\"url\":\"https:\/\/static.africa-press.net\/congo-brazzaville\/sites\/51\/2023\/02\/postQueueImg_1675884404.48.jpg\",\"contentUrl\":\"https:\/\/static.africa-press.net\/congo-brazzaville\/sites\/51\/2023\/02\/postQueueImg_1675884404.48.jpg\",\"width\":945,\"height\":707,\"caption\":\"Coop\u00e9ration : le m\u00e9morial Pierre-Savorgnan-de-Brazza et le Mus\u00e9e national de Kinshasa concluent un partenariat\"},{\"@type\":\"BreadcrumbList\",\"@id\":\"https:\/\/www.africa-press.net\/congo-brazzaville\/culture-et-art\/cooperation-le-memorial-pierre-savorgnan-de-brazza-et-le-musee-national-de-kinshasa-concluent-un-partenariat#breadcrumb\",\"itemListElement\":[{\"@type\":\"ListItem\",\"position\":1,\"name\":\"Accueil\",\"item\":\"https:\/\/www.africa-press.net\/congo-brazzaville\/\"},{\"@type\":\"ListItem\",\"position\":2,\"name\":\"Coop\u00e9ration : le m\u00e9morial Pierre-Savorgnan-de-Brazza et le Mus\u00e9e national de Kinshasa concluent un partenariat\"}]},{\"@type\":\"WebSite\",\"@id\":\"https:\/\/www.africa-press.net\/congo-brazzaville\/#website\",\"url\":\"https:\/\/www.africa-press.net\/congo-brazzaville\/\",\"name\":\"Congo Brazzaville\",\"description\":\"Just another Africa News Agency Sites site\",\"potentialAction\":[{\"@type\":\"SearchAction\",\"target\":{\"@type\":\"EntryPoint\",\"urlTemplate\":\"https:\/\/www.africa-press.net\/congo-brazzaville\/?s={search_term_string}\"},\"query-input\":{\"@type\":\"PropertyValueSpecification\",\"valueRequired\":true,\"valueName\":\"search_term_string\"}}],\"inLanguage\":\"fr-FR\"},{\"@type\":\"Person\",\"@id\":\"https:\/\/www.africa-press.net\/congo-brazzaville\/#\/schema\/person\/2b1cf3cd81a31e3cd26889ca66d677f1\",\"name\":\"cfeditorfr\"}]}<\/script>\n<!-- \/ Yoast SEO Premium plugin. -->","yoast_head_json":{"title":"Coop\u00e9ration : le m\u00e9morial Pierre-Savorgnan-de-Brazza et le Mus\u00e9e national de Kinshasa concluent un partenariat - Congo Brazzaville","description":"En se\u0301jour a\u0300 Kinshasa, capitale de la Re\u0301publique de\u0301mocratique du Congo (RDC), la directrice ge\u0301ne\u0301rale du me\u0301moria ...","robots":{"index":"index","follow":"follow","max-snippet":"max-snippet:-1","max-image-preview":"max-image-preview:large","max-video-preview":"max-video-preview:-1"},"canonical":"https:\/\/www.africa-press.net\/congo-brazzaville\/culture-et-art\/cooperation-le-memorial-pierre-savorgnan-de-brazza-et-le-musee-national-de-kinshasa-concluent-un-partenariat","og_locale":"fr_FR","og_type":"article","og_title":"Coop\u00e9ration : le m\u00e9morial Pierre-Savorgnan-de-Brazza et le Mus\u00e9e national de Kinshasa concluent un partenariat","og_description":"En se\u0301jour a\u0300 Kinshasa, capitale de la Re\u0301publique de\u0301mocratique du Congo (RDC), la directrice ge\u0301ne\u0301rale du me\u0301moria ...","og_url":"https:\/\/www.africa-press.net\/congo-brazzaville\/culture-et-art\/cooperation-le-memorial-pierre-savorgnan-de-brazza-et-le-musee-national-de-kinshasa-concluent-un-partenariat","og_site_name":"Congo Brazzaville","article_published_time":"2023-02-08T22:56:39+00:00","article_modified_time":"2023-02-08T23:41:43+00:00","og_image":[{"width":945,"height":707,"url":"https:\/\/static.africa-press.net\/congo-brazzaville\/sites\/51\/2023\/02\/postQueueImg_1675884404.48.jpg","type":"image\/jpeg"}],"author":"cfeditorfr","twitter_card":"summary_large_image","twitter_misc":{"\u00c9crit par":"cfeditorfr","Dur\u00e9e de lecture estim\u00e9e":"4 minutes"},"schema":{"@context":"https:\/\/schema.org","@graph":[{"@type":"Article","@id":"https:\/\/www.africa-press.net\/congo-brazzaville\/culture-et-art\/cooperation-le-memorial-pierre-savorgnan-de-brazza-et-le-musee-national-de-kinshasa-concluent-un-partenariat#article","isPartOf":{"@id":"https:\/\/www.africa-press.net\/congo-brazzaville\/culture-et-art\/cooperation-le-memorial-pierre-savorgnan-de-brazza-et-le-musee-national-de-kinshasa-concluent-un-partenariat"},"author":{"name":"cfeditorfr","@id":"https:\/\/www.africa-press.net\/congo-brazzaville\/#\/schema\/person\/2b1cf3cd81a31e3cd26889ca66d677f1"},"headline":"Coop\u00e9ration : le m\u00e9morial Pierre-Savorgnan-de-Brazza et le Mus\u00e9e national de Kinshasa concluent un partenariat","datePublished":"2023-02-08T22:56:39+00:00","dateModified":"2023-02-08T23:41:43+00:00","mainEntityOfPage":{"@id":"https:\/\/www.africa-press.net\/congo-brazzaville\/culture-et-art\/cooperation-le-memorial-pierre-savorgnan-de-brazza-et-le-musee-national-de-kinshasa-concluent-un-partenariat"},"wordCount":742,"commentCount":0,"image":{"@id":"https:\/\/www.africa-press.net\/congo-brazzaville\/culture-et-art\/cooperation-le-memorial-pierre-savorgnan-de-brazza-et-le-musee-national-de-kinshasa-concluent-un-partenariat#primaryimage"},"thumbnailUrl":"https:\/\/static.africa-press.net\/congo-brazzaville\/sites\/51\/2023\/02\/postQueueImg_1675884404.48.jpg","keywords":["Africa Press","Africa Press-Congo Brazzaville","Congo Brazzaville"],"articleSection":["Culture et Art","Photo","Toutes les actualit\u00e9s"],"inLanguage":"fr-FR","potentialAction":[{"@type":"CommentAction","name":"Comment","target":["https:\/\/www.africa-press.net\/congo-brazzaville\/culture-et-art\/cooperation-le-memorial-pierre-savorgnan-de-brazza-et-le-musee-national-de-kinshasa-concluent-un-partenariat#respond"]}]},{"@type":"WebPage","@id":"https:\/\/www.africa-press.net\/congo-brazzaville\/culture-et-art\/cooperation-le-memorial-pierre-savorgnan-de-brazza-et-le-musee-national-de-kinshasa-concluent-un-partenariat","url":"https:\/\/www.africa-press.net\/congo-brazzaville\/culture-et-art\/cooperation-le-memorial-pierre-savorgnan-de-brazza-et-le-musee-national-de-kinshasa-concluent-un-partenariat","name":"Coop\u00e9ration : le m\u00e9morial Pierre-Savorgnan-de-Brazza et le Mus\u00e9e national de Kinshasa concluent un partenariat - Congo Brazzaville","isPartOf":{"@id":"https:\/\/www.africa-press.net\/congo-brazzaville\/#website"},"primaryImageOfPage":{"@id":"https:\/\/www.africa-press.net\/congo-brazzaville\/culture-et-art\/cooperation-le-memorial-pierre-savorgnan-de-brazza-et-le-musee-national-de-kinshasa-concluent-un-partenariat#primaryimage"},"image":{"@id":"https:\/\/www.africa-press.net\/congo-brazzaville\/culture-et-art\/cooperation-le-memorial-pierre-savorgnan-de-brazza-et-le-musee-national-de-kinshasa-concluent-un-partenariat#primaryimage"},"thumbnailUrl":"https:\/\/static.africa-press.net\/congo-brazzaville\/sites\/51\/2023\/02\/postQueueImg_1675884404.48.jpg","datePublished":"2023-02-08T22:56:39+00:00","dateModified":"2023-02-08T23:41:43+00:00","author":{"@id":"https:\/\/www.africa-press.net\/congo-brazzaville\/#\/schema\/person\/2b1cf3cd81a31e3cd26889ca66d677f1"},"description":"En se\u0301jour a\u0300 Kinshasa, capitale de la Re\u0301publique de\u0301mocratique du Congo (RDC), la directrice ge\u0301ne\u0301rale du me\u0301moria ...","breadcrumb":{"@id":"https:\/\/www.africa-press.net\/congo-brazzaville\/culture-et-art\/cooperation-le-memorial-pierre-savorgnan-de-brazza-et-le-musee-national-de-kinshasa-concluent-un-partenariat#breadcrumb"},"inLanguage":"fr-FR","potentialAction":[{"@type":"ReadAction","target":["https:\/\/www.africa-press.net\/congo-brazzaville\/culture-et-art\/cooperation-le-memorial-pierre-savorgnan-de-brazza-et-le-musee-national-de-kinshasa-concluent-un-partenariat"]}]},{"@type":"ImageObject","inLanguage":"fr-FR","@id":"https:\/\/www.africa-press.net\/congo-brazzaville\/culture-et-art\/cooperation-le-memorial-pierre-savorgnan-de-brazza-et-le-musee-national-de-kinshasa-concluent-un-partenariat#primaryimage","url":"https:\/\/static.africa-press.net\/congo-brazzaville\/sites\/51\/2023\/02\/postQueueImg_1675884404.48.jpg","contentUrl":"https:\/\/static.africa-press.net\/congo-brazzaville\/sites\/51\/2023\/02\/postQueueImg_1675884404.48.jpg","width":945,"height":707,"caption":"Coop\u00e9ration : le m\u00e9morial Pierre-Savorgnan-de-Brazza et le Mus\u00e9e national de Kinshasa concluent un partenariat"},{"@type":"BreadcrumbList","@id":"https:\/\/www.africa-press.net\/congo-brazzaville\/culture-et-art\/cooperation-le-memorial-pierre-savorgnan-de-brazza-et-le-musee-national-de-kinshasa-concluent-un-partenariat#breadcrumb","itemListElement":[{"@type":"ListItem","position":1,"name":"Accueil","item":"https:\/\/www.africa-press.net\/congo-brazzaville\/"},{"@type":"ListItem","position":2,"name":"Coop\u00e9ration : le m\u00e9morial Pierre-Savorgnan-de-Brazza et le Mus\u00e9e national de Kinshasa concluent un partenariat"}]},{"@type":"WebSite","@id":"https:\/\/www.africa-press.net\/congo-brazzaville\/#website","url":"https:\/\/www.africa-press.net\/congo-brazzaville\/","name":"Congo Brazzaville","description":"Just another Africa News Agency Sites site","potentialAction":[{"@type":"SearchAction","target":{"@type":"EntryPoint","urlTemplate":"https:\/\/www.africa-press.net\/congo-brazzaville\/?s={search_term_string}"},"query-input":{"@type":"PropertyValueSpecification","valueRequired":true,"valueName":"search_term_string"}}],"inLanguage":"fr-FR"},{"@type":"Person","@id":"https:\/\/www.africa-press.net\/congo-brazzaville\/#\/schema\/person\/2b1cf3cd81a31e3cd26889ca66d677f1","name":"cfeditorfr"}]}},"_links":{"self":[{"href":"https:\/\/www.africa-press.net\/congo-brazzaville\/wp-json\/wp\/v2\/posts\/14205","targetHints":{"allow":["GET"]}}],"collection":[{"href":"https:\/\/www.africa-press.net\/congo-brazzaville\/wp-json\/wp\/v2\/posts"}],"about":[{"href":"https:\/\/www.africa-press.net\/congo-brazzaville\/wp-json\/wp\/v2\/types\/post"}],"author":[{"embeddable":true,"href":"https:\/\/www.africa-press.net\/congo-brazzaville\/wp-json\/wp\/v2\/users\/82"}],"replies":[{"embeddable":true,"href":"https:\/\/www.africa-press.net\/congo-brazzaville\/wp-json\/wp\/v2\/comments?post=14205"}],"version-history":[{"count":0,"href":"https:\/\/www.africa-press.net\/congo-brazzaville\/wp-json\/wp\/v2\/posts\/14205\/revisions"}],"wp:featuredmedia":[{"embeddable":true,"href":"https:\/\/www.africa-press.net\/congo-brazzaville\/wp-json\/wp\/v2\/media\/14204"}],"wp:attachment":[{"href":"https:\/\/www.africa-press.net\/congo-brazzaville\/wp-json\/wp\/v2\/media?parent=14205"}],"wp:term":[{"taxonomy":"category","embeddable":true,"href":"https:\/\/www.africa-press.net\/congo-brazzaville\/wp-json\/wp\/v2\/categories?post=14205"},{"taxonomy":"post_tag","embeddable":true,"href":"https:\/\/www.africa-press.net\/congo-brazzaville\/wp-json\/wp\/v2\/tags?post=14205"}],"curies":[{"name":"wp","href":"https:\/\/api.w.org\/{rel}","templated":true}]}}