{"id":14207,"date":"2023-02-08T22:56:47","date_gmt":"2023-02-08T22:56:47","guid":{"rendered":"https:\/\/www.africa-press.net\/congo-brazzaville\/politique\/matinales-de-lintelligence-economique-des-brazzavillois-echangent-sur-lavenir-de-lafrique"},"modified":"2023-02-08T23:42:01","modified_gmt":"2023-02-08T23:42:01","slug":"matinales-de-lintelligence-economique-des-brazzavillois-echangent-sur-lavenir-de-lafrique","status":"publish","type":"post","link":"https:\/\/www.africa-press.net\/congo-brazzaville\/economie\/matinales-de-lintelligence-economique-des-brazzavillois-echangent-sur-lavenir-de-lafrique","title":{"rendered":"Matinales de l\u2019intelligence \u00e9conomique : des Brazzavillois \u00e9changent sur l\u2019avenir de l\u2019Afrique"},"content":{"rendered":"<p><span style=\"color: #ff6600\"><strong>Africa-Press &#8211; Congo Brazzaville. <\/strong><\/span><b>L\u2019institut national d\u2019intelligence strate\u0301gique (Inis), que dirige Patrice Passy, a organise\u0301, le 7 fe\u0301vrier, des rencontres de\u0301bats de\u0301nomme\u0301es matinales de l\u2019intelligence e\u0301conomique. Au cours de ces moments de partage, les participants ont discute\u0301 sur les causes du sous-de\u0301veloppement de l\u2019Afrique, le manque de dynamisme des citoyens et les attitudes a\u0300 adopter pour e\u0301viter une autre colonisation dans le futur.<\/b><\/p>\n<p>Des dizaines de personnes ont pris part aux matinales de l\u2019intelligence e\u0301conomique, e\u0301changeant sur les proble\u0300mes qui minent le continent africain, notamment sur son e\u0301lite qui peine a\u0300 mettre en exergue ses connaissances. Ils ont, en effet, aborde\u0301 les diffe\u0301rentes the\u0301matiques sous l\u2019angle de l\u2019intelligence e\u0301conomique et strate\u0301gique, dans le seul but d\u2019enrichir les connaissances de ceux qui ont e\u0301te\u0301 a\u0300 ces rencontres.<\/p>\n<p>Outre le the\u0300me principal qui portait sur \u00ab L\u2019encerclement cognitif des e\u0301lites en Afrique francophone \u00bb, plusieurs sous-the\u0300mes ont e\u0301te\u0301 e\u0301galement de\u0301veloppe\u0301s lors de ces e\u0301changes interactifs.<\/p>\n<p>Parmi ces sous-the\u0300mes, Alce\u0300me Tsassa a e\u0301voque\u0301 l\u2019aspect sur \u00ab De l\u2019abondance des ressources a\u0300 l\u2019ignorance des enjeux, l\u2019Afrique victime de l\u2019encerclement cognitif \u00bb. Pour sa part, Xavier Kitsimbou a pre\u0301sente\u0301 \u00ab L\u2019influence du droit franc\u0327ais dans la le\u0301gislation des pays d\u2019Afrique noire francophone \u00bb et le sous-the\u0300me sur \u00ab Comment faire face a\u0300 l\u2019encerclement cognitif en Afrique francophonie ? \u00bb a e\u0301te\u0301 de\u0301veloppe\u0301 par Patrice Passy. Ce dernier a aussi anime\u0301 un atelier sur \u00ab Les propositions du projet : commissariat de l\u2019information strate\u0301gique et de la se\u0301curite\u0301 e\u0301conomique \u00bb.<\/p>\n<p>Ces retrouvailles, a-t-il dit, ont e\u0301te\u0301 organise\u0301es par l\u2019universite\u0301 des connaissances africaines a\u0300 travers la recherche de l\u2019enclenchement d\u2019une dynamique nationale de la qualite\u0301. L\u2019Inis est ainsi l\u2019une des branches de l\u2019universite\u0301 des connaissances africaines. \u00ab Notre me\u0301tier consiste a\u0300 se plonger dans les causes et racines des proble\u0300mes pour apporter des re\u0301ponses pe\u0301rennes et durables en touchant la cible. Notre pre\u0301sent est pe\u0301rime\u0301 car les re\u0301ponses traditionnelles que nous avons sont de\u0301passe\u0301es par la mondialisation. Voila\u0300 pourquoi nous sensibilisons les citoyens \u00bb,-a-t-il conclu.<\/p>\n<p>Notons que les matinales sont des re\u0301unions re\u0301gulie\u0300res ouvertes au public sur des sujets strate\u0301giques discute\u0301s par des experts et des dirigeants.<\/p>\n<p><strong>Pour plus d&rsquo;informations et d&rsquo;analyses sur la <a href=\"https:\/\/www.africa-press.net\/congo-brazzaville\">Congo Brazzaville<\/a>, suivez <a href=\"https:\/\/www.africa-press.net\/\">Africa-Press<\/a><\/strong><\/p>\n","protected":false},"excerpt":{"rendered":"<p>Africa-Press &#8211; Congo Brazzaville. L\u2019institut national d\u2019intelligence strate\u0301gique (Inis), que dirige Patrice Passy, a organise\u0301, le 7 fe\u0301vrier, des rencontres de\u0301bats de\u0301nomme\u0301es matinales de l\u2019intelligence e\u0301conomique. Au cours de ces moments de partage, les participants ont discute\u0301 sur les causes du sous-de\u0301veloppement de l\u2019Afrique, le manque de dynamisme des citoyens et les attitudes a\u0300 adopter [&hellip;]<\/p>\n","protected":false},"author":82,"featured_media":14206,"comment_status":"open","ping_status":"closed","sticky":false,"template":"","format":"standard","meta":{"footnotes":""},"categories":[3,10],"tags":[36,47,46],"class_list":["post-14207","post","type-post","status-publish","format-standard","has-post-thumbnail","hentry","category-economie","category-toutes-les-actualites","tag-africa-press","tag-africa-press-congo-brazzaville","tag-congo-brazzaville"],"yoast_head":"<!-- This site is optimized with the Yoast SEO Premium plugin v26.1 (Yoast SEO v27.0) - https:\/\/yoast.com\/product\/yoast-seo-premium-wordpress\/ -->\n<title>Matinales de l\u2019intelligence \u00e9conomique : des Brazzavillois \u00e9changent sur l\u2019avenir de l\u2019Afrique - Congo Brazzaville<\/title>\n<meta name=\"description\" content=\"L\u2019institut national d\u2019intelligence strate\u0301gique (Inis), que dirige Patrice Passy, a organise\u0301, le 7 fe\u0301vrier, des ren ...\" \/>\n<meta name=\"robots\" content=\"index, follow, max-snippet:-1, max-image-preview:large, max-video-preview:-1\" \/>\n<link rel=\"canonical\" href=\"https:\/\/www.africa-press.net\/congo-brazzaville\/economie\/matinales-de-lintelligence-economique-des-brazzavillois-echangent-sur-lavenir-de-lafrique\" \/>\n<meta property=\"og:locale\" content=\"fr_FR\" \/>\n<meta property=\"og:type\" content=\"article\" \/>\n<meta property=\"og:title\" content=\"Matinales de l\u2019intelligence \u00e9conomique : des Brazzavillois \u00e9changent sur l\u2019avenir de l\u2019Afrique\" \/>\n<meta property=\"og:description\" content=\"L\u2019institut national d\u2019intelligence strate\u0301gique (Inis), que dirige Patrice Passy, a organise\u0301, le 7 fe\u0301vrier, des ren ...\" \/>\n<meta property=\"og:url\" content=\"https:\/\/www.africa-press.net\/congo-brazzaville\/economie\/matinales-de-lintelligence-economique-des-brazzavillois-echangent-sur-lavenir-de-lafrique\" \/>\n<meta property=\"og:site_name\" content=\"Congo Brazzaville\" \/>\n<meta property=\"article:published_time\" content=\"2023-02-08T22:56:47+00:00\" \/>\n<meta property=\"article:modified_time\" content=\"2023-02-08T23:42:01+00:00\" \/>\n<meta property=\"og:image\" content=\"https:\/\/static.africa-press.net\/congo-brazzaville\/sites\/51\/2023\/02\/postQueueImg_1675884411.75.jpg\" \/>\n\t<meta property=\"og:image:width\" content=\"1155\" \/>\n\t<meta property=\"og:image:height\" content=\"768\" \/>\n\t<meta property=\"og:image:type\" content=\"image\/jpeg\" \/>\n<meta name=\"author\" content=\"cfeditorfr\" \/>\n<meta name=\"twitter:card\" content=\"summary_large_image\" \/>\n<meta name=\"twitter:label1\" content=\"\u00c9crit par\" \/>\n\t<meta name=\"twitter:data1\" content=\"cfeditorfr\" \/>\n\t<meta name=\"twitter:label2\" content=\"Dur\u00e9e de lecture estim\u00e9e\" \/>\n\t<meta name=\"twitter:data2\" content=\"2 minutes\" \/>\n<script type=\"application\/ld+json\" class=\"yoast-schema-graph\">{\"@context\":\"https:\/\/schema.org\",\"@graph\":[{\"@type\":\"Article\",\"@id\":\"https:\/\/www.africa-press.net\/congo-brazzaville\/economie\/matinales-de-lintelligence-economique-des-brazzavillois-echangent-sur-lavenir-de-lafrique#article\",\"isPartOf\":{\"@id\":\"https:\/\/www.africa-press.net\/congo-brazzaville\/economie\/matinales-de-lintelligence-economique-des-brazzavillois-echangent-sur-lavenir-de-lafrique\"},\"author\":{\"name\":\"cfeditorfr\",\"@id\":\"https:\/\/www.africa-press.net\/congo-brazzaville\/#\/schema\/person\/2b1cf3cd81a31e3cd26889ca66d677f1\"},\"headline\":\"Matinales de l\u2019intelligence \u00e9conomique : des Brazzavillois \u00e9changent sur l\u2019avenir de l\u2019Afrique\",\"datePublished\":\"2023-02-08T22:56:47+00:00\",\"dateModified\":\"2023-02-08T23:42:01+00:00\",\"mainEntityOfPage\":{\"@id\":\"https:\/\/www.africa-press.net\/congo-brazzaville\/economie\/matinales-de-lintelligence-economique-des-brazzavillois-echangent-sur-lavenir-de-lafrique\"},\"wordCount\":440,\"commentCount\":0,\"image\":{\"@id\":\"https:\/\/www.africa-press.net\/congo-brazzaville\/economie\/matinales-de-lintelligence-economique-des-brazzavillois-echangent-sur-lavenir-de-lafrique#primaryimage\"},\"thumbnailUrl\":\"https:\/\/static.africa-press.net\/congo-brazzaville\/sites\/51\/2023\/02\/postQueueImg_1675884411.75.jpg\",\"keywords\":[\"Africa Press\",\"Africa Press-Congo Brazzaville\",\"Congo Brazzaville\"],\"articleSection\":[\"\u00c9conomie\",\"Toutes les actualit\u00e9s\"],\"inLanguage\":\"fr-FR\",\"potentialAction\":[{\"@type\":\"CommentAction\",\"name\":\"Comment\",\"target\":[\"https:\/\/www.africa-press.net\/congo-brazzaville\/economie\/matinales-de-lintelligence-economique-des-brazzavillois-echangent-sur-lavenir-de-lafrique#respond\"]}]},{\"@type\":\"WebPage\",\"@id\":\"https:\/\/www.africa-press.net\/congo-brazzaville\/economie\/matinales-de-lintelligence-economique-des-brazzavillois-echangent-sur-lavenir-de-lafrique\",\"url\":\"https:\/\/www.africa-press.net\/congo-brazzaville\/economie\/matinales-de-lintelligence-economique-des-brazzavillois-echangent-sur-lavenir-de-lafrique\",\"name\":\"Matinales de l\u2019intelligence \u00e9conomique : des Brazzavillois \u00e9changent sur l\u2019avenir de l\u2019Afrique - Congo Brazzaville\",\"isPartOf\":{\"@id\":\"https:\/\/www.africa-press.net\/congo-brazzaville\/#website\"},\"primaryImageOfPage\":{\"@id\":\"https:\/\/www.africa-press.net\/congo-brazzaville\/economie\/matinales-de-lintelligence-economique-des-brazzavillois-echangent-sur-lavenir-de-lafrique#primaryimage\"},\"image\":{\"@id\":\"https:\/\/www.africa-press.net\/congo-brazzaville\/economie\/matinales-de-lintelligence-economique-des-brazzavillois-echangent-sur-lavenir-de-lafrique#primaryimage\"},\"thumbnailUrl\":\"https:\/\/static.africa-press.net\/congo-brazzaville\/sites\/51\/2023\/02\/postQueueImg_1675884411.75.jpg\",\"datePublished\":\"2023-02-08T22:56:47+00:00\",\"dateModified\":\"2023-02-08T23:42:01+00:00\",\"author\":{\"@id\":\"https:\/\/www.africa-press.net\/congo-brazzaville\/#\/schema\/person\/2b1cf3cd81a31e3cd26889ca66d677f1\"},\"description\":\"L\u2019institut national d\u2019intelligence strate\u0301gique (Inis), que dirige Patrice Passy, a organise\u0301, le 7 fe\u0301vrier, des ren ...\",\"breadcrumb\":{\"@id\":\"https:\/\/www.africa-press.net\/congo-brazzaville\/economie\/matinales-de-lintelligence-economique-des-brazzavillois-echangent-sur-lavenir-de-lafrique#breadcrumb\"},\"inLanguage\":\"fr-FR\",\"potentialAction\":[{\"@type\":\"ReadAction\",\"target\":[\"https:\/\/www.africa-press.net\/congo-brazzaville\/economie\/matinales-de-lintelligence-economique-des-brazzavillois-echangent-sur-lavenir-de-lafrique\"]}]},{\"@type\":\"ImageObject\",\"inLanguage\":\"fr-FR\",\"@id\":\"https:\/\/www.africa-press.net\/congo-brazzaville\/economie\/matinales-de-lintelligence-economique-des-brazzavillois-echangent-sur-lavenir-de-lafrique#primaryimage\",\"url\":\"https:\/\/static.africa-press.net\/congo-brazzaville\/sites\/51\/2023\/02\/postQueueImg_1675884411.75.jpg\",\"contentUrl\":\"https:\/\/static.africa-press.net\/congo-brazzaville\/sites\/51\/2023\/02\/postQueueImg_1675884411.75.jpg\",\"width\":1155,\"height\":768,\"caption\":\"Matinales de l\u2019intelligence \u00e9conomique : des Brazzavillois \u00e9changent sur l\u2019avenir de l\u2019Afrique\"},{\"@type\":\"BreadcrumbList\",\"@id\":\"https:\/\/www.africa-press.net\/congo-brazzaville\/economie\/matinales-de-lintelligence-economique-des-brazzavillois-echangent-sur-lavenir-de-lafrique#breadcrumb\",\"itemListElement\":[{\"@type\":\"ListItem\",\"position\":1,\"name\":\"Accueil\",\"item\":\"https:\/\/www.africa-press.net\/congo-brazzaville\/\"},{\"@type\":\"ListItem\",\"position\":2,\"name\":\"Matinales de l\u2019intelligence \u00e9conomique : des Brazzavillois \u00e9changent sur l\u2019avenir de l\u2019Afrique\"}]},{\"@type\":\"WebSite\",\"@id\":\"https:\/\/www.africa-press.net\/congo-brazzaville\/#website\",\"url\":\"https:\/\/www.africa-press.net\/congo-brazzaville\/\",\"name\":\"Congo Brazzaville\",\"description\":\"Just another Africa News Agency Sites site\",\"potentialAction\":[{\"@type\":\"SearchAction\",\"target\":{\"@type\":\"EntryPoint\",\"urlTemplate\":\"https:\/\/www.africa-press.net\/congo-brazzaville\/?s={search_term_string}\"},\"query-input\":{\"@type\":\"PropertyValueSpecification\",\"valueRequired\":true,\"valueName\":\"search_term_string\"}}],\"inLanguage\":\"fr-FR\"},{\"@type\":\"Person\",\"@id\":\"https:\/\/www.africa-press.net\/congo-brazzaville\/#\/schema\/person\/2b1cf3cd81a31e3cd26889ca66d677f1\",\"name\":\"cfeditorfr\"}]}<\/script>\n<!-- \/ Yoast SEO Premium plugin. -->","yoast_head_json":{"title":"Matinales de l\u2019intelligence \u00e9conomique : des Brazzavillois \u00e9changent sur l\u2019avenir de l\u2019Afrique - Congo Brazzaville","description":"L\u2019institut national d\u2019intelligence strate\u0301gique (Inis), que dirige Patrice Passy, a organise\u0301, le 7 fe\u0301vrier, des ren ...","robots":{"index":"index","follow":"follow","max-snippet":"max-snippet:-1","max-image-preview":"max-image-preview:large","max-video-preview":"max-video-preview:-1"},"canonical":"https:\/\/www.africa-press.net\/congo-brazzaville\/economie\/matinales-de-lintelligence-economique-des-brazzavillois-echangent-sur-lavenir-de-lafrique","og_locale":"fr_FR","og_type":"article","og_title":"Matinales de l\u2019intelligence \u00e9conomique : des Brazzavillois \u00e9changent sur l\u2019avenir de l\u2019Afrique","og_description":"L\u2019institut national d\u2019intelligence strate\u0301gique (Inis), que dirige Patrice Passy, a organise\u0301, le 7 fe\u0301vrier, des ren ...","og_url":"https:\/\/www.africa-press.net\/congo-brazzaville\/economie\/matinales-de-lintelligence-economique-des-brazzavillois-echangent-sur-lavenir-de-lafrique","og_site_name":"Congo Brazzaville","article_published_time":"2023-02-08T22:56:47+00:00","article_modified_time":"2023-02-08T23:42:01+00:00","og_image":[{"width":1155,"height":768,"url":"https:\/\/static.africa-press.net\/congo-brazzaville\/sites\/51\/2023\/02\/postQueueImg_1675884411.75.jpg","type":"image\/jpeg"}],"author":"cfeditorfr","twitter_card":"summary_large_image","twitter_misc":{"\u00c9crit par":"cfeditorfr","Dur\u00e9e de lecture estim\u00e9e":"2 minutes"},"schema":{"@context":"https:\/\/schema.org","@graph":[{"@type":"Article","@id":"https:\/\/www.africa-press.net\/congo-brazzaville\/economie\/matinales-de-lintelligence-economique-des-brazzavillois-echangent-sur-lavenir-de-lafrique#article","isPartOf":{"@id":"https:\/\/www.africa-press.net\/congo-brazzaville\/economie\/matinales-de-lintelligence-economique-des-brazzavillois-echangent-sur-lavenir-de-lafrique"},"author":{"name":"cfeditorfr","@id":"https:\/\/www.africa-press.net\/congo-brazzaville\/#\/schema\/person\/2b1cf3cd81a31e3cd26889ca66d677f1"},"headline":"Matinales de l\u2019intelligence \u00e9conomique : des Brazzavillois \u00e9changent sur l\u2019avenir de l\u2019Afrique","datePublished":"2023-02-08T22:56:47+00:00","dateModified":"2023-02-08T23:42:01+00:00","mainEntityOfPage":{"@id":"https:\/\/www.africa-press.net\/congo-brazzaville\/economie\/matinales-de-lintelligence-economique-des-brazzavillois-echangent-sur-lavenir-de-lafrique"},"wordCount":440,"commentCount":0,"image":{"@id":"https:\/\/www.africa-press.net\/congo-brazzaville\/economie\/matinales-de-lintelligence-economique-des-brazzavillois-echangent-sur-lavenir-de-lafrique#primaryimage"},"thumbnailUrl":"https:\/\/static.africa-press.net\/congo-brazzaville\/sites\/51\/2023\/02\/postQueueImg_1675884411.75.jpg","keywords":["Africa Press","Africa Press-Congo Brazzaville","Congo Brazzaville"],"articleSection":["\u00c9conomie","Toutes les actualit\u00e9s"],"inLanguage":"fr-FR","potentialAction":[{"@type":"CommentAction","name":"Comment","target":["https:\/\/www.africa-press.net\/congo-brazzaville\/economie\/matinales-de-lintelligence-economique-des-brazzavillois-echangent-sur-lavenir-de-lafrique#respond"]}]},{"@type":"WebPage","@id":"https:\/\/www.africa-press.net\/congo-brazzaville\/economie\/matinales-de-lintelligence-economique-des-brazzavillois-echangent-sur-lavenir-de-lafrique","url":"https:\/\/www.africa-press.net\/congo-brazzaville\/economie\/matinales-de-lintelligence-economique-des-brazzavillois-echangent-sur-lavenir-de-lafrique","name":"Matinales de l\u2019intelligence \u00e9conomique : des Brazzavillois \u00e9changent sur l\u2019avenir de l\u2019Afrique - Congo Brazzaville","isPartOf":{"@id":"https:\/\/www.africa-press.net\/congo-brazzaville\/#website"},"primaryImageOfPage":{"@id":"https:\/\/www.africa-press.net\/congo-brazzaville\/economie\/matinales-de-lintelligence-economique-des-brazzavillois-echangent-sur-lavenir-de-lafrique#primaryimage"},"image":{"@id":"https:\/\/www.africa-press.net\/congo-brazzaville\/economie\/matinales-de-lintelligence-economique-des-brazzavillois-echangent-sur-lavenir-de-lafrique#primaryimage"},"thumbnailUrl":"https:\/\/static.africa-press.net\/congo-brazzaville\/sites\/51\/2023\/02\/postQueueImg_1675884411.75.jpg","datePublished":"2023-02-08T22:56:47+00:00","dateModified":"2023-02-08T23:42:01+00:00","author":{"@id":"https:\/\/www.africa-press.net\/congo-brazzaville\/#\/schema\/person\/2b1cf3cd81a31e3cd26889ca66d677f1"},"description":"L\u2019institut national d\u2019intelligence strate\u0301gique (Inis), que dirige Patrice Passy, a organise\u0301, le 7 fe\u0301vrier, des ren ...","breadcrumb":{"@id":"https:\/\/www.africa-press.net\/congo-brazzaville\/economie\/matinales-de-lintelligence-economique-des-brazzavillois-echangent-sur-lavenir-de-lafrique#breadcrumb"},"inLanguage":"fr-FR","potentialAction":[{"@type":"ReadAction","target":["https:\/\/www.africa-press.net\/congo-brazzaville\/economie\/matinales-de-lintelligence-economique-des-brazzavillois-echangent-sur-lavenir-de-lafrique"]}]},{"@type":"ImageObject","inLanguage":"fr-FR","@id":"https:\/\/www.africa-press.net\/congo-brazzaville\/economie\/matinales-de-lintelligence-economique-des-brazzavillois-echangent-sur-lavenir-de-lafrique#primaryimage","url":"https:\/\/static.africa-press.net\/congo-brazzaville\/sites\/51\/2023\/02\/postQueueImg_1675884411.75.jpg","contentUrl":"https:\/\/static.africa-press.net\/congo-brazzaville\/sites\/51\/2023\/02\/postQueueImg_1675884411.75.jpg","width":1155,"height":768,"caption":"Matinales de l\u2019intelligence \u00e9conomique : des Brazzavillois \u00e9changent sur l\u2019avenir de l\u2019Afrique"},{"@type":"BreadcrumbList","@id":"https:\/\/www.africa-press.net\/congo-brazzaville\/economie\/matinales-de-lintelligence-economique-des-brazzavillois-echangent-sur-lavenir-de-lafrique#breadcrumb","itemListElement":[{"@type":"ListItem","position":1,"name":"Accueil","item":"https:\/\/www.africa-press.net\/congo-brazzaville\/"},{"@type":"ListItem","position":2,"name":"Matinales de l\u2019intelligence \u00e9conomique : des Brazzavillois \u00e9changent sur l\u2019avenir de l\u2019Afrique"}]},{"@type":"WebSite","@id":"https:\/\/www.africa-press.net\/congo-brazzaville\/#website","url":"https:\/\/www.africa-press.net\/congo-brazzaville\/","name":"Congo Brazzaville","description":"Just another Africa News Agency Sites site","potentialAction":[{"@type":"SearchAction","target":{"@type":"EntryPoint","urlTemplate":"https:\/\/www.africa-press.net\/congo-brazzaville\/?s={search_term_string}"},"query-input":{"@type":"PropertyValueSpecification","valueRequired":true,"valueName":"search_term_string"}}],"inLanguage":"fr-FR"},{"@type":"Person","@id":"https:\/\/www.africa-press.net\/congo-brazzaville\/#\/schema\/person\/2b1cf3cd81a31e3cd26889ca66d677f1","name":"cfeditorfr"}]}},"_links":{"self":[{"href":"https:\/\/www.africa-press.net\/congo-brazzaville\/wp-json\/wp\/v2\/posts\/14207","targetHints":{"allow":["GET"]}}],"collection":[{"href":"https:\/\/www.africa-press.net\/congo-brazzaville\/wp-json\/wp\/v2\/posts"}],"about":[{"href":"https:\/\/www.africa-press.net\/congo-brazzaville\/wp-json\/wp\/v2\/types\/post"}],"author":[{"embeddable":true,"href":"https:\/\/www.africa-press.net\/congo-brazzaville\/wp-json\/wp\/v2\/users\/82"}],"replies":[{"embeddable":true,"href":"https:\/\/www.africa-press.net\/congo-brazzaville\/wp-json\/wp\/v2\/comments?post=14207"}],"version-history":[{"count":0,"href":"https:\/\/www.africa-press.net\/congo-brazzaville\/wp-json\/wp\/v2\/posts\/14207\/revisions"}],"wp:featuredmedia":[{"embeddable":true,"href":"https:\/\/www.africa-press.net\/congo-brazzaville\/wp-json\/wp\/v2\/media\/14206"}],"wp:attachment":[{"href":"https:\/\/www.africa-press.net\/congo-brazzaville\/wp-json\/wp\/v2\/media?parent=14207"}],"wp:term":[{"taxonomy":"category","embeddable":true,"href":"https:\/\/www.africa-press.net\/congo-brazzaville\/wp-json\/wp\/v2\/categories?post=14207"},{"taxonomy":"post_tag","embeddable":true,"href":"https:\/\/www.africa-press.net\/congo-brazzaville\/wp-json\/wp\/v2\/tags?post=14207"}],"curies":[{"name":"wp","href":"https:\/\/api.w.org\/{rel}","templated":true}]}}