{"id":14209,"date":"2023-02-08T22:56:55","date_gmt":"2023-02-08T22:56:55","guid":{"rendered":"https:\/\/www.africa-press.net\/congo-brazzaville\/politique\/enseignement-general-un-nouveau-directeur-au-ceg-nganga-edouard"},"modified":"2023-02-08T23:42:20","modified_gmt":"2023-02-08T23:42:20","slug":"enseignement-general-un-nouveau-directeur-au-ceg-nganga-edouard","status":"publish","type":"post","link":"https:\/\/www.africa-press.net\/congo-brazzaville\/toutes-les-actualites\/enseignement-general-un-nouveau-directeur-au-ceg-nganga-edouard","title":{"rendered":"Enseignement g\u00e9n\u00e9ral : un nouveau directeur au CEG Nganga-Edouard"},"content":{"rendered":"<p><span style=\"color: #ff6600\"><strong>Africa-Press &#8211; Congo Brazzaville. <\/strong><\/span><b>Le nouveau directeur du Colle\u0300ge d&rsquo;enseignement ge\u0301ne\u0301ral (CEG) Nganga-Edouard, Jean Michel Nziengui, a e\u0301te\u0301 installe\u0301 dans ses fonctions, le 8 fe\u0301vrier a\u0300 Brazzaville, en remplacement d&rsquo;Herve\u0301 Manana, mis aux arre\u0302ts pour tentative de viol d\u2019une e\u0301le\u0300ve mineure dans son bureau. <\/b><\/p>\n<p>\u00ab Ce qui s\u2019est passe\u0301 ici ne doit pas de\u0301boussoler les e\u0301le\u0300ves. Nous sommes tre\u0300s attache\u0301s a\u0300 ces jeunes filles qui ne demandent qu&rsquo;a\u0300 apprendre. Il ne sera plus jamais ainsi ni a\u0300 Nganga-Edouard ni dans aucun autre e\u0301tablissement \u00bb, a de\u0301clare\u0301 le ministre de l\u2019Enseignement pre\u0301scolaire, primaire, secondaire et de l\u2019Alphabe\u0301tisation, Jean Luc Mouthou, lors de la pre\u0301sentation du nouveau directeur aux e\u0301le\u0300ves, personnel enseignant et parents d\u2019e\u0301le\u0300ves.<\/p>\n<p>Pour le nouveau directeur, Jean Michel Nziengui, en dehors du travail pe\u0301dagogique habituel, il faut faire en sorte que psychologiquement les e\u0301le\u0300ves ne soient pas gagne\u0301s par le stress qui peut avoir des effets ne\u0301gatifs sur leurs re\u0301sultats scolaires. \u00ab Le code de bonne conduite et d\u2019autres textes qui re\u0301gissent le fonctionnement de l\u2019e\u0301cole congolaise doivent e\u0302tre applique\u0301s a\u0300 la lettre \u00bb, a-t-il souligne\u0301.<\/p>\n<p>En rappel, l\u2019ancien directeur du CEG Nganga-Edouard a e\u0301te\u0301 arre\u0302te\u0301, il y a quelques jours, en flagrant de\u0301lit sur une e\u0301le\u0300ve mineure. Une vide\u0301o qui circule sur les re\u0301seaux sociaux le montre devant le procureur de la Re\u0301publique pre\u0300s le tribunal de grande instance de Brazzaville, Andre\u0301 Oko Ngakala, avouant les faits qui lui sont reproche\u0301s. Dans la me\u0302me vide\u0301o, plusieurs victimes mineures du colle\u0300ge ont te\u0301moigne\u0301 sur le mode ope\u0301ratoire de l\u2019ancien directeur. Selon ces dernie\u0300res, il proce\u0301dait par des intimidations de renvoi en convoquant les e\u0301le\u0300ves a\u0300 son bureau ou\u0300 tout devrait se passer.<\/p>\n<p>Pour sa part, le pre\u0301sident de l&rsquo;Association des parents d&rsquo;e\u0301le\u0300ves et e\u0301tudiants du Congo, Gre\u0301goire Epouma, a salue\u0301 la sanction administrative en attendant la de\u0301cision de la justice. \u00ab La justice dira le droit pour de\u0301courager d\u2019autres pe\u0301dagogues qui se comportent de la sorte avec les e\u0301le\u0300ves \u00bb, a-t-il indique\u0301.<\/p>\n<p><strong>Pour plus d&rsquo;informations et d&rsquo;analyses sur la <a href=\"https:\/\/www.africa-press.net\/congo-brazzaville\">Congo Brazzaville<\/a>, suivez <a href=\"https:\/\/www.africa-press.net\/\">Africa-Press<\/a><\/strong><\/p>\n","protected":false},"excerpt":{"rendered":"<p>Africa-Press &#8211; Congo Brazzaville. Le nouveau directeur du Colle\u0300ge d&rsquo;enseignement ge\u0301ne\u0301ral (CEG) Nganga-Edouard, Jean Michel Nziengui, a e\u0301te\u0301 installe\u0301 dans ses fonctions, le 8 fe\u0301vrier a\u0300 Brazzaville, en remplacement d&rsquo;Herve\u0301 Manana, mis aux arre\u0302ts pour tentative de viol d\u2019une e\u0301le\u0300ve mineure dans son bureau. \u00ab Ce qui s\u2019est passe\u0301 ici ne doit pas de\u0301boussoler les [&hellip;]<\/p>\n","protected":false},"author":82,"featured_media":14208,"comment_status":"open","ping_status":"closed","sticky":false,"template":"","format":"standard","meta":{"footnotes":""},"categories":[21,10],"tags":[36,47,46],"class_list":["post-14209","post","type-post","status-publish","format-standard","has-post-thumbnail","hentry","category-communaute","category-toutes-les-actualites","tag-africa-press","tag-africa-press-congo-brazzaville","tag-congo-brazzaville"],"yoast_head":"<!-- This site is optimized with the Yoast SEO Premium plugin v26.1 (Yoast SEO v27.0) - https:\/\/yoast.com\/product\/yoast-seo-premium-wordpress\/ -->\n<title>Enseignement g\u00e9n\u00e9ral : un nouveau directeur au CEG Nganga-Edouard - Congo Brazzaville<\/title>\n<meta name=\"description\" content=\"Le nouveau directeur du Colle\u0300ge d&#039;enseignement ge\u0301ne\u0301ral (CEG) Nganga-Edouard, Jean Michel Nziengui, a e\u0301te\u0301 install ...\" \/>\n<meta name=\"robots\" content=\"index, follow, max-snippet:-1, max-image-preview:large, max-video-preview:-1\" \/>\n<link rel=\"canonical\" href=\"https:\/\/www.africa-press.net\/congo-brazzaville\/toutes-les-actualites\/enseignement-general-un-nouveau-directeur-au-ceg-nganga-edouard\" \/>\n<meta property=\"og:locale\" content=\"fr_FR\" \/>\n<meta property=\"og:type\" content=\"article\" \/>\n<meta property=\"og:title\" content=\"Enseignement g\u00e9n\u00e9ral : un nouveau directeur au CEG Nganga-Edouard\" \/>\n<meta property=\"og:description\" content=\"Le nouveau directeur du Colle\u0300ge d&#039;enseignement ge\u0301ne\u0301ral (CEG) Nganga-Edouard, Jean Michel Nziengui, a e\u0301te\u0301 install ...\" \/>\n<meta property=\"og:url\" content=\"https:\/\/www.africa-press.net\/congo-brazzaville\/toutes-les-actualites\/enseignement-general-un-nouveau-directeur-au-ceg-nganga-edouard\" \/>\n<meta property=\"og:site_name\" content=\"Congo Brazzaville\" \/>\n<meta property=\"article:published_time\" content=\"2023-02-08T22:56:55+00:00\" \/>\n<meta property=\"article:modified_time\" content=\"2023-02-08T23:42:20+00:00\" \/>\n<meta property=\"og:image\" content=\"https:\/\/static.africa-press.net\/congo-brazzaville\/sites\/51\/2023\/02\/postQueueImg_1675884419.31.jpg\" \/>\n\t<meta property=\"og:image:width\" content=\"1155\" \/>\n\t<meta property=\"og:image:height\" content=\"768\" \/>\n\t<meta property=\"og:image:type\" content=\"image\/jpeg\" \/>\n<meta name=\"author\" content=\"cfeditorfr\" \/>\n<meta name=\"twitter:card\" content=\"summary_large_image\" \/>\n<meta name=\"twitter:label1\" content=\"\u00c9crit par\" \/>\n\t<meta name=\"twitter:data1\" content=\"cfeditorfr\" \/>\n\t<meta name=\"twitter:label2\" content=\"Dur\u00e9e de lecture estim\u00e9e\" \/>\n\t<meta name=\"twitter:data2\" content=\"2 minutes\" \/>\n<script type=\"application\/ld+json\" class=\"yoast-schema-graph\">{\"@context\":\"https:\/\/schema.org\",\"@graph\":[{\"@type\":\"Article\",\"@id\":\"https:\/\/www.africa-press.net\/congo-brazzaville\/toutes-les-actualites\/enseignement-general-un-nouveau-directeur-au-ceg-nganga-edouard#article\",\"isPartOf\":{\"@id\":\"https:\/\/www.africa-press.net\/congo-brazzaville\/toutes-les-actualites\/enseignement-general-un-nouveau-directeur-au-ceg-nganga-edouard\"},\"author\":{\"name\":\"cfeditorfr\",\"@id\":\"https:\/\/www.africa-press.net\/congo-brazzaville\/#\/schema\/person\/2b1cf3cd81a31e3cd26889ca66d677f1\"},\"headline\":\"Enseignement g\u00e9n\u00e9ral : un nouveau directeur au CEG Nganga-Edouard\",\"datePublished\":\"2023-02-08T22:56:55+00:00\",\"dateModified\":\"2023-02-08T23:42:20+00:00\",\"mainEntityOfPage\":{\"@id\":\"https:\/\/www.africa-press.net\/congo-brazzaville\/toutes-les-actualites\/enseignement-general-un-nouveau-directeur-au-ceg-nganga-edouard\"},\"wordCount\":415,\"commentCount\":0,\"image\":{\"@id\":\"https:\/\/www.africa-press.net\/congo-brazzaville\/toutes-les-actualites\/enseignement-general-un-nouveau-directeur-au-ceg-nganga-edouard#primaryimage\"},\"thumbnailUrl\":\"https:\/\/static.africa-press.net\/congo-brazzaville\/sites\/51\/2023\/02\/postQueueImg_1675884419.31.jpg\",\"keywords\":[\"Africa Press\",\"Africa Press-Congo Brazzaville\",\"Congo Brazzaville\"],\"articleSection\":[\"Communaut\u00e9\",\"Toutes les actualit\u00e9s\"],\"inLanguage\":\"fr-FR\",\"potentialAction\":[{\"@type\":\"CommentAction\",\"name\":\"Comment\",\"target\":[\"https:\/\/www.africa-press.net\/congo-brazzaville\/toutes-les-actualites\/enseignement-general-un-nouveau-directeur-au-ceg-nganga-edouard#respond\"]}]},{\"@type\":\"WebPage\",\"@id\":\"https:\/\/www.africa-press.net\/congo-brazzaville\/toutes-les-actualites\/enseignement-general-un-nouveau-directeur-au-ceg-nganga-edouard\",\"url\":\"https:\/\/www.africa-press.net\/congo-brazzaville\/toutes-les-actualites\/enseignement-general-un-nouveau-directeur-au-ceg-nganga-edouard\",\"name\":\"Enseignement g\u00e9n\u00e9ral : un nouveau directeur au CEG Nganga-Edouard - Congo Brazzaville\",\"isPartOf\":{\"@id\":\"https:\/\/www.africa-press.net\/congo-brazzaville\/#website\"},\"primaryImageOfPage\":{\"@id\":\"https:\/\/www.africa-press.net\/congo-brazzaville\/toutes-les-actualites\/enseignement-general-un-nouveau-directeur-au-ceg-nganga-edouard#primaryimage\"},\"image\":{\"@id\":\"https:\/\/www.africa-press.net\/congo-brazzaville\/toutes-les-actualites\/enseignement-general-un-nouveau-directeur-au-ceg-nganga-edouard#primaryimage\"},\"thumbnailUrl\":\"https:\/\/static.africa-press.net\/congo-brazzaville\/sites\/51\/2023\/02\/postQueueImg_1675884419.31.jpg\",\"datePublished\":\"2023-02-08T22:56:55+00:00\",\"dateModified\":\"2023-02-08T23:42:20+00:00\",\"author\":{\"@id\":\"https:\/\/www.africa-press.net\/congo-brazzaville\/#\/schema\/person\/2b1cf3cd81a31e3cd26889ca66d677f1\"},\"description\":\"Le nouveau directeur du Colle\u0300ge d'enseignement ge\u0301ne\u0301ral (CEG) Nganga-Edouard, Jean Michel Nziengui, a e\u0301te\u0301 install ...\",\"breadcrumb\":{\"@id\":\"https:\/\/www.africa-press.net\/congo-brazzaville\/toutes-les-actualites\/enseignement-general-un-nouveau-directeur-au-ceg-nganga-edouard#breadcrumb\"},\"inLanguage\":\"fr-FR\",\"potentialAction\":[{\"@type\":\"ReadAction\",\"target\":[\"https:\/\/www.africa-press.net\/congo-brazzaville\/toutes-les-actualites\/enseignement-general-un-nouveau-directeur-au-ceg-nganga-edouard\"]}]},{\"@type\":\"ImageObject\",\"inLanguage\":\"fr-FR\",\"@id\":\"https:\/\/www.africa-press.net\/congo-brazzaville\/toutes-les-actualites\/enseignement-general-un-nouveau-directeur-au-ceg-nganga-edouard#primaryimage\",\"url\":\"https:\/\/static.africa-press.net\/congo-brazzaville\/sites\/51\/2023\/02\/postQueueImg_1675884419.31.jpg\",\"contentUrl\":\"https:\/\/static.africa-press.net\/congo-brazzaville\/sites\/51\/2023\/02\/postQueueImg_1675884419.31.jpg\",\"width\":1155,\"height\":768,\"caption\":\"Enseignement g\u00e9n\u00e9ral : un nouveau directeur au CEG Nganga-Edouard\"},{\"@type\":\"BreadcrumbList\",\"@id\":\"https:\/\/www.africa-press.net\/congo-brazzaville\/toutes-les-actualites\/enseignement-general-un-nouveau-directeur-au-ceg-nganga-edouard#breadcrumb\",\"itemListElement\":[{\"@type\":\"ListItem\",\"position\":1,\"name\":\"Accueil\",\"item\":\"https:\/\/www.africa-press.net\/congo-brazzaville\/\"},{\"@type\":\"ListItem\",\"position\":2,\"name\":\"Enseignement g\u00e9n\u00e9ral : un nouveau directeur au CEG Nganga-Edouard\"}]},{\"@type\":\"WebSite\",\"@id\":\"https:\/\/www.africa-press.net\/congo-brazzaville\/#website\",\"url\":\"https:\/\/www.africa-press.net\/congo-brazzaville\/\",\"name\":\"Congo Brazzaville\",\"description\":\"Just another Africa News Agency Sites site\",\"potentialAction\":[{\"@type\":\"SearchAction\",\"target\":{\"@type\":\"EntryPoint\",\"urlTemplate\":\"https:\/\/www.africa-press.net\/congo-brazzaville\/?s={search_term_string}\"},\"query-input\":{\"@type\":\"PropertyValueSpecification\",\"valueRequired\":true,\"valueName\":\"search_term_string\"}}],\"inLanguage\":\"fr-FR\"},{\"@type\":\"Person\",\"@id\":\"https:\/\/www.africa-press.net\/congo-brazzaville\/#\/schema\/person\/2b1cf3cd81a31e3cd26889ca66d677f1\",\"name\":\"cfeditorfr\"}]}<\/script>\n<!-- \/ Yoast SEO Premium plugin. -->","yoast_head_json":{"title":"Enseignement g\u00e9n\u00e9ral : un nouveau directeur au CEG Nganga-Edouard - Congo Brazzaville","description":"Le nouveau directeur du Colle\u0300ge d'enseignement ge\u0301ne\u0301ral (CEG) Nganga-Edouard, Jean Michel Nziengui, a e\u0301te\u0301 install ...","robots":{"index":"index","follow":"follow","max-snippet":"max-snippet:-1","max-image-preview":"max-image-preview:large","max-video-preview":"max-video-preview:-1"},"canonical":"https:\/\/www.africa-press.net\/congo-brazzaville\/toutes-les-actualites\/enseignement-general-un-nouveau-directeur-au-ceg-nganga-edouard","og_locale":"fr_FR","og_type":"article","og_title":"Enseignement g\u00e9n\u00e9ral : un nouveau directeur au CEG Nganga-Edouard","og_description":"Le nouveau directeur du Colle\u0300ge d'enseignement ge\u0301ne\u0301ral (CEG) Nganga-Edouard, Jean Michel Nziengui, a e\u0301te\u0301 install ...","og_url":"https:\/\/www.africa-press.net\/congo-brazzaville\/toutes-les-actualites\/enseignement-general-un-nouveau-directeur-au-ceg-nganga-edouard","og_site_name":"Congo Brazzaville","article_published_time":"2023-02-08T22:56:55+00:00","article_modified_time":"2023-02-08T23:42:20+00:00","og_image":[{"width":1155,"height":768,"url":"https:\/\/static.africa-press.net\/congo-brazzaville\/sites\/51\/2023\/02\/postQueueImg_1675884419.31.jpg","type":"image\/jpeg"}],"author":"cfeditorfr","twitter_card":"summary_large_image","twitter_misc":{"\u00c9crit par":"cfeditorfr","Dur\u00e9e de lecture estim\u00e9e":"2 minutes"},"schema":{"@context":"https:\/\/schema.org","@graph":[{"@type":"Article","@id":"https:\/\/www.africa-press.net\/congo-brazzaville\/toutes-les-actualites\/enseignement-general-un-nouveau-directeur-au-ceg-nganga-edouard#article","isPartOf":{"@id":"https:\/\/www.africa-press.net\/congo-brazzaville\/toutes-les-actualites\/enseignement-general-un-nouveau-directeur-au-ceg-nganga-edouard"},"author":{"name":"cfeditorfr","@id":"https:\/\/www.africa-press.net\/congo-brazzaville\/#\/schema\/person\/2b1cf3cd81a31e3cd26889ca66d677f1"},"headline":"Enseignement g\u00e9n\u00e9ral : un nouveau directeur au CEG Nganga-Edouard","datePublished":"2023-02-08T22:56:55+00:00","dateModified":"2023-02-08T23:42:20+00:00","mainEntityOfPage":{"@id":"https:\/\/www.africa-press.net\/congo-brazzaville\/toutes-les-actualites\/enseignement-general-un-nouveau-directeur-au-ceg-nganga-edouard"},"wordCount":415,"commentCount":0,"image":{"@id":"https:\/\/www.africa-press.net\/congo-brazzaville\/toutes-les-actualites\/enseignement-general-un-nouveau-directeur-au-ceg-nganga-edouard#primaryimage"},"thumbnailUrl":"https:\/\/static.africa-press.net\/congo-brazzaville\/sites\/51\/2023\/02\/postQueueImg_1675884419.31.jpg","keywords":["Africa Press","Africa Press-Congo Brazzaville","Congo Brazzaville"],"articleSection":["Communaut\u00e9","Toutes les actualit\u00e9s"],"inLanguage":"fr-FR","potentialAction":[{"@type":"CommentAction","name":"Comment","target":["https:\/\/www.africa-press.net\/congo-brazzaville\/toutes-les-actualites\/enseignement-general-un-nouveau-directeur-au-ceg-nganga-edouard#respond"]}]},{"@type":"WebPage","@id":"https:\/\/www.africa-press.net\/congo-brazzaville\/toutes-les-actualites\/enseignement-general-un-nouveau-directeur-au-ceg-nganga-edouard","url":"https:\/\/www.africa-press.net\/congo-brazzaville\/toutes-les-actualites\/enseignement-general-un-nouveau-directeur-au-ceg-nganga-edouard","name":"Enseignement g\u00e9n\u00e9ral : un nouveau directeur au CEG Nganga-Edouard - Congo Brazzaville","isPartOf":{"@id":"https:\/\/www.africa-press.net\/congo-brazzaville\/#website"},"primaryImageOfPage":{"@id":"https:\/\/www.africa-press.net\/congo-brazzaville\/toutes-les-actualites\/enseignement-general-un-nouveau-directeur-au-ceg-nganga-edouard#primaryimage"},"image":{"@id":"https:\/\/www.africa-press.net\/congo-brazzaville\/toutes-les-actualites\/enseignement-general-un-nouveau-directeur-au-ceg-nganga-edouard#primaryimage"},"thumbnailUrl":"https:\/\/static.africa-press.net\/congo-brazzaville\/sites\/51\/2023\/02\/postQueueImg_1675884419.31.jpg","datePublished":"2023-02-08T22:56:55+00:00","dateModified":"2023-02-08T23:42:20+00:00","author":{"@id":"https:\/\/www.africa-press.net\/congo-brazzaville\/#\/schema\/person\/2b1cf3cd81a31e3cd26889ca66d677f1"},"description":"Le nouveau directeur du Colle\u0300ge d'enseignement ge\u0301ne\u0301ral (CEG) Nganga-Edouard, Jean Michel Nziengui, a e\u0301te\u0301 install ...","breadcrumb":{"@id":"https:\/\/www.africa-press.net\/congo-brazzaville\/toutes-les-actualites\/enseignement-general-un-nouveau-directeur-au-ceg-nganga-edouard#breadcrumb"},"inLanguage":"fr-FR","potentialAction":[{"@type":"ReadAction","target":["https:\/\/www.africa-press.net\/congo-brazzaville\/toutes-les-actualites\/enseignement-general-un-nouveau-directeur-au-ceg-nganga-edouard"]}]},{"@type":"ImageObject","inLanguage":"fr-FR","@id":"https:\/\/www.africa-press.net\/congo-brazzaville\/toutes-les-actualites\/enseignement-general-un-nouveau-directeur-au-ceg-nganga-edouard#primaryimage","url":"https:\/\/static.africa-press.net\/congo-brazzaville\/sites\/51\/2023\/02\/postQueueImg_1675884419.31.jpg","contentUrl":"https:\/\/static.africa-press.net\/congo-brazzaville\/sites\/51\/2023\/02\/postQueueImg_1675884419.31.jpg","width":1155,"height":768,"caption":"Enseignement g\u00e9n\u00e9ral : un nouveau directeur au CEG Nganga-Edouard"},{"@type":"BreadcrumbList","@id":"https:\/\/www.africa-press.net\/congo-brazzaville\/toutes-les-actualites\/enseignement-general-un-nouveau-directeur-au-ceg-nganga-edouard#breadcrumb","itemListElement":[{"@type":"ListItem","position":1,"name":"Accueil","item":"https:\/\/www.africa-press.net\/congo-brazzaville\/"},{"@type":"ListItem","position":2,"name":"Enseignement g\u00e9n\u00e9ral : un nouveau directeur au CEG Nganga-Edouard"}]},{"@type":"WebSite","@id":"https:\/\/www.africa-press.net\/congo-brazzaville\/#website","url":"https:\/\/www.africa-press.net\/congo-brazzaville\/","name":"Congo Brazzaville","description":"Just another Africa News Agency Sites site","potentialAction":[{"@type":"SearchAction","target":{"@type":"EntryPoint","urlTemplate":"https:\/\/www.africa-press.net\/congo-brazzaville\/?s={search_term_string}"},"query-input":{"@type":"PropertyValueSpecification","valueRequired":true,"valueName":"search_term_string"}}],"inLanguage":"fr-FR"},{"@type":"Person","@id":"https:\/\/www.africa-press.net\/congo-brazzaville\/#\/schema\/person\/2b1cf3cd81a31e3cd26889ca66d677f1","name":"cfeditorfr"}]}},"_links":{"self":[{"href":"https:\/\/www.africa-press.net\/congo-brazzaville\/wp-json\/wp\/v2\/posts\/14209","targetHints":{"allow":["GET"]}}],"collection":[{"href":"https:\/\/www.africa-press.net\/congo-brazzaville\/wp-json\/wp\/v2\/posts"}],"about":[{"href":"https:\/\/www.africa-press.net\/congo-brazzaville\/wp-json\/wp\/v2\/types\/post"}],"author":[{"embeddable":true,"href":"https:\/\/www.africa-press.net\/congo-brazzaville\/wp-json\/wp\/v2\/users\/82"}],"replies":[{"embeddable":true,"href":"https:\/\/www.africa-press.net\/congo-brazzaville\/wp-json\/wp\/v2\/comments?post=14209"}],"version-history":[{"count":0,"href":"https:\/\/www.africa-press.net\/congo-brazzaville\/wp-json\/wp\/v2\/posts\/14209\/revisions"}],"wp:featuredmedia":[{"embeddable":true,"href":"https:\/\/www.africa-press.net\/congo-brazzaville\/wp-json\/wp\/v2\/media\/14208"}],"wp:attachment":[{"href":"https:\/\/www.africa-press.net\/congo-brazzaville\/wp-json\/wp\/v2\/media?parent=14209"}],"wp:term":[{"taxonomy":"category","embeddable":true,"href":"https:\/\/www.africa-press.net\/congo-brazzaville\/wp-json\/wp\/v2\/categories?post=14209"},{"taxonomy":"post_tag","embeddable":true,"href":"https:\/\/www.africa-press.net\/congo-brazzaville\/wp-json\/wp\/v2\/tags?post=14209"}],"curies":[{"name":"wp","href":"https:\/\/api.w.org\/{rel}","templated":true}]}}