{"id":1421,"date":"2021-08-28T21:23:42","date_gmt":"2021-08-28T21:23:42","guid":{"rendered":"https:\/\/www.africa-press.net\/congo-brazzaville\/?p=1421"},"modified":"2021-08-28T20:46:07","modified_gmt":"2021-08-28T20:46:07","slug":"enseignement-superieur-leglise-evangelique-du-congo-au-centre-dune-these-de-doctorat-unique","status":"publish","type":"post","link":"https:\/\/www.africa-press.net\/congo-brazzaville\/photo\/enseignement-superieur-leglise-evangelique-du-congo-au-centre-dune-these-de-doctorat-unique","title":{"rendered":"Enseignement sup\u00e9rieur : l\u2019\u00c9glise \u00e9vang\u00e9lique du Congo au centre d\u2019une th\u00e8se de doctorat unique"},"content":{"rendered":"<p><span style=\"color: #ff6600\"><strong><a href=\"https:\/\/www.africa-press.net\/\">Africa-Press<\/a> &#8211; <a href=\"https:\/\/www.africa-press.net\/congo-brazzaville\">Congo Brazzaville<\/a>. <\/strong><\/span><b>Intitul\u00e9e \u00ab L\u2019\u00c9glise \u00e9vang\u00e9lique du Congo : l\u2019\u00e9thos protestant \u00e0 l\u2019\u00e9preuve des pratiques du \u00ab\u00a0monde\u00a0\u00bb et des mutations sociales \u00bb, la th\u00e8se de doctorat unique de Richard Macaire Lengo a \u00e9t\u00e9 soutenue \u00e0 l\u2019auditorium de la grande biblioth\u00e8que de l\u2019universit\u00e9 Marien-Ngouabi.<\/b><\/p>\n<p>Port\u00e9e essentiellement sur la mutation de l\u2019ethos au Congo-Brazzaville, avec pour champ d\u2019\u00e9tude l\u2019\u00c9glise \u00e9vang\u00e9lique du Congo, la th\u00e8se de Richard Macaire Lengo, docteur en sociologie \u00e0 la Facult\u00e9 des lettres, arts et sciences humaines de l\u2019universit\u00e9 Marien-Ngouabi (UMNG) de Brazzaville, a \u00e9t\u00e9 dirig\u00e9e par R\u00e9gine Tchicaya-Oboa, ma\u00eetre de conf\u00e9rences \u00e0 cette universit\u00e9.<\/p>\n<p>Cette th\u00e8se consiste, en effet, en une analyse historico-comparative entre l\u2019\u00e9glise protestante d\u2019hier et celle d\u2019aujourd\u2019hui. L\u2019objectif g\u00e9n\u00e9ral \u00e9tant d\u2019identifier les facteurs de l\u2019expansion des logiques du \u00ab monde \u00bb au sein de l\u2019\u00c9glise \u00e9vang\u00e9lique du Congo aujourd\u2019hui, ainsi que d\u2019expliquer comment la conjonction de ces facteurs ainsi identifi\u00e9s contribue \u00e0 la mutation de l\u2019\u00e9thos protestant. Cette th\u00e8se s&rsquo;est propos\u00e9e d\u2019analyser les m\u00e9canismes d\u00e9terminant la mutation de l\u2019\u00e9thos protestant au Congo. L\u2019enjeu th\u00e9orique \u00e9tant de comprendre comment une organisation charg\u00e9e de g\u00e9rer les biens de salut, reposant sur un code moral strict et qui vise \u00e0 convertir le monde, est devenue le lieu o\u00f9 se d\u00e9veloppent des comportements \u00ab d\u00e9viants \u00bb refl\u00e9tant les logiques du \u00ab monde \u00bb. Au bout du compte, la mutation de l\u2019ethos protestant constitue un ph\u00e9nom\u00e8ne global.<\/p>\n<p><b>\u00ab Nous sommes partis du constat sur la prolif\u00e9ration des comportements d\u00e9viants et des pratiques dites du \u00ab\u00a0monde\u00a0\u00bb au sein de cette organisation eccl\u00e9siale, avec comme corollaire la mutation de l\u2019ethos protestant. Cette situation tranche avec l\u2019\u00e8re du \u00ab\u00a0kedika\u00a0\u00bb aussi appel\u00e9e l\u2019\u00e9poque des \u00ab\u00a0Ba tata\u00a0\u00bb o\u00f9 il y avait manifestement la mat\u00e9rialisation de l\u2019ethos protestant, la mise en avant du rigorisme protestant. Eu \u00e9gard \u00e0 ces consid\u00e9rations et pour mener \u00e0 bien notre recherche, nous nous sommes pos\u00e9s la question de savoir pourquoi l\u2019\u00e9thos protestant, caract\u00e9ristique intrins\u00e8que des chr\u00e9tiens de l\u2019\u00c9glise \u00e9vang\u00e9lique du Congo, s\u2019est-elle aujourd\u2019hui d\u00e9lit\u00e9e ? \u00bb<\/b><\/p>\n<p>, a d\u00e9clar\u00e9 l\u2019imp\u00e9trant.<\/p>\n<p>De ce questionnement, l\u2019hypoth\u00e8se de cette r\u00e9flexion est formul\u00e9e ainsi qu\u2019il suit : la mutation de l\u2019ethos protestant est imputable aussi bien aux mutations sociales affectant l\u2019ensemble de la soci\u00e9t\u00e9 congolaise, lesquelles sont confort\u00e9es par l\u2019effondrement du contr\u00f4le social et moral dans un environnement mondial effervescent, que par les pesanteurs \u00e9conomiques conduisant \u00e0 la conversion de l\u2019\u00e9thos de vocation en un \u00e9thos de professionnalisation ou de fonctionnariat au sein de l\u2019 l\u2019\u00c9glise \u00e9vang\u00e9lique du Congo, a indiqu\u00e9 Richard Macaire Lengo.<\/p>\n<p>Au terme de cette analyse, l\u2019hypoth\u00e8se de recherche a \u00e9t\u00e9 largement confirm\u00e9e. En effet, sur 261 personnes constituant l\u2019\u00e9chantillon, 204, soit 78,16%, affirment que la mutation de l\u2019ethos protestant s\u2019explique par le manque de vocation des serviteurs d\u00fb \u00e0 la conversion de l\u2019ethos de vocation en un ethos de professionnalisation r\u00e9sultant du ch\u00f4mage end\u00e9mique, de la pauvret\u00e9 ou de la pr\u00e9carit\u00e9 \u00e9conomique des acteurs sociaux. 42 enqu\u00eat\u00e9s, soit 16,09%, estiment que la mutation de l\u2019ethos protestant est due aux effets pervers de la multiplicit\u00e9 des instances de socialisation sur le comportement des acteurs sociaux. Douze personnes interrog\u00e9es, soit 4,59%, expliquent la mutation de l\u2019ethos protestant par l\u2019intellectualisation du minist\u00e8re pastoral, l\u2019effritement de l\u2019image des hommes de Dieu ainsi que par l\u2019inadaptabilit\u00e9 des pr\u00eaches par rapport au contexte actuel.<\/p>\n<p>A l\u2019issue de la soutenance, le jury pr\u00e9sid\u00e9 par Joseph Tonda, professeur de l\u2019universit\u00e9 Omar Bongo de Libreville, a attribu\u00e9 la mention \u00ab Tr\u00e8s honorable \u00bb \u00e0 Richard Macaire Lengo.<\/p>\n<p>N\u00e9 le 6 mai 1972 \u00e0 Bokagna, dans la sous-pr\u00e9fecture de Makoua, Richard Macaire Lengo est d\u00e9tenteur du doctorat unique en sociologie \u00e0 l\u2019universit\u00e9 Marien-Ngouabi de Brazzaville avec mention tr\u00e8s honorable, courant cette ann\u00e9e 2021. Enseignant-chercheur \u00e0 cette universit\u00e9 depuis septembre 2016 avec comme attribution principale la dispensation de certains enseignements et l\u2019encadrement des \u00e9tudiants en travaux dirig\u00e9s dans les domaines de sa comp\u00e9tence.<\/p>\n<p>Richard Macaire Lengo a suivi \u00e9galement une formation en logistique et approvisionnement, en gestion comptable, en banque et caisse, en planification et gestion budg\u00e9taire donn\u00e9e par le cabinet Poca Consulting du 4 f\u00e9vrier au 13 mars 2013.<\/p>\n\r\n                <style type=\"text\/css\">\r\n                    \r\n                    #td_uid_1_69f457071dfbe  .td-doubleSlider-2 .td-item1 {\r\n                        background: url(https:\/\/static.africa-press.net\/centrafricaine\/sites\/51\/2021\/08\/img-612aa0631245a-80x60.jpg) 0 0 no-repeat;\r\n                    }\r\n                    #td_uid_1_69f457071dfbe  .td-doubleSlider-2 .td-item2 {\r\n                        background: url(https:\/\/static.africa-press.net\/centrafricaine\/sites\/51\/2021\/08\/img-612aa06d25907-80x60.jpg) 0 0 no-repeat;\r\n                    }\r\n                <\/style>\r\n\r\n                <div id=\"td_uid_1_69f457071dfbe\" class=\"td-gallery td-slide-on-2-columns\">\r\n                    <div class=\"post_td_gallery\">\r\n                        <div class=\"td-gallery-slide-top\">\r\n                           <div class=\"td-gallery-title\"><\/div>\r\n\r\n                            <div class=\"td-gallery-controls-wrapper\">\r\n                                <div class=\"td-gallery-slide-count\"><span class=\"td-gallery-slide-item-focus\">1<\/span> de 3<\/div>\r\n                                <div class=\"td-gallery-slide-prev-next-but\">\r\n                                    <i class = \"td-icon-left doubleSliderPrevButton\"><\/i>\r\n                                    <i class = \"td-icon-right doubleSliderNextButton\"><\/i>\r\n                                <\/div>\r\n                            <\/div>\r\n                        <\/div>\r\n\r\n                        <div class = \"td-doubleSlider-1 \">\r\n                            <div class = \"td-slider\">\r\n                                \r\n                    <div class = \"td-slide-item td-item1\">\r\n                        <figure class=\"td-slide-galery-figure td-slide-popup-gallery\">\r\n                            <a class=\"slide-gallery-image-link\" href=\"https:\/\/static.africa-press.net\/centrafricaine\/sites\/51\/2021\/08\/img-612aa0631245a.jpg\" title=\"img-612aa0631245a\"  data-caption=\"\"  data-description=\"\">\r\n                                <img decoding=\"async\" src=\"https:\/\/static.africa-press.net\/centrafricaine\/sites\/51\/2021\/08\/img-612aa0631245a.jpg\" srcset=\"https:\/\/static.africa-press.net\/congo-brazzaville\/sites\/51\/2021\/08\/img-612aa0631245a.jpg 720w, https:\/\/static.africa-press.net\/congo-brazzaville\/sites\/51\/2021\/08\/img-612aa0631245a-232x300.jpg 232w\" sizes=\"(max-width: 720px) 100vw, 720px\" alt=\"\">\r\n                            <\/a>\r\n                            \r\n                        <\/figure>\r\n                    <\/div>\r\n                    <div class = \"td-slide-item td-item2\">\r\n                        <figure class=\"td-slide-galery-figure td-slide-popup-gallery\">\r\n                            <a class=\"slide-gallery-image-link\" href=\"https:\/\/static.africa-press.net\/centrafricaine\/sites\/51\/2021\/08\/img-612aa06d25907.jpg\" title=\"img-612aa06d25907\"  data-caption=\"\"  data-description=\"\">\r\n                                <img decoding=\"async\" src=\"https:\/\/static.africa-press.net\/centrafricaine\/sites\/51\/2021\/08\/img-612aa06d25907.jpg\" srcset=\"https:\/\/static.africa-press.net\/congo-brazzaville\/sites\/51\/2021\/08\/img-612aa06d25907.jpg 720w, https:\/\/static.africa-press.net\/congo-brazzaville\/sites\/51\/2021\/08\/img-612aa06d25907-300x215.jpg 300w\" sizes=\"(max-width: 720px) 100vw, 720px\" alt=\"\">\r\n                            <\/a>\r\n                            \r\n                        <\/figure>\r\n                    <\/div>\r\n                            <\/div>\r\n                        <\/div>\r\n\r\n                        <div class = \"td-doubleSlider-2\">\r\n                            <div class = \"td-slider\">\r\n                                \r\n                    <div class = \"td-button td-item1\">\r\n                        <div class = \"td-border\"><\/div>\r\n                    <\/div>\r\n                    <div class = \"td-button td-item2\">\r\n                        <div class = \"td-border\"><\/div>\r\n                    <\/div>\r\n                            <\/div>\r\n                        <\/div>\r\n\r\n                    <\/div>\r\n\r\n                <\/div>\r\n                \n","protected":false},"excerpt":{"rendered":"<p>Africa-Press &#8211; Congo Brazzaville. Intitul\u00e9e \u00ab L\u2019\u00c9glise \u00e9vang\u00e9lique du Congo : l\u2019\u00e9thos protestant \u00e0 l\u2019\u00e9preuve des pratiques du \u00ab\u00a0monde\u00a0\u00bb et des mutations sociales \u00bb, la th\u00e8se de doctorat unique de Richard Macaire Lengo a \u00e9t\u00e9 soutenue \u00e0 l\u2019auditorium de la grande biblioth\u00e8que de l\u2019universit\u00e9 Marien-Ngouabi. Port\u00e9e essentiellement sur la mutation de l\u2019ethos au Congo-Brazzaville, avec [&hellip;]<\/p>\n","protected":false},"author":82,"featured_media":1420,"comment_status":"open","ping_status":"closed","sticky":false,"template":"","format":"standard","meta":{"footnotes":""},"categories":[21,11,8,20,10],"tags":[36,47,46],"class_list":["post-1421","post","type-post","status-publish","format-standard","has-post-thumbnail","hentry","category-communaute","category-homepage-french","category-photo","category-top-nouvelles","category-toutes-les-actualites","tag-africa-press","tag-africa-press-congo-brazzaville","tag-congo-brazzaville"],"yoast_head":"<!-- This site is optimized with the Yoast SEO Premium plugin v26.1 (Yoast SEO v27.0) - https:\/\/yoast.com\/product\/yoast-seo-premium-wordpress\/ -->\n<title>Enseignement sup\u00e9rieur : l\u2019\u00c9glise \u00e9vang\u00e9lique du Congo au centre d\u2019une th\u00e8se de doctorat unique - Congo Brazzaville<\/title>\n<meta name=\"description\" content=\"Intitul\u00e9e \u00ab L\u2019\u00c9glise \u00e9vang\u00e9lique du Congo : l\u2019\u00e9thos protestant \u00e0 l\u2019\u00e9preuve des pratiques du &quot;monde&quot; et des mutations ...\" \/>\n<meta name=\"robots\" content=\"index, follow, max-snippet:-1, max-image-preview:large, max-video-preview:-1\" \/>\n<link rel=\"canonical\" href=\"https:\/\/www.africa-press.net\/congo-brazzaville\/photo\/enseignement-superieur-leglise-evangelique-du-congo-au-centre-dune-these-de-doctorat-unique\" \/>\n<meta property=\"og:locale\" content=\"fr_FR\" \/>\n<meta property=\"og:type\" content=\"article\" \/>\n<meta property=\"og:title\" content=\"Enseignement sup\u00e9rieur : l\u2019\u00c9glise \u00e9vang\u00e9lique du Congo au centre d\u2019une th\u00e8se de doctorat unique\" \/>\n<meta property=\"og:description\" content=\"Intitul\u00e9e \u00ab L\u2019\u00c9glise \u00e9vang\u00e9lique du Congo : l\u2019\u00e9thos protestant \u00e0 l\u2019\u00e9preuve des pratiques du &quot;monde&quot; et des mutations ...\" \/>\n<meta property=\"og:url\" content=\"https:\/\/www.africa-press.net\/congo-brazzaville\/photo\/enseignement-superieur-leglise-evangelique-du-congo-au-centre-dune-these-de-doctorat-unique\" \/>\n<meta property=\"og:site_name\" content=\"Congo Brazzaville\" \/>\n<meta property=\"article:published_time\" content=\"2021-08-28T21:23:42+00:00\" \/>\n<meta property=\"og:image\" content=\"https:\/\/static.africa-press.net\/centrafricaine\/sites\/51\/2021\/08\/img-612aa074a03a0.jpg\" \/>\n\t<meta property=\"og:image:width\" content=\"720\" \/>\n\t<meta property=\"og:image:height\" content=\"515\" \/>\n\t<meta property=\"og:image:type\" content=\"image\/jpeg\" \/>\n<meta name=\"author\" content=\"cfeditorfr\" \/>\n<meta name=\"twitter:card\" content=\"summary_large_image\" \/>\n<meta name=\"twitter:label1\" content=\"\u00c9crit par\" \/>\n\t<meta name=\"twitter:data1\" content=\"cfeditorfr\" \/>\n\t<meta name=\"twitter:label2\" content=\"Dur\u00e9e de lecture estim\u00e9e\" \/>\n\t<meta name=\"twitter:data2\" content=\"4 minutes\" \/>\n<script type=\"application\/ld+json\" class=\"yoast-schema-graph\">{\"@context\":\"https:\/\/schema.org\",\"@graph\":[{\"@type\":\"Article\",\"@id\":\"https:\/\/www.africa-press.net\/congo-brazzaville\/photo\/enseignement-superieur-leglise-evangelique-du-congo-au-centre-dune-these-de-doctorat-unique#article\",\"isPartOf\":{\"@id\":\"https:\/\/www.africa-press.net\/congo-brazzaville\/photo\/enseignement-superieur-leglise-evangelique-du-congo-au-centre-dune-these-de-doctorat-unique\"},\"author\":{\"name\":\"cfeditorfr\",\"@id\":\"https:\/\/www.africa-press.net\/congo-brazzaville\/#\/schema\/person\/2b1cf3cd81a31e3cd26889ca66d677f1\"},\"headline\":\"Enseignement sup\u00e9rieur : l\u2019\u00c9glise \u00e9vang\u00e9lique du Congo au centre d\u2019une th\u00e8se de doctorat unique\",\"datePublished\":\"2021-08-28T21:23:42+00:00\",\"mainEntityOfPage\":{\"@id\":\"https:\/\/www.africa-press.net\/congo-brazzaville\/photo\/enseignement-superieur-leglise-evangelique-du-congo-au-centre-dune-these-de-doctorat-unique\"},\"wordCount\":784,\"commentCount\":0,\"image\":{\"@id\":\"https:\/\/www.africa-press.net\/congo-brazzaville\/photo\/enseignement-superieur-leglise-evangelique-du-congo-au-centre-dune-these-de-doctorat-unique#primaryimage\"},\"thumbnailUrl\":\"https:\/\/static.africa-press.net\/centrafricaine\/sites\/51\/2021\/08\/img-612aa074a03a0.jpg\",\"keywords\":[\"Africa Press\",\"Africa Press-Congo Brazzaville\",\"Congo Brazzaville\"],\"articleSection\":[\"Communaut\u00e9\",\"homepage-french\",\"Photo\",\"Top Nouvelles\",\"Toutes les actualit\u00e9s\"],\"inLanguage\":\"fr-FR\",\"potentialAction\":[{\"@type\":\"CommentAction\",\"name\":\"Comment\",\"target\":[\"https:\/\/www.africa-press.net\/congo-brazzaville\/photo\/enseignement-superieur-leglise-evangelique-du-congo-au-centre-dune-these-de-doctorat-unique#respond\"]}]},{\"@type\":\"WebPage\",\"@id\":\"https:\/\/www.africa-press.net\/congo-brazzaville\/photo\/enseignement-superieur-leglise-evangelique-du-congo-au-centre-dune-these-de-doctorat-unique\",\"url\":\"https:\/\/www.africa-press.net\/congo-brazzaville\/photo\/enseignement-superieur-leglise-evangelique-du-congo-au-centre-dune-these-de-doctorat-unique\",\"name\":\"Enseignement sup\u00e9rieur : l\u2019\u00c9glise \u00e9vang\u00e9lique du Congo au centre d\u2019une th\u00e8se de doctorat unique - Congo Brazzaville\",\"isPartOf\":{\"@id\":\"https:\/\/www.africa-press.net\/congo-brazzaville\/#website\"},\"primaryImageOfPage\":{\"@id\":\"https:\/\/www.africa-press.net\/congo-brazzaville\/photo\/enseignement-superieur-leglise-evangelique-du-congo-au-centre-dune-these-de-doctorat-unique#primaryimage\"},\"image\":{\"@id\":\"https:\/\/www.africa-press.net\/congo-brazzaville\/photo\/enseignement-superieur-leglise-evangelique-du-congo-au-centre-dune-these-de-doctorat-unique#primaryimage\"},\"thumbnailUrl\":\"https:\/\/static.africa-press.net\/centrafricaine\/sites\/51\/2021\/08\/img-612aa074a03a0.jpg\",\"datePublished\":\"2021-08-28T21:23:42+00:00\",\"author\":{\"@id\":\"https:\/\/www.africa-press.net\/congo-brazzaville\/#\/schema\/person\/2b1cf3cd81a31e3cd26889ca66d677f1\"},\"description\":\"Intitul\u00e9e \u00ab L\u2019\u00c9glise \u00e9vang\u00e9lique du Congo : l\u2019\u00e9thos protestant \u00e0 l\u2019\u00e9preuve des pratiques du \\\"monde\\\" et des mutations ...\",\"breadcrumb\":{\"@id\":\"https:\/\/www.africa-press.net\/congo-brazzaville\/photo\/enseignement-superieur-leglise-evangelique-du-congo-au-centre-dune-these-de-doctorat-unique#breadcrumb\"},\"inLanguage\":\"fr-FR\",\"potentialAction\":[{\"@type\":\"ReadAction\",\"target\":[\"https:\/\/www.africa-press.net\/congo-brazzaville\/photo\/enseignement-superieur-leglise-evangelique-du-congo-au-centre-dune-these-de-doctorat-unique\"]}]},{\"@type\":\"ImageObject\",\"inLanguage\":\"fr-FR\",\"@id\":\"https:\/\/www.africa-press.net\/congo-brazzaville\/photo\/enseignement-superieur-leglise-evangelique-du-congo-au-centre-dune-these-de-doctorat-unique#primaryimage\",\"url\":\"https:\/\/static.africa-press.net\/centrafricaine\/sites\/51\/2021\/08\/img-612aa074a03a0.jpg\",\"contentUrl\":\"https:\/\/static.africa-press.net\/centrafricaine\/sites\/51\/2021\/08\/img-612aa074a03a0.jpg\",\"width\":720,\"height\":515,\"caption\":\"Enseignement sup\u00e9rieur : l\u2019\u00c9glise \u00e9vang\u00e9lique du Congo au centre d\u2019une th\u00e8se de doctorat unique\"},{\"@type\":\"BreadcrumbList\",\"@id\":\"https:\/\/www.africa-press.net\/congo-brazzaville\/photo\/enseignement-superieur-leglise-evangelique-du-congo-au-centre-dune-these-de-doctorat-unique#breadcrumb\",\"itemListElement\":[{\"@type\":\"ListItem\",\"position\":1,\"name\":\"Accueil\",\"item\":\"https:\/\/www.africa-press.net\/congo-brazzaville\/\"},{\"@type\":\"ListItem\",\"position\":2,\"name\":\"Enseignement sup\u00e9rieur : l\u2019\u00c9glise \u00e9vang\u00e9lique du Congo au centre d\u2019une th\u00e8se de doctorat unique\"}]},{\"@type\":\"WebSite\",\"@id\":\"https:\/\/www.africa-press.net\/congo-brazzaville\/#website\",\"url\":\"https:\/\/www.africa-press.net\/congo-brazzaville\/\",\"name\":\"Congo Brazzaville\",\"description\":\"Just another Africa News Agency Sites site\",\"potentialAction\":[{\"@type\":\"SearchAction\",\"target\":{\"@type\":\"EntryPoint\",\"urlTemplate\":\"https:\/\/www.africa-press.net\/congo-brazzaville\/?s={search_term_string}\"},\"query-input\":{\"@type\":\"PropertyValueSpecification\",\"valueRequired\":true,\"valueName\":\"search_term_string\"}}],\"inLanguage\":\"fr-FR\"},{\"@type\":\"Person\",\"@id\":\"https:\/\/www.africa-press.net\/congo-brazzaville\/#\/schema\/person\/2b1cf3cd81a31e3cd26889ca66d677f1\",\"name\":\"cfeditorfr\"}]}<\/script>\n<!-- \/ Yoast SEO Premium plugin. -->","yoast_head_json":{"title":"Enseignement sup\u00e9rieur : l\u2019\u00c9glise \u00e9vang\u00e9lique du Congo au centre d\u2019une th\u00e8se de doctorat unique - Congo Brazzaville","description":"Intitul\u00e9e \u00ab L\u2019\u00c9glise \u00e9vang\u00e9lique du Congo : l\u2019\u00e9thos protestant \u00e0 l\u2019\u00e9preuve des pratiques du \"monde\" et des mutations ...","robots":{"index":"index","follow":"follow","max-snippet":"max-snippet:-1","max-image-preview":"max-image-preview:large","max-video-preview":"max-video-preview:-1"},"canonical":"https:\/\/www.africa-press.net\/congo-brazzaville\/photo\/enseignement-superieur-leglise-evangelique-du-congo-au-centre-dune-these-de-doctorat-unique","og_locale":"fr_FR","og_type":"article","og_title":"Enseignement sup\u00e9rieur : l\u2019\u00c9glise \u00e9vang\u00e9lique du Congo au centre d\u2019une th\u00e8se de doctorat unique","og_description":"Intitul\u00e9e \u00ab L\u2019\u00c9glise \u00e9vang\u00e9lique du Congo : l\u2019\u00e9thos protestant \u00e0 l\u2019\u00e9preuve des pratiques du \"monde\" et des mutations ...","og_url":"https:\/\/www.africa-press.net\/congo-brazzaville\/photo\/enseignement-superieur-leglise-evangelique-du-congo-au-centre-dune-these-de-doctorat-unique","og_site_name":"Congo Brazzaville","article_published_time":"2021-08-28T21:23:42+00:00","og_image":[{"width":720,"height":515,"url":"https:\/\/static.africa-press.net\/centrafricaine\/sites\/51\/2021\/08\/img-612aa074a03a0.jpg","type":"image\/jpeg"}],"author":"cfeditorfr","twitter_card":"summary_large_image","twitter_misc":{"\u00c9crit par":"cfeditorfr","Dur\u00e9e de lecture estim\u00e9e":"4 minutes"},"schema":{"@context":"https:\/\/schema.org","@graph":[{"@type":"Article","@id":"https:\/\/www.africa-press.net\/congo-brazzaville\/photo\/enseignement-superieur-leglise-evangelique-du-congo-au-centre-dune-these-de-doctorat-unique#article","isPartOf":{"@id":"https:\/\/www.africa-press.net\/congo-brazzaville\/photo\/enseignement-superieur-leglise-evangelique-du-congo-au-centre-dune-these-de-doctorat-unique"},"author":{"name":"cfeditorfr","@id":"https:\/\/www.africa-press.net\/congo-brazzaville\/#\/schema\/person\/2b1cf3cd81a31e3cd26889ca66d677f1"},"headline":"Enseignement sup\u00e9rieur : l\u2019\u00c9glise \u00e9vang\u00e9lique du Congo au centre d\u2019une th\u00e8se de doctorat unique","datePublished":"2021-08-28T21:23:42+00:00","mainEntityOfPage":{"@id":"https:\/\/www.africa-press.net\/congo-brazzaville\/photo\/enseignement-superieur-leglise-evangelique-du-congo-au-centre-dune-these-de-doctorat-unique"},"wordCount":784,"commentCount":0,"image":{"@id":"https:\/\/www.africa-press.net\/congo-brazzaville\/photo\/enseignement-superieur-leglise-evangelique-du-congo-au-centre-dune-these-de-doctorat-unique#primaryimage"},"thumbnailUrl":"https:\/\/static.africa-press.net\/centrafricaine\/sites\/51\/2021\/08\/img-612aa074a03a0.jpg","keywords":["Africa Press","Africa Press-Congo Brazzaville","Congo Brazzaville"],"articleSection":["Communaut\u00e9","homepage-french","Photo","Top Nouvelles","Toutes les actualit\u00e9s"],"inLanguage":"fr-FR","potentialAction":[{"@type":"CommentAction","name":"Comment","target":["https:\/\/www.africa-press.net\/congo-brazzaville\/photo\/enseignement-superieur-leglise-evangelique-du-congo-au-centre-dune-these-de-doctorat-unique#respond"]}]},{"@type":"WebPage","@id":"https:\/\/www.africa-press.net\/congo-brazzaville\/photo\/enseignement-superieur-leglise-evangelique-du-congo-au-centre-dune-these-de-doctorat-unique","url":"https:\/\/www.africa-press.net\/congo-brazzaville\/photo\/enseignement-superieur-leglise-evangelique-du-congo-au-centre-dune-these-de-doctorat-unique","name":"Enseignement sup\u00e9rieur : l\u2019\u00c9glise \u00e9vang\u00e9lique du Congo au centre d\u2019une th\u00e8se de doctorat unique - Congo Brazzaville","isPartOf":{"@id":"https:\/\/www.africa-press.net\/congo-brazzaville\/#website"},"primaryImageOfPage":{"@id":"https:\/\/www.africa-press.net\/congo-brazzaville\/photo\/enseignement-superieur-leglise-evangelique-du-congo-au-centre-dune-these-de-doctorat-unique#primaryimage"},"image":{"@id":"https:\/\/www.africa-press.net\/congo-brazzaville\/photo\/enseignement-superieur-leglise-evangelique-du-congo-au-centre-dune-these-de-doctorat-unique#primaryimage"},"thumbnailUrl":"https:\/\/static.africa-press.net\/centrafricaine\/sites\/51\/2021\/08\/img-612aa074a03a0.jpg","datePublished":"2021-08-28T21:23:42+00:00","author":{"@id":"https:\/\/www.africa-press.net\/congo-brazzaville\/#\/schema\/person\/2b1cf3cd81a31e3cd26889ca66d677f1"},"description":"Intitul\u00e9e \u00ab L\u2019\u00c9glise \u00e9vang\u00e9lique du Congo : l\u2019\u00e9thos protestant \u00e0 l\u2019\u00e9preuve des pratiques du \"monde\" et des mutations ...","breadcrumb":{"@id":"https:\/\/www.africa-press.net\/congo-brazzaville\/photo\/enseignement-superieur-leglise-evangelique-du-congo-au-centre-dune-these-de-doctorat-unique#breadcrumb"},"inLanguage":"fr-FR","potentialAction":[{"@type":"ReadAction","target":["https:\/\/www.africa-press.net\/congo-brazzaville\/photo\/enseignement-superieur-leglise-evangelique-du-congo-au-centre-dune-these-de-doctorat-unique"]}]},{"@type":"ImageObject","inLanguage":"fr-FR","@id":"https:\/\/www.africa-press.net\/congo-brazzaville\/photo\/enseignement-superieur-leglise-evangelique-du-congo-au-centre-dune-these-de-doctorat-unique#primaryimage","url":"https:\/\/static.africa-press.net\/centrafricaine\/sites\/51\/2021\/08\/img-612aa074a03a0.jpg","contentUrl":"https:\/\/static.africa-press.net\/centrafricaine\/sites\/51\/2021\/08\/img-612aa074a03a0.jpg","width":720,"height":515,"caption":"Enseignement sup\u00e9rieur : l\u2019\u00c9glise \u00e9vang\u00e9lique du Congo au centre d\u2019une th\u00e8se de doctorat unique"},{"@type":"BreadcrumbList","@id":"https:\/\/www.africa-press.net\/congo-brazzaville\/photo\/enseignement-superieur-leglise-evangelique-du-congo-au-centre-dune-these-de-doctorat-unique#breadcrumb","itemListElement":[{"@type":"ListItem","position":1,"name":"Accueil","item":"https:\/\/www.africa-press.net\/congo-brazzaville\/"},{"@type":"ListItem","position":2,"name":"Enseignement sup\u00e9rieur : l\u2019\u00c9glise \u00e9vang\u00e9lique du Congo au centre d\u2019une th\u00e8se de doctorat unique"}]},{"@type":"WebSite","@id":"https:\/\/www.africa-press.net\/congo-brazzaville\/#website","url":"https:\/\/www.africa-press.net\/congo-brazzaville\/","name":"Congo Brazzaville","description":"Just another Africa News Agency Sites site","potentialAction":[{"@type":"SearchAction","target":{"@type":"EntryPoint","urlTemplate":"https:\/\/www.africa-press.net\/congo-brazzaville\/?s={search_term_string}"},"query-input":{"@type":"PropertyValueSpecification","valueRequired":true,"valueName":"search_term_string"}}],"inLanguage":"fr-FR"},{"@type":"Person","@id":"https:\/\/www.africa-press.net\/congo-brazzaville\/#\/schema\/person\/2b1cf3cd81a31e3cd26889ca66d677f1","name":"cfeditorfr"}]}},"_links":{"self":[{"href":"https:\/\/www.africa-press.net\/congo-brazzaville\/wp-json\/wp\/v2\/posts\/1421","targetHints":{"allow":["GET"]}}],"collection":[{"href":"https:\/\/www.africa-press.net\/congo-brazzaville\/wp-json\/wp\/v2\/posts"}],"about":[{"href":"https:\/\/www.africa-press.net\/congo-brazzaville\/wp-json\/wp\/v2\/types\/post"}],"author":[{"embeddable":true,"href":"https:\/\/www.africa-press.net\/congo-brazzaville\/wp-json\/wp\/v2\/users\/82"}],"replies":[{"embeddable":true,"href":"https:\/\/www.africa-press.net\/congo-brazzaville\/wp-json\/wp\/v2\/comments?post=1421"}],"version-history":[{"count":0,"href":"https:\/\/www.africa-press.net\/congo-brazzaville\/wp-json\/wp\/v2\/posts\/1421\/revisions"}],"wp:featuredmedia":[{"embeddable":true,"href":"https:\/\/www.africa-press.net\/congo-brazzaville\/wp-json\/wp\/v2\/media\/1420"}],"wp:attachment":[{"href":"https:\/\/www.africa-press.net\/congo-brazzaville\/wp-json\/wp\/v2\/media?parent=1421"}],"wp:term":[{"taxonomy":"category","embeddable":true,"href":"https:\/\/www.africa-press.net\/congo-brazzaville\/wp-json\/wp\/v2\/categories?post=1421"},{"taxonomy":"post_tag","embeddable":true,"href":"https:\/\/www.africa-press.net\/congo-brazzaville\/wp-json\/wp\/v2\/tags?post=1421"}],"curies":[{"name":"wp","href":"https:\/\/api.w.org\/{rel}","templated":true}]}}