{"id":14211,"date":"2023-02-08T22:57:01","date_gmt":"2023-02-08T22:57:01","guid":{"rendered":"https:\/\/www.africa-press.net\/congo-brazzaville\/politique\/competitions-continentales-les-diables-rouges-karate-en-ordre-de-bataille"},"modified":"2023-02-08T23:42:39","modified_gmt":"2023-02-08T23:42:39","slug":"competitions-continentales-les-diables-rouges-karate-en-ordre-de-bataille","status":"publish","type":"post","link":"https:\/\/www.africa-press.net\/congo-brazzaville\/sports\/competitions-continentales-les-diables-rouges-karate-en-ordre-de-bataille","title":{"rendered":"Comp\u00e9titions continentales : les Diables rouges karat\u00e9 en ordre de bataille"},"content":{"rendered":"<p><span style=\"color: #ff6600\"><strong>Africa-Press &#8211; Congo Brazzaville. <\/strong><\/span><b>Le chef de de\u0301partement entrai\u0302nement et se\u0301lectionneur national des Diables rouges de la Fe\u0301de\u0301ration congolaise de karate\u0301 et arts martiaux affinitaires (Fe\u0301coka-Ama), Me Fiston Moussa Trebisse\u0301, a publie\u0301 la liste des athle\u0300tes qui vont repre\u0301senter le Congo dans les compe\u0301titions a\u0300 venir, notamment aux quatrie\u0300mes Jeux africains de la Jeunesse, Brazzaville 2023, puis aux Jeux africains se\u0301niors d&rsquo;Accra, la me\u0302me anne\u0301e.<\/b><\/p>\n<p>Les Diables rouges hommes et dames retenus pour les stages de pre\u0301paration affutent actuellement leurs armes pour affronter, te\u0302te haute, les deux compe\u0301titions qui re\u0301uniront la jeunesse africaine dans sa diversite\u0301. Selon Me Moussa, les karate\u0301kas congolais peaufinent toutes les strate\u0301gies pour honorer, comme d\u2019habitude, le pays pendant ces grands rendez-vous sportifs africains.<\/p>\n<p>Ils viennent de plusieurs clubs ainsi que de divers de\u0301partements du Congo. \u00ab Nous avons relance\u0301 les entrai\u0302nements depuis le 2 fe\u0301vrier avec trente-cinq athle\u0300tes. Nous visons les deux Jeux africains mais, entre-temps, nous aurons des compe\u0301titions interme\u0301diaires comme l\u2019open international de Rabat, les championnats d\u2019Afrique. Le rythme des entrai\u0302nements va e\u0301voluer au fur et a\u0300 mesure. Cela nous permettra de constituer l\u2019e\u0301quipe type \u00bb, a indique\u0301 Me Tre\u0301bisse\u0301 Fiston Moussa.<\/p>\n<p>La pe\u0301riode de pre\u0301paration prendra sept mois et sera entrecoupe\u0301e des compe\u0301titions interme\u0301diaires, stages puis des exercices fonde\u0301s sur la remise en condition physique, sans oublier les rassemblements bloque\u0301s qui seront consacre\u0301s aux travaux purement martiaux.<\/p>\n<p>Les quatrie\u0300mes Jeux africains de la jeunesse devaient se de\u0301rouler a\u0300 Maseru, au Lesotho, de\u0301signe\u0301e comme ville ho\u0302tesse le 17 juillet 2018 par l\u2019Association des comite\u0301s nationaux olympiques d\u2019Afrique. Le retard dans les pre\u0301paratifs des Lesothiens avait entrai\u0302ne\u0301 la re\u0301attribution de l&rsquo;organisation a\u0300 la capitale e\u0301thiopienne, en septembre 2020. Mais, reporte\u0301s a\u0300 une date non de\u0301finie, ils ont finalement e\u0301te\u0301 de nouveau de\u0301localise\u0301s a\u0300 Brazzaville en 2023. Les prochains Jeux africains, pour leur part, sont pre\u0301vus a\u0300 Accra, au Ghana, et se de\u0301rouleront du 4 au 19 aou\u0302t 2023, a annonce\u0301 le comite\u0301 d&rsquo;organisation de cette grande manifestation que le pays va organiser pour la premie\u0300re fois de son histoire.<\/p>\n<p><strong>Pour plus d&rsquo;informations et d&rsquo;analyses sur la <a href=\"https:\/\/www.africa-press.net\/congo-brazzaville\">Congo Brazzaville<\/a>, suivez <a href=\"https:\/\/www.africa-press.net\/\">Africa-Press<\/a><\/strong><\/p>\n","protected":false},"excerpt":{"rendered":"<p>Africa-Press &#8211; Congo Brazzaville. Le chef de de\u0301partement entrai\u0302nement et se\u0301lectionneur national des Diables rouges de la Fe\u0301de\u0301ration congolaise de karate\u0301 et arts martiaux affinitaires (Fe\u0301coka-Ama), Me Fiston Moussa Trebisse\u0301, a publie\u0301 la liste des athle\u0300tes qui vont repre\u0301senter le Congo dans les compe\u0301titions a\u0300 venir, notamment aux quatrie\u0300mes Jeux africains de la Jeunesse, Brazzaville [&hellip;]<\/p>\n","protected":false},"author":82,"featured_media":14210,"comment_status":"open","ping_status":"closed","sticky":false,"template":"","format":"standard","meta":{"footnotes":""},"categories":[6,10],"tags":[36,47,46],"class_list":["post-14211","post","type-post","status-publish","format-standard","has-post-thumbnail","hentry","category-sports","category-toutes-les-actualites","tag-africa-press","tag-africa-press-congo-brazzaville","tag-congo-brazzaville"],"yoast_head":"<!-- This site is optimized with the Yoast SEO Premium plugin v26.1 (Yoast SEO v27.0) - https:\/\/yoast.com\/product\/yoast-seo-premium-wordpress\/ -->\n<title>Comp\u00e9titions continentales : les Diables rouges karat\u00e9 en ordre de bataille - Congo Brazzaville<\/title>\n<meta name=\"description\" content=\"Le chef de de\u0301partement entrai\u0302nement et se\u0301lectionneur national des Diables rouges de la Fe\u0301de\u0301ration congolaise de ...\" \/>\n<meta name=\"robots\" content=\"index, follow, max-snippet:-1, max-image-preview:large, max-video-preview:-1\" \/>\n<link rel=\"canonical\" href=\"https:\/\/www.africa-press.net\/congo-brazzaville\/sports\/competitions-continentales-les-diables-rouges-karate-en-ordre-de-bataille\" \/>\n<meta property=\"og:locale\" content=\"fr_FR\" \/>\n<meta property=\"og:type\" content=\"article\" \/>\n<meta property=\"og:title\" content=\"Comp\u00e9titions continentales : les Diables rouges karat\u00e9 en ordre de bataille\" \/>\n<meta property=\"og:description\" content=\"Le chef de de\u0301partement entrai\u0302nement et se\u0301lectionneur national des Diables rouges de la Fe\u0301de\u0301ration congolaise de ...\" \/>\n<meta property=\"og:url\" content=\"https:\/\/www.africa-press.net\/congo-brazzaville\/sports\/competitions-continentales-les-diables-rouges-karate-en-ordre-de-bataille\" \/>\n<meta property=\"og:site_name\" content=\"Congo Brazzaville\" \/>\n<meta property=\"article:published_time\" content=\"2023-02-08T22:57:01+00:00\" \/>\n<meta property=\"article:modified_time\" content=\"2023-02-08T23:42:39+00:00\" \/>\n<meta property=\"og:image\" content=\"https:\/\/static.africa-press.net\/congo-brazzaville\/sites\/51\/2023\/02\/postQueueImg_1675884427.90.jpg\" \/>\n\t<meta property=\"og:image:width\" content=\"720\" \/>\n\t<meta property=\"og:image:height\" content=\"494\" \/>\n\t<meta property=\"og:image:type\" content=\"image\/jpeg\" \/>\n<meta name=\"author\" content=\"cfeditorfr\" \/>\n<meta name=\"twitter:card\" content=\"summary_large_image\" \/>\n<meta name=\"twitter:label1\" content=\"\u00c9crit par\" \/>\n\t<meta name=\"twitter:data1\" content=\"cfeditorfr\" \/>\n\t<meta name=\"twitter:label2\" content=\"Dur\u00e9e de lecture estim\u00e9e\" \/>\n\t<meta name=\"twitter:data2\" content=\"2 minutes\" \/>\n<script type=\"application\/ld+json\" class=\"yoast-schema-graph\">{\"@context\":\"https:\/\/schema.org\",\"@graph\":[{\"@type\":\"Article\",\"@id\":\"https:\/\/www.africa-press.net\/congo-brazzaville\/sports\/competitions-continentales-les-diables-rouges-karate-en-ordre-de-bataille#article\",\"isPartOf\":{\"@id\":\"https:\/\/www.africa-press.net\/congo-brazzaville\/sports\/competitions-continentales-les-diables-rouges-karate-en-ordre-de-bataille\"},\"author\":{\"name\":\"cfeditorfr\",\"@id\":\"https:\/\/www.africa-press.net\/congo-brazzaville\/#\/schema\/person\/2b1cf3cd81a31e3cd26889ca66d677f1\"},\"headline\":\"Comp\u00e9titions continentales : les Diables rouges karat\u00e9 en ordre de bataille\",\"datePublished\":\"2023-02-08T22:57:01+00:00\",\"dateModified\":\"2023-02-08T23:42:39+00:00\",\"mainEntityOfPage\":{\"@id\":\"https:\/\/www.africa-press.net\/congo-brazzaville\/sports\/competitions-continentales-les-diables-rouges-karate-en-ordre-de-bataille\"},\"wordCount\":413,\"commentCount\":0,\"image\":{\"@id\":\"https:\/\/www.africa-press.net\/congo-brazzaville\/sports\/competitions-continentales-les-diables-rouges-karate-en-ordre-de-bataille#primaryimage\"},\"thumbnailUrl\":\"https:\/\/static.africa-press.net\/congo-brazzaville\/sites\/51\/2023\/02\/postQueueImg_1675884427.90.jpg\",\"keywords\":[\"Africa Press\",\"Africa Press-Congo Brazzaville\",\"Congo Brazzaville\"],\"articleSection\":[\"Sports\",\"Toutes les actualit\u00e9s\"],\"inLanguage\":\"fr-FR\",\"potentialAction\":[{\"@type\":\"CommentAction\",\"name\":\"Comment\",\"target\":[\"https:\/\/www.africa-press.net\/congo-brazzaville\/sports\/competitions-continentales-les-diables-rouges-karate-en-ordre-de-bataille#respond\"]}]},{\"@type\":\"WebPage\",\"@id\":\"https:\/\/www.africa-press.net\/congo-brazzaville\/sports\/competitions-continentales-les-diables-rouges-karate-en-ordre-de-bataille\",\"url\":\"https:\/\/www.africa-press.net\/congo-brazzaville\/sports\/competitions-continentales-les-diables-rouges-karate-en-ordre-de-bataille\",\"name\":\"Comp\u00e9titions continentales : les Diables rouges karat\u00e9 en ordre de bataille - Congo Brazzaville\",\"isPartOf\":{\"@id\":\"https:\/\/www.africa-press.net\/congo-brazzaville\/#website\"},\"primaryImageOfPage\":{\"@id\":\"https:\/\/www.africa-press.net\/congo-brazzaville\/sports\/competitions-continentales-les-diables-rouges-karate-en-ordre-de-bataille#primaryimage\"},\"image\":{\"@id\":\"https:\/\/www.africa-press.net\/congo-brazzaville\/sports\/competitions-continentales-les-diables-rouges-karate-en-ordre-de-bataille#primaryimage\"},\"thumbnailUrl\":\"https:\/\/static.africa-press.net\/congo-brazzaville\/sites\/51\/2023\/02\/postQueueImg_1675884427.90.jpg\",\"datePublished\":\"2023-02-08T22:57:01+00:00\",\"dateModified\":\"2023-02-08T23:42:39+00:00\",\"author\":{\"@id\":\"https:\/\/www.africa-press.net\/congo-brazzaville\/#\/schema\/person\/2b1cf3cd81a31e3cd26889ca66d677f1\"},\"description\":\"Le chef de de\u0301partement entrai\u0302nement et se\u0301lectionneur national des Diables rouges de la Fe\u0301de\u0301ration congolaise de ...\",\"breadcrumb\":{\"@id\":\"https:\/\/www.africa-press.net\/congo-brazzaville\/sports\/competitions-continentales-les-diables-rouges-karate-en-ordre-de-bataille#breadcrumb\"},\"inLanguage\":\"fr-FR\",\"potentialAction\":[{\"@type\":\"ReadAction\",\"target\":[\"https:\/\/www.africa-press.net\/congo-brazzaville\/sports\/competitions-continentales-les-diables-rouges-karate-en-ordre-de-bataille\"]}]},{\"@type\":\"ImageObject\",\"inLanguage\":\"fr-FR\",\"@id\":\"https:\/\/www.africa-press.net\/congo-brazzaville\/sports\/competitions-continentales-les-diables-rouges-karate-en-ordre-de-bataille#primaryimage\",\"url\":\"https:\/\/static.africa-press.net\/congo-brazzaville\/sites\/51\/2023\/02\/postQueueImg_1675884427.90.jpg\",\"contentUrl\":\"https:\/\/static.africa-press.net\/congo-brazzaville\/sites\/51\/2023\/02\/postQueueImg_1675884427.90.jpg\",\"width\":720,\"height\":494,\"caption\":\"Comp\u00e9titions continentales : les Diables rouges karat\u00e9 en ordre de bataille\"},{\"@type\":\"BreadcrumbList\",\"@id\":\"https:\/\/www.africa-press.net\/congo-brazzaville\/sports\/competitions-continentales-les-diables-rouges-karate-en-ordre-de-bataille#breadcrumb\",\"itemListElement\":[{\"@type\":\"ListItem\",\"position\":1,\"name\":\"Accueil\",\"item\":\"https:\/\/www.africa-press.net\/congo-brazzaville\/\"},{\"@type\":\"ListItem\",\"position\":2,\"name\":\"Comp\u00e9titions continentales : les Diables rouges karat\u00e9 en ordre de bataille\"}]},{\"@type\":\"WebSite\",\"@id\":\"https:\/\/www.africa-press.net\/congo-brazzaville\/#website\",\"url\":\"https:\/\/www.africa-press.net\/congo-brazzaville\/\",\"name\":\"Congo Brazzaville\",\"description\":\"Just another Africa News Agency Sites site\",\"potentialAction\":[{\"@type\":\"SearchAction\",\"target\":{\"@type\":\"EntryPoint\",\"urlTemplate\":\"https:\/\/www.africa-press.net\/congo-brazzaville\/?s={search_term_string}\"},\"query-input\":{\"@type\":\"PropertyValueSpecification\",\"valueRequired\":true,\"valueName\":\"search_term_string\"}}],\"inLanguage\":\"fr-FR\"},{\"@type\":\"Person\",\"@id\":\"https:\/\/www.africa-press.net\/congo-brazzaville\/#\/schema\/person\/2b1cf3cd81a31e3cd26889ca66d677f1\",\"name\":\"cfeditorfr\"}]}<\/script>\n<!-- \/ Yoast SEO Premium plugin. -->","yoast_head_json":{"title":"Comp\u00e9titions continentales : les Diables rouges karat\u00e9 en ordre de bataille - Congo Brazzaville","description":"Le chef de de\u0301partement entrai\u0302nement et se\u0301lectionneur national des Diables rouges de la Fe\u0301de\u0301ration congolaise de ...","robots":{"index":"index","follow":"follow","max-snippet":"max-snippet:-1","max-image-preview":"max-image-preview:large","max-video-preview":"max-video-preview:-1"},"canonical":"https:\/\/www.africa-press.net\/congo-brazzaville\/sports\/competitions-continentales-les-diables-rouges-karate-en-ordre-de-bataille","og_locale":"fr_FR","og_type":"article","og_title":"Comp\u00e9titions continentales : les Diables rouges karat\u00e9 en ordre de bataille","og_description":"Le chef de de\u0301partement entrai\u0302nement et se\u0301lectionneur national des Diables rouges de la Fe\u0301de\u0301ration congolaise de ...","og_url":"https:\/\/www.africa-press.net\/congo-brazzaville\/sports\/competitions-continentales-les-diables-rouges-karate-en-ordre-de-bataille","og_site_name":"Congo Brazzaville","article_published_time":"2023-02-08T22:57:01+00:00","article_modified_time":"2023-02-08T23:42:39+00:00","og_image":[{"width":720,"height":494,"url":"https:\/\/static.africa-press.net\/congo-brazzaville\/sites\/51\/2023\/02\/postQueueImg_1675884427.90.jpg","type":"image\/jpeg"}],"author":"cfeditorfr","twitter_card":"summary_large_image","twitter_misc":{"\u00c9crit par":"cfeditorfr","Dur\u00e9e de lecture estim\u00e9e":"2 minutes"},"schema":{"@context":"https:\/\/schema.org","@graph":[{"@type":"Article","@id":"https:\/\/www.africa-press.net\/congo-brazzaville\/sports\/competitions-continentales-les-diables-rouges-karate-en-ordre-de-bataille#article","isPartOf":{"@id":"https:\/\/www.africa-press.net\/congo-brazzaville\/sports\/competitions-continentales-les-diables-rouges-karate-en-ordre-de-bataille"},"author":{"name":"cfeditorfr","@id":"https:\/\/www.africa-press.net\/congo-brazzaville\/#\/schema\/person\/2b1cf3cd81a31e3cd26889ca66d677f1"},"headline":"Comp\u00e9titions continentales : les Diables rouges karat\u00e9 en ordre de bataille","datePublished":"2023-02-08T22:57:01+00:00","dateModified":"2023-02-08T23:42:39+00:00","mainEntityOfPage":{"@id":"https:\/\/www.africa-press.net\/congo-brazzaville\/sports\/competitions-continentales-les-diables-rouges-karate-en-ordre-de-bataille"},"wordCount":413,"commentCount":0,"image":{"@id":"https:\/\/www.africa-press.net\/congo-brazzaville\/sports\/competitions-continentales-les-diables-rouges-karate-en-ordre-de-bataille#primaryimage"},"thumbnailUrl":"https:\/\/static.africa-press.net\/congo-brazzaville\/sites\/51\/2023\/02\/postQueueImg_1675884427.90.jpg","keywords":["Africa Press","Africa Press-Congo Brazzaville","Congo Brazzaville"],"articleSection":["Sports","Toutes les actualit\u00e9s"],"inLanguage":"fr-FR","potentialAction":[{"@type":"CommentAction","name":"Comment","target":["https:\/\/www.africa-press.net\/congo-brazzaville\/sports\/competitions-continentales-les-diables-rouges-karate-en-ordre-de-bataille#respond"]}]},{"@type":"WebPage","@id":"https:\/\/www.africa-press.net\/congo-brazzaville\/sports\/competitions-continentales-les-diables-rouges-karate-en-ordre-de-bataille","url":"https:\/\/www.africa-press.net\/congo-brazzaville\/sports\/competitions-continentales-les-diables-rouges-karate-en-ordre-de-bataille","name":"Comp\u00e9titions continentales : les Diables rouges karat\u00e9 en ordre de bataille - Congo Brazzaville","isPartOf":{"@id":"https:\/\/www.africa-press.net\/congo-brazzaville\/#website"},"primaryImageOfPage":{"@id":"https:\/\/www.africa-press.net\/congo-brazzaville\/sports\/competitions-continentales-les-diables-rouges-karate-en-ordre-de-bataille#primaryimage"},"image":{"@id":"https:\/\/www.africa-press.net\/congo-brazzaville\/sports\/competitions-continentales-les-diables-rouges-karate-en-ordre-de-bataille#primaryimage"},"thumbnailUrl":"https:\/\/static.africa-press.net\/congo-brazzaville\/sites\/51\/2023\/02\/postQueueImg_1675884427.90.jpg","datePublished":"2023-02-08T22:57:01+00:00","dateModified":"2023-02-08T23:42:39+00:00","author":{"@id":"https:\/\/www.africa-press.net\/congo-brazzaville\/#\/schema\/person\/2b1cf3cd81a31e3cd26889ca66d677f1"},"description":"Le chef de de\u0301partement entrai\u0302nement et se\u0301lectionneur national des Diables rouges de la Fe\u0301de\u0301ration congolaise de ...","breadcrumb":{"@id":"https:\/\/www.africa-press.net\/congo-brazzaville\/sports\/competitions-continentales-les-diables-rouges-karate-en-ordre-de-bataille#breadcrumb"},"inLanguage":"fr-FR","potentialAction":[{"@type":"ReadAction","target":["https:\/\/www.africa-press.net\/congo-brazzaville\/sports\/competitions-continentales-les-diables-rouges-karate-en-ordre-de-bataille"]}]},{"@type":"ImageObject","inLanguage":"fr-FR","@id":"https:\/\/www.africa-press.net\/congo-brazzaville\/sports\/competitions-continentales-les-diables-rouges-karate-en-ordre-de-bataille#primaryimage","url":"https:\/\/static.africa-press.net\/congo-brazzaville\/sites\/51\/2023\/02\/postQueueImg_1675884427.90.jpg","contentUrl":"https:\/\/static.africa-press.net\/congo-brazzaville\/sites\/51\/2023\/02\/postQueueImg_1675884427.90.jpg","width":720,"height":494,"caption":"Comp\u00e9titions continentales : les Diables rouges karat\u00e9 en ordre de bataille"},{"@type":"BreadcrumbList","@id":"https:\/\/www.africa-press.net\/congo-brazzaville\/sports\/competitions-continentales-les-diables-rouges-karate-en-ordre-de-bataille#breadcrumb","itemListElement":[{"@type":"ListItem","position":1,"name":"Accueil","item":"https:\/\/www.africa-press.net\/congo-brazzaville\/"},{"@type":"ListItem","position":2,"name":"Comp\u00e9titions continentales : les Diables rouges karat\u00e9 en ordre de bataille"}]},{"@type":"WebSite","@id":"https:\/\/www.africa-press.net\/congo-brazzaville\/#website","url":"https:\/\/www.africa-press.net\/congo-brazzaville\/","name":"Congo Brazzaville","description":"Just another Africa News Agency Sites site","potentialAction":[{"@type":"SearchAction","target":{"@type":"EntryPoint","urlTemplate":"https:\/\/www.africa-press.net\/congo-brazzaville\/?s={search_term_string}"},"query-input":{"@type":"PropertyValueSpecification","valueRequired":true,"valueName":"search_term_string"}}],"inLanguage":"fr-FR"},{"@type":"Person","@id":"https:\/\/www.africa-press.net\/congo-brazzaville\/#\/schema\/person\/2b1cf3cd81a31e3cd26889ca66d677f1","name":"cfeditorfr"}]}},"_links":{"self":[{"href":"https:\/\/www.africa-press.net\/congo-brazzaville\/wp-json\/wp\/v2\/posts\/14211","targetHints":{"allow":["GET"]}}],"collection":[{"href":"https:\/\/www.africa-press.net\/congo-brazzaville\/wp-json\/wp\/v2\/posts"}],"about":[{"href":"https:\/\/www.africa-press.net\/congo-brazzaville\/wp-json\/wp\/v2\/types\/post"}],"author":[{"embeddable":true,"href":"https:\/\/www.africa-press.net\/congo-brazzaville\/wp-json\/wp\/v2\/users\/82"}],"replies":[{"embeddable":true,"href":"https:\/\/www.africa-press.net\/congo-brazzaville\/wp-json\/wp\/v2\/comments?post=14211"}],"version-history":[{"count":0,"href":"https:\/\/www.africa-press.net\/congo-brazzaville\/wp-json\/wp\/v2\/posts\/14211\/revisions"}],"wp:featuredmedia":[{"embeddable":true,"href":"https:\/\/www.africa-press.net\/congo-brazzaville\/wp-json\/wp\/v2\/media\/14210"}],"wp:attachment":[{"href":"https:\/\/www.africa-press.net\/congo-brazzaville\/wp-json\/wp\/v2\/media?parent=14211"}],"wp:term":[{"taxonomy":"category","embeddable":true,"href":"https:\/\/www.africa-press.net\/congo-brazzaville\/wp-json\/wp\/v2\/categories?post=14211"},{"taxonomy":"post_tag","embeddable":true,"href":"https:\/\/www.africa-press.net\/congo-brazzaville\/wp-json\/wp\/v2\/tags?post=14211"}],"curies":[{"name":"wp","href":"https:\/\/api.w.org\/{rel}","templated":true}]}}