{"id":14215,"date":"2023-02-08T22:57:25","date_gmt":"2023-02-08T22:57:25","guid":{"rendered":"https:\/\/www.africa-press.net\/congo-brazzaville\/politique\/developpement-le-congo-face-au-defi-de-la-formalisation-des-entreprises-informelles"},"modified":"2023-02-08T23:42:56","modified_gmt":"2023-02-08T23:42:56","slug":"developpement-le-congo-face-au-defi-de-la-formalisation-des-entreprises-informelles","status":"publish","type":"post","link":"https:\/\/www.africa-press.net\/congo-brazzaville\/economie\/developpement-le-congo-face-au-defi-de-la-formalisation-des-entreprises-informelles","title":{"rendered":"D\u00e9veloppement : le Congo face au d\u00e9fi de la formalisation des entreprises informelles"},"content":{"rendered":"<p><span style=\"color: #ff6600\"><strong>Africa-Press &#8211; Congo Brazzaville. <\/strong><\/span><b>Les premie\u0300res assises nationales de l\u2019e\u0301conomie informelle ont e\u0301te\u0301 lance\u0301es le 8 fe\u0301vrier, a\u0300 Brazzaville, re\u0301unissant les pouvoirs publics, les acteurs du secteur et les partenaires au de\u0301veloppement. Les participants a\u0300 la rencontre vont explorer les pistes de solutions pour la transition des acteurs informels vers le formel, a\u0300 travers le recensement, les offres de formation, l\u2019acce\u0300s au cre\u0301dit&#8230; <\/b><\/p>\n<p>Le secteur informel est un ve\u0301ritable amortisseur social au Congo, car il emploie plus de soixante-treize mille individus actifs, loin devant la Fonction publique. Il compte plus de quarante-deux mille unite\u0301s e\u0301conomiques exerc\u0327ant principalement dans l\u2019agriculture, le commerce, les services, l\u2019artisanat, le transport de masse, etc. L\u2019e\u0301conomie informelle a ge\u0301ne\u0301re\u0301, en 2017, plus de trois mille milliards francs CFA.<\/p>\n<p>Malgre\u0301 leur poids dans l\u2019e\u0301conomie nationale et leur ro\u0302le d\u2019amortisseur social, les acteurs e\u0301conomiques informels sont exclus du syste\u0300me de protection sociale, y compris du syste\u0300me bancaire. Ne figurant sur aucun registre fiscal et d\u2019immatriculation de l\u2019E\u0301tat, ces acteurs e\u0301conomiques ne peuvent pas acce\u0301der au me\u0301canisme de financement, de formation et d\u2019accompagnement mis en place par l\u2019E\u0301tat.<\/p>\n<p>En initiant ces assises de l\u2019e\u0301conomie informelle en partenariat avec la Banque mondiale et le Programme des Nations unies pour le de\u0301veloppement (Pnud), le gouvernement veut afficher son engagement a\u0300 consolider le tissu e\u0301conomique et lutter contre la pauvrete\u0301. Pendant les trois journe\u0301es, les participants tenteront d\u2019identifier les entraves a\u0300 la formalisation des entreprises afin de proposer les pistes de solutions, de mettre en place des mesures incitatives ainsi que d\u2019encourager les acteurs informels a\u0300 se constituer en syndicats ou en coope\u0301ratives.<\/p>\n<p>En effet, la rencontre de\u0301die\u0301e a\u0300 l\u2019e\u0301conomie informelle constitue un espace de dialogue entre les travailleurs du secteur et les administrations publiques, a estime\u0301 la ministre de la Promotion de la femme, de l&rsquo;Inte\u0301gration de la femme au de\u0301veloppement et de l&rsquo;E\u0301conomie informelle, Ine\u0300s Nefer Bertille Ingani. \u00ab Il s\u2019agit de cerner les proble\u0300mes qui minent ce domaine en vue de de\u0301gager une feuille de route ne\u0301cessaire a\u0300 l&rsquo;e\u0301laboration de la politique nationale de l&rsquo;e\u0301conomie informelle \u00bb, a-t- elle signifie\u0301.<\/p>\n<p>Quelques pistes de solutions sont envisage\u0301es par les divers intervenants a\u0300 l\u2019instar du Pnud, notamment la poursuite des appuis directs au secteur informel, l\u2019e\u0301laboration d\u2019un programme national de formalisation des unite\u0301s e\u0301conomiques s\u2019inspirant des mode\u0300les du Be\u0301nin et du Togo. Le repre\u0301sentant re\u0301sident du Pnud, Opia Mensah Kumah, a affirme\u0301 la volonte\u0301 de son institution a\u0300 soutenir le gouvernement dans la transformation de l\u2019e\u0301conomie congolaise, gra\u0302ce a\u0300 l\u2019octroi des subventions et la cre\u0301ation d\u2019un microcre\u0301dit destine\u0301 a\u0300 ces acteurs e\u0301conomiques.<\/p>\n<p><b>Assainir le cadre juridique local<\/b><\/p>\n<p>\u00ab Quelle strate\u0301gie pour une contribution de l&rsquo;e\u0301conomie informelle au de\u0301veloppement socio-e\u0301conomique du Congo ? \u00bb est le the\u0300me de la premie\u0300re e\u0301dition des assises. Ouvrant les travaux, le ministre d&rsquo;Etat, ministre du Commerce, des Approvisionnements et de la Consommation, Claude Alphonse N\u2019Silou, a fustige\u0301 la complexite\u0301 du cadre juridique local qui ne favoriserait pas l\u2019essor des unite\u0301s e\u0301conomiques. Il s\u2019est engage\u0301 a\u0300 assurer le suivi des recommandations qui de\u0301couleront de ces travaux.<\/p>\n<p>Outre le the\u0300me central, les parties prenantes vont plancher sur des the\u0301matiques comme : \u00ab La clarification du concept e\u0301conomie informelle, l&rsquo;entreprise informelle au Congo, re\u0301alite\u0301, comportement et mode d&rsquo;e\u0301volution \u00bb; \u00ab Les mesures incitatives pour transformer l&rsquo;e\u0301conomie informelle \u00bb ; \u00ab Comment cre\u0301er des emplois de\u0301cents dans l&rsquo;e\u0301conomie informelle, contribution de l&rsquo;e\u0301conomie informelle a\u0300 la cre\u0301ation d&#8217;emploi au Congo \u00bb; \u00ab La Fiscalisation de l&rsquo;e\u0301conomie informelle : de\u0301fis et possibilite\u0301s \u00bb ; \u00ab Quelles actions innovantes pour une ame\u0301lioration de l&rsquo;acce\u0300s au financement des acteurs de l&rsquo;e\u0301conomie informelle ? \u00bb ; et \u00ab Les Femmes et e\u0301conomie informelle \u00bb.<\/p>\n\r\n                <style type=\"text\/css\">\r\n                    \r\n                    #td_uid_1_69ef68a102bc5  .td-doubleSlider-2 .td-item1 {\r\n                        background: url(https:\/\/static.africa-press.net\/congo-brazzaville\/sites\/51\/2023\/02\/postMediaimg_71_1-80x60.jpg) 0 0 no-repeat;\r\n                    }\r\n                    #td_uid_1_69ef68a102bc5  .td-doubleSlider-2 .td-item2 {\r\n                        background: url(https:\/\/static.africa-press.net\/congo-brazzaville\/sites\/51\/2023\/02\/postMediaimg_71_2-80x60.jpg) 0 0 no-repeat;\r\n                    }\r\n                <\/style>\r\n\r\n                <div id=\"td_uid_1_69ef68a102bc5\" class=\"td-gallery td-slide-on-2-columns\">\r\n                    <div class=\"post_td_gallery\">\r\n                        <div class=\"td-gallery-slide-top\">\r\n                           <div class=\"td-gallery-title\"><\/div>\r\n\r\n                            <div class=\"td-gallery-controls-wrapper\">\r\n                                <div class=\"td-gallery-slide-count\"><span class=\"td-gallery-slide-item-focus\">1<\/span> de 2<\/div>\r\n                                <div class=\"td-gallery-slide-prev-next-but\">\r\n                                    <i class = \"td-icon-left doubleSliderPrevButton\"><\/i>\r\n                                    <i class = \"td-icon-right doubleSliderNextButton\"><\/i>\r\n                                <\/div>\r\n                            <\/div>\r\n                        <\/div>\r\n\r\n                        <div class = \"td-doubleSlider-1 \">\r\n                            <div class = \"td-slider\">\r\n                                \r\n                    <div class = \"td-slide-item td-item1\">\r\n                        <figure class=\"td-slide-galery-figure td-slide-popup-gallery\">\r\n                            <a class=\"slide-gallery-image-link\" href=\"https:\/\/static.africa-press.net\/congo-brazzaville\/sites\/51\/2023\/02\/postMediaimg_71_1.jpg\" title=\"postMediaimg_71_1\"  data-caption=\"\"  data-description=\"\">\r\n                                <img decoding=\"async\" src=\"https:\/\/static.africa-press.net\/congo-brazzaville\/sites\/51\/2023\/02\/postMediaimg_71_1.jpg\" srcset=\"https:\/\/static.africa-press.net\/congo-brazzaville\/sites\/51\/2023\/02\/postMediaimg_71_1.jpg 1555w, https:\/\/static.africa-press.net\/congo-brazzaville\/sites\/51\/2023\/02\/postMediaimg_71_1-300x148.jpg 300w, https:\/\/static.africa-press.net\/congo-brazzaville\/sites\/51\/2023\/02\/postMediaimg_71_1-1024x506.jpg 1024w, https:\/\/static.africa-press.net\/congo-brazzaville\/sites\/51\/2023\/02\/postMediaimg_71_1-768x379.jpg 768w, https:\/\/static.africa-press.net\/congo-brazzaville\/sites\/51\/2023\/02\/postMediaimg_71_1-1536x759.jpg 1536w, https:\/\/static.africa-press.net\/congo-brazzaville\/sites\/51\/2023\/02\/postMediaimg_71_1-324x160.jpg 324w\" sizes=\"(max-width: 1555px) 100vw, 1555px\" alt=\"\">\r\n                            <\/a>\r\n                            \r\n                        <\/figure>\r\n                    <\/div>\r\n                    <div class = \"td-slide-item td-item2\">\r\n                        <figure class=\"td-slide-galery-figure td-slide-popup-gallery\">\r\n                            <a class=\"slide-gallery-image-link\" href=\"https:\/\/static.africa-press.net\/congo-brazzaville\/sites\/51\/2023\/02\/postMediaimg_71_2.jpg\" title=\"postMediaimg_71_2\"  data-caption=\"\"  data-description=\"\">\r\n                                <img decoding=\"async\" src=\"https:\/\/static.africa-press.net\/congo-brazzaville\/sites\/51\/2023\/02\/postMediaimg_71_2.jpg\" srcset=\"https:\/\/static.africa-press.net\/congo-brazzaville\/sites\/51\/2023\/02\/postMediaimg_71_2.jpg 1024w, https:\/\/static.africa-press.net\/congo-brazzaville\/sites\/51\/2023\/02\/postMediaimg_71_2-300x154.jpg 300w, https:\/\/static.africa-press.net\/congo-brazzaville\/sites\/51\/2023\/02\/postMediaimg_71_2-768x393.jpg 768w\" sizes=\"(max-width: 1024px) 100vw, 1024px\" alt=\"\">\r\n                            <\/a>\r\n                            \r\n                        <\/figure>\r\n                    <\/div>\r\n                            <\/div>\r\n                        <\/div>\r\n\r\n                        <div class = \"td-doubleSlider-2\">\r\n                            <div class = \"td-slider\">\r\n                                \r\n                    <div class = \"td-button td-item1\">\r\n                        <div class = \"td-border\"><\/div>\r\n                    <\/div>\r\n                    <div class = \"td-button td-item2\">\r\n                        <div class = \"td-border\"><\/div>\r\n                    <\/div>\r\n                            <\/div>\r\n                        <\/div>\r\n\r\n                    <\/div>\r\n\r\n                <\/div>\r\n                \n<p><strong>Pour plus d&rsquo;informations et d&rsquo;analyses sur la <a href=\"https:\/\/www.africa-press.net\/congo-brazzaville\">Congo Brazzaville<\/a>, suivez <a href=\"https:\/\/www.africa-press.net\/\">Africa-Press<\/a><\/strong><\/p>\n","protected":false},"excerpt":{"rendered":"<p>Africa-Press &#8211; Congo Brazzaville. Les premie\u0300res assises nationales de l\u2019e\u0301conomie informelle ont e\u0301te\u0301 lance\u0301es le 8 fe\u0301vrier, a\u0300 Brazzaville, re\u0301unissant les pouvoirs publics, les acteurs du secteur et les partenaires au de\u0301veloppement. Les participants a\u0300 la rencontre vont explorer les pistes de solutions pour la transition des acteurs informels vers le formel, a\u0300 travers le [&hellip;]<\/p>\n","protected":false},"author":82,"featured_media":14214,"comment_status":"open","ping_status":"closed","sticky":false,"template":"","format":"standard","meta":{"footnotes":""},"categories":[3,8,10],"tags":[36,47,46],"class_list":["post-14215","post","type-post","status-publish","format-standard","has-post-thumbnail","hentry","category-economie","category-photo","category-toutes-les-actualites","tag-africa-press","tag-africa-press-congo-brazzaville","tag-congo-brazzaville"],"yoast_head":"<!-- This site is optimized with the Yoast SEO Premium plugin v26.1 (Yoast SEO v27.0) - https:\/\/yoast.com\/product\/yoast-seo-premium-wordpress\/ -->\n<title>D\u00e9veloppement : le Congo face au d\u00e9fi de la formalisation des entreprises informelles - Congo Brazzaville<\/title>\n<meta name=\"description\" content=\"Les premie\u0300res assises nationales de l\u2019e\u0301conomie informelle ont e\u0301te\u0301 lance\u0301es le 8 fe\u0301vrier, a\u0300 Brazzaville, re\u0301unis ...\" \/>\n<meta name=\"robots\" content=\"index, follow, max-snippet:-1, max-image-preview:large, max-video-preview:-1\" \/>\n<link rel=\"canonical\" href=\"https:\/\/www.africa-press.net\/congo-brazzaville\/economie\/developpement-le-congo-face-au-defi-de-la-formalisation-des-entreprises-informelles\" \/>\n<meta property=\"og:locale\" content=\"fr_FR\" \/>\n<meta property=\"og:type\" content=\"article\" \/>\n<meta property=\"og:title\" content=\"D\u00e9veloppement : le Congo face au d\u00e9fi de la formalisation des entreprises informelles\" \/>\n<meta property=\"og:description\" content=\"Les premie\u0300res assises nationales de l\u2019e\u0301conomie informelle ont e\u0301te\u0301 lance\u0301es le 8 fe\u0301vrier, a\u0300 Brazzaville, re\u0301unis ...\" \/>\n<meta property=\"og:url\" content=\"https:\/\/www.africa-press.net\/congo-brazzaville\/economie\/developpement-le-congo-face-au-defi-de-la-formalisation-des-entreprises-informelles\" \/>\n<meta property=\"og:site_name\" content=\"Congo Brazzaville\" \/>\n<meta property=\"article:published_time\" content=\"2023-02-08T22:57:25+00:00\" \/>\n<meta property=\"article:modified_time\" content=\"2023-02-08T23:42:56+00:00\" \/>\n<meta property=\"og:image\" content=\"https:\/\/static.africa-press.net\/congo-brazzaville\/sites\/51\/2023\/02\/postQueueImg_1675884451.23.jpg\" \/>\n\t<meta property=\"og:image:width\" content=\"1555\" \/>\n\t<meta property=\"og:image:height\" content=\"768\" \/>\n\t<meta property=\"og:image:type\" content=\"image\/jpeg\" \/>\n<meta name=\"author\" content=\"cfeditorfr\" \/>\n<meta name=\"twitter:card\" content=\"summary_large_image\" \/>\n<meta name=\"twitter:label1\" content=\"\u00c9crit par\" \/>\n\t<meta name=\"twitter:data1\" content=\"cfeditorfr\" \/>\n\t<meta name=\"twitter:label2\" content=\"Dur\u00e9e de lecture estim\u00e9e\" \/>\n\t<meta name=\"twitter:data2\" content=\"4 minutes\" \/>\n<script type=\"application\/ld+json\" class=\"yoast-schema-graph\">{\"@context\":\"https:\/\/schema.org\",\"@graph\":[{\"@type\":\"Article\",\"@id\":\"https:\/\/www.africa-press.net\/congo-brazzaville\/economie\/developpement-le-congo-face-au-defi-de-la-formalisation-des-entreprises-informelles#article\",\"isPartOf\":{\"@id\":\"https:\/\/www.africa-press.net\/congo-brazzaville\/economie\/developpement-le-congo-face-au-defi-de-la-formalisation-des-entreprises-informelles\"},\"author\":{\"name\":\"cfeditorfr\",\"@id\":\"https:\/\/www.africa-press.net\/congo-brazzaville\/#\/schema\/person\/2b1cf3cd81a31e3cd26889ca66d677f1\"},\"headline\":\"D\u00e9veloppement : le Congo face au d\u00e9fi de la formalisation des entreprises informelles\",\"datePublished\":\"2023-02-08T22:57:25+00:00\",\"dateModified\":\"2023-02-08T23:42:56+00:00\",\"mainEntityOfPage\":{\"@id\":\"https:\/\/www.africa-press.net\/congo-brazzaville\/economie\/developpement-le-congo-face-au-defi-de-la-formalisation-des-entreprises-informelles\"},\"wordCount\":736,\"commentCount\":0,\"image\":{\"@id\":\"https:\/\/www.africa-press.net\/congo-brazzaville\/economie\/developpement-le-congo-face-au-defi-de-la-formalisation-des-entreprises-informelles#primaryimage\"},\"thumbnailUrl\":\"https:\/\/static.africa-press.net\/congo-brazzaville\/sites\/51\/2023\/02\/postQueueImg_1675884451.23.jpg\",\"keywords\":[\"Africa Press\",\"Africa Press-Congo Brazzaville\",\"Congo Brazzaville\"],\"articleSection\":[\"\u00c9conomie\",\"Photo\",\"Toutes les actualit\u00e9s\"],\"inLanguage\":\"fr-FR\",\"potentialAction\":[{\"@type\":\"CommentAction\",\"name\":\"Comment\",\"target\":[\"https:\/\/www.africa-press.net\/congo-brazzaville\/economie\/developpement-le-congo-face-au-defi-de-la-formalisation-des-entreprises-informelles#respond\"]}]},{\"@type\":\"WebPage\",\"@id\":\"https:\/\/www.africa-press.net\/congo-brazzaville\/economie\/developpement-le-congo-face-au-defi-de-la-formalisation-des-entreprises-informelles\",\"url\":\"https:\/\/www.africa-press.net\/congo-brazzaville\/economie\/developpement-le-congo-face-au-defi-de-la-formalisation-des-entreprises-informelles\",\"name\":\"D\u00e9veloppement : le Congo face au d\u00e9fi de la formalisation des entreprises informelles - Congo Brazzaville\",\"isPartOf\":{\"@id\":\"https:\/\/www.africa-press.net\/congo-brazzaville\/#website\"},\"primaryImageOfPage\":{\"@id\":\"https:\/\/www.africa-press.net\/congo-brazzaville\/economie\/developpement-le-congo-face-au-defi-de-la-formalisation-des-entreprises-informelles#primaryimage\"},\"image\":{\"@id\":\"https:\/\/www.africa-press.net\/congo-brazzaville\/economie\/developpement-le-congo-face-au-defi-de-la-formalisation-des-entreprises-informelles#primaryimage\"},\"thumbnailUrl\":\"https:\/\/static.africa-press.net\/congo-brazzaville\/sites\/51\/2023\/02\/postQueueImg_1675884451.23.jpg\",\"datePublished\":\"2023-02-08T22:57:25+00:00\",\"dateModified\":\"2023-02-08T23:42:56+00:00\",\"author\":{\"@id\":\"https:\/\/www.africa-press.net\/congo-brazzaville\/#\/schema\/person\/2b1cf3cd81a31e3cd26889ca66d677f1\"},\"description\":\"Les premie\u0300res assises nationales de l\u2019e\u0301conomie informelle ont e\u0301te\u0301 lance\u0301es le 8 fe\u0301vrier, a\u0300 Brazzaville, re\u0301unis ...\",\"breadcrumb\":{\"@id\":\"https:\/\/www.africa-press.net\/congo-brazzaville\/economie\/developpement-le-congo-face-au-defi-de-la-formalisation-des-entreprises-informelles#breadcrumb\"},\"inLanguage\":\"fr-FR\",\"potentialAction\":[{\"@type\":\"ReadAction\",\"target\":[\"https:\/\/www.africa-press.net\/congo-brazzaville\/economie\/developpement-le-congo-face-au-defi-de-la-formalisation-des-entreprises-informelles\"]}]},{\"@type\":\"ImageObject\",\"inLanguage\":\"fr-FR\",\"@id\":\"https:\/\/www.africa-press.net\/congo-brazzaville\/economie\/developpement-le-congo-face-au-defi-de-la-formalisation-des-entreprises-informelles#primaryimage\",\"url\":\"https:\/\/static.africa-press.net\/congo-brazzaville\/sites\/51\/2023\/02\/postQueueImg_1675884451.23.jpg\",\"contentUrl\":\"https:\/\/static.africa-press.net\/congo-brazzaville\/sites\/51\/2023\/02\/postQueueImg_1675884451.23.jpg\",\"width\":1555,\"height\":768,\"caption\":\"D\u00e9veloppement : le Congo face au d\u00e9fi de la formalisation des entreprises informelles\"},{\"@type\":\"BreadcrumbList\",\"@id\":\"https:\/\/www.africa-press.net\/congo-brazzaville\/economie\/developpement-le-congo-face-au-defi-de-la-formalisation-des-entreprises-informelles#breadcrumb\",\"itemListElement\":[{\"@type\":\"ListItem\",\"position\":1,\"name\":\"Accueil\",\"item\":\"https:\/\/www.africa-press.net\/congo-brazzaville\/\"},{\"@type\":\"ListItem\",\"position\":2,\"name\":\"D\u00e9veloppement : le Congo face au d\u00e9fi de la formalisation des entreprises informelles\"}]},{\"@type\":\"WebSite\",\"@id\":\"https:\/\/www.africa-press.net\/congo-brazzaville\/#website\",\"url\":\"https:\/\/www.africa-press.net\/congo-brazzaville\/\",\"name\":\"Congo Brazzaville\",\"description\":\"Just another Africa News Agency Sites site\",\"potentialAction\":[{\"@type\":\"SearchAction\",\"target\":{\"@type\":\"EntryPoint\",\"urlTemplate\":\"https:\/\/www.africa-press.net\/congo-brazzaville\/?s={search_term_string}\"},\"query-input\":{\"@type\":\"PropertyValueSpecification\",\"valueRequired\":true,\"valueName\":\"search_term_string\"}}],\"inLanguage\":\"fr-FR\"},{\"@type\":\"Person\",\"@id\":\"https:\/\/www.africa-press.net\/congo-brazzaville\/#\/schema\/person\/2b1cf3cd81a31e3cd26889ca66d677f1\",\"name\":\"cfeditorfr\"}]}<\/script>\n<!-- \/ Yoast SEO Premium plugin. -->","yoast_head_json":{"title":"D\u00e9veloppement : le Congo face au d\u00e9fi de la formalisation des entreprises informelles - Congo Brazzaville","description":"Les premie\u0300res assises nationales de l\u2019e\u0301conomie informelle ont e\u0301te\u0301 lance\u0301es le 8 fe\u0301vrier, a\u0300 Brazzaville, re\u0301unis ...","robots":{"index":"index","follow":"follow","max-snippet":"max-snippet:-1","max-image-preview":"max-image-preview:large","max-video-preview":"max-video-preview:-1"},"canonical":"https:\/\/www.africa-press.net\/congo-brazzaville\/economie\/developpement-le-congo-face-au-defi-de-la-formalisation-des-entreprises-informelles","og_locale":"fr_FR","og_type":"article","og_title":"D\u00e9veloppement : le Congo face au d\u00e9fi de la formalisation des entreprises informelles","og_description":"Les premie\u0300res assises nationales de l\u2019e\u0301conomie informelle ont e\u0301te\u0301 lance\u0301es le 8 fe\u0301vrier, a\u0300 Brazzaville, re\u0301unis ...","og_url":"https:\/\/www.africa-press.net\/congo-brazzaville\/economie\/developpement-le-congo-face-au-defi-de-la-formalisation-des-entreprises-informelles","og_site_name":"Congo Brazzaville","article_published_time":"2023-02-08T22:57:25+00:00","article_modified_time":"2023-02-08T23:42:56+00:00","og_image":[{"width":1555,"height":768,"url":"https:\/\/static.africa-press.net\/congo-brazzaville\/sites\/51\/2023\/02\/postQueueImg_1675884451.23.jpg","type":"image\/jpeg"}],"author":"cfeditorfr","twitter_card":"summary_large_image","twitter_misc":{"\u00c9crit par":"cfeditorfr","Dur\u00e9e de lecture estim\u00e9e":"4 minutes"},"schema":{"@context":"https:\/\/schema.org","@graph":[{"@type":"Article","@id":"https:\/\/www.africa-press.net\/congo-brazzaville\/economie\/developpement-le-congo-face-au-defi-de-la-formalisation-des-entreprises-informelles#article","isPartOf":{"@id":"https:\/\/www.africa-press.net\/congo-brazzaville\/economie\/developpement-le-congo-face-au-defi-de-la-formalisation-des-entreprises-informelles"},"author":{"name":"cfeditorfr","@id":"https:\/\/www.africa-press.net\/congo-brazzaville\/#\/schema\/person\/2b1cf3cd81a31e3cd26889ca66d677f1"},"headline":"D\u00e9veloppement : le Congo face au d\u00e9fi de la formalisation des entreprises informelles","datePublished":"2023-02-08T22:57:25+00:00","dateModified":"2023-02-08T23:42:56+00:00","mainEntityOfPage":{"@id":"https:\/\/www.africa-press.net\/congo-brazzaville\/economie\/developpement-le-congo-face-au-defi-de-la-formalisation-des-entreprises-informelles"},"wordCount":736,"commentCount":0,"image":{"@id":"https:\/\/www.africa-press.net\/congo-brazzaville\/economie\/developpement-le-congo-face-au-defi-de-la-formalisation-des-entreprises-informelles#primaryimage"},"thumbnailUrl":"https:\/\/static.africa-press.net\/congo-brazzaville\/sites\/51\/2023\/02\/postQueueImg_1675884451.23.jpg","keywords":["Africa Press","Africa Press-Congo Brazzaville","Congo Brazzaville"],"articleSection":["\u00c9conomie","Photo","Toutes les actualit\u00e9s"],"inLanguage":"fr-FR","potentialAction":[{"@type":"CommentAction","name":"Comment","target":["https:\/\/www.africa-press.net\/congo-brazzaville\/economie\/developpement-le-congo-face-au-defi-de-la-formalisation-des-entreprises-informelles#respond"]}]},{"@type":"WebPage","@id":"https:\/\/www.africa-press.net\/congo-brazzaville\/economie\/developpement-le-congo-face-au-defi-de-la-formalisation-des-entreprises-informelles","url":"https:\/\/www.africa-press.net\/congo-brazzaville\/economie\/developpement-le-congo-face-au-defi-de-la-formalisation-des-entreprises-informelles","name":"D\u00e9veloppement : le Congo face au d\u00e9fi de la formalisation des entreprises informelles - Congo Brazzaville","isPartOf":{"@id":"https:\/\/www.africa-press.net\/congo-brazzaville\/#website"},"primaryImageOfPage":{"@id":"https:\/\/www.africa-press.net\/congo-brazzaville\/economie\/developpement-le-congo-face-au-defi-de-la-formalisation-des-entreprises-informelles#primaryimage"},"image":{"@id":"https:\/\/www.africa-press.net\/congo-brazzaville\/economie\/developpement-le-congo-face-au-defi-de-la-formalisation-des-entreprises-informelles#primaryimage"},"thumbnailUrl":"https:\/\/static.africa-press.net\/congo-brazzaville\/sites\/51\/2023\/02\/postQueueImg_1675884451.23.jpg","datePublished":"2023-02-08T22:57:25+00:00","dateModified":"2023-02-08T23:42:56+00:00","author":{"@id":"https:\/\/www.africa-press.net\/congo-brazzaville\/#\/schema\/person\/2b1cf3cd81a31e3cd26889ca66d677f1"},"description":"Les premie\u0300res assises nationales de l\u2019e\u0301conomie informelle ont e\u0301te\u0301 lance\u0301es le 8 fe\u0301vrier, a\u0300 Brazzaville, re\u0301unis ...","breadcrumb":{"@id":"https:\/\/www.africa-press.net\/congo-brazzaville\/economie\/developpement-le-congo-face-au-defi-de-la-formalisation-des-entreprises-informelles#breadcrumb"},"inLanguage":"fr-FR","potentialAction":[{"@type":"ReadAction","target":["https:\/\/www.africa-press.net\/congo-brazzaville\/economie\/developpement-le-congo-face-au-defi-de-la-formalisation-des-entreprises-informelles"]}]},{"@type":"ImageObject","inLanguage":"fr-FR","@id":"https:\/\/www.africa-press.net\/congo-brazzaville\/economie\/developpement-le-congo-face-au-defi-de-la-formalisation-des-entreprises-informelles#primaryimage","url":"https:\/\/static.africa-press.net\/congo-brazzaville\/sites\/51\/2023\/02\/postQueueImg_1675884451.23.jpg","contentUrl":"https:\/\/static.africa-press.net\/congo-brazzaville\/sites\/51\/2023\/02\/postQueueImg_1675884451.23.jpg","width":1555,"height":768,"caption":"D\u00e9veloppement : le Congo face au d\u00e9fi de la formalisation des entreprises informelles"},{"@type":"BreadcrumbList","@id":"https:\/\/www.africa-press.net\/congo-brazzaville\/economie\/developpement-le-congo-face-au-defi-de-la-formalisation-des-entreprises-informelles#breadcrumb","itemListElement":[{"@type":"ListItem","position":1,"name":"Accueil","item":"https:\/\/www.africa-press.net\/congo-brazzaville\/"},{"@type":"ListItem","position":2,"name":"D\u00e9veloppement : le Congo face au d\u00e9fi de la formalisation des entreprises informelles"}]},{"@type":"WebSite","@id":"https:\/\/www.africa-press.net\/congo-brazzaville\/#website","url":"https:\/\/www.africa-press.net\/congo-brazzaville\/","name":"Congo Brazzaville","description":"Just another Africa News Agency Sites site","potentialAction":[{"@type":"SearchAction","target":{"@type":"EntryPoint","urlTemplate":"https:\/\/www.africa-press.net\/congo-brazzaville\/?s={search_term_string}"},"query-input":{"@type":"PropertyValueSpecification","valueRequired":true,"valueName":"search_term_string"}}],"inLanguage":"fr-FR"},{"@type":"Person","@id":"https:\/\/www.africa-press.net\/congo-brazzaville\/#\/schema\/person\/2b1cf3cd81a31e3cd26889ca66d677f1","name":"cfeditorfr"}]}},"_links":{"self":[{"href":"https:\/\/www.africa-press.net\/congo-brazzaville\/wp-json\/wp\/v2\/posts\/14215","targetHints":{"allow":["GET"]}}],"collection":[{"href":"https:\/\/www.africa-press.net\/congo-brazzaville\/wp-json\/wp\/v2\/posts"}],"about":[{"href":"https:\/\/www.africa-press.net\/congo-brazzaville\/wp-json\/wp\/v2\/types\/post"}],"author":[{"embeddable":true,"href":"https:\/\/www.africa-press.net\/congo-brazzaville\/wp-json\/wp\/v2\/users\/82"}],"replies":[{"embeddable":true,"href":"https:\/\/www.africa-press.net\/congo-brazzaville\/wp-json\/wp\/v2\/comments?post=14215"}],"version-history":[{"count":0,"href":"https:\/\/www.africa-press.net\/congo-brazzaville\/wp-json\/wp\/v2\/posts\/14215\/revisions"}],"wp:featuredmedia":[{"embeddable":true,"href":"https:\/\/www.africa-press.net\/congo-brazzaville\/wp-json\/wp\/v2\/media\/14214"}],"wp:attachment":[{"href":"https:\/\/www.africa-press.net\/congo-brazzaville\/wp-json\/wp\/v2\/media?parent=14215"}],"wp:term":[{"taxonomy":"category","embeddable":true,"href":"https:\/\/www.africa-press.net\/congo-brazzaville\/wp-json\/wp\/v2\/categories?post=14215"},{"taxonomy":"post_tag","embeddable":true,"href":"https:\/\/www.africa-press.net\/congo-brazzaville\/wp-json\/wp\/v2\/tags?post=14215"}],"curies":[{"name":"wp","href":"https:\/\/api.w.org\/{rel}","templated":true}]}}