{"id":14217,"date":"2023-02-08T22:57:43","date_gmt":"2023-02-08T22:57:43","guid":{"rendered":"https:\/\/www.africa-press.net\/congo-brazzaville\/politique\/cooperation-le-maroc-dispose-a-former-les-congolais-dans-le-domaine-agricole"},"modified":"2023-02-08T23:43:14","modified_gmt":"2023-02-08T23:43:14","slug":"cooperation-le-maroc-dispose-a-former-les-congolais-dans-le-domaine-agricole","status":"publish","type":"post","link":"https:\/\/www.africa-press.net\/congo-brazzaville\/politique\/cooperation-le-maroc-dispose-a-former-les-congolais-dans-le-domaine-agricole","title":{"rendered":"Coop\u00e9ration : le Maroc dispos\u00e9 \u00e0 former les Congolais dans le domaine agricole"},"content":{"rendered":"<p><span style=\"color: #ff6600\"><strong>Africa-Press &#8211; Congo Brazzaville. <\/strong><\/span><b>Au sortir de l\u2019audience que le pre\u0301sident de l\u2019Assemble\u0301e nationale, Isidore Mvouba, lui a accorde\u0301e, l\u2019ambassadeur du Maroc au Congo, Ahmed Gargip, a re\u0301affirme\u0301 la disponibilite\u0301 de son pays a\u0300 former les Congolais dans le domaine agricole au regard des avance\u0301es de ce pays et aussi dans bien d\u2019autres. <\/b><\/p>\n<p>\u00ab Le Maroc entend former les Congolais dans ce domaine au regard de son expertise. Nous avons conquis la plupart des marche\u0301s, que cela soit en Europe, aux Etats-Unis, au Royaume-Uni ou ailleurs. Donc, nous avons l\u2019expertise et nous sommes dispose\u0301s a\u0300 former les fre\u0300res congolais. Le Maroc est e\u0301galement pre\u0301curseur dans les infrastructures hydrauliques au regard du nombre des barrages dont il dispose \u00bb, a souligne\u0301 le diplomate marocain.<\/p>\n<p>Ahmed Gargip a loue\u0301 les bourses que l\u2019Etat marocain accorde aux e\u0301tudiants congolais, quatre-vingt-dix par an, pour leur permettre d\u2019acque\u0301rir un savoir-faire. Il a, d\u2019autre part, souhaite\u0301 que les prochaines promotions puissent e\u0302tre inte\u0301gre\u0301es dans la re\u0301alisation du Plan national de de\u0301veloppement amorce\u0301 par le Congo en commenc\u0327ant par l\u2019agriculture.<\/p>\n<p>Le Maroc peut aussi partager son expe\u0301rience dans le domaine sportif car ses infrastructures n\u2019ont rien a\u0300 envier a\u0300 celles d\u2019Europe, a renche\u0301ri Ahmed Gargip. Il a aussi salue\u0301 les relations fructueuses entre le Maroc et le Congo. Les deux personnalite\u0301s ont ensuite convenu d\u2019intensifier les e\u0301changes, les visites entre les Parlements des deux pays, afin de donner un nouvel e\u0301lan a\u0300 cette relation d&rsquo;ores et de\u0301ja\u0300 d\u2019exception.<\/p>\n<p>Cette relation, a note\u0301 le diplomate marocain, se traduit par la coordination fructueuse dans la plupart des forums re\u0301gionaux et internationaux. Le Maroc sait compter sur ses fre\u0300res congolais et re\u0301ciproquement pour aller de l\u2019avant et essayer de travailler la main dans la main. Les de\u0301fis sont e\u0301normes dans tous les domaines et le Maroc continuera bien e\u0301videmment a\u0300 travailler e\u0301troitement avec ses fre\u0300res congolais pour les relever, a conclu Ahmed Gargip.<\/p>\n<p><strong>Pour plus d&rsquo;informations et d&rsquo;analyses sur la <a href=\"https:\/\/www.africa-press.net\/congo-brazzaville\">Congo Brazzaville<\/a>, suivez <a href=\"https:\/\/www.africa-press.net\/\">Africa-Press<\/a><\/strong><\/p>\n","protected":false},"excerpt":{"rendered":"<p>Africa-Press &#8211; Congo Brazzaville. Au sortir de l\u2019audience que le pre\u0301sident de l\u2019Assemble\u0301e nationale, Isidore Mvouba, lui a accorde\u0301e, l\u2019ambassadeur du Maroc au Congo, Ahmed Gargip, a re\u0301affirme\u0301 la disponibilite\u0301 de son pays a\u0300 former les Congolais dans le domaine agricole au regard des avance\u0301es de ce pays et aussi dans bien d\u2019autres. \u00ab Le [&hellip;]<\/p>\n","protected":false},"author":82,"featured_media":14216,"comment_status":"open","ping_status":"closed","sticky":false,"template":"","format":"standard","meta":{"footnotes":""},"categories":[2,10],"tags":[36,47,46],"class_list":["post-14217","post","type-post","status-publish","format-standard","has-post-thumbnail","hentry","category-politique","category-toutes-les-actualites","tag-africa-press","tag-africa-press-congo-brazzaville","tag-congo-brazzaville"],"yoast_head":"<!-- This site is optimized with the Yoast SEO Premium plugin v26.1 (Yoast SEO v27.0) - https:\/\/yoast.com\/product\/yoast-seo-premium-wordpress\/ -->\n<title>Coop\u00e9ration : le Maroc dispos\u00e9 \u00e0 former les Congolais dans le domaine agricole - Congo Brazzaville<\/title>\n<meta name=\"description\" content=\"Au sortir de l\u2019audience que le pre\u0301sident de l\u2019Assemble\u0301e nationale, Isidore Mvouba, lui a accorde\u0301e, l\u2019ambassadeur d ...\" \/>\n<meta name=\"robots\" content=\"index, follow, max-snippet:-1, max-image-preview:large, max-video-preview:-1\" \/>\n<link rel=\"canonical\" href=\"https:\/\/www.africa-press.net\/congo-brazzaville\/politique\/cooperation-le-maroc-dispose-a-former-les-congolais-dans-le-domaine-agricole\" \/>\n<meta property=\"og:locale\" content=\"fr_FR\" \/>\n<meta property=\"og:type\" content=\"article\" \/>\n<meta property=\"og:title\" content=\"Coop\u00e9ration : le Maroc dispos\u00e9 \u00e0 former les Congolais dans le domaine agricole\" \/>\n<meta property=\"og:description\" content=\"Au sortir de l\u2019audience que le pre\u0301sident de l\u2019Assemble\u0301e nationale, Isidore Mvouba, lui a accorde\u0301e, l\u2019ambassadeur d ...\" \/>\n<meta property=\"og:url\" content=\"https:\/\/www.africa-press.net\/congo-brazzaville\/politique\/cooperation-le-maroc-dispose-a-former-les-congolais-dans-le-domaine-agricole\" \/>\n<meta property=\"og:site_name\" content=\"Congo Brazzaville\" \/>\n<meta property=\"article:published_time\" content=\"2023-02-08T22:57:43+00:00\" \/>\n<meta property=\"article:modified_time\" content=\"2023-02-08T23:43:14+00:00\" \/>\n<meta property=\"og:image\" content=\"https:\/\/static.africa-press.net\/congo-brazzaville\/sites\/51\/2023\/02\/postQueueImg_1675884467.72.jpg\" \/>\n\t<meta property=\"og:image:width\" content=\"1080\" \/>\n\t<meta property=\"og:image:height\" content=\"718\" \/>\n\t<meta property=\"og:image:type\" content=\"image\/jpeg\" \/>\n<meta name=\"author\" content=\"cfeditorfr\" \/>\n<meta name=\"twitter:card\" content=\"summary_large_image\" \/>\n<meta name=\"twitter:label1\" content=\"\u00c9crit par\" \/>\n\t<meta name=\"twitter:data1\" content=\"cfeditorfr\" \/>\n\t<meta name=\"twitter:label2\" content=\"Dur\u00e9e de lecture estim\u00e9e\" \/>\n\t<meta name=\"twitter:data2\" content=\"2 minutes\" \/>\n<script type=\"application\/ld+json\" class=\"yoast-schema-graph\">{\"@context\":\"https:\/\/schema.org\",\"@graph\":[{\"@type\":\"Article\",\"@id\":\"https:\/\/www.africa-press.net\/congo-brazzaville\/politique\/cooperation-le-maroc-dispose-a-former-les-congolais-dans-le-domaine-agricole#article\",\"isPartOf\":{\"@id\":\"https:\/\/www.africa-press.net\/congo-brazzaville\/politique\/cooperation-le-maroc-dispose-a-former-les-congolais-dans-le-domaine-agricole\"},\"author\":{\"name\":\"cfeditorfr\",\"@id\":\"https:\/\/www.africa-press.net\/congo-brazzaville\/#\/schema\/person\/2b1cf3cd81a31e3cd26889ca66d677f1\"},\"headline\":\"Coop\u00e9ration : le Maroc dispos\u00e9 \u00e0 former les Congolais dans le domaine agricole\",\"datePublished\":\"2023-02-08T22:57:43+00:00\",\"dateModified\":\"2023-02-08T23:43:14+00:00\",\"mainEntityOfPage\":{\"@id\":\"https:\/\/www.africa-press.net\/congo-brazzaville\/politique\/cooperation-le-maroc-dispose-a-former-les-congolais-dans-le-domaine-agricole\"},\"wordCount\":383,\"commentCount\":0,\"image\":{\"@id\":\"https:\/\/www.africa-press.net\/congo-brazzaville\/politique\/cooperation-le-maroc-dispose-a-former-les-congolais-dans-le-domaine-agricole#primaryimage\"},\"thumbnailUrl\":\"https:\/\/static.africa-press.net\/congo-brazzaville\/sites\/51\/2023\/02\/postQueueImg_1675884467.72.jpg\",\"keywords\":[\"Africa Press\",\"Africa Press-Congo Brazzaville\",\"Congo Brazzaville\"],\"articleSection\":[\"Politique\",\"Toutes les actualit\u00e9s\"],\"inLanguage\":\"fr-FR\",\"potentialAction\":[{\"@type\":\"CommentAction\",\"name\":\"Comment\",\"target\":[\"https:\/\/www.africa-press.net\/congo-brazzaville\/politique\/cooperation-le-maroc-dispose-a-former-les-congolais-dans-le-domaine-agricole#respond\"]}]},{\"@type\":\"WebPage\",\"@id\":\"https:\/\/www.africa-press.net\/congo-brazzaville\/politique\/cooperation-le-maroc-dispose-a-former-les-congolais-dans-le-domaine-agricole\",\"url\":\"https:\/\/www.africa-press.net\/congo-brazzaville\/politique\/cooperation-le-maroc-dispose-a-former-les-congolais-dans-le-domaine-agricole\",\"name\":\"Coop\u00e9ration : le Maroc dispos\u00e9 \u00e0 former les Congolais dans le domaine agricole - Congo Brazzaville\",\"isPartOf\":{\"@id\":\"https:\/\/www.africa-press.net\/congo-brazzaville\/#website\"},\"primaryImageOfPage\":{\"@id\":\"https:\/\/www.africa-press.net\/congo-brazzaville\/politique\/cooperation-le-maroc-dispose-a-former-les-congolais-dans-le-domaine-agricole#primaryimage\"},\"image\":{\"@id\":\"https:\/\/www.africa-press.net\/congo-brazzaville\/politique\/cooperation-le-maroc-dispose-a-former-les-congolais-dans-le-domaine-agricole#primaryimage\"},\"thumbnailUrl\":\"https:\/\/static.africa-press.net\/congo-brazzaville\/sites\/51\/2023\/02\/postQueueImg_1675884467.72.jpg\",\"datePublished\":\"2023-02-08T22:57:43+00:00\",\"dateModified\":\"2023-02-08T23:43:14+00:00\",\"author\":{\"@id\":\"https:\/\/www.africa-press.net\/congo-brazzaville\/#\/schema\/person\/2b1cf3cd81a31e3cd26889ca66d677f1\"},\"description\":\"Au sortir de l\u2019audience que le pre\u0301sident de l\u2019Assemble\u0301e nationale, Isidore Mvouba, lui a accorde\u0301e, l\u2019ambassadeur d ...\",\"breadcrumb\":{\"@id\":\"https:\/\/www.africa-press.net\/congo-brazzaville\/politique\/cooperation-le-maroc-dispose-a-former-les-congolais-dans-le-domaine-agricole#breadcrumb\"},\"inLanguage\":\"fr-FR\",\"potentialAction\":[{\"@type\":\"ReadAction\",\"target\":[\"https:\/\/www.africa-press.net\/congo-brazzaville\/politique\/cooperation-le-maroc-dispose-a-former-les-congolais-dans-le-domaine-agricole\"]}]},{\"@type\":\"ImageObject\",\"inLanguage\":\"fr-FR\",\"@id\":\"https:\/\/www.africa-press.net\/congo-brazzaville\/politique\/cooperation-le-maroc-dispose-a-former-les-congolais-dans-le-domaine-agricole#primaryimage\",\"url\":\"https:\/\/static.africa-press.net\/congo-brazzaville\/sites\/51\/2023\/02\/postQueueImg_1675884467.72.jpg\",\"contentUrl\":\"https:\/\/static.africa-press.net\/congo-brazzaville\/sites\/51\/2023\/02\/postQueueImg_1675884467.72.jpg\",\"width\":1080,\"height\":718,\"caption\":\"Coop\u00e9ration : le Maroc dispos\u00e9 \u00e0 former les Congolais dans le domaine agricole\"},{\"@type\":\"BreadcrumbList\",\"@id\":\"https:\/\/www.africa-press.net\/congo-brazzaville\/politique\/cooperation-le-maroc-dispose-a-former-les-congolais-dans-le-domaine-agricole#breadcrumb\",\"itemListElement\":[{\"@type\":\"ListItem\",\"position\":1,\"name\":\"Accueil\",\"item\":\"https:\/\/www.africa-press.net\/congo-brazzaville\/\"},{\"@type\":\"ListItem\",\"position\":2,\"name\":\"Coop\u00e9ration : le Maroc dispos\u00e9 \u00e0 former les Congolais dans le domaine agricole\"}]},{\"@type\":\"WebSite\",\"@id\":\"https:\/\/www.africa-press.net\/congo-brazzaville\/#website\",\"url\":\"https:\/\/www.africa-press.net\/congo-brazzaville\/\",\"name\":\"Congo Brazzaville\",\"description\":\"Just another Africa News Agency Sites site\",\"potentialAction\":[{\"@type\":\"SearchAction\",\"target\":{\"@type\":\"EntryPoint\",\"urlTemplate\":\"https:\/\/www.africa-press.net\/congo-brazzaville\/?s={search_term_string}\"},\"query-input\":{\"@type\":\"PropertyValueSpecification\",\"valueRequired\":true,\"valueName\":\"search_term_string\"}}],\"inLanguage\":\"fr-FR\"},{\"@type\":\"Person\",\"@id\":\"https:\/\/www.africa-press.net\/congo-brazzaville\/#\/schema\/person\/2b1cf3cd81a31e3cd26889ca66d677f1\",\"name\":\"cfeditorfr\"}]}<\/script>\n<!-- \/ Yoast SEO Premium plugin. -->","yoast_head_json":{"title":"Coop\u00e9ration : le Maroc dispos\u00e9 \u00e0 former les Congolais dans le domaine agricole - Congo Brazzaville","description":"Au sortir de l\u2019audience que le pre\u0301sident de l\u2019Assemble\u0301e nationale, Isidore Mvouba, lui a accorde\u0301e, l\u2019ambassadeur d ...","robots":{"index":"index","follow":"follow","max-snippet":"max-snippet:-1","max-image-preview":"max-image-preview:large","max-video-preview":"max-video-preview:-1"},"canonical":"https:\/\/www.africa-press.net\/congo-brazzaville\/politique\/cooperation-le-maroc-dispose-a-former-les-congolais-dans-le-domaine-agricole","og_locale":"fr_FR","og_type":"article","og_title":"Coop\u00e9ration : le Maroc dispos\u00e9 \u00e0 former les Congolais dans le domaine agricole","og_description":"Au sortir de l\u2019audience que le pre\u0301sident de l\u2019Assemble\u0301e nationale, Isidore Mvouba, lui a accorde\u0301e, l\u2019ambassadeur d ...","og_url":"https:\/\/www.africa-press.net\/congo-brazzaville\/politique\/cooperation-le-maroc-dispose-a-former-les-congolais-dans-le-domaine-agricole","og_site_name":"Congo Brazzaville","article_published_time":"2023-02-08T22:57:43+00:00","article_modified_time":"2023-02-08T23:43:14+00:00","og_image":[{"width":1080,"height":718,"url":"https:\/\/static.africa-press.net\/congo-brazzaville\/sites\/51\/2023\/02\/postQueueImg_1675884467.72.jpg","type":"image\/jpeg"}],"author":"cfeditorfr","twitter_card":"summary_large_image","twitter_misc":{"\u00c9crit par":"cfeditorfr","Dur\u00e9e de lecture estim\u00e9e":"2 minutes"},"schema":{"@context":"https:\/\/schema.org","@graph":[{"@type":"Article","@id":"https:\/\/www.africa-press.net\/congo-brazzaville\/politique\/cooperation-le-maroc-dispose-a-former-les-congolais-dans-le-domaine-agricole#article","isPartOf":{"@id":"https:\/\/www.africa-press.net\/congo-brazzaville\/politique\/cooperation-le-maroc-dispose-a-former-les-congolais-dans-le-domaine-agricole"},"author":{"name":"cfeditorfr","@id":"https:\/\/www.africa-press.net\/congo-brazzaville\/#\/schema\/person\/2b1cf3cd81a31e3cd26889ca66d677f1"},"headline":"Coop\u00e9ration : le Maroc dispos\u00e9 \u00e0 former les Congolais dans le domaine agricole","datePublished":"2023-02-08T22:57:43+00:00","dateModified":"2023-02-08T23:43:14+00:00","mainEntityOfPage":{"@id":"https:\/\/www.africa-press.net\/congo-brazzaville\/politique\/cooperation-le-maroc-dispose-a-former-les-congolais-dans-le-domaine-agricole"},"wordCount":383,"commentCount":0,"image":{"@id":"https:\/\/www.africa-press.net\/congo-brazzaville\/politique\/cooperation-le-maroc-dispose-a-former-les-congolais-dans-le-domaine-agricole#primaryimage"},"thumbnailUrl":"https:\/\/static.africa-press.net\/congo-brazzaville\/sites\/51\/2023\/02\/postQueueImg_1675884467.72.jpg","keywords":["Africa Press","Africa Press-Congo Brazzaville","Congo Brazzaville"],"articleSection":["Politique","Toutes les actualit\u00e9s"],"inLanguage":"fr-FR","potentialAction":[{"@type":"CommentAction","name":"Comment","target":["https:\/\/www.africa-press.net\/congo-brazzaville\/politique\/cooperation-le-maroc-dispose-a-former-les-congolais-dans-le-domaine-agricole#respond"]}]},{"@type":"WebPage","@id":"https:\/\/www.africa-press.net\/congo-brazzaville\/politique\/cooperation-le-maroc-dispose-a-former-les-congolais-dans-le-domaine-agricole","url":"https:\/\/www.africa-press.net\/congo-brazzaville\/politique\/cooperation-le-maroc-dispose-a-former-les-congolais-dans-le-domaine-agricole","name":"Coop\u00e9ration : le Maroc dispos\u00e9 \u00e0 former les Congolais dans le domaine agricole - Congo Brazzaville","isPartOf":{"@id":"https:\/\/www.africa-press.net\/congo-brazzaville\/#website"},"primaryImageOfPage":{"@id":"https:\/\/www.africa-press.net\/congo-brazzaville\/politique\/cooperation-le-maroc-dispose-a-former-les-congolais-dans-le-domaine-agricole#primaryimage"},"image":{"@id":"https:\/\/www.africa-press.net\/congo-brazzaville\/politique\/cooperation-le-maroc-dispose-a-former-les-congolais-dans-le-domaine-agricole#primaryimage"},"thumbnailUrl":"https:\/\/static.africa-press.net\/congo-brazzaville\/sites\/51\/2023\/02\/postQueueImg_1675884467.72.jpg","datePublished":"2023-02-08T22:57:43+00:00","dateModified":"2023-02-08T23:43:14+00:00","author":{"@id":"https:\/\/www.africa-press.net\/congo-brazzaville\/#\/schema\/person\/2b1cf3cd81a31e3cd26889ca66d677f1"},"description":"Au sortir de l\u2019audience que le pre\u0301sident de l\u2019Assemble\u0301e nationale, Isidore Mvouba, lui a accorde\u0301e, l\u2019ambassadeur d ...","breadcrumb":{"@id":"https:\/\/www.africa-press.net\/congo-brazzaville\/politique\/cooperation-le-maroc-dispose-a-former-les-congolais-dans-le-domaine-agricole#breadcrumb"},"inLanguage":"fr-FR","potentialAction":[{"@type":"ReadAction","target":["https:\/\/www.africa-press.net\/congo-brazzaville\/politique\/cooperation-le-maroc-dispose-a-former-les-congolais-dans-le-domaine-agricole"]}]},{"@type":"ImageObject","inLanguage":"fr-FR","@id":"https:\/\/www.africa-press.net\/congo-brazzaville\/politique\/cooperation-le-maroc-dispose-a-former-les-congolais-dans-le-domaine-agricole#primaryimage","url":"https:\/\/static.africa-press.net\/congo-brazzaville\/sites\/51\/2023\/02\/postQueueImg_1675884467.72.jpg","contentUrl":"https:\/\/static.africa-press.net\/congo-brazzaville\/sites\/51\/2023\/02\/postQueueImg_1675884467.72.jpg","width":1080,"height":718,"caption":"Coop\u00e9ration : le Maroc dispos\u00e9 \u00e0 former les Congolais dans le domaine agricole"},{"@type":"BreadcrumbList","@id":"https:\/\/www.africa-press.net\/congo-brazzaville\/politique\/cooperation-le-maroc-dispose-a-former-les-congolais-dans-le-domaine-agricole#breadcrumb","itemListElement":[{"@type":"ListItem","position":1,"name":"Accueil","item":"https:\/\/www.africa-press.net\/congo-brazzaville\/"},{"@type":"ListItem","position":2,"name":"Coop\u00e9ration : le Maroc dispos\u00e9 \u00e0 former les Congolais dans le domaine agricole"}]},{"@type":"WebSite","@id":"https:\/\/www.africa-press.net\/congo-brazzaville\/#website","url":"https:\/\/www.africa-press.net\/congo-brazzaville\/","name":"Congo Brazzaville","description":"Just another Africa News Agency Sites site","potentialAction":[{"@type":"SearchAction","target":{"@type":"EntryPoint","urlTemplate":"https:\/\/www.africa-press.net\/congo-brazzaville\/?s={search_term_string}"},"query-input":{"@type":"PropertyValueSpecification","valueRequired":true,"valueName":"search_term_string"}}],"inLanguage":"fr-FR"},{"@type":"Person","@id":"https:\/\/www.africa-press.net\/congo-brazzaville\/#\/schema\/person\/2b1cf3cd81a31e3cd26889ca66d677f1","name":"cfeditorfr"}]}},"_links":{"self":[{"href":"https:\/\/www.africa-press.net\/congo-brazzaville\/wp-json\/wp\/v2\/posts\/14217","targetHints":{"allow":["GET"]}}],"collection":[{"href":"https:\/\/www.africa-press.net\/congo-brazzaville\/wp-json\/wp\/v2\/posts"}],"about":[{"href":"https:\/\/www.africa-press.net\/congo-brazzaville\/wp-json\/wp\/v2\/types\/post"}],"author":[{"embeddable":true,"href":"https:\/\/www.africa-press.net\/congo-brazzaville\/wp-json\/wp\/v2\/users\/82"}],"replies":[{"embeddable":true,"href":"https:\/\/www.africa-press.net\/congo-brazzaville\/wp-json\/wp\/v2\/comments?post=14217"}],"version-history":[{"count":0,"href":"https:\/\/www.africa-press.net\/congo-brazzaville\/wp-json\/wp\/v2\/posts\/14217\/revisions"}],"wp:featuredmedia":[{"embeddable":true,"href":"https:\/\/www.africa-press.net\/congo-brazzaville\/wp-json\/wp\/v2\/media\/14216"}],"wp:attachment":[{"href":"https:\/\/www.africa-press.net\/congo-brazzaville\/wp-json\/wp\/v2\/media?parent=14217"}],"wp:term":[{"taxonomy":"category","embeddable":true,"href":"https:\/\/www.africa-press.net\/congo-brazzaville\/wp-json\/wp\/v2\/categories?post=14217"},{"taxonomy":"post_tag","embeddable":true,"href":"https:\/\/www.africa-press.net\/congo-brazzaville\/wp-json\/wp\/v2\/tags?post=14217"}],"curies":[{"name":"wp","href":"https:\/\/api.w.org\/{rel}","templated":true}]}}