{"id":14219,"date":"2023-02-08T22:57:53","date_gmt":"2023-02-08T22:57:53","guid":{"rendered":"https:\/\/www.africa-press.net\/congo-brazzaville\/politique\/affaires-maritimes-et-fluviales-la-france-va-appuyer-le-secretariat-permanent"},"modified":"2023-02-08T23:43:33","modified_gmt":"2023-02-08T23:43:33","slug":"affaires-maritimes-et-fluviales-la-france-va-appuyer-le-secretariat-permanent","status":"publish","type":"post","link":"https:\/\/www.africa-press.net\/congo-brazzaville\/economie\/affaires-maritimes-et-fluviales-la-france-va-appuyer-le-secretariat-permanent","title":{"rendered":"Affaires maritimes et fluviales : la France va appuyer le secr\u00e9tariat permanent"},"content":{"rendered":"<p><span style=\"color: #ff6600\"><strong>Africa-Press &#8211; Congo Brazzaville. <\/strong><\/span><b>Le secre\u0301taire permanent du comite\u0301 interministe\u0301riel de l\u2019action de l\u2019Etat en mer et dans les eaux continentales (Sepcim-aemec), Eric Olivier Se\u0301bastien Dibas-Franck, a exprime\u0301 le 7 fe\u0301vrier a\u0300 Brazzaville un certain nombre de besoins, dans les domaines maritime et fluvial, a\u0300 l\u2019ambassadeur de France au Congo, Franc\u0327ois Barateau, pour un appui permettant de bien mener sa mission a\u0300 caracte\u0300re interministe\u0301riel.<\/b><\/p>\n<p>Les besoins exprime\u0301s par le Sepcim-aemec concernent l\u2019accompagnement de la France sur le lancement de l\u2019Institut des hautes e\u0301tudes maritimes et fluviales ; le renforcement des capacite\u0301s maritimes et fluviales, la strate\u0301gie nationale des mers et des eaux continentales a\u0300 l\u2019instar d\u2019autres pays dont les strate\u0301gies ont e\u0301te\u0301 finance\u0301es par les partenaires au de\u0301veloppement. Aussi, en dehors du partage d\u2019expe\u0301riences, il y a la cre\u0301ation d\u2019un Ordre du me\u0301rite maritime et fluvial pour tous ceux qui \u0153uvrent dans les domaines de la mer et des eaux continentales, inclus dans le programme d\u2019activite\u0301 2023 de ladite institution ainsi que la re\u0301vision de l\u2019arrangement administratif entre le Congo et la France qui date de plus de dix ans.<\/p>\n<p>Par ailleurs, Eric Olivier Se\u0301bastien Dibas-Franck et Franc\u0327ois Barateau ont e\u0301voque\u0301 les aspects lie\u0301s a\u0300 l\u2019hydrographie, a\u0300 la cartographie et a\u0300 l\u2019e\u0301quipement pour permettre a\u0300 la structure d\u2019accomplir sa mission de \u2018\u2019continuite\u0301 plus\u2019\u2019. Sur le ro\u0302le que la France aura a\u0300 jouer dans la monte\u0301e en puissance de l\u2019action de l\u2019Etat en mer et dans les eaux continentales, Eric Olivier Se\u0301bastien Dibas-Franck a souhaite\u0301 que ce pays se penche du co\u0302te\u0301 des eaux continentales.<\/p>\n<p>Ainsi, il a rappele\u0301 la volonte\u0301 exprime\u0301e par le pre\u0301sident de la Re\u0301publique d\u2019avoir cre\u0301e\u0301, pour la deuxie\u0300me fois en l\u2019espace de dix ans, le ministe\u0300re de l\u2019Economie fluviale et des Voies navigables. Ainsi, lors de la premie\u0300re confe\u0301rence maritime de la Communaute\u0301 e\u0301conomique des Etats de l&rsquo;Afrique centrale, tenue du 17 au 23 janvier de cette anne\u0301e a\u0300 Kinshasa, en Re\u0301publique de\u0301mocratique du Congo, le Congo a re\u0301ussi a\u0300 introduire la dimension des eaux continentales \u2018\u2019partage\u0301es\u2019\u2019 dans les approches de la Communaute\u0301. C\u2019est dans ce sens que Eric Olivier Se\u0301bastien Dibas-Franck a, par ailleurs, de\u0301veloppe\u0301 le concept de la francophonie maritime aupre\u0300s du diplomate franc\u0327ais.<\/p>\n<p><b>Une mission permanente de la France dans le golfe de Guine\u0301e<\/b><\/p>\n<p>\u00ab Avec l\u2019ambassadeur de France, le secre\u0301taire permanent a un partenaire a\u0300 son e\u0301coute. Un conseiller marin sera a\u0300 votre disposition si vous le souhaitez, pour essayer d\u2019avancer ensemble dans ce domaine, axe\u0301 sur la dimension des fleuves a\u0300 laquelle l\u2019accent n\u2019est pas mis instinctivement \u00bb, a indique\u0301 l\u2019ambassadeur de France. Sur cet aspect, l\u2019accent sera mis aussi bien sur les Centres des ope\u0301rations maritimes que les Centres des ope\u0301rations fluviales.<\/p>\n<p>En comple\u0301ment d\u2019information, l\u2019attache\u0301 a\u0300 la de\u0301fense qui a accompagne\u0301 l\u2019ambassadeur, le colonel Yannick Agazzini, a rappele\u0301 que la France a une mission permanente dans le golfe de Guine\u0301e et a toujours soutenu le processus de Yaounde\u0301. Les contacts avec les institutions franc\u0327aises seront facilite\u0301s. Selon lui, l\u2019appui sur le combat fluvial avait de\u0301ja\u0300 e\u0301te\u0301 amorce\u0301 a\u0300 travers une formation et un don de cinq bateaux en septembre dernier.<\/p>\n<p>L\u2019ambassadeur de France n\u2019est pas sorti de cet e\u0301change les mains vides. Eric Olivier Se\u0301bastien Dibas-Franck a, en effet, mis a\u0300 sa disposition un exemplaire de la revue africaine \u00ab\u00a0Des Affaires maritimes et des transports\u2019\u2019, dont il espe\u0300re avoir un accompagnement multiforme ; un de ses derniers ouvrages publie\u0301s, \u00ab\u00a0Le droit maritime dans la zone Ce\u0301mac, avec une de\u0301dicace ; \u00a0\u00bb L&rsquo;hommage rendu en me\u0301moire de Martin Parfait Aime\u0301 Coussoud-Mavoungou\u00a0\u00bb et le livre \u00ab\u00a0Droit du Congo\u00a0\u00bb publie\u0301 dans un contexte particulier de l\u2019association Henri-Capitant Congo depuis trois ans.<\/p>\n<p><strong>Pour plus d&rsquo;informations et d&rsquo;analyses sur la <a href=\"https:\/\/www.africa-press.net\/congo-brazzaville\">Congo Brazzaville<\/a>, suivez <a href=\"https:\/\/www.africa-press.net\/\">Africa-Press<\/a><\/strong><\/p>\n","protected":false},"excerpt":{"rendered":"<p>Africa-Press &#8211; Congo Brazzaville. Le secre\u0301taire permanent du comite\u0301 interministe\u0301riel de l\u2019action de l\u2019Etat en mer et dans les eaux continentales (Sepcim-aemec), Eric Olivier Se\u0301bastien Dibas-Franck, a exprime\u0301 le 7 fe\u0301vrier a\u0300 Brazzaville un certain nombre de besoins, dans les domaines maritime et fluvial, a\u0300 l\u2019ambassadeur de France au Congo, Franc\u0327ois Barateau, pour un appui [&hellip;]<\/p>\n","protected":false},"author":82,"featured_media":14218,"comment_status":"open","ping_status":"closed","sticky":false,"template":"","format":"standard","meta":{"footnotes":""},"categories":[3,10],"tags":[36,47,46],"class_list":["post-14219","post","type-post","status-publish","format-standard","has-post-thumbnail","hentry","category-economie","category-toutes-les-actualites","tag-africa-press","tag-africa-press-congo-brazzaville","tag-congo-brazzaville"],"yoast_head":"<!-- This site is optimized with the Yoast SEO Premium plugin v26.1 (Yoast SEO v27.0) - https:\/\/yoast.com\/product\/yoast-seo-premium-wordpress\/ -->\n<title>Affaires maritimes et fluviales : la France va appuyer le secr\u00e9tariat permanent - Congo Brazzaville<\/title>\n<meta name=\"description\" content=\"Le secre\u0301taire permanent du comite\u0301 interministe\u0301riel de l\u2019action de l\u2019Etat en mer et dans les eaux continentales (Se ...\" \/>\n<meta name=\"robots\" content=\"index, follow, max-snippet:-1, max-image-preview:large, max-video-preview:-1\" \/>\n<link rel=\"canonical\" href=\"https:\/\/www.africa-press.net\/congo-brazzaville\/economie\/affaires-maritimes-et-fluviales-la-france-va-appuyer-le-secretariat-permanent\" \/>\n<meta property=\"og:locale\" content=\"fr_FR\" \/>\n<meta property=\"og:type\" content=\"article\" \/>\n<meta property=\"og:title\" content=\"Affaires maritimes et fluviales : la France va appuyer le secr\u00e9tariat permanent\" \/>\n<meta property=\"og:description\" content=\"Le secre\u0301taire permanent du comite\u0301 interministe\u0301riel de l\u2019action de l\u2019Etat en mer et dans les eaux continentales (Se ...\" \/>\n<meta property=\"og:url\" content=\"https:\/\/www.africa-press.net\/congo-brazzaville\/economie\/affaires-maritimes-et-fluviales-la-france-va-appuyer-le-secretariat-permanent\" \/>\n<meta property=\"og:site_name\" content=\"Congo Brazzaville\" \/>\n<meta property=\"article:published_time\" content=\"2023-02-08T22:57:53+00:00\" \/>\n<meta property=\"article:modified_time\" content=\"2023-02-08T23:43:33+00:00\" \/>\n<meta property=\"og:image\" content=\"https:\/\/static.africa-press.net\/congo-brazzaville\/sites\/51\/2023\/02\/postQueueImg_1675884479.89.jpg\" \/>\n\t<meta property=\"og:image:width\" content=\"1155\" \/>\n\t<meta property=\"og:image:height\" content=\"768\" \/>\n\t<meta property=\"og:image:type\" content=\"image\/jpeg\" \/>\n<meta name=\"author\" content=\"cfeditorfr\" \/>\n<meta name=\"twitter:card\" content=\"summary_large_image\" \/>\n<meta name=\"twitter:label1\" content=\"\u00c9crit par\" \/>\n\t<meta name=\"twitter:data1\" content=\"cfeditorfr\" \/>\n\t<meta name=\"twitter:label2\" content=\"Dur\u00e9e de lecture estim\u00e9e\" \/>\n\t<meta name=\"twitter:data2\" content=\"3 minutes\" \/>\n<script type=\"application\/ld+json\" class=\"yoast-schema-graph\">{\"@context\":\"https:\/\/schema.org\",\"@graph\":[{\"@type\":\"Article\",\"@id\":\"https:\/\/www.africa-press.net\/congo-brazzaville\/economie\/affaires-maritimes-et-fluviales-la-france-va-appuyer-le-secretariat-permanent#article\",\"isPartOf\":{\"@id\":\"https:\/\/www.africa-press.net\/congo-brazzaville\/economie\/affaires-maritimes-et-fluviales-la-france-va-appuyer-le-secretariat-permanent\"},\"author\":{\"name\":\"cfeditorfr\",\"@id\":\"https:\/\/www.africa-press.net\/congo-brazzaville\/#\/schema\/person\/2b1cf3cd81a31e3cd26889ca66d677f1\"},\"headline\":\"Affaires maritimes et fluviales : la France va appuyer le secr\u00e9tariat permanent\",\"datePublished\":\"2023-02-08T22:57:53+00:00\",\"dateModified\":\"2023-02-08T23:43:33+00:00\",\"mainEntityOfPage\":{\"@id\":\"https:\/\/www.africa-press.net\/congo-brazzaville\/economie\/affaires-maritimes-et-fluviales-la-france-va-appuyer-le-secretariat-permanent\"},\"wordCount\":714,\"commentCount\":0,\"image\":{\"@id\":\"https:\/\/www.africa-press.net\/congo-brazzaville\/economie\/affaires-maritimes-et-fluviales-la-france-va-appuyer-le-secretariat-permanent#primaryimage\"},\"thumbnailUrl\":\"https:\/\/static.africa-press.net\/congo-brazzaville\/sites\/51\/2023\/02\/postQueueImg_1675884479.89.jpg\",\"keywords\":[\"Africa Press\",\"Africa Press-Congo Brazzaville\",\"Congo Brazzaville\"],\"articleSection\":[\"\u00c9conomie\",\"Toutes les actualit\u00e9s\"],\"inLanguage\":\"fr-FR\",\"potentialAction\":[{\"@type\":\"CommentAction\",\"name\":\"Comment\",\"target\":[\"https:\/\/www.africa-press.net\/congo-brazzaville\/economie\/affaires-maritimes-et-fluviales-la-france-va-appuyer-le-secretariat-permanent#respond\"]}]},{\"@type\":\"WebPage\",\"@id\":\"https:\/\/www.africa-press.net\/congo-brazzaville\/economie\/affaires-maritimes-et-fluviales-la-france-va-appuyer-le-secretariat-permanent\",\"url\":\"https:\/\/www.africa-press.net\/congo-brazzaville\/economie\/affaires-maritimes-et-fluviales-la-france-va-appuyer-le-secretariat-permanent\",\"name\":\"Affaires maritimes et fluviales : la France va appuyer le secr\u00e9tariat permanent - Congo Brazzaville\",\"isPartOf\":{\"@id\":\"https:\/\/www.africa-press.net\/congo-brazzaville\/#website\"},\"primaryImageOfPage\":{\"@id\":\"https:\/\/www.africa-press.net\/congo-brazzaville\/economie\/affaires-maritimes-et-fluviales-la-france-va-appuyer-le-secretariat-permanent#primaryimage\"},\"image\":{\"@id\":\"https:\/\/www.africa-press.net\/congo-brazzaville\/economie\/affaires-maritimes-et-fluviales-la-france-va-appuyer-le-secretariat-permanent#primaryimage\"},\"thumbnailUrl\":\"https:\/\/static.africa-press.net\/congo-brazzaville\/sites\/51\/2023\/02\/postQueueImg_1675884479.89.jpg\",\"datePublished\":\"2023-02-08T22:57:53+00:00\",\"dateModified\":\"2023-02-08T23:43:33+00:00\",\"author\":{\"@id\":\"https:\/\/www.africa-press.net\/congo-brazzaville\/#\/schema\/person\/2b1cf3cd81a31e3cd26889ca66d677f1\"},\"description\":\"Le secre\u0301taire permanent du comite\u0301 interministe\u0301riel de l\u2019action de l\u2019Etat en mer et dans les eaux continentales (Se ...\",\"breadcrumb\":{\"@id\":\"https:\/\/www.africa-press.net\/congo-brazzaville\/economie\/affaires-maritimes-et-fluviales-la-france-va-appuyer-le-secretariat-permanent#breadcrumb\"},\"inLanguage\":\"fr-FR\",\"potentialAction\":[{\"@type\":\"ReadAction\",\"target\":[\"https:\/\/www.africa-press.net\/congo-brazzaville\/economie\/affaires-maritimes-et-fluviales-la-france-va-appuyer-le-secretariat-permanent\"]}]},{\"@type\":\"ImageObject\",\"inLanguage\":\"fr-FR\",\"@id\":\"https:\/\/www.africa-press.net\/congo-brazzaville\/economie\/affaires-maritimes-et-fluviales-la-france-va-appuyer-le-secretariat-permanent#primaryimage\",\"url\":\"https:\/\/static.africa-press.net\/congo-brazzaville\/sites\/51\/2023\/02\/postQueueImg_1675884479.89.jpg\",\"contentUrl\":\"https:\/\/static.africa-press.net\/congo-brazzaville\/sites\/51\/2023\/02\/postQueueImg_1675884479.89.jpg\",\"width\":1155,\"height\":768,\"caption\":\"Affaires maritimes et fluviales : la France va appuyer le secr\u00e9tariat permanent\"},{\"@type\":\"BreadcrumbList\",\"@id\":\"https:\/\/www.africa-press.net\/congo-brazzaville\/economie\/affaires-maritimes-et-fluviales-la-france-va-appuyer-le-secretariat-permanent#breadcrumb\",\"itemListElement\":[{\"@type\":\"ListItem\",\"position\":1,\"name\":\"Accueil\",\"item\":\"https:\/\/www.africa-press.net\/congo-brazzaville\/\"},{\"@type\":\"ListItem\",\"position\":2,\"name\":\"Affaires maritimes et fluviales : la France va appuyer le secr\u00e9tariat permanent\"}]},{\"@type\":\"WebSite\",\"@id\":\"https:\/\/www.africa-press.net\/congo-brazzaville\/#website\",\"url\":\"https:\/\/www.africa-press.net\/congo-brazzaville\/\",\"name\":\"Congo Brazzaville\",\"description\":\"Just another Africa News Agency Sites site\",\"potentialAction\":[{\"@type\":\"SearchAction\",\"target\":{\"@type\":\"EntryPoint\",\"urlTemplate\":\"https:\/\/www.africa-press.net\/congo-brazzaville\/?s={search_term_string}\"},\"query-input\":{\"@type\":\"PropertyValueSpecification\",\"valueRequired\":true,\"valueName\":\"search_term_string\"}}],\"inLanguage\":\"fr-FR\"},{\"@type\":\"Person\",\"@id\":\"https:\/\/www.africa-press.net\/congo-brazzaville\/#\/schema\/person\/2b1cf3cd81a31e3cd26889ca66d677f1\",\"name\":\"cfeditorfr\"}]}<\/script>\n<!-- \/ Yoast SEO Premium plugin. -->","yoast_head_json":{"title":"Affaires maritimes et fluviales : la France va appuyer le secr\u00e9tariat permanent - Congo Brazzaville","description":"Le secre\u0301taire permanent du comite\u0301 interministe\u0301riel de l\u2019action de l\u2019Etat en mer et dans les eaux continentales (Se ...","robots":{"index":"index","follow":"follow","max-snippet":"max-snippet:-1","max-image-preview":"max-image-preview:large","max-video-preview":"max-video-preview:-1"},"canonical":"https:\/\/www.africa-press.net\/congo-brazzaville\/economie\/affaires-maritimes-et-fluviales-la-france-va-appuyer-le-secretariat-permanent","og_locale":"fr_FR","og_type":"article","og_title":"Affaires maritimes et fluviales : la France va appuyer le secr\u00e9tariat permanent","og_description":"Le secre\u0301taire permanent du comite\u0301 interministe\u0301riel de l\u2019action de l\u2019Etat en mer et dans les eaux continentales (Se ...","og_url":"https:\/\/www.africa-press.net\/congo-brazzaville\/economie\/affaires-maritimes-et-fluviales-la-france-va-appuyer-le-secretariat-permanent","og_site_name":"Congo Brazzaville","article_published_time":"2023-02-08T22:57:53+00:00","article_modified_time":"2023-02-08T23:43:33+00:00","og_image":[{"width":1155,"height":768,"url":"https:\/\/static.africa-press.net\/congo-brazzaville\/sites\/51\/2023\/02\/postQueueImg_1675884479.89.jpg","type":"image\/jpeg"}],"author":"cfeditorfr","twitter_card":"summary_large_image","twitter_misc":{"\u00c9crit par":"cfeditorfr","Dur\u00e9e de lecture estim\u00e9e":"3 minutes"},"schema":{"@context":"https:\/\/schema.org","@graph":[{"@type":"Article","@id":"https:\/\/www.africa-press.net\/congo-brazzaville\/economie\/affaires-maritimes-et-fluviales-la-france-va-appuyer-le-secretariat-permanent#article","isPartOf":{"@id":"https:\/\/www.africa-press.net\/congo-brazzaville\/economie\/affaires-maritimes-et-fluviales-la-france-va-appuyer-le-secretariat-permanent"},"author":{"name":"cfeditorfr","@id":"https:\/\/www.africa-press.net\/congo-brazzaville\/#\/schema\/person\/2b1cf3cd81a31e3cd26889ca66d677f1"},"headline":"Affaires maritimes et fluviales : la France va appuyer le secr\u00e9tariat permanent","datePublished":"2023-02-08T22:57:53+00:00","dateModified":"2023-02-08T23:43:33+00:00","mainEntityOfPage":{"@id":"https:\/\/www.africa-press.net\/congo-brazzaville\/economie\/affaires-maritimes-et-fluviales-la-france-va-appuyer-le-secretariat-permanent"},"wordCount":714,"commentCount":0,"image":{"@id":"https:\/\/www.africa-press.net\/congo-brazzaville\/economie\/affaires-maritimes-et-fluviales-la-france-va-appuyer-le-secretariat-permanent#primaryimage"},"thumbnailUrl":"https:\/\/static.africa-press.net\/congo-brazzaville\/sites\/51\/2023\/02\/postQueueImg_1675884479.89.jpg","keywords":["Africa Press","Africa Press-Congo Brazzaville","Congo Brazzaville"],"articleSection":["\u00c9conomie","Toutes les actualit\u00e9s"],"inLanguage":"fr-FR","potentialAction":[{"@type":"CommentAction","name":"Comment","target":["https:\/\/www.africa-press.net\/congo-brazzaville\/economie\/affaires-maritimes-et-fluviales-la-france-va-appuyer-le-secretariat-permanent#respond"]}]},{"@type":"WebPage","@id":"https:\/\/www.africa-press.net\/congo-brazzaville\/economie\/affaires-maritimes-et-fluviales-la-france-va-appuyer-le-secretariat-permanent","url":"https:\/\/www.africa-press.net\/congo-brazzaville\/economie\/affaires-maritimes-et-fluviales-la-france-va-appuyer-le-secretariat-permanent","name":"Affaires maritimes et fluviales : la France va appuyer le secr\u00e9tariat permanent - Congo Brazzaville","isPartOf":{"@id":"https:\/\/www.africa-press.net\/congo-brazzaville\/#website"},"primaryImageOfPage":{"@id":"https:\/\/www.africa-press.net\/congo-brazzaville\/economie\/affaires-maritimes-et-fluviales-la-france-va-appuyer-le-secretariat-permanent#primaryimage"},"image":{"@id":"https:\/\/www.africa-press.net\/congo-brazzaville\/economie\/affaires-maritimes-et-fluviales-la-france-va-appuyer-le-secretariat-permanent#primaryimage"},"thumbnailUrl":"https:\/\/static.africa-press.net\/congo-brazzaville\/sites\/51\/2023\/02\/postQueueImg_1675884479.89.jpg","datePublished":"2023-02-08T22:57:53+00:00","dateModified":"2023-02-08T23:43:33+00:00","author":{"@id":"https:\/\/www.africa-press.net\/congo-brazzaville\/#\/schema\/person\/2b1cf3cd81a31e3cd26889ca66d677f1"},"description":"Le secre\u0301taire permanent du comite\u0301 interministe\u0301riel de l\u2019action de l\u2019Etat en mer et dans les eaux continentales (Se ...","breadcrumb":{"@id":"https:\/\/www.africa-press.net\/congo-brazzaville\/economie\/affaires-maritimes-et-fluviales-la-france-va-appuyer-le-secretariat-permanent#breadcrumb"},"inLanguage":"fr-FR","potentialAction":[{"@type":"ReadAction","target":["https:\/\/www.africa-press.net\/congo-brazzaville\/economie\/affaires-maritimes-et-fluviales-la-france-va-appuyer-le-secretariat-permanent"]}]},{"@type":"ImageObject","inLanguage":"fr-FR","@id":"https:\/\/www.africa-press.net\/congo-brazzaville\/economie\/affaires-maritimes-et-fluviales-la-france-va-appuyer-le-secretariat-permanent#primaryimage","url":"https:\/\/static.africa-press.net\/congo-brazzaville\/sites\/51\/2023\/02\/postQueueImg_1675884479.89.jpg","contentUrl":"https:\/\/static.africa-press.net\/congo-brazzaville\/sites\/51\/2023\/02\/postQueueImg_1675884479.89.jpg","width":1155,"height":768,"caption":"Affaires maritimes et fluviales : la France va appuyer le secr\u00e9tariat permanent"},{"@type":"BreadcrumbList","@id":"https:\/\/www.africa-press.net\/congo-brazzaville\/economie\/affaires-maritimes-et-fluviales-la-france-va-appuyer-le-secretariat-permanent#breadcrumb","itemListElement":[{"@type":"ListItem","position":1,"name":"Accueil","item":"https:\/\/www.africa-press.net\/congo-brazzaville\/"},{"@type":"ListItem","position":2,"name":"Affaires maritimes et fluviales : la France va appuyer le secr\u00e9tariat permanent"}]},{"@type":"WebSite","@id":"https:\/\/www.africa-press.net\/congo-brazzaville\/#website","url":"https:\/\/www.africa-press.net\/congo-brazzaville\/","name":"Congo Brazzaville","description":"Just another Africa News Agency Sites site","potentialAction":[{"@type":"SearchAction","target":{"@type":"EntryPoint","urlTemplate":"https:\/\/www.africa-press.net\/congo-brazzaville\/?s={search_term_string}"},"query-input":{"@type":"PropertyValueSpecification","valueRequired":true,"valueName":"search_term_string"}}],"inLanguage":"fr-FR"},{"@type":"Person","@id":"https:\/\/www.africa-press.net\/congo-brazzaville\/#\/schema\/person\/2b1cf3cd81a31e3cd26889ca66d677f1","name":"cfeditorfr"}]}},"_links":{"self":[{"href":"https:\/\/www.africa-press.net\/congo-brazzaville\/wp-json\/wp\/v2\/posts\/14219","targetHints":{"allow":["GET"]}}],"collection":[{"href":"https:\/\/www.africa-press.net\/congo-brazzaville\/wp-json\/wp\/v2\/posts"}],"about":[{"href":"https:\/\/www.africa-press.net\/congo-brazzaville\/wp-json\/wp\/v2\/types\/post"}],"author":[{"embeddable":true,"href":"https:\/\/www.africa-press.net\/congo-brazzaville\/wp-json\/wp\/v2\/users\/82"}],"replies":[{"embeddable":true,"href":"https:\/\/www.africa-press.net\/congo-brazzaville\/wp-json\/wp\/v2\/comments?post=14219"}],"version-history":[{"count":0,"href":"https:\/\/www.africa-press.net\/congo-brazzaville\/wp-json\/wp\/v2\/posts\/14219\/revisions"}],"wp:featuredmedia":[{"embeddable":true,"href":"https:\/\/www.africa-press.net\/congo-brazzaville\/wp-json\/wp\/v2\/media\/14218"}],"wp:attachment":[{"href":"https:\/\/www.africa-press.net\/congo-brazzaville\/wp-json\/wp\/v2\/media?parent=14219"}],"wp:term":[{"taxonomy":"category","embeddable":true,"href":"https:\/\/www.africa-press.net\/congo-brazzaville\/wp-json\/wp\/v2\/categories?post=14219"},{"taxonomy":"post_tag","embeddable":true,"href":"https:\/\/www.africa-press.net\/congo-brazzaville\/wp-json\/wp\/v2\/tags?post=14219"}],"curies":[{"name":"wp","href":"https:\/\/api.w.org\/{rel}","templated":true}]}}