{"id":14223,"date":"2023-02-08T22:58:07","date_gmt":"2023-02-08T22:58:07","guid":{"rendered":"https:\/\/www.africa-press.net\/congo-brazzaville\/politique\/developpement-local-le-congo-prepare-un-forum-sur-la-decentralisation"},"modified":"2023-02-08T23:43:51","modified_gmt":"2023-02-08T23:43:51","slug":"developpement-local-le-congo-prepare-un-forum-sur-la-decentralisation","status":"publish","type":"post","link":"https:\/\/www.africa-press.net\/congo-brazzaville\/politique\/developpement-local-le-congo-prepare-un-forum-sur-la-decentralisation","title":{"rendered":"D\u00e9veloppement local : le Congo pr\u00e9pare un forum sur la d\u00e9centralisation"},"content":{"rendered":"<p><span style=\"color: #ff6600\"><strong>Africa-Press &#8211; Congo Brazzaville. <\/strong><\/span><b>Pre\u0301lude a\u0300 la tenue du forum sur la de\u0301centralisation, pre\u0301vu en mars prochain, le ministe\u0300re de\u0301le\u0301gue\u0301 charge\u0301 de la De\u0301centralisation et du De\u0301veloppement local a ouvert, le 8 fe\u0301vrier, a\u0300 Brazzaville un atelier spe\u0301cial au profit des animateurs des collectivite\u0301s locales en vue de les fixer sur les actions a\u0300 mener pour la mise en oeuvre effective d\u2019une de\u0301centralisation e\u0301quitable au Congo.<\/b><\/p>\n<p>Les pre\u0301sidents des conseils de\u0301partementaux et municipaux, les maires des communaute\u0301s urbaines et les e\u0301lus locaux sont convie\u0301s a\u0300 l&rsquo;atelier qui va se clo\u0302turer le 10 fe\u0301vrier. Pendant trois jours, les participants vont de\u0301battre des proble\u0301matiques relatives a\u0300 la mise en \u0153uvre de la de\u0301centralisation et du de\u0301veloppement local au Congo. Il s\u2019agira notamment de circonscrire les sujets a\u0300 de\u0301battre lors du prochain forum. A cet effet, deux principaux the\u0300mes seront de\u0301veloppe\u0301s par des experts des collectivite\u0301s locales, dont certains sont venus d\u2019ailleurs. Il s\u2019agit de : \u00ab Contraintes, de\u0301fis et perspectives de la mise en \u0153uvre de la de\u0301centralisation et du de\u0301veloppement local et de : Approches et outils de de\u0301veloppement local \u00bb.<\/p>\n<p>A partir de ces the\u0301matiques, plusieurs communications seront aussi faites. Elles portent, entre autres, sur \u00ab La revue de la mise en \u0153uvre de la de\u0301centralisation et du de\u0301veloppement local ; Ro\u0302le et place des e\u0301lus locaux dans la mise en \u0153uvre de la de\u0301centralisation et du de\u0301veloppement local ainsi qu\u2019Apport des partenaires au de\u0301veloppement : cas de l\u2019Agence franc\u0327aise de de\u0301veloppement et la Banque mondiale.<\/p>\n<p>Ouvrant les travaux, le ministre de tutelle a rappele\u0301 l\u2019inte\u0301re\u0302t de cette rencontre pre\u0301paratoire. \u00ab Le pre\u0301sent atelier vise a\u0300 pre\u0301parer toutes actions ne\u0301cessaires et utiles pour la mise en \u0153uvre effective d\u2019un de\u0301veloppement local e\u0301quitable et harmonieux au Congo. Nous devons nous poser des questions de savoir, quels sont les obstacles a\u0300 surmonter pour rendre effective la de\u0301centralisation, quel me\u0301canisme d\u2019appui faut-il mettre en place pour atteindre les objectifs ; et comment devrions-nous favoriser le de\u0301veloppement local au Congo \u00bb, a indique\u0301 Juste De\u0301sire\u0301 Monde\u0301le\u0301.<\/p>\n<p>Pour sa part, le chef de la de\u0301le\u0301gation de l\u2019Union europe\u0301enne(UE) au Congo, Giacomo Durazzo, a re\u0301ite\u0301re\u0301 l\u2019inte\u0301re\u0302t pour son institution d\u2019appuyer le pays dans la mise en \u0153uvre de l\u2019ope\u0301rationnalisation de la de\u0301centralisation.<\/p>\n<p>A l\u2019image des projets de\u0301ja\u0300 en cours, finance\u0301s par l\u2019UE, tel celui portant sur les villes re\u0301silientes a\u0300 Owando dans la Cuvette et Nkayi dans le de\u0301partement de la Bouenza, son chef de mission compte pousser le bouton plus loin, dans le but de contribuer a\u0300 l\u2019e\u0301panouissement des collectivite\u0301s locales au Congo. \u00ab Un nouveau programme de promotion des e\u0301nergies renouvelables et de l\u2019e\u0301lectrification rurale au Congo sera finance\u0301 cette anne\u0301e par l&rsquo;UE. Je peux donc aujourd\u2019hui vous dire que la de\u0301le\u0301gation de l\u2019UE au Congo souhaite insuffler une approche territoriale a\u0300 ses projets existants afin de renforcer notre positionnement dans le cadre du futur dialogue national sur la de\u0301centralisation qui commence par cet atelier \u00bb, a indique\u0301 Giacomo Durazzo.<\/p>\n\r\n                <style type=\"text\/css\">\r\n                    \r\n                    #td_uid_1_69ef68a1ac2b5  .td-doubleSlider-2 .td-item1 {\r\n                        background: url(https:\/\/static.africa-press.net\/congo-brazzaville\/sites\/51\/2023\/02\/postMediaimg_74_1-80x60.jpg) 0 0 no-repeat;\r\n                    }\r\n                    #td_uid_1_69ef68a1ac2b5  .td-doubleSlider-2 .td-item2 {\r\n                        background: url(https:\/\/static.africa-press.net\/congo-brazzaville\/sites\/51\/2023\/02\/postMediaimg_74_2-80x60.jpg) 0 0 no-repeat;\r\n                    }\r\n                <\/style>\r\n\r\n                <div id=\"td_uid_1_69ef68a1ac2b5\" class=\"td-gallery td-slide-on-2-columns\">\r\n                    <div class=\"post_td_gallery\">\r\n                        <div class=\"td-gallery-slide-top\">\r\n                           <div class=\"td-gallery-title\"><\/div>\r\n\r\n                            <div class=\"td-gallery-controls-wrapper\">\r\n                                <div class=\"td-gallery-slide-count\"><span class=\"td-gallery-slide-item-focus\">1<\/span> de 2<\/div>\r\n                                <div class=\"td-gallery-slide-prev-next-but\">\r\n                                    <i class = \"td-icon-left doubleSliderPrevButton\"><\/i>\r\n                                    <i class = \"td-icon-right doubleSliderNextButton\"><\/i>\r\n                                <\/div>\r\n                            <\/div>\r\n                        <\/div>\r\n\r\n                        <div class = \"td-doubleSlider-1 \">\r\n                            <div class = \"td-slider\">\r\n                                \r\n                    <div class = \"td-slide-item td-item1\">\r\n                        <figure class=\"td-slide-galery-figure td-slide-popup-gallery\">\r\n                            <a class=\"slide-gallery-image-link\" href=\"https:\/\/static.africa-press.net\/congo-brazzaville\/sites\/51\/2023\/02\/postMediaimg_74_1.jpg\" title=\"postMediaimg_74_1\"  data-caption=\"\"  data-description=\"\">\r\n                                <img decoding=\"async\" src=\"https:\/\/static.africa-press.net\/congo-brazzaville\/sites\/51\/2023\/02\/postMediaimg_74_1.jpg\" alt=\"\">\r\n                            <\/a>\r\n                            \r\n                        <\/figure>\r\n                    <\/div>\r\n                    <div class = \"td-slide-item td-item2\">\r\n                        <figure class=\"td-slide-galery-figure td-slide-popup-gallery\">\r\n                            <a class=\"slide-gallery-image-link\" href=\"https:\/\/static.africa-press.net\/congo-brazzaville\/sites\/51\/2023\/02\/postMediaimg_74_2.jpg\" title=\"postMediaimg_74_2\"  data-caption=\"\"  data-description=\"\">\r\n                                <img decoding=\"async\" src=\"https:\/\/static.africa-press.net\/congo-brazzaville\/sites\/51\/2023\/02\/postMediaimg_74_2.jpg\" alt=\"\">\r\n                            <\/a>\r\n                            \r\n                        <\/figure>\r\n                    <\/div>\r\n                            <\/div>\r\n                        <\/div>\r\n\r\n                        <div class = \"td-doubleSlider-2\">\r\n                            <div class = \"td-slider\">\r\n                                \r\n                    <div class = \"td-button td-item1\">\r\n                        <div class = \"td-border\"><\/div>\r\n                    <\/div>\r\n                    <div class = \"td-button td-item2\">\r\n                        <div class = \"td-border\"><\/div>\r\n                    <\/div>\r\n                            <\/div>\r\n                        <\/div>\r\n\r\n                    <\/div>\r\n\r\n                <\/div>\r\n                \n<p><strong>Pour plus d&rsquo;informations et d&rsquo;analyses sur la <a href=\"https:\/\/www.africa-press.net\/congo-brazzaville\">Congo Brazzaville<\/a>, suivez <a href=\"https:\/\/www.africa-press.net\/\">Africa-Press<\/a><\/strong><\/p>\n","protected":false},"excerpt":{"rendered":"<p>Africa-Press &#8211; Congo Brazzaville. Pre\u0301lude a\u0300 la tenue du forum sur la de\u0301centralisation, pre\u0301vu en mars prochain, le ministe\u0300re de\u0301le\u0301gue\u0301 charge\u0301 de la De\u0301centralisation et du De\u0301veloppement local a ouvert, le 8 fe\u0301vrier, a\u0300 Brazzaville un atelier spe\u0301cial au profit des animateurs des collectivite\u0301s locales en vue de les fixer sur les actions a\u0300 mener [&hellip;]<\/p>\n","protected":false},"author":82,"featured_media":14222,"comment_status":"open","ping_status":"closed","sticky":false,"template":"","format":"standard","meta":{"footnotes":""},"categories":[8,2,10],"tags":[36,47,46],"class_list":["post-14223","post","type-post","status-publish","format-standard","has-post-thumbnail","hentry","category-photo","category-politique","category-toutes-les-actualites","tag-africa-press","tag-africa-press-congo-brazzaville","tag-congo-brazzaville"],"yoast_head":"<!-- This site is optimized with the Yoast SEO Premium plugin v26.1 (Yoast SEO v27.0) - https:\/\/yoast.com\/product\/yoast-seo-premium-wordpress\/ -->\n<title>D\u00e9veloppement local : le Congo pr\u00e9pare un forum sur la d\u00e9centralisation - Congo Brazzaville<\/title>\n<meta name=\"description\" content=\"Pre\u0301lude a\u0300 la tenue du forum sur la de\u0301centralisation, pre\u0301vu en mars prochain, le ministe\u0300re de\u0301le\u0301gue\u0301 charge\u0301 de ...\" \/>\n<meta name=\"robots\" content=\"index, follow, max-snippet:-1, max-image-preview:large, max-video-preview:-1\" \/>\n<link rel=\"canonical\" href=\"https:\/\/www.africa-press.net\/congo-brazzaville\/politique\/developpement-local-le-congo-prepare-un-forum-sur-la-decentralisation\" \/>\n<meta property=\"og:locale\" content=\"fr_FR\" \/>\n<meta property=\"og:type\" content=\"article\" \/>\n<meta property=\"og:title\" content=\"D\u00e9veloppement local : le Congo pr\u00e9pare un forum sur la d\u00e9centralisation\" \/>\n<meta property=\"og:description\" content=\"Pre\u0301lude a\u0300 la tenue du forum sur la de\u0301centralisation, pre\u0301vu en mars prochain, le ministe\u0300re de\u0301le\u0301gue\u0301 charge\u0301 de ...\" \/>\n<meta property=\"og:url\" content=\"https:\/\/www.africa-press.net\/congo-brazzaville\/politique\/developpement-local-le-congo-prepare-un-forum-sur-la-decentralisation\" \/>\n<meta property=\"og:site_name\" content=\"Congo Brazzaville\" \/>\n<meta property=\"article:published_time\" content=\"2023-02-08T22:58:07+00:00\" \/>\n<meta property=\"article:modified_time\" content=\"2023-02-08T23:43:51+00:00\" \/>\n<meta property=\"og:image\" content=\"https:\/\/static.africa-press.net\/congo-brazzaville\/sites\/51\/2023\/02\/postQueueImg_1675884503.91.jpg\" \/>\n\t<meta property=\"og:image:width\" content=\"720\" \/>\n\t<meta property=\"og:image:height\" content=\"405\" \/>\n\t<meta property=\"og:image:type\" content=\"image\/jpeg\" \/>\n<meta name=\"author\" content=\"cfeditorfr\" \/>\n<meta name=\"twitter:card\" content=\"summary_large_image\" \/>\n<meta name=\"twitter:label1\" content=\"\u00c9crit par\" \/>\n\t<meta name=\"twitter:data1\" content=\"cfeditorfr\" \/>\n\t<meta name=\"twitter:label2\" content=\"Dur\u00e9e de lecture estim\u00e9e\" \/>\n\t<meta name=\"twitter:data2\" content=\"3 minutes\" \/>\n<script type=\"application\/ld+json\" class=\"yoast-schema-graph\">{\"@context\":\"https:\/\/schema.org\",\"@graph\":[{\"@type\":\"Article\",\"@id\":\"https:\/\/www.africa-press.net\/congo-brazzaville\/politique\/developpement-local-le-congo-prepare-un-forum-sur-la-decentralisation#article\",\"isPartOf\":{\"@id\":\"https:\/\/www.africa-press.net\/congo-brazzaville\/politique\/developpement-local-le-congo-prepare-un-forum-sur-la-decentralisation\"},\"author\":{\"name\":\"cfeditorfr\",\"@id\":\"https:\/\/www.africa-press.net\/congo-brazzaville\/#\/schema\/person\/2b1cf3cd81a31e3cd26889ca66d677f1\"},\"headline\":\"D\u00e9veloppement local : le Congo pr\u00e9pare un forum sur la d\u00e9centralisation\",\"datePublished\":\"2023-02-08T22:58:07+00:00\",\"dateModified\":\"2023-02-08T23:43:51+00:00\",\"mainEntityOfPage\":{\"@id\":\"https:\/\/www.africa-press.net\/congo-brazzaville\/politique\/developpement-local-le-congo-prepare-un-forum-sur-la-decentralisation\"},\"wordCount\":607,\"commentCount\":0,\"image\":{\"@id\":\"https:\/\/www.africa-press.net\/congo-brazzaville\/politique\/developpement-local-le-congo-prepare-un-forum-sur-la-decentralisation#primaryimage\"},\"thumbnailUrl\":\"https:\/\/static.africa-press.net\/congo-brazzaville\/sites\/51\/2023\/02\/postQueueImg_1675884503.91.jpg\",\"keywords\":[\"Africa Press\",\"Africa Press-Congo Brazzaville\",\"Congo Brazzaville\"],\"articleSection\":[\"Photo\",\"Politique\",\"Toutes les actualit\u00e9s\"],\"inLanguage\":\"fr-FR\",\"potentialAction\":[{\"@type\":\"CommentAction\",\"name\":\"Comment\",\"target\":[\"https:\/\/www.africa-press.net\/congo-brazzaville\/politique\/developpement-local-le-congo-prepare-un-forum-sur-la-decentralisation#respond\"]}]},{\"@type\":\"WebPage\",\"@id\":\"https:\/\/www.africa-press.net\/congo-brazzaville\/politique\/developpement-local-le-congo-prepare-un-forum-sur-la-decentralisation\",\"url\":\"https:\/\/www.africa-press.net\/congo-brazzaville\/politique\/developpement-local-le-congo-prepare-un-forum-sur-la-decentralisation\",\"name\":\"D\u00e9veloppement local : le Congo pr\u00e9pare un forum sur la d\u00e9centralisation - Congo Brazzaville\",\"isPartOf\":{\"@id\":\"https:\/\/www.africa-press.net\/congo-brazzaville\/#website\"},\"primaryImageOfPage\":{\"@id\":\"https:\/\/www.africa-press.net\/congo-brazzaville\/politique\/developpement-local-le-congo-prepare-un-forum-sur-la-decentralisation#primaryimage\"},\"image\":{\"@id\":\"https:\/\/www.africa-press.net\/congo-brazzaville\/politique\/developpement-local-le-congo-prepare-un-forum-sur-la-decentralisation#primaryimage\"},\"thumbnailUrl\":\"https:\/\/static.africa-press.net\/congo-brazzaville\/sites\/51\/2023\/02\/postQueueImg_1675884503.91.jpg\",\"datePublished\":\"2023-02-08T22:58:07+00:00\",\"dateModified\":\"2023-02-08T23:43:51+00:00\",\"author\":{\"@id\":\"https:\/\/www.africa-press.net\/congo-brazzaville\/#\/schema\/person\/2b1cf3cd81a31e3cd26889ca66d677f1\"},\"description\":\"Pre\u0301lude a\u0300 la tenue du forum sur la de\u0301centralisation, pre\u0301vu en mars prochain, le ministe\u0300re de\u0301le\u0301gue\u0301 charge\u0301 de ...\",\"breadcrumb\":{\"@id\":\"https:\/\/www.africa-press.net\/congo-brazzaville\/politique\/developpement-local-le-congo-prepare-un-forum-sur-la-decentralisation#breadcrumb\"},\"inLanguage\":\"fr-FR\",\"potentialAction\":[{\"@type\":\"ReadAction\",\"target\":[\"https:\/\/www.africa-press.net\/congo-brazzaville\/politique\/developpement-local-le-congo-prepare-un-forum-sur-la-decentralisation\"]}]},{\"@type\":\"ImageObject\",\"inLanguage\":\"fr-FR\",\"@id\":\"https:\/\/www.africa-press.net\/congo-brazzaville\/politique\/developpement-local-le-congo-prepare-un-forum-sur-la-decentralisation#primaryimage\",\"url\":\"https:\/\/static.africa-press.net\/congo-brazzaville\/sites\/51\/2023\/02\/postQueueImg_1675884503.91.jpg\",\"contentUrl\":\"https:\/\/static.africa-press.net\/congo-brazzaville\/sites\/51\/2023\/02\/postQueueImg_1675884503.91.jpg\",\"width\":720,\"height\":405,\"caption\":\"D\u00e9veloppement local : le Congo pr\u00e9pare un forum sur la d\u00e9centralisation\"},{\"@type\":\"BreadcrumbList\",\"@id\":\"https:\/\/www.africa-press.net\/congo-brazzaville\/politique\/developpement-local-le-congo-prepare-un-forum-sur-la-decentralisation#breadcrumb\",\"itemListElement\":[{\"@type\":\"ListItem\",\"position\":1,\"name\":\"Accueil\",\"item\":\"https:\/\/www.africa-press.net\/congo-brazzaville\/\"},{\"@type\":\"ListItem\",\"position\":2,\"name\":\"D\u00e9veloppement local : le Congo pr\u00e9pare un forum sur la d\u00e9centralisation\"}]},{\"@type\":\"WebSite\",\"@id\":\"https:\/\/www.africa-press.net\/congo-brazzaville\/#website\",\"url\":\"https:\/\/www.africa-press.net\/congo-brazzaville\/\",\"name\":\"Congo Brazzaville\",\"description\":\"Just another Africa News Agency Sites site\",\"potentialAction\":[{\"@type\":\"SearchAction\",\"target\":{\"@type\":\"EntryPoint\",\"urlTemplate\":\"https:\/\/www.africa-press.net\/congo-brazzaville\/?s={search_term_string}\"},\"query-input\":{\"@type\":\"PropertyValueSpecification\",\"valueRequired\":true,\"valueName\":\"search_term_string\"}}],\"inLanguage\":\"fr-FR\"},{\"@type\":\"Person\",\"@id\":\"https:\/\/www.africa-press.net\/congo-brazzaville\/#\/schema\/person\/2b1cf3cd81a31e3cd26889ca66d677f1\",\"name\":\"cfeditorfr\"}]}<\/script>\n<!-- \/ Yoast SEO Premium plugin. -->","yoast_head_json":{"title":"D\u00e9veloppement local : le Congo pr\u00e9pare un forum sur la d\u00e9centralisation - Congo Brazzaville","description":"Pre\u0301lude a\u0300 la tenue du forum sur la de\u0301centralisation, pre\u0301vu en mars prochain, le ministe\u0300re de\u0301le\u0301gue\u0301 charge\u0301 de ...","robots":{"index":"index","follow":"follow","max-snippet":"max-snippet:-1","max-image-preview":"max-image-preview:large","max-video-preview":"max-video-preview:-1"},"canonical":"https:\/\/www.africa-press.net\/congo-brazzaville\/politique\/developpement-local-le-congo-prepare-un-forum-sur-la-decentralisation","og_locale":"fr_FR","og_type":"article","og_title":"D\u00e9veloppement local : le Congo pr\u00e9pare un forum sur la d\u00e9centralisation","og_description":"Pre\u0301lude a\u0300 la tenue du forum sur la de\u0301centralisation, pre\u0301vu en mars prochain, le ministe\u0300re de\u0301le\u0301gue\u0301 charge\u0301 de ...","og_url":"https:\/\/www.africa-press.net\/congo-brazzaville\/politique\/developpement-local-le-congo-prepare-un-forum-sur-la-decentralisation","og_site_name":"Congo Brazzaville","article_published_time":"2023-02-08T22:58:07+00:00","article_modified_time":"2023-02-08T23:43:51+00:00","og_image":[{"width":720,"height":405,"url":"https:\/\/static.africa-press.net\/congo-brazzaville\/sites\/51\/2023\/02\/postQueueImg_1675884503.91.jpg","type":"image\/jpeg"}],"author":"cfeditorfr","twitter_card":"summary_large_image","twitter_misc":{"\u00c9crit par":"cfeditorfr","Dur\u00e9e de lecture estim\u00e9e":"3 minutes"},"schema":{"@context":"https:\/\/schema.org","@graph":[{"@type":"Article","@id":"https:\/\/www.africa-press.net\/congo-brazzaville\/politique\/developpement-local-le-congo-prepare-un-forum-sur-la-decentralisation#article","isPartOf":{"@id":"https:\/\/www.africa-press.net\/congo-brazzaville\/politique\/developpement-local-le-congo-prepare-un-forum-sur-la-decentralisation"},"author":{"name":"cfeditorfr","@id":"https:\/\/www.africa-press.net\/congo-brazzaville\/#\/schema\/person\/2b1cf3cd81a31e3cd26889ca66d677f1"},"headline":"D\u00e9veloppement local : le Congo pr\u00e9pare un forum sur la d\u00e9centralisation","datePublished":"2023-02-08T22:58:07+00:00","dateModified":"2023-02-08T23:43:51+00:00","mainEntityOfPage":{"@id":"https:\/\/www.africa-press.net\/congo-brazzaville\/politique\/developpement-local-le-congo-prepare-un-forum-sur-la-decentralisation"},"wordCount":607,"commentCount":0,"image":{"@id":"https:\/\/www.africa-press.net\/congo-brazzaville\/politique\/developpement-local-le-congo-prepare-un-forum-sur-la-decentralisation#primaryimage"},"thumbnailUrl":"https:\/\/static.africa-press.net\/congo-brazzaville\/sites\/51\/2023\/02\/postQueueImg_1675884503.91.jpg","keywords":["Africa Press","Africa Press-Congo Brazzaville","Congo Brazzaville"],"articleSection":["Photo","Politique","Toutes les actualit\u00e9s"],"inLanguage":"fr-FR","potentialAction":[{"@type":"CommentAction","name":"Comment","target":["https:\/\/www.africa-press.net\/congo-brazzaville\/politique\/developpement-local-le-congo-prepare-un-forum-sur-la-decentralisation#respond"]}]},{"@type":"WebPage","@id":"https:\/\/www.africa-press.net\/congo-brazzaville\/politique\/developpement-local-le-congo-prepare-un-forum-sur-la-decentralisation","url":"https:\/\/www.africa-press.net\/congo-brazzaville\/politique\/developpement-local-le-congo-prepare-un-forum-sur-la-decentralisation","name":"D\u00e9veloppement local : le Congo pr\u00e9pare un forum sur la d\u00e9centralisation - Congo Brazzaville","isPartOf":{"@id":"https:\/\/www.africa-press.net\/congo-brazzaville\/#website"},"primaryImageOfPage":{"@id":"https:\/\/www.africa-press.net\/congo-brazzaville\/politique\/developpement-local-le-congo-prepare-un-forum-sur-la-decentralisation#primaryimage"},"image":{"@id":"https:\/\/www.africa-press.net\/congo-brazzaville\/politique\/developpement-local-le-congo-prepare-un-forum-sur-la-decentralisation#primaryimage"},"thumbnailUrl":"https:\/\/static.africa-press.net\/congo-brazzaville\/sites\/51\/2023\/02\/postQueueImg_1675884503.91.jpg","datePublished":"2023-02-08T22:58:07+00:00","dateModified":"2023-02-08T23:43:51+00:00","author":{"@id":"https:\/\/www.africa-press.net\/congo-brazzaville\/#\/schema\/person\/2b1cf3cd81a31e3cd26889ca66d677f1"},"description":"Pre\u0301lude a\u0300 la tenue du forum sur la de\u0301centralisation, pre\u0301vu en mars prochain, le ministe\u0300re de\u0301le\u0301gue\u0301 charge\u0301 de ...","breadcrumb":{"@id":"https:\/\/www.africa-press.net\/congo-brazzaville\/politique\/developpement-local-le-congo-prepare-un-forum-sur-la-decentralisation#breadcrumb"},"inLanguage":"fr-FR","potentialAction":[{"@type":"ReadAction","target":["https:\/\/www.africa-press.net\/congo-brazzaville\/politique\/developpement-local-le-congo-prepare-un-forum-sur-la-decentralisation"]}]},{"@type":"ImageObject","inLanguage":"fr-FR","@id":"https:\/\/www.africa-press.net\/congo-brazzaville\/politique\/developpement-local-le-congo-prepare-un-forum-sur-la-decentralisation#primaryimage","url":"https:\/\/static.africa-press.net\/congo-brazzaville\/sites\/51\/2023\/02\/postQueueImg_1675884503.91.jpg","contentUrl":"https:\/\/static.africa-press.net\/congo-brazzaville\/sites\/51\/2023\/02\/postQueueImg_1675884503.91.jpg","width":720,"height":405,"caption":"D\u00e9veloppement local : le Congo pr\u00e9pare un forum sur la d\u00e9centralisation"},{"@type":"BreadcrumbList","@id":"https:\/\/www.africa-press.net\/congo-brazzaville\/politique\/developpement-local-le-congo-prepare-un-forum-sur-la-decentralisation#breadcrumb","itemListElement":[{"@type":"ListItem","position":1,"name":"Accueil","item":"https:\/\/www.africa-press.net\/congo-brazzaville\/"},{"@type":"ListItem","position":2,"name":"D\u00e9veloppement local : le Congo pr\u00e9pare un forum sur la d\u00e9centralisation"}]},{"@type":"WebSite","@id":"https:\/\/www.africa-press.net\/congo-brazzaville\/#website","url":"https:\/\/www.africa-press.net\/congo-brazzaville\/","name":"Congo Brazzaville","description":"Just another Africa News Agency Sites site","potentialAction":[{"@type":"SearchAction","target":{"@type":"EntryPoint","urlTemplate":"https:\/\/www.africa-press.net\/congo-brazzaville\/?s={search_term_string}"},"query-input":{"@type":"PropertyValueSpecification","valueRequired":true,"valueName":"search_term_string"}}],"inLanguage":"fr-FR"},{"@type":"Person","@id":"https:\/\/www.africa-press.net\/congo-brazzaville\/#\/schema\/person\/2b1cf3cd81a31e3cd26889ca66d677f1","name":"cfeditorfr"}]}},"_links":{"self":[{"href":"https:\/\/www.africa-press.net\/congo-brazzaville\/wp-json\/wp\/v2\/posts\/14223","targetHints":{"allow":["GET"]}}],"collection":[{"href":"https:\/\/www.africa-press.net\/congo-brazzaville\/wp-json\/wp\/v2\/posts"}],"about":[{"href":"https:\/\/www.africa-press.net\/congo-brazzaville\/wp-json\/wp\/v2\/types\/post"}],"author":[{"embeddable":true,"href":"https:\/\/www.africa-press.net\/congo-brazzaville\/wp-json\/wp\/v2\/users\/82"}],"replies":[{"embeddable":true,"href":"https:\/\/www.africa-press.net\/congo-brazzaville\/wp-json\/wp\/v2\/comments?post=14223"}],"version-history":[{"count":0,"href":"https:\/\/www.africa-press.net\/congo-brazzaville\/wp-json\/wp\/v2\/posts\/14223\/revisions"}],"wp:featuredmedia":[{"embeddable":true,"href":"https:\/\/www.africa-press.net\/congo-brazzaville\/wp-json\/wp\/v2\/media\/14222"}],"wp:attachment":[{"href":"https:\/\/www.africa-press.net\/congo-brazzaville\/wp-json\/wp\/v2\/media?parent=14223"}],"wp:term":[{"taxonomy":"category","embeddable":true,"href":"https:\/\/www.africa-press.net\/congo-brazzaville\/wp-json\/wp\/v2\/categories?post=14223"},{"taxonomy":"post_tag","embeddable":true,"href":"https:\/\/www.africa-press.net\/congo-brazzaville\/wp-json\/wp\/v2\/tags?post=14223"}],"curies":[{"name":"wp","href":"https:\/\/api.w.org\/{rel}","templated":true}]}}