{"id":14226,"date":"2023-02-08T22:58:29","date_gmt":"2023-02-08T22:58:29","guid":{"rendered":"https:\/\/www.africa-press.net\/congo-brazzaville\/politique\/les-acteurs-de-la-collectivite-locale-preparent-le-forum-sur-le-developpement-local"},"modified":"2023-02-08T23:44:09","modified_gmt":"2023-02-08T23:44:09","slug":"les-acteurs-de-la-collectivite-locale-preparent-le-forum-sur-le-developpement-local","status":"publish","type":"post","link":"https:\/\/www.africa-press.net\/congo-brazzaville\/politique\/les-acteurs-de-la-collectivite-locale-preparent-le-forum-sur-le-developpement-local","title":{"rendered":"les acteurs de la collectivit\u00e9 locale pr\u00e9parent le forum sur le d\u00e9veloppement local"},"content":{"rendered":"<p><span style=\"color: #ff6600\"><strong>Africa-Press &#8211; Congo Brazzaville. <\/strong><\/span><b>Le ministre de\u0301le\u0301gue\u0301 charge\u0301 de la de\u0301centralisation et du de\u0301veloppement local, Juste Desire\u0301 Monde\u0301le\u0301 a indique\u0301 le 8 fe\u0301vrier a\u0300 Brazzaville que l\u2019atelier pre\u0301paratoire du forum sur la revitalisation et la redynamisation de la de\u0301centralisation et du de\u0301veloppement local permettra aux animateurs des collectivite\u0301s locales de prendre toutes les actions ne\u0301cessaires et utiles pour la mise en \u0153uvre d\u2019un de\u0301veloppement local e\u0301quitable et harmonieux.<\/b><\/p>\n<p>\u00ab vous avez la responsabilite\u0301, d\u2019apporter des re\u0301ponses idoines a\u0300 des questions lie\u0301es a\u0300 la de\u0301centration et de poser les jalons pratiques et pragmatiques, du passage des textes le\u0301gislatifs et re\u0300glementaires a\u0300 la mise en \u0153uvre concre\u0300te de la de\u0301centralisation, tant attendu par les populations et par le Pre\u0301sident de la Re\u0301publique \u00bb, a fait savoir le ministre de\u0301le\u0301gue\u0301 charge\u0301 de la de\u0301centralisation et du de\u0301veloppement local, Juste Desire\u0301 Monde\u0301le\u0301 a\u0300 l\u2019ouverture de l\u2019atelier pre\u0301paratoire du forum sur la revitalisation et la redynamisation de la de\u0301centralisation et du de\u0301veloppement local .<\/p>\n<p>Au cours de cet atelier, pre\u0301lude au forum sur la revitalisation et la redynamisation de la de\u0301centralisation et du de\u0301veloppement local, qui se tiendra du 1er au 3 mars prochain, les animateurs des collectivite\u0301s locales et les experts internationaux en matie\u0300res vont e\u0301changer sur plusieurs the\u0301matiques entre autres, le ro\u0302le et place des e\u0301lus locaux dans la mise \u0153uvre de la de\u0301centralisation et du de\u0301veloppement local, la capitalisation de la coope\u0301ration de\u0301centralise\u0301e, me\u0301thode d\u2019identification et formation des projets de de\u0301veloppement, et la mobilisation des ressources pour le financement du de\u0301veloppement local.<\/p>\n<p>L\u2019Ambassadeur de l\u2019Union europe\u0301enne au Congo (UE), Giacomo Durazzo a releve\u0301 la ne\u0301cessite\u0301 de prendre en compte de fac\u0327on plus efficace la question de la de\u0301centralisation. \u00ab De\u0301sormais, l\u2019accent est porte\u0301 sur la ne\u0301cessite\u0301 d\u2019une mise en \u0153uvre effective des re\u0301formes de de\u0301centralisation et de leur capacite\u0301 de libe\u0301rer le potentiel des territoires afin de lutter efficacement contre les ine\u0301galite\u0301s, de cre\u0301er de la richesse et des emplois et de relever d\u2019autres de\u0301fis urgents en matie\u0300re de de\u0301veloppement local \u00bb, a-t-il dit.<\/p>\n<p>Le secre\u0301taire ge\u0301ne\u0301ral de la plateforme Cite\u0301s et gouvernements locaux unis d\u2019Afrique, Jean Pierre Elong Mbassi a explique\u0301 les ro\u0302les des diffe\u0301rents acteurs intervenant dans la mise en \u0153uvre de la de\u0301centralisation.<\/p>\n<p>\u00ab La de\u0301centralisation met en place trois acteurs principaux, l\u2019Etat national qui doit exprimer la volonte\u0301 politique de de\u0301centralisation, les collectivite\u0301s territoriales qui doivent se saisir des e\u0301le\u0301ments qui sont dans les lois et re\u0300glement pour exercer effectivement leur mandat et les socie\u0301te\u0301s civiles qui doivent interpeler et l\u2019Etat nationale et l\u2019Etat local sur leur condition. De\u0301centralisation doit e\u0302tre le cadre de cre\u0301er la confiance entre les autorite\u0301s locales et la population car sans celle-ci aucune institution de l\u2019Etat n\u2019est durable \u00bb, a-t-il laisse\u0301 entendre.<\/p>\n<p>L\u2019atelier pre\u0301paratoire au forum sur la revitalisation et la redynamisation de la de\u0301centralisation et du de\u0301veloppement local a e\u0301te\u0301 e\u0301galement marque\u0301 par la signature d\u2019un accord entre le maire de la ville de Madingou, Fortune\u0301 Pouele\u0301 et la directrice de la socie\u0301te\u0301 \u00ab Lema services \u00bb sur la modernisation de la carrie\u0300re Mossengue\u0301, dans le de\u0301partement de la Boue\u0301nza.<\/p>\n<p>L\u2019atelier pre\u0301paratoire du forum sur la revitalisation et la redynamisation de la de\u0301centralisation et du de\u0301veloppement local, se tient du 8 au 10 fe\u0301vrier.<\/p>\n<p><strong>Pour plus d&rsquo;informations et d&rsquo;analyses sur la <a href=\"https:\/\/www.africa-press.net\/congo-brazzaville\">Congo Brazzaville<\/a>, suivez <a href=\"https:\/\/www.africa-press.net\/\">Africa-Press<\/a><\/strong><\/p>\n","protected":false},"excerpt":{"rendered":"<p>Africa-Press &#8211; Congo Brazzaville. Le ministre de\u0301le\u0301gue\u0301 charge\u0301 de la de\u0301centralisation et du de\u0301veloppement local, Juste Desire\u0301 Monde\u0301le\u0301 a indique\u0301 le 8 fe\u0301vrier a\u0300 Brazzaville que l\u2019atelier pre\u0301paratoire du forum sur la revitalisation et la redynamisation de la de\u0301centralisation et du de\u0301veloppement local permettra aux animateurs des collectivite\u0301s locales de prendre toutes les actions ne\u0301cessaires [&hellip;]<\/p>\n","protected":false},"author":82,"featured_media":14224,"comment_status":"open","ping_status":"closed","sticky":false,"template":"","format":"standard","meta":{"footnotes":""},"categories":[2,10],"tags":[36,47,46],"class_list":["post-14226","post","type-post","status-publish","format-standard","has-post-thumbnail","hentry","category-politique","category-toutes-les-actualites","tag-africa-press","tag-africa-press-congo-brazzaville","tag-congo-brazzaville"],"yoast_head":"<!-- This site is optimized with the Yoast SEO Premium plugin v26.1 (Yoast SEO v27.0) - https:\/\/yoast.com\/product\/yoast-seo-premium-wordpress\/ -->\n<title>les acteurs de la collectivit\u00e9 locale pr\u00e9parent le forum sur le d\u00e9veloppement local - Congo Brazzaville<\/title>\n<meta name=\"description\" content=\"Le ministre de\u0301le\u0301gue\u0301 charge\u0301 de la de\u0301centralisation et du de\u0301veloppement local, Juste Desire\u0301 Monde\u0301le\u0301 a indique\u0301 ...\" \/>\n<meta name=\"robots\" content=\"index, follow, max-snippet:-1, max-image-preview:large, max-video-preview:-1\" \/>\n<link rel=\"canonical\" href=\"https:\/\/www.africa-press.net\/congo-brazzaville\/politique\/les-acteurs-de-la-collectivite-locale-preparent-le-forum-sur-le-developpement-local\" \/>\n<meta property=\"og:locale\" content=\"fr_FR\" \/>\n<meta property=\"og:type\" content=\"article\" \/>\n<meta property=\"og:title\" content=\"les acteurs de la collectivit\u00e9 locale pr\u00e9parent le forum sur le d\u00e9veloppement local\" \/>\n<meta property=\"og:description\" content=\"Le ministre de\u0301le\u0301gue\u0301 charge\u0301 de la de\u0301centralisation et du de\u0301veloppement local, Juste Desire\u0301 Monde\u0301le\u0301 a indique\u0301 ...\" \/>\n<meta property=\"og:url\" content=\"https:\/\/www.africa-press.net\/congo-brazzaville\/politique\/les-acteurs-de-la-collectivite-locale-preparent-le-forum-sur-le-developpement-local\" \/>\n<meta property=\"og:site_name\" content=\"Congo Brazzaville\" \/>\n<meta property=\"article:published_time\" content=\"2023-02-08T22:58:29+00:00\" \/>\n<meta property=\"article:modified_time\" content=\"2023-02-08T23:44:09+00:00\" \/>\n<meta property=\"og:image\" content=\"https:\/\/static.africa-press.net\/congo-brazzaville\/sites\/51\/2023\/02\/postQueueImg_1675884638.99.jpg\" \/>\n\t<meta property=\"og:image:width\" content=\"812\" \/>\n\t<meta property=\"og:image:height\" content=\"439\" \/>\n\t<meta property=\"og:image:type\" content=\"image\/jpeg\" \/>\n<meta name=\"author\" content=\"cfeditorfr\" \/>\n<meta name=\"twitter:card\" content=\"summary_large_image\" \/>\n<meta name=\"twitter:label1\" content=\"\u00c9crit par\" \/>\n\t<meta name=\"twitter:data1\" content=\"cfeditorfr\" \/>\n\t<meta name=\"twitter:label2\" content=\"Dur\u00e9e de lecture estim\u00e9e\" \/>\n\t<meta name=\"twitter:data2\" content=\"3 minutes\" \/>\n<script type=\"application\/ld+json\" class=\"yoast-schema-graph\">{\"@context\":\"https:\/\/schema.org\",\"@graph\":[{\"@type\":\"Article\",\"@id\":\"https:\/\/www.africa-press.net\/congo-brazzaville\/politique\/les-acteurs-de-la-collectivite-locale-preparent-le-forum-sur-le-developpement-local#article\",\"isPartOf\":{\"@id\":\"https:\/\/www.africa-press.net\/congo-brazzaville\/politique\/les-acteurs-de-la-collectivite-locale-preparent-le-forum-sur-le-developpement-local\"},\"author\":{\"name\":\"cfeditorfr\",\"@id\":\"https:\/\/www.africa-press.net\/congo-brazzaville\/#\/schema\/person\/2b1cf3cd81a31e3cd26889ca66d677f1\"},\"headline\":\"les acteurs de la collectivit\u00e9 locale pr\u00e9parent le forum sur le d\u00e9veloppement local\",\"datePublished\":\"2023-02-08T22:58:29+00:00\",\"dateModified\":\"2023-02-08T23:44:09+00:00\",\"mainEntityOfPage\":{\"@id\":\"https:\/\/www.africa-press.net\/congo-brazzaville\/politique\/les-acteurs-de-la-collectivite-locale-preparent-le-forum-sur-le-developpement-local\"},\"wordCount\":661,\"commentCount\":0,\"image\":{\"@id\":\"https:\/\/www.africa-press.net\/congo-brazzaville\/politique\/les-acteurs-de-la-collectivite-locale-preparent-le-forum-sur-le-developpement-local#primaryimage\"},\"thumbnailUrl\":\"https:\/\/static.africa-press.net\/congo-brazzaville\/sites\/51\/2023\/02\/postQueueImg_1675884638.99.jpg\",\"keywords\":[\"Africa Press\",\"Africa Press-Congo Brazzaville\",\"Congo Brazzaville\"],\"articleSection\":[\"Politique\",\"Toutes les actualit\u00e9s\"],\"inLanguage\":\"fr-FR\",\"potentialAction\":[{\"@type\":\"CommentAction\",\"name\":\"Comment\",\"target\":[\"https:\/\/www.africa-press.net\/congo-brazzaville\/politique\/les-acteurs-de-la-collectivite-locale-preparent-le-forum-sur-le-developpement-local#respond\"]}]},{\"@type\":\"WebPage\",\"@id\":\"https:\/\/www.africa-press.net\/congo-brazzaville\/politique\/les-acteurs-de-la-collectivite-locale-preparent-le-forum-sur-le-developpement-local\",\"url\":\"https:\/\/www.africa-press.net\/congo-brazzaville\/politique\/les-acteurs-de-la-collectivite-locale-preparent-le-forum-sur-le-developpement-local\",\"name\":\"les acteurs de la collectivit\u00e9 locale pr\u00e9parent le forum sur le d\u00e9veloppement local - Congo Brazzaville\",\"isPartOf\":{\"@id\":\"https:\/\/www.africa-press.net\/congo-brazzaville\/#website\"},\"primaryImageOfPage\":{\"@id\":\"https:\/\/www.africa-press.net\/congo-brazzaville\/politique\/les-acteurs-de-la-collectivite-locale-preparent-le-forum-sur-le-developpement-local#primaryimage\"},\"image\":{\"@id\":\"https:\/\/www.africa-press.net\/congo-brazzaville\/politique\/les-acteurs-de-la-collectivite-locale-preparent-le-forum-sur-le-developpement-local#primaryimage\"},\"thumbnailUrl\":\"https:\/\/static.africa-press.net\/congo-brazzaville\/sites\/51\/2023\/02\/postQueueImg_1675884638.99.jpg\",\"datePublished\":\"2023-02-08T22:58:29+00:00\",\"dateModified\":\"2023-02-08T23:44:09+00:00\",\"author\":{\"@id\":\"https:\/\/www.africa-press.net\/congo-brazzaville\/#\/schema\/person\/2b1cf3cd81a31e3cd26889ca66d677f1\"},\"description\":\"Le ministre de\u0301le\u0301gue\u0301 charge\u0301 de la de\u0301centralisation et du de\u0301veloppement local, Juste Desire\u0301 Monde\u0301le\u0301 a indique\u0301 ...\",\"breadcrumb\":{\"@id\":\"https:\/\/www.africa-press.net\/congo-brazzaville\/politique\/les-acteurs-de-la-collectivite-locale-preparent-le-forum-sur-le-developpement-local#breadcrumb\"},\"inLanguage\":\"fr-FR\",\"potentialAction\":[{\"@type\":\"ReadAction\",\"target\":[\"https:\/\/www.africa-press.net\/congo-brazzaville\/politique\/les-acteurs-de-la-collectivite-locale-preparent-le-forum-sur-le-developpement-local\"]}]},{\"@type\":\"ImageObject\",\"inLanguage\":\"fr-FR\",\"@id\":\"https:\/\/www.africa-press.net\/congo-brazzaville\/politique\/les-acteurs-de-la-collectivite-locale-preparent-le-forum-sur-le-developpement-local#primaryimage\",\"url\":\"https:\/\/static.africa-press.net\/congo-brazzaville\/sites\/51\/2023\/02\/postQueueImg_1675884638.99.jpg\",\"contentUrl\":\"https:\/\/static.africa-press.net\/congo-brazzaville\/sites\/51\/2023\/02\/postQueueImg_1675884638.99.jpg\",\"width\":812,\"height\":439,\"caption\":\"les acteurs de la collectivit\u00e9 locale pr\u00e9parent le forum sur le d\u00e9veloppement local\"},{\"@type\":\"BreadcrumbList\",\"@id\":\"https:\/\/www.africa-press.net\/congo-brazzaville\/politique\/les-acteurs-de-la-collectivite-locale-preparent-le-forum-sur-le-developpement-local#breadcrumb\",\"itemListElement\":[{\"@type\":\"ListItem\",\"position\":1,\"name\":\"Accueil\",\"item\":\"https:\/\/www.africa-press.net\/congo-brazzaville\/\"},{\"@type\":\"ListItem\",\"position\":2,\"name\":\"les acteurs de la collectivit\u00e9 locale pr\u00e9parent le forum sur le d\u00e9veloppement local\"}]},{\"@type\":\"WebSite\",\"@id\":\"https:\/\/www.africa-press.net\/congo-brazzaville\/#website\",\"url\":\"https:\/\/www.africa-press.net\/congo-brazzaville\/\",\"name\":\"Congo Brazzaville\",\"description\":\"Just another Africa News Agency Sites site\",\"potentialAction\":[{\"@type\":\"SearchAction\",\"target\":{\"@type\":\"EntryPoint\",\"urlTemplate\":\"https:\/\/www.africa-press.net\/congo-brazzaville\/?s={search_term_string}\"},\"query-input\":{\"@type\":\"PropertyValueSpecification\",\"valueRequired\":true,\"valueName\":\"search_term_string\"}}],\"inLanguage\":\"fr-FR\"},{\"@type\":\"Person\",\"@id\":\"https:\/\/www.africa-press.net\/congo-brazzaville\/#\/schema\/person\/2b1cf3cd81a31e3cd26889ca66d677f1\",\"name\":\"cfeditorfr\"}]}<\/script>\n<!-- \/ Yoast SEO Premium plugin. -->","yoast_head_json":{"title":"les acteurs de la collectivit\u00e9 locale pr\u00e9parent le forum sur le d\u00e9veloppement local - Congo Brazzaville","description":"Le ministre de\u0301le\u0301gue\u0301 charge\u0301 de la de\u0301centralisation et du de\u0301veloppement local, Juste Desire\u0301 Monde\u0301le\u0301 a indique\u0301 ...","robots":{"index":"index","follow":"follow","max-snippet":"max-snippet:-1","max-image-preview":"max-image-preview:large","max-video-preview":"max-video-preview:-1"},"canonical":"https:\/\/www.africa-press.net\/congo-brazzaville\/politique\/les-acteurs-de-la-collectivite-locale-preparent-le-forum-sur-le-developpement-local","og_locale":"fr_FR","og_type":"article","og_title":"les acteurs de la collectivit\u00e9 locale pr\u00e9parent le forum sur le d\u00e9veloppement local","og_description":"Le ministre de\u0301le\u0301gue\u0301 charge\u0301 de la de\u0301centralisation et du de\u0301veloppement local, Juste Desire\u0301 Monde\u0301le\u0301 a indique\u0301 ...","og_url":"https:\/\/www.africa-press.net\/congo-brazzaville\/politique\/les-acteurs-de-la-collectivite-locale-preparent-le-forum-sur-le-developpement-local","og_site_name":"Congo Brazzaville","article_published_time":"2023-02-08T22:58:29+00:00","article_modified_time":"2023-02-08T23:44:09+00:00","og_image":[{"width":812,"height":439,"url":"https:\/\/static.africa-press.net\/congo-brazzaville\/sites\/51\/2023\/02\/postQueueImg_1675884638.99.jpg","type":"image\/jpeg"}],"author":"cfeditorfr","twitter_card":"summary_large_image","twitter_misc":{"\u00c9crit par":"cfeditorfr","Dur\u00e9e de lecture estim\u00e9e":"3 minutes"},"schema":{"@context":"https:\/\/schema.org","@graph":[{"@type":"Article","@id":"https:\/\/www.africa-press.net\/congo-brazzaville\/politique\/les-acteurs-de-la-collectivite-locale-preparent-le-forum-sur-le-developpement-local#article","isPartOf":{"@id":"https:\/\/www.africa-press.net\/congo-brazzaville\/politique\/les-acteurs-de-la-collectivite-locale-preparent-le-forum-sur-le-developpement-local"},"author":{"name":"cfeditorfr","@id":"https:\/\/www.africa-press.net\/congo-brazzaville\/#\/schema\/person\/2b1cf3cd81a31e3cd26889ca66d677f1"},"headline":"les acteurs de la collectivit\u00e9 locale pr\u00e9parent le forum sur le d\u00e9veloppement local","datePublished":"2023-02-08T22:58:29+00:00","dateModified":"2023-02-08T23:44:09+00:00","mainEntityOfPage":{"@id":"https:\/\/www.africa-press.net\/congo-brazzaville\/politique\/les-acteurs-de-la-collectivite-locale-preparent-le-forum-sur-le-developpement-local"},"wordCount":661,"commentCount":0,"image":{"@id":"https:\/\/www.africa-press.net\/congo-brazzaville\/politique\/les-acteurs-de-la-collectivite-locale-preparent-le-forum-sur-le-developpement-local#primaryimage"},"thumbnailUrl":"https:\/\/static.africa-press.net\/congo-brazzaville\/sites\/51\/2023\/02\/postQueueImg_1675884638.99.jpg","keywords":["Africa Press","Africa Press-Congo Brazzaville","Congo Brazzaville"],"articleSection":["Politique","Toutes les actualit\u00e9s"],"inLanguage":"fr-FR","potentialAction":[{"@type":"CommentAction","name":"Comment","target":["https:\/\/www.africa-press.net\/congo-brazzaville\/politique\/les-acteurs-de-la-collectivite-locale-preparent-le-forum-sur-le-developpement-local#respond"]}]},{"@type":"WebPage","@id":"https:\/\/www.africa-press.net\/congo-brazzaville\/politique\/les-acteurs-de-la-collectivite-locale-preparent-le-forum-sur-le-developpement-local","url":"https:\/\/www.africa-press.net\/congo-brazzaville\/politique\/les-acteurs-de-la-collectivite-locale-preparent-le-forum-sur-le-developpement-local","name":"les acteurs de la collectivit\u00e9 locale pr\u00e9parent le forum sur le d\u00e9veloppement local - Congo Brazzaville","isPartOf":{"@id":"https:\/\/www.africa-press.net\/congo-brazzaville\/#website"},"primaryImageOfPage":{"@id":"https:\/\/www.africa-press.net\/congo-brazzaville\/politique\/les-acteurs-de-la-collectivite-locale-preparent-le-forum-sur-le-developpement-local#primaryimage"},"image":{"@id":"https:\/\/www.africa-press.net\/congo-brazzaville\/politique\/les-acteurs-de-la-collectivite-locale-preparent-le-forum-sur-le-developpement-local#primaryimage"},"thumbnailUrl":"https:\/\/static.africa-press.net\/congo-brazzaville\/sites\/51\/2023\/02\/postQueueImg_1675884638.99.jpg","datePublished":"2023-02-08T22:58:29+00:00","dateModified":"2023-02-08T23:44:09+00:00","author":{"@id":"https:\/\/www.africa-press.net\/congo-brazzaville\/#\/schema\/person\/2b1cf3cd81a31e3cd26889ca66d677f1"},"description":"Le ministre de\u0301le\u0301gue\u0301 charge\u0301 de la de\u0301centralisation et du de\u0301veloppement local, Juste Desire\u0301 Monde\u0301le\u0301 a indique\u0301 ...","breadcrumb":{"@id":"https:\/\/www.africa-press.net\/congo-brazzaville\/politique\/les-acteurs-de-la-collectivite-locale-preparent-le-forum-sur-le-developpement-local#breadcrumb"},"inLanguage":"fr-FR","potentialAction":[{"@type":"ReadAction","target":["https:\/\/www.africa-press.net\/congo-brazzaville\/politique\/les-acteurs-de-la-collectivite-locale-preparent-le-forum-sur-le-developpement-local"]}]},{"@type":"ImageObject","inLanguage":"fr-FR","@id":"https:\/\/www.africa-press.net\/congo-brazzaville\/politique\/les-acteurs-de-la-collectivite-locale-preparent-le-forum-sur-le-developpement-local#primaryimage","url":"https:\/\/static.africa-press.net\/congo-brazzaville\/sites\/51\/2023\/02\/postQueueImg_1675884638.99.jpg","contentUrl":"https:\/\/static.africa-press.net\/congo-brazzaville\/sites\/51\/2023\/02\/postQueueImg_1675884638.99.jpg","width":812,"height":439,"caption":"les acteurs de la collectivit\u00e9 locale pr\u00e9parent le forum sur le d\u00e9veloppement local"},{"@type":"BreadcrumbList","@id":"https:\/\/www.africa-press.net\/congo-brazzaville\/politique\/les-acteurs-de-la-collectivite-locale-preparent-le-forum-sur-le-developpement-local#breadcrumb","itemListElement":[{"@type":"ListItem","position":1,"name":"Accueil","item":"https:\/\/www.africa-press.net\/congo-brazzaville\/"},{"@type":"ListItem","position":2,"name":"les acteurs de la collectivit\u00e9 locale pr\u00e9parent le forum sur le d\u00e9veloppement local"}]},{"@type":"WebSite","@id":"https:\/\/www.africa-press.net\/congo-brazzaville\/#website","url":"https:\/\/www.africa-press.net\/congo-brazzaville\/","name":"Congo Brazzaville","description":"Just another Africa News Agency Sites site","potentialAction":[{"@type":"SearchAction","target":{"@type":"EntryPoint","urlTemplate":"https:\/\/www.africa-press.net\/congo-brazzaville\/?s={search_term_string}"},"query-input":{"@type":"PropertyValueSpecification","valueRequired":true,"valueName":"search_term_string"}}],"inLanguage":"fr-FR"},{"@type":"Person","@id":"https:\/\/www.africa-press.net\/congo-brazzaville\/#\/schema\/person\/2b1cf3cd81a31e3cd26889ca66d677f1","name":"cfeditorfr"}]}},"_links":{"self":[{"href":"https:\/\/www.africa-press.net\/congo-brazzaville\/wp-json\/wp\/v2\/posts\/14226","targetHints":{"allow":["GET"]}}],"collection":[{"href":"https:\/\/www.africa-press.net\/congo-brazzaville\/wp-json\/wp\/v2\/posts"}],"about":[{"href":"https:\/\/www.africa-press.net\/congo-brazzaville\/wp-json\/wp\/v2\/types\/post"}],"author":[{"embeddable":true,"href":"https:\/\/www.africa-press.net\/congo-brazzaville\/wp-json\/wp\/v2\/users\/82"}],"replies":[{"embeddable":true,"href":"https:\/\/www.africa-press.net\/congo-brazzaville\/wp-json\/wp\/v2\/comments?post=14226"}],"version-history":[{"count":0,"href":"https:\/\/www.africa-press.net\/congo-brazzaville\/wp-json\/wp\/v2\/posts\/14226\/revisions"}],"wp:featuredmedia":[{"embeddable":true,"href":"https:\/\/www.africa-press.net\/congo-brazzaville\/wp-json\/wp\/v2\/media\/14224"}],"wp:attachment":[{"href":"https:\/\/www.africa-press.net\/congo-brazzaville\/wp-json\/wp\/v2\/media?parent=14226"}],"wp:term":[{"taxonomy":"category","embeddable":true,"href":"https:\/\/www.africa-press.net\/congo-brazzaville\/wp-json\/wp\/v2\/categories?post=14226"},{"taxonomy":"post_tag","embeddable":true,"href":"https:\/\/www.africa-press.net\/congo-brazzaville\/wp-json\/wp\/v2\/tags?post=14226"}],"curies":[{"name":"wp","href":"https:\/\/api.w.org\/{rel}","templated":true}]}}