{"id":14236,"date":"2023-02-09T12:48:15","date_gmt":"2023-02-09T12:48:15","guid":{"rendered":"https:\/\/www.africa-press.net\/congo-brazzaville\/politique\/le-ceg-nganga-edouard-a-un-nouveau-directeur-general"},"modified":"2023-02-09T12:54:31","modified_gmt":"2023-02-09T12:54:31","slug":"le-ceg-nganga-edouard-a-un-nouveau-directeur-general","status":"publish","type":"post","link":"https:\/\/www.africa-press.net\/congo-brazzaville\/politique\/le-ceg-nganga-edouard-a-un-nouveau-directeur-general","title":{"rendered":"le ceg nganga edouard a un nouveau directeur g\u00e9n\u00e9ral"},"content":{"rendered":"<p><span style=\"color: #ff6600\"><strong>Africa-Press &#8211; Congo Brazzaville. <\/strong><\/span><b>Le ministre de l\u2019Enseignement Pre\u0301scolaire, primaire et secondaire, Jean Luc Mouthou a pre\u0301sente\u0301 le 8 fe\u0301vrier a\u0300 Brazzaville, le nouveau directeur ge\u0301ne\u0301ral du Colle\u0300ge d\u2019Enseignement ge\u0301ne\u0301ral (CEG), Jean Michel Nzengui. Il remplace a\u0300 ce poste Herve\u0301 Manana pris en flagrant de\u0301lit de tentative de viol sur les colle\u0301giennes mineures. <\/b><\/p>\n<p>Installant le nouveau directeur ge\u0301ne\u0301ral au cours d\u2019une ce\u0301re\u0301monie de leve\u0301e de couleurs, le ministre Jean Luc Mouthou a de\u0301clare\u0301 que \u00abce qui s\u2019est passe\u0301 ici ne doit pas de\u0301boussoler les e\u0301le\u0300ves. Nous sommes tre\u0300s attache\u0301s a\u0300 ces jeunes filles qui ne demandent qu\u2019a\u0300 apprendre. Il ne sera jamais ainsi ni a\u0300 Nganga Edouard ni dans aucun e\u0301tablissement \u00bb.<\/p>\n<p>Jean Luc Mouthou a estime\u0301 que le nouveau directeur sera a\u0300 la hauteur de la mission qui lui est assigne\u0301e, invitant les e\u0301le\u0300ves et la communaute\u0301 e\u0301ducative a\u0300 oublier ces moments qui ont e\u0301branle\u0301 cet e\u0301tablissement scolaire.<\/p>\n<p>De son co\u0302te\u0301, le nouveau directeur, Jean Michel Nziengui, qui mesure bien l\u2019e\u0301normite\u0301 des ta\u0302ches, a promis d\u2019\u0153uvrer en dehors du travail pe\u0301dagogique habituel, en faisant en sorte que psychologiquement les e\u0301le\u0300ves ne soient pas gagne\u0301s par le stress qui peut avoir des effets ne\u0301gatifs sur leurs re\u0301sultats scolaires.<\/p>\n<p>Le code de bonne conduite et d\u2019autres textes qui re\u0301gissent le fonctionnement de l\u2019e\u0301cole congolaise doivent e\u0302tre applique\u0301s a\u0300 la lettre, a\u2013t-il releve\u0301.<\/p>\n<p><strong>Pour plus d&rsquo;informations et d&rsquo;analyses sur la <a href=\"https:\/\/www.africa-press.net\/congo-brazzaville\">Congo Brazzaville<\/a>, suivez <a href=\"https:\/\/www.africa-press.net\/\">Africa-Press<\/a><\/strong><\/p>\n","protected":false},"excerpt":{"rendered":"<p>Africa-Press &#8211; Congo Brazzaville. Le ministre de l\u2019Enseignement Pre\u0301scolaire, primaire et secondaire, Jean Luc Mouthou a pre\u0301sente\u0301 le 8 fe\u0301vrier a\u0300 Brazzaville, le nouveau directeur ge\u0301ne\u0301ral du Colle\u0300ge d\u2019Enseignement ge\u0301ne\u0301ral (CEG), Jean Michel Nzengui. Il remplace a\u0300 ce poste Herve\u0301 Manana pris en flagrant de\u0301lit de tentative de viol sur les colle\u0301giennes mineures. Installant le [&hellip;]<\/p>\n","protected":false},"author":82,"featured_media":14235,"comment_status":"open","ping_status":"closed","sticky":false,"template":"","format":"standard","meta":{"footnotes":""},"categories":[2,10],"tags":[36,47,46],"class_list":["post-14236","post","type-post","status-publish","format-standard","has-post-thumbnail","hentry","category-politique","category-toutes-les-actualites","tag-africa-press","tag-africa-press-congo-brazzaville","tag-congo-brazzaville"],"yoast_head":"<!-- This site is optimized with the Yoast SEO Premium plugin v26.1 (Yoast SEO v27.0) - https:\/\/yoast.com\/product\/yoast-seo-premium-wordpress\/ -->\n<title>le ceg nganga edouard a un nouveau directeur g\u00e9n\u00e9ral - Congo Brazzaville<\/title>\n<meta name=\"description\" content=\"Le ministre de l\u2019Enseignement Pre\u0301scolaire, primaire et secondaire, Jean Luc Mouthou a pre\u0301sente\u0301 le 8 fe\u0301vrier a\u0300 Br ...\" \/>\n<meta name=\"robots\" content=\"index, follow, max-snippet:-1, max-image-preview:large, max-video-preview:-1\" \/>\n<link rel=\"canonical\" href=\"https:\/\/www.africa-press.net\/congo-brazzaville\/politique\/le-ceg-nganga-edouard-a-un-nouveau-directeur-general\" \/>\n<meta property=\"og:locale\" content=\"fr_FR\" \/>\n<meta property=\"og:type\" content=\"article\" \/>\n<meta property=\"og:title\" content=\"le ceg nganga edouard a un nouveau directeur g\u00e9n\u00e9ral\" \/>\n<meta property=\"og:description\" content=\"Le ministre de l\u2019Enseignement Pre\u0301scolaire, primaire et secondaire, Jean Luc Mouthou a pre\u0301sente\u0301 le 8 fe\u0301vrier a\u0300 Br ...\" \/>\n<meta property=\"og:url\" content=\"https:\/\/www.africa-press.net\/congo-brazzaville\/politique\/le-ceg-nganga-edouard-a-un-nouveau-directeur-general\" \/>\n<meta property=\"og:site_name\" content=\"Congo Brazzaville\" \/>\n<meta property=\"article:published_time\" content=\"2023-02-09T12:48:15+00:00\" \/>\n<meta property=\"article:modified_time\" content=\"2023-02-09T12:54:31+00:00\" \/>\n<meta property=\"og:image\" content=\"https:\/\/static.africa-press.net\/congo-brazzaville\/sites\/51\/2023\/02\/postQueueImg_1675934367.37.jpg\" \/>\n\t<meta property=\"og:image:width\" content=\"741\" \/>\n\t<meta property=\"og:image:height\" content=\"432\" \/>\n\t<meta property=\"og:image:type\" content=\"image\/jpeg\" \/>\n<meta name=\"author\" content=\"cfeditorfr\" \/>\n<meta name=\"twitter:card\" content=\"summary_large_image\" \/>\n<meta name=\"twitter:label1\" content=\"\u00c9crit par\" \/>\n\t<meta name=\"twitter:data1\" content=\"cfeditorfr\" \/>\n\t<meta name=\"twitter:label2\" content=\"Dur\u00e9e de lecture estim\u00e9e\" \/>\n\t<meta name=\"twitter:data2\" content=\"2 minutes\" \/>\n<script type=\"application\/ld+json\" class=\"yoast-schema-graph\">{\"@context\":\"https:\/\/schema.org\",\"@graph\":[{\"@type\":\"Article\",\"@id\":\"https:\/\/www.africa-press.net\/congo-brazzaville\/politique\/le-ceg-nganga-edouard-a-un-nouveau-directeur-general#article\",\"isPartOf\":{\"@id\":\"https:\/\/www.africa-press.net\/congo-brazzaville\/politique\/le-ceg-nganga-edouard-a-un-nouveau-directeur-general\"},\"author\":{\"name\":\"cfeditorfr\",\"@id\":\"https:\/\/www.africa-press.net\/congo-brazzaville\/#\/schema\/person\/2b1cf3cd81a31e3cd26889ca66d677f1\"},\"headline\":\"le ceg nganga edouard a un nouveau directeur g\u00e9n\u00e9ral\",\"datePublished\":\"2023-02-09T12:48:15+00:00\",\"dateModified\":\"2023-02-09T12:54:31+00:00\",\"mainEntityOfPage\":{\"@id\":\"https:\/\/www.africa-press.net\/congo-brazzaville\/politique\/le-ceg-nganga-edouard-a-un-nouveau-directeur-general\"},\"wordCount\":294,\"commentCount\":0,\"image\":{\"@id\":\"https:\/\/www.africa-press.net\/congo-brazzaville\/politique\/le-ceg-nganga-edouard-a-un-nouveau-directeur-general#primaryimage\"},\"thumbnailUrl\":\"https:\/\/static.africa-press.net\/congo-brazzaville\/sites\/51\/2023\/02\/postQueueImg_1675934367.37.jpg\",\"keywords\":[\"Africa Press\",\"Africa Press-Congo Brazzaville\",\"Congo Brazzaville\"],\"articleSection\":[\"Politique\",\"Toutes les actualit\u00e9s\"],\"inLanguage\":\"fr-FR\",\"potentialAction\":[{\"@type\":\"CommentAction\",\"name\":\"Comment\",\"target\":[\"https:\/\/www.africa-press.net\/congo-brazzaville\/politique\/le-ceg-nganga-edouard-a-un-nouveau-directeur-general#respond\"]}]},{\"@type\":\"WebPage\",\"@id\":\"https:\/\/www.africa-press.net\/congo-brazzaville\/politique\/le-ceg-nganga-edouard-a-un-nouveau-directeur-general\",\"url\":\"https:\/\/www.africa-press.net\/congo-brazzaville\/politique\/le-ceg-nganga-edouard-a-un-nouveau-directeur-general\",\"name\":\"le ceg nganga edouard a un nouveau directeur g\u00e9n\u00e9ral - Congo Brazzaville\",\"isPartOf\":{\"@id\":\"https:\/\/www.africa-press.net\/congo-brazzaville\/#website\"},\"primaryImageOfPage\":{\"@id\":\"https:\/\/www.africa-press.net\/congo-brazzaville\/politique\/le-ceg-nganga-edouard-a-un-nouveau-directeur-general#primaryimage\"},\"image\":{\"@id\":\"https:\/\/www.africa-press.net\/congo-brazzaville\/politique\/le-ceg-nganga-edouard-a-un-nouveau-directeur-general#primaryimage\"},\"thumbnailUrl\":\"https:\/\/static.africa-press.net\/congo-brazzaville\/sites\/51\/2023\/02\/postQueueImg_1675934367.37.jpg\",\"datePublished\":\"2023-02-09T12:48:15+00:00\",\"dateModified\":\"2023-02-09T12:54:31+00:00\",\"author\":{\"@id\":\"https:\/\/www.africa-press.net\/congo-brazzaville\/#\/schema\/person\/2b1cf3cd81a31e3cd26889ca66d677f1\"},\"description\":\"Le ministre de l\u2019Enseignement Pre\u0301scolaire, primaire et secondaire, Jean Luc Mouthou a pre\u0301sente\u0301 le 8 fe\u0301vrier a\u0300 Br ...\",\"breadcrumb\":{\"@id\":\"https:\/\/www.africa-press.net\/congo-brazzaville\/politique\/le-ceg-nganga-edouard-a-un-nouveau-directeur-general#breadcrumb\"},\"inLanguage\":\"fr-FR\",\"potentialAction\":[{\"@type\":\"ReadAction\",\"target\":[\"https:\/\/www.africa-press.net\/congo-brazzaville\/politique\/le-ceg-nganga-edouard-a-un-nouveau-directeur-general\"]}]},{\"@type\":\"ImageObject\",\"inLanguage\":\"fr-FR\",\"@id\":\"https:\/\/www.africa-press.net\/congo-brazzaville\/politique\/le-ceg-nganga-edouard-a-un-nouveau-directeur-general#primaryimage\",\"url\":\"https:\/\/static.africa-press.net\/congo-brazzaville\/sites\/51\/2023\/02\/postQueueImg_1675934367.37.jpg\",\"contentUrl\":\"https:\/\/static.africa-press.net\/congo-brazzaville\/sites\/51\/2023\/02\/postQueueImg_1675934367.37.jpg\",\"width\":741,\"height\":432,\"caption\":\"le ceg nganga edouard a un nouveau directeur g\u00e9n\u00e9ral\"},{\"@type\":\"BreadcrumbList\",\"@id\":\"https:\/\/www.africa-press.net\/congo-brazzaville\/politique\/le-ceg-nganga-edouard-a-un-nouveau-directeur-general#breadcrumb\",\"itemListElement\":[{\"@type\":\"ListItem\",\"position\":1,\"name\":\"Accueil\",\"item\":\"https:\/\/www.africa-press.net\/congo-brazzaville\/\"},{\"@type\":\"ListItem\",\"position\":2,\"name\":\"le ceg nganga edouard a un nouveau directeur g\u00e9n\u00e9ral\"}]},{\"@type\":\"WebSite\",\"@id\":\"https:\/\/www.africa-press.net\/congo-brazzaville\/#website\",\"url\":\"https:\/\/www.africa-press.net\/congo-brazzaville\/\",\"name\":\"Congo Brazzaville\",\"description\":\"Just another Africa News Agency Sites site\",\"potentialAction\":[{\"@type\":\"SearchAction\",\"target\":{\"@type\":\"EntryPoint\",\"urlTemplate\":\"https:\/\/www.africa-press.net\/congo-brazzaville\/?s={search_term_string}\"},\"query-input\":{\"@type\":\"PropertyValueSpecification\",\"valueRequired\":true,\"valueName\":\"search_term_string\"}}],\"inLanguage\":\"fr-FR\"},{\"@type\":\"Person\",\"@id\":\"https:\/\/www.africa-press.net\/congo-brazzaville\/#\/schema\/person\/2b1cf3cd81a31e3cd26889ca66d677f1\",\"name\":\"cfeditorfr\"}]}<\/script>\n<!-- \/ Yoast SEO Premium plugin. -->","yoast_head_json":{"title":"le ceg nganga edouard a un nouveau directeur g\u00e9n\u00e9ral - Congo Brazzaville","description":"Le ministre de l\u2019Enseignement Pre\u0301scolaire, primaire et secondaire, Jean Luc Mouthou a pre\u0301sente\u0301 le 8 fe\u0301vrier a\u0300 Br ...","robots":{"index":"index","follow":"follow","max-snippet":"max-snippet:-1","max-image-preview":"max-image-preview:large","max-video-preview":"max-video-preview:-1"},"canonical":"https:\/\/www.africa-press.net\/congo-brazzaville\/politique\/le-ceg-nganga-edouard-a-un-nouveau-directeur-general","og_locale":"fr_FR","og_type":"article","og_title":"le ceg nganga edouard a un nouveau directeur g\u00e9n\u00e9ral","og_description":"Le ministre de l\u2019Enseignement Pre\u0301scolaire, primaire et secondaire, Jean Luc Mouthou a pre\u0301sente\u0301 le 8 fe\u0301vrier a\u0300 Br ...","og_url":"https:\/\/www.africa-press.net\/congo-brazzaville\/politique\/le-ceg-nganga-edouard-a-un-nouveau-directeur-general","og_site_name":"Congo Brazzaville","article_published_time":"2023-02-09T12:48:15+00:00","article_modified_time":"2023-02-09T12:54:31+00:00","og_image":[{"width":741,"height":432,"url":"https:\/\/static.africa-press.net\/congo-brazzaville\/sites\/51\/2023\/02\/postQueueImg_1675934367.37.jpg","type":"image\/jpeg"}],"author":"cfeditorfr","twitter_card":"summary_large_image","twitter_misc":{"\u00c9crit par":"cfeditorfr","Dur\u00e9e de lecture estim\u00e9e":"2 minutes"},"schema":{"@context":"https:\/\/schema.org","@graph":[{"@type":"Article","@id":"https:\/\/www.africa-press.net\/congo-brazzaville\/politique\/le-ceg-nganga-edouard-a-un-nouveau-directeur-general#article","isPartOf":{"@id":"https:\/\/www.africa-press.net\/congo-brazzaville\/politique\/le-ceg-nganga-edouard-a-un-nouveau-directeur-general"},"author":{"name":"cfeditorfr","@id":"https:\/\/www.africa-press.net\/congo-brazzaville\/#\/schema\/person\/2b1cf3cd81a31e3cd26889ca66d677f1"},"headline":"le ceg nganga edouard a un nouveau directeur g\u00e9n\u00e9ral","datePublished":"2023-02-09T12:48:15+00:00","dateModified":"2023-02-09T12:54:31+00:00","mainEntityOfPage":{"@id":"https:\/\/www.africa-press.net\/congo-brazzaville\/politique\/le-ceg-nganga-edouard-a-un-nouveau-directeur-general"},"wordCount":294,"commentCount":0,"image":{"@id":"https:\/\/www.africa-press.net\/congo-brazzaville\/politique\/le-ceg-nganga-edouard-a-un-nouveau-directeur-general#primaryimage"},"thumbnailUrl":"https:\/\/static.africa-press.net\/congo-brazzaville\/sites\/51\/2023\/02\/postQueueImg_1675934367.37.jpg","keywords":["Africa Press","Africa Press-Congo Brazzaville","Congo Brazzaville"],"articleSection":["Politique","Toutes les actualit\u00e9s"],"inLanguage":"fr-FR","potentialAction":[{"@type":"CommentAction","name":"Comment","target":["https:\/\/www.africa-press.net\/congo-brazzaville\/politique\/le-ceg-nganga-edouard-a-un-nouveau-directeur-general#respond"]}]},{"@type":"WebPage","@id":"https:\/\/www.africa-press.net\/congo-brazzaville\/politique\/le-ceg-nganga-edouard-a-un-nouveau-directeur-general","url":"https:\/\/www.africa-press.net\/congo-brazzaville\/politique\/le-ceg-nganga-edouard-a-un-nouveau-directeur-general","name":"le ceg nganga edouard a un nouveau directeur g\u00e9n\u00e9ral - Congo Brazzaville","isPartOf":{"@id":"https:\/\/www.africa-press.net\/congo-brazzaville\/#website"},"primaryImageOfPage":{"@id":"https:\/\/www.africa-press.net\/congo-brazzaville\/politique\/le-ceg-nganga-edouard-a-un-nouveau-directeur-general#primaryimage"},"image":{"@id":"https:\/\/www.africa-press.net\/congo-brazzaville\/politique\/le-ceg-nganga-edouard-a-un-nouveau-directeur-general#primaryimage"},"thumbnailUrl":"https:\/\/static.africa-press.net\/congo-brazzaville\/sites\/51\/2023\/02\/postQueueImg_1675934367.37.jpg","datePublished":"2023-02-09T12:48:15+00:00","dateModified":"2023-02-09T12:54:31+00:00","author":{"@id":"https:\/\/www.africa-press.net\/congo-brazzaville\/#\/schema\/person\/2b1cf3cd81a31e3cd26889ca66d677f1"},"description":"Le ministre de l\u2019Enseignement Pre\u0301scolaire, primaire et secondaire, Jean Luc Mouthou a pre\u0301sente\u0301 le 8 fe\u0301vrier a\u0300 Br ...","breadcrumb":{"@id":"https:\/\/www.africa-press.net\/congo-brazzaville\/politique\/le-ceg-nganga-edouard-a-un-nouveau-directeur-general#breadcrumb"},"inLanguage":"fr-FR","potentialAction":[{"@type":"ReadAction","target":["https:\/\/www.africa-press.net\/congo-brazzaville\/politique\/le-ceg-nganga-edouard-a-un-nouveau-directeur-general"]}]},{"@type":"ImageObject","inLanguage":"fr-FR","@id":"https:\/\/www.africa-press.net\/congo-brazzaville\/politique\/le-ceg-nganga-edouard-a-un-nouveau-directeur-general#primaryimage","url":"https:\/\/static.africa-press.net\/congo-brazzaville\/sites\/51\/2023\/02\/postQueueImg_1675934367.37.jpg","contentUrl":"https:\/\/static.africa-press.net\/congo-brazzaville\/sites\/51\/2023\/02\/postQueueImg_1675934367.37.jpg","width":741,"height":432,"caption":"le ceg nganga edouard a un nouveau directeur g\u00e9n\u00e9ral"},{"@type":"BreadcrumbList","@id":"https:\/\/www.africa-press.net\/congo-brazzaville\/politique\/le-ceg-nganga-edouard-a-un-nouveau-directeur-general#breadcrumb","itemListElement":[{"@type":"ListItem","position":1,"name":"Accueil","item":"https:\/\/www.africa-press.net\/congo-brazzaville\/"},{"@type":"ListItem","position":2,"name":"le ceg nganga edouard a un nouveau directeur g\u00e9n\u00e9ral"}]},{"@type":"WebSite","@id":"https:\/\/www.africa-press.net\/congo-brazzaville\/#website","url":"https:\/\/www.africa-press.net\/congo-brazzaville\/","name":"Congo Brazzaville","description":"Just another Africa News Agency Sites site","potentialAction":[{"@type":"SearchAction","target":{"@type":"EntryPoint","urlTemplate":"https:\/\/www.africa-press.net\/congo-brazzaville\/?s={search_term_string}"},"query-input":{"@type":"PropertyValueSpecification","valueRequired":true,"valueName":"search_term_string"}}],"inLanguage":"fr-FR"},{"@type":"Person","@id":"https:\/\/www.africa-press.net\/congo-brazzaville\/#\/schema\/person\/2b1cf3cd81a31e3cd26889ca66d677f1","name":"cfeditorfr"}]}},"_links":{"self":[{"href":"https:\/\/www.africa-press.net\/congo-brazzaville\/wp-json\/wp\/v2\/posts\/14236","targetHints":{"allow":["GET"]}}],"collection":[{"href":"https:\/\/www.africa-press.net\/congo-brazzaville\/wp-json\/wp\/v2\/posts"}],"about":[{"href":"https:\/\/www.africa-press.net\/congo-brazzaville\/wp-json\/wp\/v2\/types\/post"}],"author":[{"embeddable":true,"href":"https:\/\/www.africa-press.net\/congo-brazzaville\/wp-json\/wp\/v2\/users\/82"}],"replies":[{"embeddable":true,"href":"https:\/\/www.africa-press.net\/congo-brazzaville\/wp-json\/wp\/v2\/comments?post=14236"}],"version-history":[{"count":0,"href":"https:\/\/www.africa-press.net\/congo-brazzaville\/wp-json\/wp\/v2\/posts\/14236\/revisions"}],"wp:featuredmedia":[{"embeddable":true,"href":"https:\/\/www.africa-press.net\/congo-brazzaville\/wp-json\/wp\/v2\/media\/14235"}],"wp:attachment":[{"href":"https:\/\/www.africa-press.net\/congo-brazzaville\/wp-json\/wp\/v2\/media?parent=14236"}],"wp:term":[{"taxonomy":"category","embeddable":true,"href":"https:\/\/www.africa-press.net\/congo-brazzaville\/wp-json\/wp\/v2\/categories?post=14236"},{"taxonomy":"post_tag","embeddable":true,"href":"https:\/\/www.africa-press.net\/congo-brazzaville\/wp-json\/wp\/v2\/tags?post=14236"}],"curies":[{"name":"wp","href":"https:\/\/api.w.org\/{rel}","templated":true}]}}